{"id":40457,"date":"2024-10-16T12:04:08","date_gmt":"2024-10-16T10:04:08","guid":{"rendered":"http:\/\/batimedianews.com\/live\/?p=40457"},"modified":"2025-04-08T20:10:36","modified_gmt":"2025-04-08T18:10:36","slug":"pac-sans-unite-exterieure-produites-en-france-services-connectes-pour-les-professionnels-airwell-presente-ses-nouveautes-pour-le-secteur-residentiel-et-tertiaire","status":"publish","type":"post","link":"http:\/\/batimedianews.com\/live\/index.php\/2024\/10\/16\/pac-sans-unite-exterieure-produites-en-france-services-connectes-pour-les-professionnels-airwell-presente-ses-nouveautes-pour-le-secteur-residentiel-et-tertiaire\/","title":{"rendered":"PAC sans unit\u00e9 ext\u00e9rieure produites en France, services connectes pour les professionnels, AIRWELL pr\u00e9sente ses nouveaut\u00e9s pour le secteur r\u00e9sidentiel et tertiaire"},"content":{"rendered":"\n<p class=\"has-text-align-center has-sm-dark-primary-color has-text-color\">&nbsp;<strong>INTERCLIMA 2024 &#8211; N<\/strong><strong>OUVEAUTES SOLUTIONS<\/strong><strong>, P<\/strong><strong>RODUITS <\/strong><strong>ET S<\/strong><strong>ERVICES&nbsp;<\/strong><\/p>\n\n\n\n<p class=\"has-text-align-center\"><strong>Espace Innovation Hall 3 &#8211; Stand B034&nbsp;<\/strong><\/p>\n\n\n\n<p><strong>A l\u2019occasion du salon Interclima \u00e9dition 2024, Airwell, Fabricant fran\u00e7ais engag\u00e9 pour la transition \u00e9nerg\u00e9tique pr\u00e9sente son \u00e9cosyst\u00e8me de services connect\u00e9s pour faciliter le quotidien des professionnels, ses nouveaut\u00e9s \u00ab produits \u00bb et solutions globales destin\u00e9es aux univers r\u00e9sidentiels et tertiaires. L\u2019ensemble vient enrichir la large offre solutions, produits et services pour les professionnels sign\u00e9e Airwell, expert historique du g\u00e9nie climatique et cr\u00e9ateur fran\u00e7ais de solutions \u00e9nerg\u00e9tiques.&nbsp;<\/strong><\/p>\n\n\n\n<p>&nbsp;<em>\u00ab Pionner dans l\u2019univers des PAC et acteur majeur sur le secteur de l\u2019\u00e9nergie depuis 1947, l\u2019une de nos missions est d\u2019impulser une dynamique de cr\u00e9ation et d\u2019\u00e9volutions <\/em>des solutions climatiques et thermiques afin de r\u00e9pondre aux enjeux de la transition \u00e9nerg\u00e9tique <em>\u00bb, <\/em>rappelle Laurent Roegel, CEO Airwell. <em>\u00ab Interclima est l\u2019occasion de donner un coup de projecteur sur nos nouveaut\u00e9s solutions, produits et service. Pour cette \u00e9dition 2024, nous mettons particuli\u00e8rement l\u2019accent sur nos PAC et console \u00e0 eau sans UNITE EXTERIEURE, l\u2019\u00e9volution de notre solution Ma Maison Hybride pour le r\u00e9sidentiel, notre offre tertiaire, les solutions de services connect\u00e9s, la formation via la Airwell Academy, notre p\u00f4le R&amp;D et bien s\u00fbr notre site de fabrication AIRWELL INDUSTRIE bas\u00e9 en Bretagne. Notre objectif : faciliter le quotidien de nos clients professionnels en apportant des solutions pour optimiser la consommation \u00e9nerg\u00e9tique, favoriser l\u2019\u00e9nergie solaire pour pr\u00e9server les ressources naturelles \u00bb.&nbsp;<\/em><\/p>\n\n\n\n<p class=\"has-text-color\" style=\"color:#04297c\"><strong>INTERCLIMA 2024 \u2013 N<\/strong><strong>OUVEAUTE <\/strong><strong>AIRWELL \u2013 S<\/strong><strong>TAND <\/strong><strong>E<\/strong><strong>SPACE CONNECTIVITE&nbsp;<\/strong><\/p>\n\n\n\n<p class=\"has-text-align-right has-text-color\" style=\"color:#04297c\"><strong>ECOSYSTEME SERVICIEL CONNECTES<\/strong><\/p>\n\n\n\n<p><strong>Pour accompagner les professionnels dans chaque \u00e9tape de leur quotidien, Airwell cr\u00e9\u00e9 un \u00e9cosyst\u00e8me global serviciel int\u00e9grant l\u2019offre de services connect\u00e9s AirHome \/ AirNest \/ AirMaster. Ces outils interactifs disponibles sur tablettes sont \u00e0 d\u00e9couvrir sur le stand Airwell \u2013 INTERCLIMA Espace Connectivit\u00e9.&nbsp;<\/strong><\/p>\n\n\n\n<p class=\"has-text-color\" style=\"color:#04297c\"><strong>L\u2019APPLICATION AIRNEST &#8211; DISPONIBLE COURANT 2025&nbsp;<\/strong><\/p>\n\n\n\n<div class=\"wp-block-media-text alignwide has-media-on-the-right is-stacked-on-mobile\" style=\"grid-template-columns:auto 27%\"><figure class=\"wp-block-media-text__media\"><img loading=\"lazy\" width=\"446\" height=\"476\" src=\"https:\/\/i2.wp.com\/batimedianews.com\/live\/wp-content\/uploads\/2024\/10\/image-198.png?resize=446%2C476\" alt=\"\" class=\"wp-image-40458 size-full\" srcset=\"https:\/\/i2.wp.com\/batimedianews.com\/live\/wp-content\/uploads\/2024\/10\/image-198.png?w=446 446w, https:\/\/i2.wp.com\/batimedianews.com\/live\/wp-content\/uploads\/2024\/10\/image-198.png?resize=768%2C819 768w, https:\/\/i2.wp.com\/batimedianews.com\/live\/wp-content\/uploads\/2024\/10\/image-198.png?resize=10%2C10 10w, https:\/\/i2.wp.com\/batimedianews.com\/live\/wp-content\/uploads\/2024\/10\/image-198.png?resize=432%2C461 432w, https:\/\/i2.wp.com\/batimedianews.com\/live\/wp-content\/uploads\/2024\/10\/image-198.png?resize=396%2C423 396w\" sizes=\"(max-width: 600px) 91vw, (max-width: 900px) 600px, (max-width: 1060px) 50vw, (max-width: 1200px) 520px, (max-width: 1400px) 43vw, 600px\" data-recalc-dims=\"1\" \/><\/figure><div class=\"wp-block-media-text__content\">\n<ul><li><strong>Pour les installateurs <\/strong><ul><li>Application terrain destin\u00e9e \u00e0 l\u2019installation et la mise en service simplifi\u00e9es dont l\u2019appairage entre les produits Airwell et Air Home&nbsp;<\/li><li>Un acc\u00e8s rapide aux supports techniques d\u2019Airwell \u2013 codes erreurs acc\u00e8s d\u00e9pannage et maintenance, notices et sch\u00e9mas d\u2019installations, extension de garantie, biblioth\u00e8ques documentaires\u2026&nbsp;<\/li><li>Une assistance 24\/7 depuis l\u2019application avec des r\u00e9ponses rapides et pr\u00e9cises aux questions techniques&nbsp;<\/li><\/ul><\/li><\/ul>\n<\/div><\/div>\n\n\n\n<p class=\"has-text-color\" style=\"color:#04297c\"><strong>LA SOLUTION DIGITALE AIRMASTER \u2013 DISPONIBLE COURANT 2025&nbsp;<\/strong><\/p>\n\n\n\n<ul><li><strong>Pour les mainteneurs <\/strong><\/li><\/ul>\n\n\n\n<p>Surveillance continue du parc de machines install\u00e9es&nbsp;<\/p>\n\n\n\n<ul><li>R\u00e9duction des co\u00fbts gr\u00e2ce au param\u00e9trage et la maintenance pr\u00e9ventive des machines&nbsp;<\/li><li>Diagnostic \u00e0 distance avec visualisation des graphiques de fonctionnement et analyse pr\u00e9dictive des d\u00e9fauts&nbsp;<\/li><li>Plateforme de maintenance et gestion de parc \u00e0 distance&nbsp;<\/li><li>AirMaster est un gestionnaire intelligent de parc \u00e0 distance en temps r\u00e9el pour des performances optimales&nbsp;<\/li><\/ul>\n\n\n\n<p class=\"has-text-color\" style=\"color:#04297c\"><strong>L\u2019<\/strong><strong>APPLICATION <\/strong><strong>A<\/strong><strong>IR<\/strong><strong>H<\/strong><strong>OME <\/strong><strong>\u2013 <\/strong><strong>DEJA DISPONIBLE&nbsp;<\/strong><\/p>\n\n\n\n<ul><li><strong>Pour les particuliers&nbsp;<\/strong><\/li><\/ul>\n\n\n\n<p>AirHome permet au particulier de contr\u00f4ler l\u2019ensemble de ses produits et ainsi d\u2019optimiser sa consommation d\u2019\u00e9nergie.&nbsp;<\/p>\n\n\n\n<p>Une seule application pour la gestion de l\u2019ensemble de sa maison :&nbsp;<\/p>\n\n\n\n<ul><li>Panneaux solaires, chauffage et climatisation&nbsp;<\/li><li>Ventilation, eau chaude et objets connect\u00e9s (Airwell, Netatmo, et autres partenaires \u00e0 venir)&nbsp;<\/li><li>Suivi de la consommation et production, pilotage et surveillance des appareils connect\u00e9s, planification avanc\u00e9e&nbsp;<\/li><li>A venir : La fonction SmartEco qui permettra d\u2019analyser les donn\u00e9es historiques de consommation d\u2019\u00e9nergie et les habitudes de l\u2019utilisateur afin de lui sugg\u00e9rer de meilleurs param\u00e9trages pour ses appareils connect\u00e9s&nbsp;<\/li><\/ul>\n\n\n\n<p class=\"has-text-color\" style=\"color:#04297c\"><strong>INTERCLIMA 2024 \u2013 NOUVEAUTE \u2013 ESPACE AIRWELL INDUSTRIE&nbsp;<\/strong><\/p>\n\n\n\n<p class=\"has-text-color\" style=\"color:#04297c\"><strong>UNIQUE SUR LE MARCHE <\/strong><strong>\u2013 PAC SANS UNITE EXTERIEURE&nbsp;<\/strong><\/p>\n\n\n\n<p class=\"has-text-color\" style=\"color:#04297c\"><strong>NOMINE AUX AWARDS DE L\u2019INNOVATION 2024&nbsp;<\/strong><\/p>\n\n\n\n<p class=\"has-text-align-right has-text-color\" style=\"color:#04297c\"><strong>PAC AIR EAU MONOBLOC 100% INTERIEURE 3 EN 1&nbsp;<\/strong><\/p>\n\n\n\n<p class=\"has-text-align-right has-text-color\" style=\"color:#04297c\"><strong>GAMME AMZEO WT \u2013 PRODUCTION AIRWELL INDUSTRIE&nbsp;<\/strong><\/p>\n\n\n\n<p><strong>Concept unique sur le march\u00e9, la PAC 100% int\u00e9rieure 3 en 1 modulaire AMZEO WT Monobloc est un mod\u00e8le fabriqu\u00e9 en Bretagne sur le site Airwell Industrie. Ultra compacte et sans unit\u00e9 ext\u00e9rieure, AMZEO WT est Tout en Un pour chauffage, ECS et rafra\u00eechissement. Autres atouts de la solution : une implantation facilit\u00e9e avec un montage sur une grille en fa\u00e7ade, via des gaines et des sorties murales ou en toiture, assurant une discr\u00e9tion gr\u00e2ce \u00e0 de multiples configurations possibles. Pr\u00e9dictive, son pilotage et sa maintenance peuvent se faire \u00e0 distance par les professionnels Installateurs.&nbsp;<\/strong><\/p>\n\n\n\n<p><strong>Con\u00e7ue et fabriqu\u00e9e \u00e0 Brest (29) en Bretagne &#8211; Site Airwell Industrie&nbsp;<\/strong><\/p>\n\n\n\n<p><strong>Commercialisation \u2013 \u00e0 partir de fin 2024&nbsp;<\/strong><\/p>\n\n\n\n<div class=\"wp-block-media-text alignwide has-media-on-the-right is-stacked-on-mobile\" style=\"grid-template-columns:auto 25%\"><figure class=\"wp-block-media-text__media\"><img loading=\"lazy\" width=\"464\" height=\"458\" src=\"https:\/\/i2.wp.com\/batimedianews.com\/live\/wp-content\/uploads\/2024\/10\/image-199.png?resize=464%2C458\" alt=\"\" class=\"wp-image-40459 size-full\" srcset=\"https:\/\/i2.wp.com\/batimedianews.com\/live\/wp-content\/uploads\/2024\/10\/image-199.png?w=464 464w, https:\/\/i2.wp.com\/batimedianews.com\/live\/wp-content\/uploads\/2024\/10\/image-199.png?resize=768%2C758 768w, https:\/\/i2.wp.com\/batimedianews.com\/live\/wp-content\/uploads\/2024\/10\/image-199.png?resize=10%2C10 10w, https:\/\/i2.wp.com\/batimedianews.com\/live\/wp-content\/uploads\/2024\/10\/image-199.png?resize=432%2C426 432w, https:\/\/i2.wp.com\/batimedianews.com\/live\/wp-content\/uploads\/2024\/10\/image-199.png?resize=396%2C391 396w\" sizes=\"(max-width: 600px) 91vw, (max-width: 900px) 600px, (max-width: 1060px) 50vw, (max-width: 1200px) 520px, (max-width: 1400px) 43vw, 600px\" data-recalc-dims=\"1\" \/><\/figure><div class=\"wp-block-media-text__content\">\n<p><strong>Nouveau : PAC SANS UNITE EXTERIEURE &#8211; <\/strong>Amz\u00e9o WT est une pompe \u00e0 chaleur monobloc, sans liaison frigorifique, 100 % int\u00e9rieure. Solution id\u00e9ale pour le secteur r\u00e9sidentiel, individuel ou collectif, en neuf comme en r\u00e9novation la PAC air\/eau 3 en 1 Modulaire AMZEO WT est <strong>particuli\u00e8rement adapt\u00e9e aux b\u00e2timents class\u00e9es, voisinage \u00e0 proximit\u00e9, en cas de manque de place, installation trop on\u00e9reuse&#8230;&nbsp;<\/strong><\/p>\n\n\n\n<p><strong>Sur grille ou sur gaines, deux types d\u2019installation sont possibles.&nbsp;<\/strong><\/p>\n<\/div><\/div>\n\n\n\n<p><strong>Discr\u00e9tion assur\u00e9e : La PAC AMZEO WT b\u00e9n\u00e9ficie de multiples configurations pour une Installation&nbsp;<\/strong><\/p>\n\n\n\n<p>\u2713 Au milieu du logement avec aspiration et refoulement via un r\u00e9seau de gaines et de sorties murales&nbsp;<\/p>\n\n\n\n<p>\u2713 En toiture&nbsp;<\/p>\n\n\n\n<p>\u2713 En Installation contre un mur ext\u00e9rieur avec aspiration et refoulement via une grille en fa\u00e7ade.&nbsp;<\/p>\n\n\n\n<p><strong>La solution AMZEO WT tout<\/strong><strong>-en-un g\u00e8re l\u2019eau chaude, le chauffage et le rafra\u00eechissement dans la maison pour un confort absolu tout en faisant des \u00e9conomies d\u2019\u00e9nergies.&nbsp;<\/strong><\/p>\n\n\n\n<p>&#8211; Gain de confort visuel et acoustique assur\u00e9&nbsp;<\/p>\n\n\n\n<p><strong>Les plus <\/strong><strong>PRODUITS &#8211; Mod\u00e8le AMZEO WT&nbsp;<\/strong><\/p>\n\n\n\n<p>\u2713 Monobloc, compacte et sans unit\u00e9 ext\u00e9rieure&nbsp;<\/p>\n\n\n\n<p>\u2713 Discr\u00e9tion et implantation facilit\u00e9e via une grille et\/ou des gaines et versions implantation multidirectionnelle&nbsp;<\/p>\n\n\n\n<p>\u2713 Tout en Un pour Chauffage, ECS et rafraichissement gr\u00e2ce \u00e0 sa bouteille de m\u00e9lange int\u00e9gr\u00e9e&nbsp;<\/p>\n\n\n\n<p>\u2713 Compatible avec tous types d\u2019\u00e9metteurs hydrauliques&nbsp;<\/p>\n\n\n\n<p>\u2713 Modulaire, \u201cPlug\u2019n Play\u201d et sans liaison frigorifique sur chantier assurant une implantation flexible&nbsp;<\/p>\n\n\n\n<p>\u2713 Durable, AMZEO WT est r\u00e9parable au sein de l\u2019usine Airwell Industrie \u00e0 Brest.&nbsp;<\/p>\n\n\n\n<p>\u2713 PREDICTIVE &#8211; Pilotage et maintenance \u00e0 distance&nbsp;<\/p>\n\n\n\n<p><strong>Caract\u00e9ristiques techniques&nbsp;<\/strong><\/p>\n\n\n\n<p>\u2713 Disponible en 4 kW monophas\u00e9&nbsp;<\/p>\n\n\n\n<p>\u2713 Fluide R32 et r\u00e9gulation Inverter avec maintien de puissance&nbsp;<\/p>\n\n\n\n<p>\u2713 Echangeur coaxial avec excellente r\u00e9sistance \u00e0 l\u2019encrassement&nbsp;<\/p>\n\n\n\n<p>\u2713 Tour hydraulique int\u00e9gr\u00e9e avec ballons ECS et bouteille de m\u00e9lange en inox&nbsp;<\/p>\n\n\n\n<p>\u2713 Appoint int\u00e9gr\u00e9 \u00e9tag\u00e9.&nbsp;<\/p>\n\n\n\n<p class=\"has-text-color\" style=\"color:#04297c\"><strong>INTERCLIMA 2024 \u2013 NOUVEAUTE \u2013 ESPACE AIRWELL INDUSTRIE&nbsp;<\/strong><\/p>\n\n\n\n<p class=\"has-text-color\" style=\"color:#04297c\"><strong>UNIQUE SUR LE MARCHE <\/strong><strong>\u2013 PAC SANS UNITE EXTERIEURE&nbsp;<\/strong><\/p>\n\n\n\n<p class=\"has-text-align-right has-text-color\" style=\"color:#04297c\"><strong>PAC EAU GLYCOLEE\/ EAU&nbsp;<\/strong><\/p>\n\n\n\n<p class=\"has-text-align-right has-text-color\" style=\"color:#04297c\"><strong>GEOTHERMIE \u2013 GAMME T\u00c9R\u00c9O-A HT \u2013 R 290&nbsp;<\/strong><\/p>\n\n\n\n<p class=\"has-text-color\" style=\"color:#04297c\"><strong>POMPE \u00c0 CHALEUR EAU GLYCOL\u00c9E\/EAU La T\u00e9r\u00e9o-A est une pompe \u00e0 chaleur g\u00e9othermique r\u00e9versible dont les seuls \u00e9l\u00e9ments \u00e0 l\u2019ext\u00e9rieur sont les capteurs souterrains. Compacte, elle s\u2019int\u00e8gre parfaitement dans un garage ou un cellier, tant en construction neuve qu\u2019en r\u00e9novation. La T\u00e9r\u00e9o-A est une r\u00e9elle alternative aux pompes \u00e0 chaleur a\u00e9rothermiques.&nbsp;<\/strong><\/p>\n\n\n\n<div class=\"wp-block-media-text alignwide has-media-on-the-right is-stacked-on-mobile\" style=\"grid-template-columns:auto 18%\"><figure class=\"wp-block-media-text__media\"><img loading=\"lazy\" width=\"430\" height=\"870\" src=\"https:\/\/i0.wp.com\/batimedianews.com\/live\/wp-content\/uploads\/2024\/10\/image-200.png?resize=430%2C870\" alt=\"\" class=\"wp-image-40460 size-full\" srcset=\"https:\/\/i0.wp.com\/batimedianews.com\/live\/wp-content\/uploads\/2024\/10\/image-200.png?w=430 430w, https:\/\/i0.wp.com\/batimedianews.com\/live\/wp-content\/uploads\/2024\/10\/image-200.png?resize=768%2C1553 768w, https:\/\/i0.wp.com\/batimedianews.com\/live\/wp-content\/uploads\/2024\/10\/image-200.png?resize=396%2C801 396w\" sizes=\"(max-width: 600px) 91vw, (max-width: 900px) 600px, (max-width: 1060px) 50vw, (max-width: 1200px) 520px, (max-width: 1400px) 43vw, 600px\" data-recalc-dims=\"1\" \/><\/figure><div class=\"wp-block-media-text__content\">\n<p><strong>Commercialisation TEREO A\u2013 1er semestre 2025&nbsp;<\/strong><\/p>\n\n\n\n<p><strong>PAC Fabriqu\u00e9e en \u00e0 Brest (29) en Bretagne sur le site Airwell Industrie&nbsp;<\/strong><\/p>\n\n\n\n<p><strong>Vente directe \u2013 Installateurs&nbsp;<\/strong><\/p>\n\n\n\n<p>En Neuf ou en r\u00e9novation \u2013 Discr\u00e9tion, simplicit\u00e9 d\u2019installation et encombrement r\u00e9duit pour le mod\u00e8le &#8211; TEREO A HT&nbsp;<\/p>\n\n\n\n<p>Gamme simple, robuste, compatible avec tous types d\u2019\u00e9metteurs hydrauliques&nbsp;<\/p>\n\n\n\n<p><strong>Nouveau : PAC SANS UNITE EXTERIEURE &#8211; la GAMME TEREO est particuli\u00e8rement adapt\u00e9e aux b\u00e2timents class\u00e9es, voisinage \u00e0 proximit\u00e9, manque de place, installation trop on\u00e9reuse&#8230;&nbsp;<\/strong><\/p>\n\n\n\n<p>Par le syst\u00e8me de g\u00e9othermie int\u00e9gr\u00e9 dans la pompe \u00e0 chaleur TEREO A &#8211; quel que soit le syst\u00e8me de captage, la chaleur est transmise par l\u2019eau glycol\u00e9e vers l\u2019\u00e9changeur de la pompe \u00e0 chaleur qui lib\u00e8re l\u2019\u00e9nergie n\u00e9cessaire au chauffage.&nbsp;<\/p>\n<\/div><\/div>\n\n\n\n<p><strong>Les plus PRODUITS &#8211; Mod\u00e8le T\u00c9R\u00c9O-A \u2013 Solution G\u00e9othermie&nbsp;<\/strong><\/p>\n\n\n\n<p>\u2713 Habillage en aluminium anodis\u00e9<\/p>\n\n\n\n<p>\u2713 Raccordements simplifi\u00e9s<\/p>\n\n\n\n<p>\u2713 Pieds r\u00e9glables<\/p>\n\n\n\n<p>\u2713 Isolation acoustique renforc\u00e9e<\/p>\n\n\n\n<p>\u2713 Afficheur digital de contr\u00f4le sur le dessus<\/p>\n\n\n\n<p>\u2713&nbsp;Compatible avec tous types d\u2019\u00e9metteurs hydrauliques<\/p>\n\n\n\n<p>\u2713&nbsp;Monobloc : aucune liaison frigorifique, aucune charge frigorifique \u00e0 pr\u00e9voir&nbsp;<\/p>\n\n\n\n<p>\u2713&nbsp;Large gamme, mod\u00e8les disponibles de 7 \u00e0 26 kW&nbsp;<\/p>\n\n\n\n<p>\u2713&nbsp;Connectivit\u00e9 de s\u00e9rie pour pilotage et maintenance \u00e0 distance&nbsp;<\/p>\n\n\n\n<p><strong>Caract\u00e9ristiques techniques&nbsp;<\/strong><\/p>\n\n\n\n<p>\u2713&nbsp;Disponible de 7 \u00e0 13 kW en monophas\u00e9 et de 9 \u00e0 26 kW en triphas\u00e9&nbsp;<\/p>\n\n\n\n<p>\u2713&nbsp;R\u00e9versible de s\u00e9rie&nbsp;<\/p>\n\n\n\n<p>\u2713&nbsp;Temp\u00e9rature d\u00e9part d\u2019eau jusqu\u2019\u00e0 60\u00b0C&nbsp;<\/p>\n\n\n\n<p>\u2713&nbsp;Fluide R407C avec compresseur Scroll<\/p>\n\n\n\n<p>\u2713&nbsp;Cascade possible jusqu\u2019\u00e0 4 machines&nbsp;<\/p>\n\n\n\n<p>&nbsp;\u2713&nbsp;Appoint \u00e9lectrique int\u00e9gr\u00e9 de s\u00e9rie&nbsp;<\/p>\n\n\n\n<p>\u2713&nbsp;Machine connect\u00e9e de s\u00e9rie pour pilotage et maintenance \u00e0 distance&nbsp;<\/p>\n\n\n\n<p class=\"has-text-color\" style=\"color:#04297c\"><strong>INTERCLIMA 2024&nbsp;<\/strong><\/p>\n\n\n\n<p class=\"has-text-color\" style=\"color:#04297c\"><strong>CONSOLE SANS UNITE EXTERIEURE&nbsp;<\/strong><\/p>\n\n\n\n<p class=\"has-text-align-right has-text-color\" style=\"color:#04297c\"><strong>CONSOLE A EAU MONOBLOC&nbsp;<\/strong><\/p>\n\n\n\n<p class=\"has-text-align-right has-text-color\" style=\"color:#04297c\"><strong>GAMME XDAW<\/strong><\/p>\n\n\n\n<p><strong>La Console \u00e0 Eau Monobloc XDAW permet de climatiser les espaces de vie ou de travail dans des zones class\u00e9es b\u00e2timents de France. R\u00e9versible, ce mod\u00e8le est id\u00e9al pour des appartements situ\u00e9s dans des immeubles \u00e0 \u00e9tages sans balcon ou sans possibilit\u00e9 d\u2019installer des unit\u00e9s ext\u00e9rieures.&nbsp;<\/strong><\/p>\n\n\n\n<p><strong>Les atouts&nbsp;<\/strong><\/p>\n\n\n\n<p>\u2713 Pas d\u2019unit\u00e9 ext\u00e9rieure, id\u00e9al pour pr\u00e9server l\u2019esth\u00e9tique des b\u00e2timents&nbsp;<\/p>\n\n\n\n<p>\u2713 Design moderne, s\u2019int\u00e9grant parfaitement dans tout type d\u2019int\u00e9rieur&nbsp;<\/p>\n\n\n\n<p>\u2713 Produit r\u00e9versible (froid\/chaud)&nbsp;<\/p>\n\n\n\n<p>\u2713 Solution monobloc &#8211; Pas d\u2019unit\u00e9 ext\u00e9rieure&nbsp;<\/p>\n\n\n\n<p>\u2713 Fluide \u00e9cologique R32, basse consommation d\u2019\u00e9nergie&nbsp;<\/p>\n\n\n\n<p>\u2713 Plus silencieux que les solutions standards (Windows ou Mobiles)&nbsp;<\/p>\n\n\n\n<p>\u2713 Technologie DC Inverter&nbsp;<\/p>\n\n\n\n<p><strong>Pour l\u2019utilisateur \u2013 Les Plus&nbsp;<\/strong><\/p>\n\n\n\n<p>\u2713 T\u00e9l\u00e9commande incluse XDAW RC&nbsp;<\/p>\n\n\n\n<p><strong>Pour l\u2019installateur \u2013 Les Plus&nbsp;<\/strong><\/p>\n\n\n\n<p>\u2713 Pas de manipulation de fluide&nbsp;<\/p>\n\n\n\n<p>\u2713 Facilit\u00e9 d\u2019installation&nbsp;<\/p>\n\n\n\n<p>\u2713 Plug &amp; Play&nbsp;<\/p>\n\n\n\n<div class=\"wp-block-image\"><figure class=\"aligncenter size-full\"><img loading=\"lazy\" width=\"614\" height=\"474\" src=\"https:\/\/i0.wp.com\/batimedianews.com\/live\/wp-content\/uploads\/2024\/10\/image-201.png?resize=614%2C474\" alt=\"\" class=\"wp-image-40461\" srcset=\"https:\/\/i0.wp.com\/batimedianews.com\/live\/wp-content\/uploads\/2024\/10\/image-201.png?w=614 614w, https:\/\/i0.wp.com\/batimedianews.com\/live\/wp-content\/uploads\/2024\/10\/image-201.png?resize=768%2C592 768w, https:\/\/i0.wp.com\/batimedianews.com\/live\/wp-content\/uploads\/2024\/10\/image-201.png?resize=432%2C333 432w, https:\/\/i0.wp.com\/batimedianews.com\/live\/wp-content\/uploads\/2024\/10\/image-201.png?resize=396%2C306 396w\" sizes=\"(max-width: 600px) 91vw, (max-width: 900px) 600px, (max-width: 1060px) 50vw, (max-width: 1200px) 520px, (max-width: 1400px) 43vw, 600px\" data-recalc-dims=\"1\" \/><\/figure><\/div>\n\n\n\n<p><strong>GAMME XDAW particuli\u00e8rement adapt\u00e9e aux b\u00e2timents class\u00e9es, voisinage \u00e0 proximit\u00e9, manque de place, installation trop on\u00e9reuse&#8230;&nbsp;<\/strong><\/p>\n\n\n\n<ul><li>Centre-ville historique et fa\u00e7ades class\u00e9es&nbsp;<\/li><li>Les petites surfaces commerciales (centre commerciaux\/tous b\u00e2timents \u00e9quip\u00e9s d\u2019une boucle d\u2019eau)&nbsp;<\/li><li>Cabinet, bureaux en centres ville (avec boucle d\u2019eau)&nbsp;<\/li><li>Constructions modulaires de chantier&nbsp;<\/li><\/ul>\n\n\n\n<p class=\"has-text-color\" style=\"color:#04297c\"><strong>INTERCLIMA 2024 \u2013 NOUVEAUTE &#8211; ESPACE AIR\/EAU&nbsp;<\/strong><\/p>\n\n\n\n<p class=\"has-text-align-right has-text-color\" style=\"color:#04297c\"><strong>GAMME WELLEA MONOBLOC HT R-290&nbsp;<\/strong><\/p>\n\n\n\n<p class=\"has-text-align-right has-text-color\" style=\"color:#04297c\"><strong>OFFRE PRODUITS RESIDENTIELS&nbsp;<\/strong><\/p>\n\n\n\n<p><strong>Gamme AIR\/EAU &#8211; La toute nouvelle pompe \u00e0 chaleur Wellea Monobloc Haute Temp\u00e9rature r\u00e9versible sign\u00e9e Airwell int\u00e8gre le fluide naturel R-290, le r\u00e9frig\u00e9rant naturel le plus \u00e9cologique du march\u00e9 ainsi que le traitement anti-corrosion GreenFin. Solution Tout en Un, la Wellea M HT g\u00e8re l\u2019eau chaude, le chauffage et le rafraichissement de l\u2019habitat.&nbsp;<\/strong><\/p>\n\n\n\n<div class=\"wp-block-image\"><figure class=\"alignleft size-full is-resized\"><img loading=\"lazy\" src=\"https:\/\/i2.wp.com\/batimedianews.com\/live\/wp-content\/uploads\/2024\/10\/image-202.png?resize=166%2C55\" alt=\"\" class=\"wp-image-40462\" width=\"166\" height=\"55\" srcset=\"https:\/\/i2.wp.com\/batimedianews.com\/live\/wp-content\/uploads\/2024\/10\/image-202.png?w=344 344w, https:\/\/i2.wp.com\/batimedianews.com\/live\/wp-content\/uploads\/2024\/10\/image-202.png?resize=768%2C254 768w\" sizes=\"(max-width: 600px) 91vw, (max-width: 900px) 600px, (max-width: 1060px) 50vw, (max-width: 1200px) 520px, (max-width: 1400px) 43vw, 600px\" data-recalc-dims=\"1\" \/><\/figure><\/div>\n\n\n\n<p><strong>NEW \u2013 Le traitement anti-corrosion du condensateur GreenFin apporte une r\u00e9sistance jusqu\u2019\u00e0 3X sup\u00e9rieur \u00e0 l\u2019air salin que les traitements classiques \u2013 pour la PAC une r\u00e9sistance accrue et une dur\u00e9e de vie prolong\u00e9e.&nbsp;<\/strong><\/p>\n\n\n\n<p><strong>Con\u00e7ue pour des temp\u00e9ratures ext\u00e9rieures allant de -25\u00b0C \u00e0 46\u00b0C, <\/strong>le mod\u00e8le Wellea M HT R290 permet de r\u00e9guler rapidement la temp\u00e9rature. Il garantit un environnement constant et tout confort, hiver et \u00e9t\u00e9. Sa conception tout-en-un favorise la basse consommation et les \u00e9conomies d\u2019\u00e9nergies.&nbsp;<\/p>\n\n\n\n<p>\u2713 Temp\u00e9rature d\u2019eau jusqu\u2019\u00e0 75\u00b0C, id\u00e9al pour la r\u00e9novation&nbsp;<\/p>\n\n\n\n<p>\u2713 Appoint \u00e9lectrique 3 kW ou 9 kW inclus&nbsp;<\/p>\n\n\n\n<div class=\"wp-block-media-text alignwide has-media-on-the-right is-stacked-on-mobile\" style=\"grid-template-columns:auto 32%\"><figure class=\"wp-block-media-text__media\"><img loading=\"lazy\" width=\"506\" height=\"548\" src=\"https:\/\/i2.wp.com\/batimedianews.com\/live\/wp-content\/uploads\/2024\/10\/image-203.png?resize=506%2C548\" alt=\"\" class=\"wp-image-40463 size-full\" srcset=\"https:\/\/i2.wp.com\/batimedianews.com\/live\/wp-content\/uploads\/2024\/10\/image-203.png?w=506 506w, https:\/\/i2.wp.com\/batimedianews.com\/live\/wp-content\/uploads\/2024\/10\/image-203.png?resize=768%2C831 768w, https:\/\/i2.wp.com\/batimedianews.com\/live\/wp-content\/uploads\/2024\/10\/image-203.png?resize=10%2C10 10w, https:\/\/i2.wp.com\/batimedianews.com\/live\/wp-content\/uploads\/2024\/10\/image-203.png?resize=432%2C468 432w, https:\/\/i2.wp.com\/batimedianews.com\/live\/wp-content\/uploads\/2024\/10\/image-203.png?resize=396%2C429 396w\" sizes=\"(max-width: 600px) 91vw, (max-width: 900px) 600px, (max-width: 1060px) 50vw, (max-width: 1200px) 520px, (max-width: 1400px) 43vw, 600px\" data-recalc-dims=\"1\" \/><\/figure><div class=\"wp-block-media-text__content\">\n<p><strong>Classification \u00e9nerg\u00e9tique A+++&nbsp;<\/strong><\/p>\n\n\n\n<p><strong>Le Syst\u00e8me Wellea M-HT &#8211; Comment \u00e7a marche ?&nbsp;<\/strong><\/p>\n\n\n\n<p>Jusqu\u2019\u00e0 80 % de l\u2019\u00e9nergie thermique n\u00e9cessaire est pr\u00e9lev\u00e9e de l\u2019air ambiant. Avec le syst\u00e8me Wellea, l\u2019\u00e9nergie thermique captur\u00e9e de l\u2019air ext\u00e9rieur est automatiquement transf\u00e9r\u00e9e pour r\u00e9chauffer l\u2019eau, r\u00e9pondant ainsi aux besoins de chauffage. Cette \u00e9nergie peut \u00e9galement \u00eatre utilis\u00e9e pour rafra\u00eechir la maison.&nbsp;<\/p>\n<\/div><\/div>\n\n\n\n<p><strong>Les atouts de la pompe \u00e0 chaleur Wellea M HT (Monobloc) &#8211; Nouvelle g\u00e9n\u00e9ration&nbsp;<\/strong><\/p>\n\n\n\n<ul><li>\u2713 <strong>New \u2013Green Fin &#8211; <\/strong>Nouveau <strong>traitement anti-corrosion du condensateur ultra r\u00e9sistant contre les environnements salins.&nbsp;<\/strong><\/li><li>\u2713 <strong>New &#8211; Int\u00e8gre le R\u00e9frig\u00e9rant naturel R290 (PRG 3) &#8211; <\/strong>fluide \u00e0 l\u2019impact environnemental le plus faible du march\u00e9 (jusqu\u2019\u00e0 200 fois plus faible que le fluide R32) pour une r\u00e9duction des \u00e9missions de carbone et un meilleur rendement s\u2019agissant des performances thermiques.&nbsp;<\/li><li>\u2713 <strong>New \u2013 bac \u00e0 condensats int\u00e9gr\u00e9s de s\u00e9ries<\/strong>.&nbsp;<\/li><li>\u2713 <strong>R\u00e9sistance \u00e9lectrique de fond de bac pour limiter la prise en glace<\/strong>.&nbsp;<\/li><li>\u2713 <strong>Moto-ventilateur <\/strong>compos\u00e9e d\u2019une graisse silicone pour une protection des enroulements en cas d\u2019al\u00e9as climatiques&nbsp;<\/li><li>\u2713 <strong>Carte \u00e9lectronique trait\u00e9es avec une huile de protection contre l\u2019humidit\u00e9&nbsp;<\/strong><\/li><li>\u2713 <strong>Tuyauterie cuivre : Les soudures des tubes cuivre sont prot\u00e9g\u00e9es par une r\u00e9sine acrylique&nbsp;<\/strong><\/li><li>\u2713 <strong>Ballon d\u2019expansion interne \u00e0 la PAC est recouvert d\u2019une r\u00e9sine \u00e9poxy. La soudure cuivre\/acier est aussi prot\u00e9g\u00e9e par une r\u00e9sine \u00e9poxy. Les vis sont en acier inoxydable&nbsp;<\/strong><\/li><li>\u2713 Le groupe ext\u00e9rieur est \u00e9quip\u00e9 d\u2019un mono-ventilateur ce qui limite <ul><li>&#8211; <strong>L\u2019encombrement <\/strong>: design est discret et \u00e9l\u00e9gant&nbsp;<\/li><li>&#8211; <strong>Le niveau sonore \u00e0 30 dB(A) : <\/strong>isolation phonique et plaque anti-vibration du compresseur&nbsp;<\/li><\/ul><\/li><li>\u2713 <strong>Installation facile et rapide : <\/strong>la PAC Wellea M HT n\u00e9cessite peu de travaux d\u2019installation&nbsp;<\/li><li>\u2713 <strong>Compatible avec les panneaux photovolta\u00efques <\/strong>: gr\u00e2ce au SG ready, l\u2019\u00e9nergie gratuite des panneaux photovolta\u00efques est transform\u00e9e en \u00e9nergie thermique (eau chaude) utilisable par exemple pour les douches : il est alors possible de r\u00e9aliser des \u00e9conomies d\u2019\u00e9nergie et de r\u00e9duire sa facture d\u2019\u00e9lectricit\u00e9&nbsp;<\/li><li>\u2713 <strong>Gr\u00e2ce au WiFi, Le Contr\u00f4le \u00e0 distance de la PAC <\/strong>est int\u00e9gr\u00e9 \u00e0 la t\u00e9l\u00e9commande et \u00e0 l\u2019application smartphone AirHome&nbsp;<\/li><\/ul>\n\n\n\n<p class=\"has-text-color\" style=\"color:#04297c\"><strong>INTERCLIMA 2024 \u2013 PAC AIR\/AIR&nbsp;<\/strong><\/p>\n\n\n\n<p class=\"has-text-align-right has-text-color\" style=\"color:#04297c\"><strong>GAMME HDMB HARMONIA MURAL&nbsp;<\/strong><\/p>\n\n\n\n<p class=\"has-text-align-right has-text-color\" style=\"color:#04297c\"><strong>NOUVEAU TRAITEMENT ANTICORROSION INTEGRE&nbsp;<\/strong><\/p>\n\n\n\n<p class=\"has-text-align-right has-text-color\" style=\"color:#04297c\"><strong><em>OFFRE PRODUITS RESIDENTIELS<\/em><\/strong><\/p>\n\n\n\n<p>\u2713 Traitement Platinium97 : Protection exceptionnelle pour moins de remplacement et de d\u00e9chets, contribuant \u00e0 un usage plus durable des ressources.&nbsp;<\/p>\n\n\n\n<p>\u2713 Traitement Golden Fin sur les \u00e9changeurs (ext\u00e9rieurs et int\u00e9rieurs) pour une protection contre la corrosion qui augmente les performances du produit.&nbsp;<\/p>\n\n\n\n<p><strong>Pour une meilleure long\u00e9vit\u00e9, Airwell int\u00e8gre le traitement anticorrosion Platinium97 sur les \u00e9changeurs de sa Gamme Mural AIR\/AIR &#8211; HDMB HARMONIA. L\u2019int\u00e9gration de ce traitement anticorrosion est n\u00e9e de la probl\u00e9matique rencontr\u00e9e par les professionnels des Antilles confront\u00e9s \u00e0 la Sargasse : une algue qui se d\u00e9veloppe sur le littoral antillais.&nbsp;<\/strong><\/p>\n\n\n\n<p><em>\u00ab Pour r\u00e9pondre \u00e0 nos engagements sur la long\u00e9vit\u00e9 de nos produits pour moins de corrosion, moins de remplacement et une protection durable, notre \u00e9quipe R&amp;D travaille \u00e0 l\u2019am\u00e9lioration continue du cycle de vie de nos produits. Pour ce faire, nous sommes attentifs aux probl\u00e9matiques de nos clients installateurs. Ce nouveau traitement anticorrosion prot\u00e8ge la gamme HDMB Harmonia de l\u2019acidit\u00e9 qui fragilise la tuyauterie en cuivre et donne une r\u00e9ponse concr\u00e8te aux professionnels des Antilles confront\u00e9s \u00e0 ce ph\u00e9nom\u00e8ne \u00bb<\/em>, souligne Laurent Roegel, CEO du groupe Airwell.&nbsp;<\/p>\n\n\n\n<p>\u2713 Traitement Platinium97 : Protection exceptionnelle pour moins de remplacement et de d\u00e9chets, contribuant \u00e0 un usage plus durable des ressources.&nbsp;<\/p>\n\n\n\n<p>\u2713 Traitement Golden Fin sur les \u00e9changeurs (ext\u00e9rieurs et int\u00e9rieurs) pour une protection contre la corrosion qui augmente les performances du produit.&nbsp;<\/p>\n\n\n\n<p><strong>Les Atouts du HDMB IHARMONIA&nbsp;<\/strong><\/p>\n\n\n\n<p>Un design adapt\u00e9 au style de son int\u00e9rieur gr\u00e2ce \u00e0 une large palette de couleurs&nbsp;<\/p>\n\n\n\n<p>\u2713 <strong>NEW : <\/strong>de nouveaux designs disponibles (en option) avec la collection HDMB Artwell&nbsp;<\/p>\n\n\n\n<p>\u2713 Pour l\u2019unit\u00e9 Int\u00e9rieur (Blanc, gris ou miroir)&nbsp;<\/p>\n\n\n\n<p>\u2713 Pour la fa\u00e7ade (3 coloris- Gris silver \u2013 Beige Champagne \u2013 rouge passion)&nbsp;<\/p>\n\n\n\n<p>\u2713 R\u00e9versible pour un confort optimal&nbsp;<\/p>\n\n\n\n<p><strong>Les Plus Produits D\u00e9veloppement Durable&nbsp;<\/strong><\/p>\n\n\n\n<p>\u2713 <strong>R\u00e9duction significative de la fr\u00e9quence des entretiens et des remplacements, diminuant l\u2019empreinte carbone&nbsp;<\/strong><\/p>\n\n\n\n<p>\u2713 De hautes performances saisonni\u00e8res (SEER\/SCOP)&nbsp;<\/p>\n\n\n\n<p>\u2713 <strong>Protection durable dans les environnements les plus agressifs <\/strong>Une classe \u00e9nerg\u00e9tique&nbsp;<\/p>\n\n\n\n<p>\u2713 A+++ en mode refroidissement&nbsp;<\/p>\n\n\n\n<p>\u2713 A++ en mode chauffage selon mod\u00e8le garantissant des \u00e9conomies d\u2019\u00e9nergie&nbsp;<\/p>\n\n\n\n<p>\u2713 Un r\u00e9frig\u00e9rant au R32 respectueux de l\u2019environnement&nbsp;<\/p>\n\n\n\n<p>\u2713 Compatible avec les multisplits YDZC et ZDAA&nbsp;<\/p>\n\n\n\n<p><strong>Pour l\u2019Installateur \u2013 les Plus&nbsp;<\/strong><\/p>\n\n\n\n<p>\u2713 Un mode installateur pour une lecture directe des sondes sur l\u2019unit\u00e9 int\u00e9rieure&nbsp;<\/p>\n\n\n\n<p>\u2713 Un mode technicien pour ajuster les param\u00e9trer de fonctionnement&nbsp;<\/p>\n\n\n\n<p>\u2713 Une \u00e9vacuation des condensats \u00e0 droite ou \u00e0 gauche pour faciliter l\u2019installation dans la pi\u00e8ce&nbsp;<\/p>\n\n\n\n<p><strong>Pour l\u2019utilisateur \u2013 Les Plus&nbsp;<\/strong><\/p>\n\n\n\n<p>\u2713 Un design contemporain qui s\u2019adapte \u00e0 tous les int\u00e9rieurs&nbsp;<\/p>\n\n\n\n<p>\u2713 Ioniseur et filtres hautes performances pour une meilleure qualit\u00e9 de l\u2019air&nbsp;<\/p>\n\n\n\n<p>\u2713 Volets d\u2019air multidirectionnels pour une diffusion de l\u2019air dans toute la pi\u00e8ce&nbsp;<\/p>\n\n\n\n<p>\u2713 Un Wifi inclus pour un pilotage \u00e0 distance de l&rsquo;appareil&nbsp;<\/p>\n\n\n\n<p>\u2713 Un faible niveau sonore, id\u00e9al pour les pi\u00e8ces de vie (chambre, bureau, salon&#8230;)&nbsp;<\/p>\n\n\n\n<p>\u2713 Une sonde d\u2019ambiance int\u00e9gr\u00e9e dans la t\u00e9l\u00e9commande pour un meilleur confort (mode \u201cI Feel\u201d).&nbsp;<\/p>\n\n\n\n<p>\u2713 Un nettoyage automatique des \u00e9changeurs afin d\u2019am\u00e9liorer dur\u00e9e de vie et performance.&nbsp;<\/p>\n\n\n\n<p>\u2713 Un traitement Golden Fin sur les \u00e9changeurs (ext\u00e9rieurs et int\u00e9rieurs) pour une protection contre la corrosion et une durabilit\u00e9 dans le temps.&nbsp;<\/p>\n\n\n\n<p class=\"has-text-color\" style=\"color:#04297c\"><strong>INTERCLIMA 2024 \u2013 NOUVEAUTE &#8211; ESPACE AIR\/EAU&nbsp;<\/strong><\/p>\n\n\n\n<p class=\"has-text-align-right has-text-color\" style=\"color:#04297c\"><strong>CHAUFFE-EAU THERMODYNAMIQUE&nbsp;<\/strong><\/p>\n\n\n\n<p class=\"has-text-align-right has-text-color\" style=\"color:#04297c\"><strong>BALLON MURAL MONOBLOC R290 &#8211; GAMME ELEO M TFMW&nbsp;<\/strong><\/p>\n\n\n\n<p class=\"has-text-align-right has-text-color\" style=\"color:#04297c\"><strong><em>OFFRE PRODUITS &#8211; SOLUTION MA MAISON HYBRIDE&nbsp;<\/em><\/strong><\/p>\n\n\n\n<p class=\"has-text-align-left\"><strong><em>&nbsp;<\/em>Gr\u00e2ce \u00e0 sa pompe \u00e0 chaleur int\u00e9gr\u00e9e, le chauffe-eau thermodynamique Eleo M TFMW capte les calories pr\u00e9sentes dans l\u2019air pour chauffer l\u2019eau du ballon. \u00c9conomique et \u00e9cologique, sa protection anticalcaire prot\u00e8ge l\u2019installation et prolonge sa dur\u00e9e de vie. La gamme TFMW est dot\u00e9e de la fonction SMART GRID pour faire fonctionner le ballon avec l\u2019\u00e9lectricit\u00e9 produite par les panneaux photovolta\u00efques et transformer l\u2019\u00e9nergie gratuite en \u00e9nergie thermique.&nbsp;<\/strong><\/p>\n\n\n\n<div class=\"wp-block-media-text alignwide has-media-on-the-right is-stacked-on-mobile\" style=\"grid-template-columns:auto 19%\"><figure class=\"wp-block-media-text__media\"><img loading=\"lazy\" width=\"260\" height=\"548\" src=\"https:\/\/i2.wp.com\/batimedianews.com\/live\/wp-content\/uploads\/2024\/10\/image-204.png?resize=260%2C548\" alt=\"\" class=\"wp-image-40464 size-full\" srcset=\"https:\/\/i2.wp.com\/batimedianews.com\/live\/wp-content\/uploads\/2024\/10\/image-204.png?w=260 260w, https:\/\/i2.wp.com\/batimedianews.com\/live\/wp-content\/uploads\/2024\/10\/image-204.png?resize=768%2C1618 768w\" sizes=\"(max-width: 600px) 91vw, (max-width: 900px) 600px, (max-width: 1060px) 50vw, (max-width: 1200px) 520px, (max-width: 1400px) 43vw, 600px\" data-recalc-dims=\"1\" \/><\/figure><div class=\"wp-block-media-text__content\">\n<p><strong>Disponible \u2013 1er semestre 2025&nbsp;<\/strong><\/p>\n\n\n\n<p><strong>NEW : <\/strong>le mod\u00e8le mural, ELEO M TFMW est connect\u00e9 \u00e0 l\u2019application AirHome de la solution Ma Maison Hybride.&nbsp;<\/p>\n\n\n\n<p><strong>Design compact <\/strong>\u2013 Avec une faible emprise au sol, la gamme de chauffe-eau Eleo peut facilement remplacer un ballon d\u2019eau chaude \u00e9lectrique. Son design compact l\u2019int\u00e8gre facilement et en toute discr\u00e9tion dans la maison.&nbsp;<\/p>\n\n\n\n<p><strong>Pose Mural <\/strong>\u2013 100 et 150 litres&nbsp;<\/p>\n\n\n\n<p><strong>Pose au sol <\/strong>\u2013 200 et 300 litres&nbsp;<\/p>\n<\/div><\/div>\n\n\n\n<p><strong>Dur\u00e9e de vie optimis\u00e9e&nbsp;<\/strong><\/p>\n\n\n\n<ul><li>\u2713 La protection anticalcaire prot\u00e8ge l\u2019installation et prolonge sa dur\u00e9e&nbsp; de vie. La Nouvelle cuve Inox exclut les probl\u00e8mes de corrosion. L\u2019Echangeur est externe \u00e0 la cuve&nbsp;<\/li><li>\u2713 Anode \u00e9lectronique : moins de maintenance et dur\u00e9e de vie am\u00e9lior\u00e9e&nbsp;<\/li><\/ul>\n\n\n\n<p><strong>Plus \u00e9conomique et \u00e9cologique&nbsp;<\/strong><\/p>\n\n\n\n<p><strong>Une classification \u00e9nerg\u00e9tique A++ <\/strong>pour une faible consommation \u00e9lectrique.&nbsp;<\/p>\n\n\n\n<p><strong>Bien plus \u00e9conomique qu\u2019un ballon d\u2019eau chaude \u00e9lectrique classique, la technologie du Chauffe-eau thermodynamique MONOBLOC permet de consommer jusqu\u2019\u00e0 3 fois moins d\u2019\u00e9nergie qu\u2019un chauffe-eau \u00e9lectrique&nbsp;<\/strong><\/p>\n\n\n\n<ul><li>\u2713 Chauffe-eau thermodynamique monobloc constitu\u00e9 d\u2019un seul bloc : la pompe \u00e0 chaleur est int\u00e9gr\u00e9e dans le chauffe-eau&nbsp;<\/li><li>\u2713 Une pression statique am\u00e9lior\u00e9e.&nbsp;<\/li><li>\u2713 Int\u00e8gre une anode \u00e9lectronique : moins de maintenance et dur\u00e9e de vie am\u00e9lior\u00e9e.&nbsp;<\/li><li>\u2713 Des produits haute performance : COP &gt; 3&nbsp;<\/li><\/ul>\n\n\n\n<p><strong>Pour les professionnels &#8211; Une Manipulation simplifi\u00e9e <\/strong>:&nbsp;<\/p>\n\n\n\n<ul><li>\u2713 Gr\u00e2ce au faible poids&nbsp;<\/li><li>\u2713 Une Installation simplifi\u00e9e avec les accroches fournies&nbsp;<\/li><li>\u2713 Une connexion hydraulique et \u00e9lectrique par le dessous (mod\u00e8le mural).&nbsp;<\/li><\/ul>\n\n\n\n<p><strong>Une Alimentation facilit\u00e9e&nbsp;<\/strong><\/p>\n\n\n\n<ul><li>Alimentation possible avec des panneaux solaires&nbsp;<\/li><li>Un mode vacances pour r\u00e9duire la consommation \u00e9lectrique&nbsp;<\/li><li>Une programmation possible pour \u00eatre rallum\u00e9e \u00e0 J-1&nbsp;<\/li><li>Un fonctionnement &#8211; Heures pleines\/Heures creuses&nbsp;<\/li><li>Pour faciliter l\u2019utilisation &#8211; Diff\u00e9rents modes de fonctionnement (ECO \/ BOOST \/ AUTO).&nbsp;<\/li><\/ul>\n\n\n\n<p class=\"has-text-color\" style=\"color:#04297c\"><strong>INTERCLIMA 2024 \u2013 N<\/strong><strong>OUVEAUTE <\/strong><strong>SOLAIRES&nbsp;<\/strong><\/p>\n\n\n\n<p class=\"has-text-align-right has-text-color\" style=\"color:#04297c\"><strong>ARMOIRE AIRSOLAR PLUG &amp; PLAY&nbsp;<\/strong><\/p>\n\n\n\n<p class=\"has-text-align-right has-text-color\" style=\"color:#04297c\"><strong>SYSTEME DE STOCKAGE D\u2019ENERGIE &#8211; ARMOIRE &amp; BATTERIE&nbsp;<\/strong><\/p>\n\n\n\n<p class=\"has-text-align-right has-text-color\" style=\"color:#04297c\"><strong><em>OFFRE PRODUITS RESIDENTIELS<\/em><\/strong><\/p>\n\n\n\n<p><strong>L\u2019\u00e9nergie solaire repr\u00e9sente un enjeu majeur pour optimiser la consommation \u00e9nerg\u00e9tique. Pour favoriser cette \u00e9nergie, Airwell propose une large gamme Solaire permettant de couvrir l\u2019ensemble des besoins en \u00e9nergie de la maison via un \u00e9cosyst\u00e8me complet. Pour le stockage de cette \u00e9nergie, Airwell propose l\u2019armoire Airsolar \u00ab Plug &amp; Play \u00bb et la batterie Imeon Ondulateur Hybride.&nbsp;<\/strong><\/p>\n\n\n\n<div class=\"wp-block-media-text alignwide has-media-on-the-right is-stacked-on-mobile\" style=\"grid-template-columns:auto 35%\"><figure class=\"wp-block-media-text__media\"><img loading=\"lazy\" width=\"640\" height=\"464\" src=\"https:\/\/i2.wp.com\/batimedianews.com\/live\/wp-content\/uploads\/2024\/10\/image-205.png?resize=640%2C464\" alt=\"\" class=\"wp-image-40465 size-full\" srcset=\"https:\/\/i2.wp.com\/batimedianews.com\/live\/wp-content\/uploads\/2024\/10\/image-205.png?w=640 640w, https:\/\/i2.wp.com\/batimedianews.com\/live\/wp-content\/uploads\/2024\/10\/image-205.png?resize=768%2C556 768w, https:\/\/i2.wp.com\/batimedianews.com\/live\/wp-content\/uploads\/2024\/10\/image-205.png?resize=432%2C313 432w, https:\/\/i2.wp.com\/batimedianews.com\/live\/wp-content\/uploads\/2024\/10\/image-205.png?resize=396%2C287 396w\" sizes=\"(max-width: 600px) 91vw, (max-width: 900px) 600px, (max-width: 1060px) 50vw, (max-width: 1200px) 520px, (max-width: 1400px) 43vw, 600px\" data-recalc-dims=\"1\" \/><\/figure><div class=\"wp-block-media-text__content\">\n<p><strong>L\u2019armoire Airsolar \u00ab Plug &amp; Play Airwell <\/strong>est un syst\u00e8me de stockage d\u2019\u00e9nergie compos\u00e9 d\u2019un ondulateur hybride avec batteries regroup\u00e9s dans une seule et m\u00eame armoire \u00ab Plug and Play \u00bb \u2013 la protection de l\u2019ensemble est assur\u00e9e.&nbsp;<\/p>\n\n\n\n<p><strong>La Solution de stockage d\u2019\u00e9nergie&nbsp;<\/strong><\/p>\n\n\n\n<p>L\u2019armoire AirSolar \u201cPlug &amp; Play\u201d permet de convertir en \u00e9lectricit\u00e9 l\u2019\u00e9nergie produite par les panneaux solaires pour la consommer directement. L\u2019armoire va automatiquement stocker l\u2019exc\u00e9dent de production dans les batteries int\u00e9gr\u00e9es pour une utilisation la nuit ou en cas de coupure de courant.&nbsp;<\/p>\n<\/div><\/div>\n\n\n\n<div class=\"wp-block-media-text alignwide has-media-on-the-right is-stacked-on-mobile\" style=\"grid-template-columns:auto 35%\"><figure class=\"wp-block-media-text__media\"><img loading=\"lazy\" width=\"522\" height=\"816\" src=\"https:\/\/i2.wp.com\/batimedianews.com\/live\/wp-content\/uploads\/2024\/10\/image-206.png?resize=522%2C816\" alt=\"\" class=\"wp-image-40466 size-full\" srcset=\"https:\/\/i2.wp.com\/batimedianews.com\/live\/wp-content\/uploads\/2024\/10\/image-206.png?w=522 522w, https:\/\/i2.wp.com\/batimedianews.com\/live\/wp-content\/uploads\/2024\/10\/image-206.png?resize=768%2C1200 768w, https:\/\/i2.wp.com\/batimedianews.com\/live\/wp-content\/uploads\/2024\/10\/image-206.png?resize=432%2C675 432w, https:\/\/i2.wp.com\/batimedianews.com\/live\/wp-content\/uploads\/2024\/10\/image-206.png?resize=396%2C619 396w\" sizes=\"(max-width: 600px) 91vw, (max-width: 900px) 600px, (max-width: 1060px) 50vw, (max-width: 1200px) 520px, (max-width: 1400px) 43vw, 600px\" data-recalc-dims=\"1\" \/><\/figure><div class=\"wp-block-media-text__content\">\n<p>\u2713 Consommation directe&nbsp;<\/p>\n\n\n\n<p>\u2713 Stockage de l\u2019exc\u00e9dent&nbsp;<\/p>\n\n\n\n<p>\u2713 Utilisation du r\u00e9seau, et\/ou vente d\u2019un \u00e9ventuel surplus d\u2019\u00e9lectricit\u00e9&nbsp;<\/p>\n\n\n\n<p><strong>Batterie <\/strong>I MEON 3.6 et IMEON 9.12 &#8211; <strong>Smart-Grid \u2013 comment \u00e7a marche ?&nbsp;<\/strong><\/p>\n\n\n\n<p>Avec l\u2019intelligence de gestion et le couplage multi \u00e9nergies, IMEON 3.6 et IMEON 9.12 optimisent le rendement en choisissant le meilleur mode d\u2019utilisation&nbsp;<\/p>\n\n\n\n<p><strong>Les Plus Produit&nbsp;<\/strong><\/p>\n\n\n\n<p><strong>Les onduleurs IMEON s\u2019adaptent \u00e0 la configuration sans programmation sp\u00e9cifique et prennent le relai en cas de coupure de courant pour un confort optimis\u00e9.&nbsp;<\/strong><\/p>\n\n\n\n<p>La plateforme de monitoring IMEON ONLINE permet de suivre les performances de l\u2019installation solaire \u00e0 partir de tous supports num\u00e9riques pendant que IMEON OS.ONE, le syst\u00e8me d\u2019exploitation de l\u2019onduleur, utilisant l\u2019intelligence artificielle, g\u00e8re l\u2019\u00e9change d\u2019information entre l\u2019IMEON et divers p\u00e9riph\u00e9riques, en contr\u00f4lant intelligemment le flux d\u2019\u00e9nergie en fonction de vos besoins.&nbsp;<\/p>\n<\/div><\/div>\n\n\n\n<p>Pour les professionnels Airwell a con\u00e7u Un Guide SOLAIRE int\u00e9grant la gamme Produits Airwell et des Kits par th\u00e9matiques.&nbsp;<\/p>\n\n\n\n<p class=\"has-text-color\" style=\"color:#04297c\"><strong>INTERCLIMA 2024 \u2013 NOUVEAUTE \u2013 ESPACE TERTIAIRE&nbsp;<\/strong><\/p>\n\n\n\n<p class=\"has-text-align-right has-text-color\" style=\"color:#04297c\"><strong>GAMME DRV VVTA REVERSIBLE&nbsp;<\/strong><\/p>\n\n\n\n<p class=\"has-text-align-right has-text-color\" style=\"color:#04297c\"><strong>2 TUBES E CHAUFFAGE CONTINU<\/strong><\/p>\n\n\n\n<div class=\"wp-block-image\"><figure class=\"alignleft size-full is-resized\"><img loading=\"lazy\" src=\"https:\/\/i0.wp.com\/batimedianews.com\/live\/wp-content\/uploads\/2024\/10\/image-207.png?resize=137%2C44\" alt=\"\" class=\"wp-image-40467\" width=\"137\" height=\"44\" srcset=\"https:\/\/i0.wp.com\/batimedianews.com\/live\/wp-content\/uploads\/2024\/10\/image-207.png?w=280 280w, https:\/\/i0.wp.com\/batimedianews.com\/live\/wp-content\/uploads\/2024\/10\/image-207.png?resize=768%2C246 768w\" sizes=\"(max-width: 600px) 91vw, (max-width: 900px) 600px, (max-width: 1060px) 50vw, (max-width: 1200px) 520px, (max-width: 1400px) 43vw, 600px\" data-recalc-dims=\"1\" \/><\/figure><\/div>\n\n\n\n<p><strong>NEW \u2013 La gamme DRV VVTA int\u00e8gre le traitement BlackFin anti-corrosion le plus abouti sur le march\u00e9. Ce traitement ultra renforc\u00e9 contre l\u2019humidit\u00e9 et la salinit\u00e9 appliqu\u00e9 sur le condensateur, apporte une r\u00e9sistance jusqu\u2019\u00e0 3X sup\u00e9rieure \u00e0 l\u2019air salin que les traitements classiques. Cons\u00e9quence : une r\u00e9sistance accrue de la PAC et une dur\u00e9e de vie prolong\u00e9e.&nbsp;<\/strong><\/p>\n\n\n\n<p><strong>VVTA \u2013 la gamme DRV r\u00e9versible est dot\u00e9e de 2 tubes \u00e0 chauffage continu&nbsp;<\/strong><\/p>\n\n\n\n<p><strong>Le Plus Produit&nbsp;<\/strong><\/p>\n\n\n\n<p>\u2713 FlowLogic \u2013 Fluide R410A <\/p>\n\n\n\n<p>\u2713 Capacit\u00e9 de 25 \u00e0 73 kW en mono module&nbsp;<\/p>\n\n\n\n<p>\u2713 Possibilit\u00e9 de coupler jusqu\u2019\u00e0 4 unit\u00e9s ext\u00e9rieures par syst\u00e8me&nbsp;<\/p>\n\n\n\n<p>\u2713 SEER jusqu\u2019\u00e0 7,25 &#8211; SCOP jusqu\u2019\u00e0 4,61&nbsp;<\/p>\n\n\n\n<p>\u2713 Fonctionnement de \u2013 27\u00b0 C \u00e0 + 52\u00b0 C ext\u00e9rieur&nbsp;<\/p>\n\n\n\n<p>\u2713 Chauffage continu&nbsp;<\/p>\n\n\n\n<p>\u2713 Compresseur Scroll EVI \u00e0 r\u00e9injection de vapeur&nbsp;<\/p>\n\n\n\n<p>\u2713 Sortie Modbus int\u00e9gr\u00e9e&nbsp;<\/p>\n\n\n\n<p>\u2713 Rev\u00eatement de l\u2019\u00e9changeur Black Fin de s\u00e9rie&nbsp;<\/p>\n\n\n\n<p>\u2713 Unit\u00e9 ext\u00e9rieure DRV VVTA 400 2 tubes &#8211; 7VF150053&nbsp;<\/p>\n\n\n\n<p class=\"has-text-color\" style=\"color:#04297c\"><strong>INTERCLIMA 2024 \u2013 NOUVEAUTE \u2013 ESPACE TERTIAIRE&nbsp;<\/strong><\/p>\n\n\n\n<p class=\"has-text-align-right has-text-color\" style=\"color:#04297c\"><strong>GAMME GAINABLE DDMD&nbsp;<\/strong><\/p>\n\n\n\n<p><strong>New \u2013 Gainable DDMD en position verticale et horizontale&nbsp;<\/strong><\/p>\n\n\n\n<div class=\"wp-block-media-text alignwide has-media-on-the-right is-stacked-on-mobile\" style=\"grid-template-columns:auto 31%\"><figure class=\"wp-block-media-text__media\"><img loading=\"lazy\" width=\"720\" height=\"396\" src=\"https:\/\/i0.wp.com\/batimedianews.com\/live\/wp-content\/uploads\/2024\/10\/image-208.png?resize=720%2C396\" alt=\"\" class=\"wp-image-40468 size-full\" srcset=\"https:\/\/i0.wp.com\/batimedianews.com\/live\/wp-content\/uploads\/2024\/10\/image-208.png?w=770 770w, https:\/\/i0.wp.com\/batimedianews.com\/live\/wp-content\/uploads\/2024\/10\/image-208.png?resize=768%2C422 768w, https:\/\/i0.wp.com\/batimedianews.com\/live\/wp-content\/uploads\/2024\/10\/image-208.png?resize=432%2C238 432w, https:\/\/i0.wp.com\/batimedianews.com\/live\/wp-content\/uploads\/2024\/10\/image-208.png?resize=396%2C218 396w, https:\/\/i0.wp.com\/batimedianews.com\/live\/wp-content\/uploads\/2024\/10\/image-208.png?resize=660%2C363 660w\" sizes=\"(max-width: 600px) 91vw, (max-width: 900px) 600px, (max-width: 1060px) 50vw, (max-width: 1200px) 520px, (max-width: 1400px) 43vw, 600px\" data-recalc-dims=\"1\" \/><\/figure><div class=\"wp-block-media-text__content\">\n<p><strong>Les Plus Produit&nbsp;<\/strong><\/p>\n\n\n\n<ul><li>Compact et discret : format vertical ou horizontal&nbsp;<\/li><li>Contact on\/off inclus&nbsp;<\/li><li>Pompe \u00e0 condensats incluse&nbsp;<\/li><li>Traitement anti-corrosion Golden Fin sur les \u00e9changeurs&nbsp;<\/li><li>Large plage de fonctionnement de -15\u00b0 \u00e0 50\u00b0 en mode refroidissement de -15\u00b0 \u00e0 24\u00b0 en mode chauffage&nbsp;<\/li><li>Installation verticale et horizontale&nbsp;<\/li><\/ul>\n<\/div><\/div>\n\n\n\n<p><strong>Le Plus \u00ab D\u00e9veloppement durable \u00bb&nbsp;<\/strong><\/p>\n\n\n\n<ul><li>Classe \u00e9nerg\u00e9tique A++ en froid et A+ en chaud&nbsp;<\/li><li>Optipower pour r\u00e9duire la consommation de 25% ou 50%&nbsp;<\/li><\/ul>\n\n\n\n<p><strong>Le Plus \u00ab Installateur \u00bb&nbsp;<\/strong><\/p>\n\n\n\n<ul><li>Plus compact seulement 245 mm de hauteur. Parfait pour les petits faux plafonds&nbsp;<\/li><li>Pompe \u00e0 condensats int\u00e9gr\u00e9e \u00e0 partir de la taille 50 (1000 mm)&nbsp;<\/li><li>Possibilit\u00e9 d\u2019apport d\u2019air neuf&nbsp;<\/li><li>Possibilit\u00e9 d\u2019installation horizontale et verticale&nbsp;<\/li><li>Reprise d\u2019air modifiable&nbsp;<\/li><\/ul>\n\n\n\n<p><strong>LE \u00ab Utilisateur \u00bb&nbsp;<\/strong><\/p>\n\n\n\n<ul><li>Solution invisible et silencieuse&nbsp;<\/li><li>Nouveau thermostat avec WiFi int\u00e9gr\u00e9&nbsp;<\/li><li>Nouvelle T\u00e9l\u00e9commande filaire (inclus)&nbsp;<\/li><\/ul>\n\n\n\n<p><strong>LE \u00ab Technologie \u00bb&nbsp;<\/strong><\/p>\n\n\n\n<ul><li>Contact On\/Off&nbsp;<\/li><li>Sortie alarme&nbsp;<\/li><li>Pression statique et d\u00e9bit am\u00e9lior\u00e9e&nbsp;<\/li><li>D\u00e9tendeur \u00e9lectronique&nbsp;<\/li><li>Traitement Golden Fin&nbsp;<\/li><li>Fonction d\u00e9bit constant, l\u2019unit\u00e9 augmente automatiquement la pression statique pour garder un d\u00e9bit d\u2019air constant&nbsp;<\/li><\/ul>\n\n\n\n<p class=\"has-text-color\" style=\"color:#04297c\"><strong>INTERCLIMA 2024&nbsp;<\/strong><\/p>\n\n\n\n<p class=\"has-text-align-right has-text-color\" style=\"color:#04297c\"><strong>AIRWELL ACADEMY&nbsp;<\/strong><\/p>\n\n\n\n<p class=\"has-text-align-right has-text-color\" style=\"color:#04297c\"><strong>ORGANISME DE FORMATION&nbsp;<\/strong><\/p>\n\n\n\n<p class=\"has-text-color\" style=\"color:#04297c\"><strong>AIRWELL-ACADEMY.FR : LE SITE D\u2019INFORMATION DE L\u2019ORGANISME DE FORMATION POUR LES METIERS DU GENIE CLIMATIQUE ET DES ENERGIES RENOUVELABLES&nbsp;<\/strong><\/p>\n\n\n\n<p><strong>a<a href=\"http:\/\/irwell-academy.fr\">irwell-academy.fr<\/a> est le site internet de Airwell Academy, l\u2019organisme de formation sur-mesure d\u00e9di\u00e9 \u00e0 la fili\u00e8re du g\u00e9nie climatique et des \u00e9nergies renouvelables. Entreprises et candidats ont ainsi acc\u00e8s \u00e0 toutes les informations utiles aux formations m\u00e9tiers &#8211; certifiantes et qualifiantes sur-mesure. Certifi\u00e9e Qualiopi et Veritas pour sa formation FLUIDE FRIGORIFIQUE, l\u2019Academy propose \u00e9galement un accompagnement pour la recherche de financement.&nbsp;<\/strong><\/p>\n\n\n\n<p>Pour r\u00e9pondre \u00e0 la mutation de la fili\u00e8re du g\u00e9nie climatique, l\u2019organisme de formation Airwell Academy a cr\u00e9\u00e9 une offre sur-mesure structur\u00e9e autour de l\u2019ing\u00e9nierie p\u00e9dagogique avec un double objectif :&nbsp;<\/p>\n\n\n\n<ul><li>Permettre la mont\u00e9e en comp\u00e9tence des professionnels de la maintenance, installateurs et distributeurs dans l\u2019adaptation aux \u00e9volutions de la fili\u00e8re du g\u00e9nie climatique.&nbsp;<\/li><li>Proposer un levier de soutien \u00e0 l\u2019emploi par l\u2019insertion professionnelle et le parcours professionnalisant.&nbsp;<\/li><\/ul>\n\n\n\n<p>Airwell Academy s\u2019adresse aux entreprises et aux candidats. Con\u00e7ues pour couvrir l\u2019ensemble du cycle de la formation : de la d\u00e9finition du besoin, aux financements, \u00e0 la formation technique et conception de contenu p\u00e9dagogique, les formations Airwell Academy sont dispens\u00e9es en pr\u00e9sentiel. Le format e-learning est actuellement en d\u00e9veloppement. Airwell Academy s\u2019appuie sur une \u00e9quipe de 6 personnes dont 2 formateurs \u00ab mobiles \u00bb, experts en g\u00e9nie climatique.&nbsp;<\/p>\n\n\n\n<p><strong>La d\u00e9marche sur-mesure Airwell Academy \u2013 une conception du cycle de formation en deux \u00e9tapes :&nbsp;<\/strong><\/p>\n\n\n\n<ul><li>Un temps d\u2019audit pour d\u00e9finir le besoin et construire une formation adapt\u00e9e.&nbsp;<\/li><li>En pr\u00e9sentiel, la formation cibl\u00e9e s\u2019op\u00e8re via deux plateaux techniques situ\u00e9s \u00e0 Valence (26) et&nbsp;<\/li><\/ul>\n\n\n\n<p><strong>Deux types de formations <\/strong>&#8211; En fonction des profils :&nbsp;<\/p>\n\n\n\n<ul><li><strong>Des Formations certifiantes <\/strong>\u2013 Ces parcours permettent au stagiaire d\u2019approfondir ses connaissances techniques et th\u00e9oriques et de valider ses comp\u00e9tences par des certifications reconnues. D\u00e9livr\u00e9es par des formateurs experts, les formations certifiantes Airwell Academy sont accessibles aux dispositifs de financement de la formation professionnelle tels que OPCO, CPF, France travail, Transition pro, \u2026 Depuis juin 2024, Airwell Academy est certifi\u00e9e pour la formation habilitation \u00e0 la manipulation des fluides frigorig\u00e8nes sur ses deux sites.&nbsp;<\/li><li><strong>Des Formations qualifiantes <\/strong>\u2013 Ces modules ont pour objectif de d\u00e9velopper des connaissances pour une mont\u00e9e en comp\u00e9tences \u00e0 partir de formations th\u00e9oriques et pratiques d\u00e9livr\u00e9es par des formateurs exp\u00e9riment\u00e9s et certifi\u00e9s.&nbsp;<\/li><\/ul>\n\n\n\n<div class=\"wp-block-image\"><figure class=\"alignright size-full is-resized\"><img loading=\"lazy\" src=\"https:\/\/i1.wp.com\/batimedianews.com\/live\/wp-content\/uploads\/2024\/10\/image-209.png?resize=261%2C45\" alt=\"\" class=\"wp-image-40469\" width=\"261\" height=\"45\" srcset=\"https:\/\/i1.wp.com\/batimedianews.com\/live\/wp-content\/uploads\/2024\/10\/image-209.png?w=596 596w, https:\/\/i1.wp.com\/batimedianews.com\/live\/wp-content\/uploads\/2024\/10\/image-209.png?resize=768%2C131 768w, https:\/\/i1.wp.com\/batimedianews.com\/live\/wp-content\/uploads\/2024\/10\/image-209.png?resize=432%2C74 432w, https:\/\/i1.wp.com\/batimedianews.com\/live\/wp-content\/uploads\/2024\/10\/image-209.png?resize=396%2C68 396w\" sizes=\"(max-width: 600px) 91vw, (max-width: 900px) 600px, (max-width: 1060px) 50vw, (max-width: 1200px) 520px, (max-width: 1400px) 43vw, 600px\" data-recalc-dims=\"1\" \/><\/figure><\/div>\n\n\n\n<p><strong>PARTENAIRES FINANCEURS&nbsp;<\/strong><\/p>\n\n\n\n<p><strong>A propos Airwell Academy :&nbsp;<\/strong><\/p>\n\n\n\n<p>Adoss\u00e9e au groupe Airwell, Airwell Academy, cr\u00e9\u00e9e en 2019, a pour objectif d\u2019accompagner les professionnels de la maintenance, installateurs et distributeurs dans l\u2019adaptation aux \u00e9volutions de la fili\u00e8re du g\u00e9nie climatique notamment en mati\u00e8re de services et \u00e9quipements thermiques en faveur de la transition \u00e9nerg\u00e9tique et au soutien \u00e0 l\u2019emploi. Airwell Academy est port\u00e9e par une \u00e9quipe de professionnels \u2013 chacun expert dans son domaine. Dipl\u00f4mes d\u2019Etat Certifi\u00e9.&nbsp;<\/p>\n\n\n\n<p><strong>A propos du Groupe Airwell : <\/strong>Cr\u00e9\u00e9e en 1947 en France, Groupe Airwell est un fabricant fran\u00e7ais de pompes \u00e0 chaleur et cr\u00e9ateur d\u2019\u00e9cosyst\u00e8mes \u00e9nerg\u00e9tiques. Acteur incontournable des solutions climatiques et thermiques bas\u00e9es sur les besoins et usages, Groupe Airwell, pr\u00e9sent dans 80 pays, ambitionne de devenir un des leaders en Europe. Positionn\u00e9 sur le march\u00e9 porteur de la transition \u00e9nerg\u00e9tique, la soci\u00e9t\u00e9 oeuvre dans l\u2019objectif d\u2019optimiser la consommation \u00e9nerg\u00e9tique de ses offres, pr\u00e9server les ressources naturelles en exploitant notamment l\u2019\u00e9nergie solaire, afin de fortement limiter l&#8217;empreinte environnementale de ses clients. Bas\u00e9 \u00e0 Montigny-le-Bretonneux (78), le Groupe Airwell compte plus de 100 collaborateurs. En mars 2023, le Groupe Airwell devient membre de la Communaut\u00e9 du Coq Vert port\u00e9e par Bpi France et l\u2019ADEME.&nbsp;<\/p>\n","protected":false},"excerpt":{"rendered":"<p>&nbsp;INTERCLIMA 2024 &#8211; NOUVEAUTES SOLUTIONS, PRODUITS ET SERVICES&nbsp; Espace Innovation Hall 3 &#8211; Stand B034&nbsp; A l\u2019occasion du salon Interclima \u00e9dition 2024, Airwell, Fabricant fran\u00e7ais engag\u00e9 pour la transition \u00e9nerg\u00e9tique pr\u00e9sente son \u00e9cosyst\u00e8me de services connect\u00e9s pour faciliter le quotidien des professionnels, ses nouveaut\u00e9s \u00ab produits \u00bb et solutions globales destin\u00e9es aux univers r\u00e9sidentiels et [&hellip;]<\/p>\n","protected":false},"author":41,"featured_media":40470,"comment_status":"open","ping_status":"open","sticky":false,"template":"","format":"standard","meta":{"spay_email":""},"categories":[4,77,143,84,99],"tags":[],"jetpack_featured_media_url":"https:\/\/i0.wp.com\/batimedianews.com\/live\/wp-content\/uploads\/2024\/10\/Airwell-articles-.jpg?fit=1513%2C825","jetpack_sharing_enabled":true,"jetpack_likes_enabled":true,"jetpack-related-posts":[{"id":3176,"url":"http:\/\/batimedianews.com\/live\/index.php\/2019\/10\/14\/airwell-presentera-ses-solutions-connectees-ses-services-associes-et-sa-gamme-residentielle-et-tertiaire-au-salon-interclima-elec\/","url_meta":{"origin":40457,"position":0},"title":"Airwell pr\u00e9sentera ses solutions connect\u00e9es, ses services associ\u00e9s et sa gamme r\u00e9sidentielle et tertiaire au salon INTERCLIMA + ELEC","date":"14 octobre 2019","format":false,"excerpt":"Airwell, fabricant r\u00e9f\u00e9rent de solutions de climatisation et de chauffage de haute qualit\u00e9, annonce sa pr\u00e9sence au salon INTERCLIMA+ELEC, du 5 au 8 novembre. Rendez-vous incontournable des professionnels du secteur, le salon rassemblera de nombreux d\u00e9cideurs et installateurs de la fili\u00e8re en mati\u00e8re de confort et d\u2019efficacit\u00e9 \u00e9nerg\u00e9tique pour l\u2019habitat\u2026","rel":"","context":"Dans &quot;Actualit\u00e9 Entreprises&quot;","img":{"alt_text":"","src":"https:\/\/i2.wp.com\/batimedianews.com\/live\/wp-content\/uploads\/2019\/10\/airwell5-1.jpg?fit=1130%2C679&resize=350%2C200","width":350,"height":200},"classes":[]},{"id":21783,"url":"http:\/\/batimedianews.com\/live\/index.php\/2022\/07\/11\/interclima-mondial-du-batiment-airwell-laureat-de-bronze-des-awards-de-linnovation-pour-la-solution-ma-maison-hybride\/","url_meta":{"origin":40457,"position":1},"title":"Interclima mondial du b\u00e2timent AIRWELL laur\u00e9at de bronze des awards de l&rsquo;innovation pour la solution ma maison  HYBRIDE","date":"11 juillet 2022","format":false,"excerpt":"\u00a0Lundi 4 juillet, pour la solution Ma Maison Hybride, Airwell acteur majeur cr\u00e9ateur fran\u00e7ais de solutions climatiques et thermiques est Laur\u00e9at de Bronze dans la cat\u00e9gorie Construction Tech\u00ae - Start-Up et Nouvelles Technologies. Ma Maison Hybride con\u00e7ue par Airwell est une solution globale de services qui permet \u00e0 l\u2019utilisateur de\u2026","rel":"","context":"Dans &quot;Actualit\u00e9 Entreprises&quot;","img":{"alt_text":"","src":"https:\/\/i1.wp.com\/batimedianews.com\/live\/wp-content\/uploads\/2022\/07\/Airwell-Article-1.jpg?fit=1080%2C1080&resize=350%2C200","width":350,"height":200},"classes":[]},{"id":39551,"url":"http:\/\/batimedianews.com\/live\/index.php\/2024\/09\/11\/interclima-2024-met-laccent-sur-le-tertiaire\/","url_meta":{"origin":40457,"position":2},"title":"INTERCLIMA 2024 met l\u2019accent sur le tertiaire","date":"11 septembre 2024","format":false,"excerpt":"INTERCLIMA 2024 organis\u00e9 par RX et Uniclima et qui se tiendra du 30 septembre au 3 octobre \u00e0 Paris-Porte de Versailles est un rendez-vous attendu pour tous les acteurs du g\u00e9nie climatique. Au travers de conf\u00e9rences et d\u2019ateliers, les visiteurs pourront d\u00e9couvrir les derni\u00e8res technologies en mati\u00e8re d\u2019efficacit\u00e9 \u00e9nerg\u00e9tique et\u2026","rel":"","context":"Dans &quot;Actualit\u00e9s salons&quot;","img":{"alt_text":"","src":"https:\/\/i0.wp.com\/batimedianews.com\/live\/wp-content\/uploads\/2024\/09\/Interclima.jpg?fit=825%2C825&resize=350%2C200","width":350,"height":200},"classes":[]},{"id":29929,"url":"http:\/\/batimedianews.com\/live\/index.php\/2023\/07\/04\/le-groupe-airwell-leve-6-millions-deuros-et-cree-airwell-industrie-en-integrant-le-site-de-production-amzair-concepteur-breton-de-pompes-a-chaleur-pour-le-residentiel-et-le-petit-tertiaire\/","url_meta":{"origin":40457,"position":3},"title":"Le groupe AIRWELL l\u00e8ve 6 millions d&rsquo;euros et cr\u00e9\u00e9 AIRWELL INDUSTRIE  en int\u00e9grant le site de production AMZAIR, concepteur breton de pompes \u00e0 chaleur pour le r\u00e9sidentiel et le petit tertiaire","date":"4 juillet 2023","format":false,"excerpt":"\u00a0Acteur majeur de l\u2019univers des pompes \u00e0 chaleur, du chauffage et de la gestion des \u00e9nergies depuis plus de 75 ans, le Groupe Airwell l\u00e8ve 6 millions d\u2019euros. Des fonds et des investisseurs des pays Scandinaves notamment, participent \u00e0 ce tour de financement. Dans le m\u00eame temps, le Groupe Airwell\u2026","rel":"","context":"Dans &quot;Pompe \u00e0 chaleur&quot;","img":{"alt_text":"","src":"https:\/\/i1.wp.com\/batimedianews.com\/live\/wp-content\/uploads\/2023\/07\/Airwell-article.jpg?fit=1080%2C1080&resize=350%2C200","width":350,"height":200},"classes":[]},{"id":27221,"url":"http:\/\/batimedianews.com\/live\/index.php\/2023\/03\/24\/le-groupe-airwell-inaugure-son-2nd-centre-de-formation-airwell-academy\/","url_meta":{"origin":40457,"position":4},"title":"Le groupe  AIRWELL inaugure son 2ND centre de formation  AIRWELL ACADEMY","date":"24 mars 2023","format":false,"excerpt":"Fournisseur et cr\u00e9ateur fran\u00e7ais de solutions climatiques et thermiques, expert en climatisation et chauffage depuis plus de 75 ans, Airwell lance son second centre de formation Airwell Academy \u00e0 Montigny Le Bretonneux (78), St Quentin en Yvelines, si\u00e8ge du groupe. Deux nouveaux modules de formation d\u00e9di\u00e9s \u00e0 l\u2019insertion ont \u00e9t\u00e9\u2026","rel":"","context":"Dans &quot;Actualit\u00e9 Entreprises&quot;","img":{"alt_text":"","src":"https:\/\/i0.wp.com\/batimedianews.com\/live\/wp-content\/uploads\/2023\/03\/Airwell-Article.jpg?fit=1080%2C1080&resize=350%2C200","width":350,"height":200},"classes":[]},{"id":3292,"url":"http:\/\/batimedianews.com\/live\/index.php\/2019\/10\/28\/bwt-present-au-salon-interclima-2019\/","url_meta":{"origin":40457,"position":5},"title":"BWT PRESENT AU SALON INTERCLIMA 2019","date":"28 octobre 2019","format":false,"excerpt":"BWT France, filiale du groupe Best Water Technology, leader europ\u00e9en du traitement de l\u2019eau participe au salon Interclima 2019, le salon du confort et de l\u2019efficacit\u00e9 \u00e9nerg\u00e9tique. BWT France, un expert au service des professionnels du b\u00e2timent est heureux de pr\u00e9senter ses nouveaut\u00e9s et sa nouvelle identit\u00e9 de marque \u00e0\u2026","rel":"","context":"Dans &quot;Actualit\u00e9 Entreprises&quot;","img":{"alt_text":"","src":"https:\/\/i1.wp.com\/batimedianews.com\/live\/wp-content\/uploads\/2019\/10\/bwt5.jpg?fit=834%2C662&resize=350%2C200","width":350,"height":200},"classes":[]}],"_links":{"self":[{"href":"http:\/\/batimedianews.com\/live\/index.php\/wp-json\/wp\/v2\/posts\/40457"}],"collection":[{"href":"http:\/\/batimedianews.com\/live\/index.php\/wp-json\/wp\/v2\/posts"}],"about":[{"href":"http:\/\/batimedianews.com\/live\/index.php\/wp-json\/wp\/v2\/types\/post"}],"author":[{"embeddable":true,"href":"http:\/\/batimedianews.com\/live\/index.php\/wp-json\/wp\/v2\/users\/41"}],"replies":[{"embeddable":true,"href":"http:\/\/batimedianews.com\/live\/index.php\/wp-json\/wp\/v2\/comments?post=40457"}],"version-history":[{"count":2,"href":"http:\/\/batimedianews.com\/live\/index.php\/wp-json\/wp\/v2\/posts\/40457\/revisions"}],"predecessor-version":[{"id":40797,"href":"http:\/\/batimedianews.com\/live\/index.php\/wp-json\/wp\/v2\/posts\/40457\/revisions\/40797"}],"wp:featuredmedia":[{"embeddable":true,"href":"http:\/\/batimedianews.com\/live\/index.php\/wp-json\/wp\/v2\/media\/40470"}],"wp:attachment":[{"href":"http:\/\/batimedianews.com\/live\/index.php\/wp-json\/wp\/v2\/media?parent=40457"}],"wp:term":[{"taxonomy":"category","embeddable":true,"href":"http:\/\/batimedianews.com\/live\/index.php\/wp-json\/wp\/v2\/categories?post=40457"},{"taxonomy":"post_tag","embeddable":true,"href":"http:\/\/batimedianews.com\/live\/index.php\/wp-json\/wp\/v2\/tags?post=40457"}],"curies":[{"name":"wp","href":"https:\/\/api.w.org\/{rel}","templated":true}]}}