{"id":40472,"date":"2024-10-16T12:02:36","date_gmt":"2024-10-16T10:02:36","guid":{"rendered":"http:\/\/batimedianews.com\/live\/?p=40472"},"modified":"2025-04-08T20:10:36","modified_gmt":"2025-04-08T18:10:36","slug":"daikin-presente-sur-chillventa-ses-solutions-completes-destinees-a-la-chaine-du-froid","status":"publish","type":"post","link":"http:\/\/batimedianews.com\/live\/index.php\/2024\/10\/16\/daikin-presente-sur-chillventa-ses-solutions-completes-destinees-a-la-chaine-du-froid\/","title":{"rendered":"Daikin pr\u00e9sente sur Chillventa ses solutions compl\u00e8tes destin\u00e9es \u00e0 la cha\u00eene du froid"},"content":{"rendered":"\n<figure class=\"wp-block-image size-full\"><img loading=\"lazy\" width=\"720\" height=\"411\" src=\"https:\/\/i2.wp.com\/batimedianews.com\/live\/wp-content\/uploads\/2024\/10\/image-210.png?resize=720%2C411\" alt=\"\" class=\"wp-image-40473\" srcset=\"https:\/\/i2.wp.com\/batimedianews.com\/live\/wp-content\/uploads\/2024\/10\/image-210.png?w=1812 1812w, https:\/\/i2.wp.com\/batimedianews.com\/live\/wp-content\/uploads\/2024\/10\/image-210.png?resize=768%2C438 768w, https:\/\/i2.wp.com\/batimedianews.com\/live\/wp-content\/uploads\/2024\/10\/image-210.png?resize=432%2C247 432w, https:\/\/i2.wp.com\/batimedianews.com\/live\/wp-content\/uploads\/2024\/10\/image-210.png?resize=396%2C226 396w, https:\/\/i2.wp.com\/batimedianews.com\/live\/wp-content\/uploads\/2024\/10\/image-210.png?resize=1120%2C639 1120w, https:\/\/i2.wp.com\/batimedianews.com\/live\/wp-content\/uploads\/2024\/10\/image-210.png?resize=660%2C377 660w, https:\/\/i2.wp.com\/batimedianews.com\/live\/wp-content\/uploads\/2024\/10\/image-210.png?w=1440 1440w\" sizes=\"(max-width: 600px) 91vw, (max-width: 900px) 600px, (max-width: 1060px) 50vw, (max-width: 1200px) 520px, (max-width: 1400px) 43vw, 600px\" data-recalc-dims=\"1\" \/><\/figure>\n\n\n\n<div class=\"wp-block-image\"><figure class=\"alignleft size-full is-resized\"><img loading=\"lazy\" src=\"https:\/\/i0.wp.com\/batimedianews.com\/live\/wp-content\/uploads\/2024\/10\/image-211.png?resize=108%2C88\" alt=\"\" class=\"wp-image-40474\" width=\"108\" height=\"88\" srcset=\"https:\/\/i0.wp.com\/batimedianews.com\/live\/wp-content\/uploads\/2024\/10\/image-211.png?w=208 208w, https:\/\/i0.wp.com\/batimedianews.com\/live\/wp-content\/uploads\/2024\/10\/image-211.png?resize=768%2C627 768w\" sizes=\"(max-width: 600px) 91vw, (max-width: 900px) 600px, (max-width: 1060px) 50vw, (max-width: 1200px) 520px, (max-width: 1400px) 43vw, 600px\" data-recalc-dims=\"1\" \/><\/figure><\/div>\n\n\n\n<p>&nbsp;Daikin Europe, leader mondial des solutions de g\u00e9nie climatique sera pr\u00e9sent avec de nombreuses exclusivit\u00e9s sur Chillventa 2024, le premier salon international de la r\u00e9frig\u00e9ration et de la cha\u00eene du froid. Cette ann\u00e9e, Daikin pr\u00e9sentera non seulement une offre compl\u00e8te de solutions pour la cha\u00eene du froid, mais mettra \u00e9galement en lumi\u00e8re sa vision strat\u00e9gique concernant l&rsquo;avenir des r\u00e9frig\u00e9rants. Avec une gamme solide comprenant des produits de ses marques renomm\u00e9es (Zanotti, Tewis, Hubbard et AHT), Daikin continue de consolider sa position de fournisseur unique pour r\u00e9pondre \u00e0 tous les besoins en mati\u00e8re de cha\u00eene du froid, sous le th\u00e8me \u00ab <em>Unis au-del\u00e0 du froid <\/em>\u00bb.&nbsp;<\/p>\n\n\n\n<p>Sur le salon Chillventa 2024, Daikin va d\u00e9voiler plusieurs technologies de pointe en mati\u00e8re de ma\u00eetrise de la cha\u00eene du froid, con\u00e7ues pour s\u2019adapter \u00e0 toutes les applications existantes sur le march\u00e9, et en phase avec les objectifs de d\u00e9carbonation et d\u2019efficacit\u00e9 \u00e9nerg\u00e9tique recherch\u00e9s.&nbsp;<\/p>\n\n\n\n<div class=\"wp-block-columns\">\n<div class=\"wp-block-column\">\n<p>Au regard des exigences sur secteur HORECA, la priorit\u00e9 est d\u2019inscrire les \u00e9quipements de genie climatique dans les objectifs de la derni\u00e8re revision de la r\u00e8glementation F-Gas regulation, qui tendent vers une acc\u00e9leration de la transition du march\u00e9 vers des r\u00e9frig\u00e9rants naturels.&nbsp;<\/p>\n\n\n\n<figure class=\"wp-block-image size-full\"><img loading=\"lazy\" width=\"720\" height=\"424\" src=\"https:\/\/i1.wp.com\/batimedianews.com\/live\/wp-content\/uploads\/2024\/10\/image-212.png?resize=720%2C424\" alt=\"\" class=\"wp-image-40475\" srcset=\"https:\/\/i1.wp.com\/batimedianews.com\/live\/wp-content\/uploads\/2024\/10\/image-212.png?w=748 748w, https:\/\/i1.wp.com\/batimedianews.com\/live\/wp-content\/uploads\/2024\/10\/image-212.png?resize=768%2C451 768w, https:\/\/i1.wp.com\/batimedianews.com\/live\/wp-content\/uploads\/2024\/10\/image-212.png?resize=432%2C254 432w, https:\/\/i1.wp.com\/batimedianews.com\/live\/wp-content\/uploads\/2024\/10\/image-212.png?resize=396%2C233 396w, https:\/\/i1.wp.com\/batimedianews.com\/live\/wp-content\/uploads\/2024\/10\/image-212.png?resize=660%2C388 660w\" sizes=\"(max-width: 600px) 91vw, (max-width: 900px) 600px, (max-width: 1060px) 50vw, (max-width: 1200px) 520px, (max-width: 1400px) 43vw, 600px\" data-recalc-dims=\"1\" \/><\/figure>\n\n\n\n<p>Dans cette perspective, Daikin pr\u00e9sentera sa gamme Monoblock fonctionnant au R-290 (propane), int\u00e9grant une nouvelle unit\u00e9 de type plafonnier dot\u00e9e de la technologie Inverter. Elle est capable d\u2019atteindre plus de 40 % d\u2019efficacit\u00e9 \u00e9nerg\u00e9tique suppl\u00e9mentaire par rapport \u00e0 un mod\u00e8le ON\/OFF classique. De plus, nous exposerons notre nouveau mod\u00e8le PS au R-290, dans la gamme de mural Monoblock de Zanotti.&nbsp;<\/p>\n\n\n\n<p>Pour r\u00e9pondre aux besoins des professionnels de la distribution alimentaire, AHT \u2013 entit\u00e9 du groupe Daikin sp\u00e9cialis\u00e9e dans les solutions de r\u00e9frig\u00e9ration \u2013 lancera prochainement une vitrine de r\u00e9frig\u00e9ration et de cong\u00e9lation r\u00e9volutionnaire utilisant le r\u00e9frig\u00e9rant dit naturel, le R-290. Cette solution \u00e9tablit une nouvelle norme dans le cadre de l\u2019offre d\u2019unit\u00e9s de type \u00ab plug-in \u00bb, et sera pr\u00e9sent\u00e9e au public pour la premi\u00e8re fois.&nbsp;<\/p>\n\n\n\n<p>Daikin exposera \u00e9galement son offre compl\u00e8te de solutions adapt\u00e9es aux applications CO2 \u00e0 <strong>distance et semi plug\u2011in, <\/strong>en associant les syst\u00e8mes de nos diff\u00e9rentes marques comme AHT, Daikin, Hubbard, Tewis et Zanotti : Station de pompage AHT SPI et sa gamme de vitrines r\u00e9frig\u00e9r\u00e9es, la nouvelle unit\u00e9 Nova58+ de Tewis, le nouveau groupe en cascade au CO2 Hubbard, et le groupe de r\u00e9frig\u00e9ration Daikin Conveni Pack au CO2.&nbsp;<\/p>\n<\/div>\n\n\n\n<div class=\"wp-block-column\">\n<p>Enfin, nous concentrerons notre attention sur les applications grandissantes de la r\u00e9frig\u00e9ration semi-industrielle et industrielle, telles que les centres de transformation des aliments et de logistique.&nbsp;<\/p>\n\n\n\n<p>Tewis pr\u00e9sentera son syst\u00e8me Mini Smart Duplex \u00e9quip\u00e9 de la nouvelle technologie Eco2Smart +, offrant la meilleure efficacit\u00e9 \u00e9nerg\u00e9tique du march\u00e9. Zanotti exposera son prototype d\u2019unit\u00e9 saisonni\u00e8re fonctionnant avec un fluide \u00e0 faible PRP. Et enfin, le stand Daikin accueillera le Monoblock industriel de Hubbard, \u00e9galement \u00e9quip\u00e9 d\u2019un fluide \u00e0 faible PRP.&nbsp;<\/p>\n\n\n\n<p>Tout au long du salon Chillventa, Daikin et ses marques \u00ab cha\u00eenes du froid \u00bb tiendront des s\u00e9ries de mini conf\u00e9rences sur le stand de Daikin Europe, en fournissant un maximum d\u2019informations sur ses produits et services les plus r\u00e9cents.&nbsp;<\/p>\n\n\n\n<p>Au cours de ce salon, de nouvelles technologies seront officiellement lanc\u00e9es et nos experts apporteront une kyrielle d\u2019informations techniques s\u2019y aff\u00e9rentes \u00e0 tous les visiteurs rencontr\u00e9s.&nbsp;<\/p>\n\n\n\n<p>Les participants auront \u00e9galement l&rsquo;occasion d\u2019explorer en quoi les innovations de Daikin et de ses autres marques s\u2019adaptent \u00e0 leurs besoins sp\u00e9cifiques (AHT, Hubbard, Tewis\u2026).&nbsp;<\/p>\n\n\n\n<figure class=\"wp-block-image size-full\"><img loading=\"lazy\" width=\"720\" height=\"774\" src=\"https:\/\/i1.wp.com\/batimedianews.com\/live\/wp-content\/uploads\/2024\/10\/image-213.png?resize=720%2C774\" alt=\"\" class=\"wp-image-40476\" srcset=\"https:\/\/i1.wp.com\/batimedianews.com\/live\/wp-content\/uploads\/2024\/10\/image-213.png?w=744 744w, https:\/\/i1.wp.com\/batimedianews.com\/live\/wp-content\/uploads\/2024\/10\/image-213.png?resize=768%2C825 768w, https:\/\/i1.wp.com\/batimedianews.com\/live\/wp-content\/uploads\/2024\/10\/image-213.png?resize=10%2C10 10w, https:\/\/i1.wp.com\/batimedianews.com\/live\/wp-content\/uploads\/2024\/10\/image-213.png?resize=432%2C465 432w, https:\/\/i1.wp.com\/batimedianews.com\/live\/wp-content\/uploads\/2024\/10\/image-213.png?resize=396%2C426 396w, https:\/\/i1.wp.com\/batimedianews.com\/live\/wp-content\/uploads\/2024\/10\/image-213.png?resize=660%2C710 660w\" sizes=\"(max-width: 600px) 91vw, (max-width: 900px) 600px, (max-width: 1060px) 50vw, (max-width: 1200px) 520px, (max-width: 1400px) 43vw, 600px\" data-recalc-dims=\"1\" \/><\/figure>\n<\/div>\n<\/div>\n\n\n\n<p class=\"has-text-color\" style=\"color:#03acf4;font-size:27px\">Pr\u00e9sentation de la strat\u00e9gie de Daikin en mati\u00e8re de r\u00e9frig\u00e9rants&nbsp;<\/p>\n\n\n\n<p>Daikin animera une conference sur le \u201cSpecialist Forum\u201d afin d\u2019exposer sa propre vision sur les moyens d\u2019actions \u00e0 mettre en oeuvre pour relever le d\u00e9fis de la transition vers des r\u00e9frig\u00e9rants plus naturels, plus abordables et plus surs sur le march\u00e9 du g\u00e9nie climatique.&nbsp;<\/p>\n\n\n\n<p>La conf\u00e9rence est organis\u00e9e le 8 octobre \u00e0 11h00 dans le Hall 8 \/ espace 8-516 et sur le stand Daikin le 8 octobre \u00e0 16h00 au sein du Hall 7 \/stand 7-150.&nbsp;<\/p>\n\n\n\n<p class=\"has-text-color\" style=\"color:#02adf6;font-size:26px\">\u201cUnis au-del\u00e0 du Froid\u201d : Une vision pour le futur&nbsp;<\/p>\n\n\n\n<p>En concevant le th\u00e8me g\u00e9n\u00e9ral \u00ab <em>Unis au-del\u00e0 du froid <\/em>\u00bb, Olivier Lagrabette, responsable du d\u00e9partement Cold Chain chez Daikin Europe, explique : \u00ab <em>Sur Chillventa 2024, nous ne nous contentons pas de pr\u00e9senter des produits ; nous soulignons la force de notre approche holistique. \u00ab United Beyond Cold \u00bb qui incarne la collaboration des soci\u00e9t\u00e9s Daikin \u2013 AHT, Zanotti, Tewis et Hubbard \u2013 pour fournir des solutions compl\u00e8tes d\u00e9di\u00e9es \u00e0 la cha\u00eene du froid, coupl\u00e9e \u00e0 une politique de services ambitieuse <\/em>\u00bb.&nbsp;<\/p>\n\n\n\n<p>Cette approche unifi\u00e9e garantit non seulement que nous r\u00e9pondons aux divers besoins de nos clients avec des produits innovants, mais \u00e9galement que nous fournissons une assistance et un service in\u00e9gal\u00e9s, au service de l&rsquo;excellence dans l&rsquo;ensemble de l&rsquo;industrie de la cha\u00eene du froid.&nbsp;<\/p>\n\n\n\n<div class=\"wp-block-group has-sm-light-primary-color has-text-color has-background\" style=\"background-color:#03aff9\"><div class=\"wp-block-group__inner-container\">\n<p><strong>Rejoignez Daikin sur le salon Chillventa&nbsp;<\/strong><\/p>\n\n\n\n<p>Daikin invite les visiteurs \u00e0 explorer ses diff\u00e9rentes offres de produits et de services sur son stand <strong>Hall 7 \/ Num\u00e9ro 150<\/strong>, du 8 au 10 octobre prochains, afin de d\u00e9couvrir le futur du march\u00e9 du g\u00e9nie climatique et des r\u00e9frig\u00e9rants.&nbsp;<\/p>\n<\/div><\/div>\n\n\n\n<div class=\"wp-block-group has-background\" style=\"background-color:#e4e6e7\"><div class=\"wp-block-group__inner-container\">\n<p><strong>A PROPOS DE DAIKIN EUROPE N.V.&nbsp;<\/strong><\/p>\n\n\n\n<p class=\"has-small-font-size\">Daikin Europe est un acteur majeur sur le march\u00e9 du g\u00e9nie climatique (chauffage, rafra\u00eechissement, ventilation, purification de l&rsquo;air et r\u00e9frig\u00e9ration) en Europe, au Moyen-Orient et en Afrique.&nbsp;<\/p>\n\n\n\n<p class=\"has-small-font-size\">Daikin con\u00e7oit, fabrique et propose \u00e0 ses clients une large gamme de produits, de services de maintenance ainsi que des solutions cl\u00e9s en main \u00e0 usage r\u00e9sidentiel, commercial et industriel.&nbsp;<\/p>\n\n\n\n<p class=\"has-small-font-size\">\u00c0 ce jour, Daikin Europe compte plus de 13 800 collaborateurs r\u00e9partis dans plus de 59 entit\u00e9s. Le groupe dispose de 14 sites de production en Belgique, en R\u00e9publique tch\u00e8que, en Allemagne, en Italie, en Espagne, en Autriche, au Royaume-Uni, en Turquie, aux \u00c9mirats arabes unis et au Royaume d&rsquo;Arabie saoudite.&nbsp;<\/p>\n\n\n\n<p class=\"has-small-font-size\">Bas\u00e9 \u00e0 Ostende (Belgique) depuis plus de 50 ans, le groupe Daikin Europe est une filiale du groupe mondial Daikin Industries.&nbsp;<\/p>\n<\/div><\/div>\n\n\n\n<div class=\"wp-block-group\"><div class=\"wp-block-group__inner-container\">\n<div class=\"wp-block-group has-background\" style=\"background-color:#e2e4e5\"><div class=\"wp-block-group__inner-container\">\n<p><strong>A PROPOS DE DAIKIN INDUSTRIES LTD.&nbsp;<\/strong><\/p>\n\n\n\n<p class=\"has-small-font-size\">Daikin Industries (DIL) est un acteur majeur sur le march\u00e9 mondial des pompes \u00e0 chaleur, du rafra\u00eechissement et de la filtration de l&rsquo;air, avec plus de 98 000 employ\u00e9s.&nbsp;<\/p>\n\n\n\n<p class=\"has-small-font-size\">Fond\u00e9e \u00e0 Osaka en 1924, le groupe est le seul fabricant au monde \u00e0 d\u00e9velopper et \u00e0 fabriquer en interne des \u00e9quipements de chauffage, de ventilation, de rafra\u00eechissement et de r\u00e9frig\u00e9ration, ainsi que des compresseurs et des r\u00e9frig\u00e9rants. Daikin figure parmi les 100 entreprises les plus innovantes au monde, nomm\u00e9e par Clarivate (Royaume-Uni) et LexisNexis (\u00c9tats-Unis), reconnaissant son leadership en mati\u00e8re de recherche technologique et de volume de brevets d\u00e9pos\u00e9s.&nbsp;<\/p>\n\n\n\n<p class=\"has-small-font-size\">Pour son exercice 2023, Daikin a annonc\u00e9 un r\u00e9sultat de vente record de 28 milliards d&rsquo;euros (du 1<sup>er <\/sup>avril 2023 au 31 mars 2024).&nbsp;<\/p>\n<\/div><\/div>\n<\/div><\/div>\n","protected":false},"excerpt":{"rendered":"<p>&nbsp;Daikin Europe, leader mondial des solutions de g\u00e9nie climatique sera pr\u00e9sent avec de nombreuses exclusivit\u00e9s sur Chillventa 2024, le premier salon international de la r\u00e9frig\u00e9ration et de la cha\u00eene du froid. Cette ann\u00e9e, Daikin pr\u00e9sentera non seulement une offre compl\u00e8te de solutions pour la cha\u00eene du froid, mais mettra \u00e9galement en lumi\u00e8re sa vision strat\u00e9gique [&hellip;]<\/p>\n","protected":false},"author":41,"featured_media":40477,"comment_status":"open","ping_status":"open","sticky":false,"template":"","format":"standard","meta":{"spay_email":""},"categories":[4,5],"tags":[2553,2554],"jetpack_featured_media_url":"https:\/\/i2.wp.com\/batimedianews.com\/live\/wp-content\/uploads\/2024\/10\/Daikin.jpg?fit=1513%2C825","jetpack_sharing_enabled":true,"jetpack_likes_enabled":true,"jetpack-related-posts":[{"id":12571,"url":"http:\/\/batimedianews.com\/live\/index.php\/2021\/10\/08\/daikin-transport-refrigere\/","url_meta":{"origin":40472,"position":0},"title":"DAIKIN TRANSPORT R\u00c9FRIG\u00c9R\u00c9","date":"8 octobre 2021","format":false,"excerpt":"LA PREMI\u00c8RE UNIT\u00c9 DE TRANSPORT R\u00c9FRIG\u00c9R\u00c9 SOUS LA MARQUE DAIKIN SERA D\u00c9VOIL\u00c9E SUR LE SALON SOLUTRANS \u00c0 LYON\u00a0 \u00a0STAND 086, HALL 4\u00a0 A l\u2019occasion du salon europ\u00e9en Solutrans, organis\u00e9 du 16 au 20 novembre 2021 \u00e0 Lyon (69), Daikin tiendra son tout premier stand sur un salon majeur du transport,\u2026","rel":"","context":"Dans &quot;Actualit\u00e9 Entreprises&quot;","img":{"alt_text":"","src":"https:\/\/i2.wp.com\/batimedianews.com\/live\/wp-content\/uploads\/2021\/10\/Daikin-Article.jpg?fit=512%2C512&resize=350%2C200","width":350,"height":200},"classes":[]},{"id":9462,"url":"http:\/\/batimedianews.com\/live\/index.php\/2021\/05\/03\/daikin-france-nomme-un-responsable-dactivite-froid-transporte-pour-se-renforcer-sur-le-marche-du-transport-refrigere\/","url_meta":{"origin":40472,"position":1},"title":"DAIKIN FRANCE NOMME UN RESPONSABLE D&rsquo;ACTIVIT\u00c9 FROID TRANSPORT\u00c9 POUR SE RENFORCER SUR LE MARCH\u00c9 DU TRANSPORT R\u00c9FRIG\u00c9R\u00c9","date":"3 mai 2021","format":false,"excerpt":"En d\u00e9cembre 2020, Daikin, acteur majeur sur le march\u00e9 mondial du g\u00e9nie climatique, du chauffage, de la ventilation et de la r\u00e9frig\u00e9ration, annon\u00e7ait son introduction sur le march\u00e9 du transport r\u00e9frig\u00e9r\u00e9 dans les pays d\u2019Europe du Nord \u2013 en s\u2019appuyant sur la notori\u00e9t\u00e9 et la marque des solutions de transport\u2026","rel":"","context":"Dans &quot;Actualit\u00e9 Entreprises&quot;","img":{"alt_text":"","src":"https:\/\/i0.wp.com\/batimedianews.com\/live\/wp-content\/uploads\/2021\/04\/image-216.png?fit=588%2C774&resize=350%2C200","width":350,"height":200},"classes":[]},{"id":17657,"url":"http:\/\/batimedianews.com\/live\/index.php\/2022\/03\/18\/fusion-25-daikin-europe-annonce-la-creation-de-4000-postes-et-un-plan-dinvestissement-de-840-millions-deuros-dici-lannee-fiscale-2025\/","url_meta":{"origin":40472,"position":2},"title":"Fusion 25 : DAIKIN EUROPE annonce la cr\u00e9ation de 4000 postes et un plan d&rsquo;investissement de 840 millions d&rsquo;Euros d&rsquo;ici l&rsquo;ann\u00e9e fiscale 2025","date":"18 mars 2022","format":false,"excerpt":"La direction europ\u00e9enne du groupe Daikin, acteur majeur sur le march\u00e9 mondial du g\u00e9nie climatique, du chauffage, de la ventilation et de la r\u00e9frig\u00e9ration a d\u00e9voil\u00e9 son plan strat\u00e9gique \u201cFusion25\u201c.\u00a0 Il s\u2019agit d\u2019un projet d'envergure dont l'objectif est de r\u00e9pondre aux besoins d'un monde en pleine mutation, et de confirmer\u2026","rel":"","context":"Dans &quot;Actualit\u00e9 Entreprises&quot;","img":{"alt_text":"","src":"https:\/\/i2.wp.com\/batimedianews.com\/live\/wp-content\/uploads\/2022\/03\/DAIKIN-Article.jpg?fit=512%2C512&resize=350%2C200","width":350,"height":200},"classes":[]},{"id":40895,"url":"http:\/\/batimedianews.com\/live\/index.php\/2024\/10\/25\/daikin-dresse-un-etat-des-lieux-des-fluides-alternatifs-disponibles-en-europe-applications-accessibilite-securite-et-durabilite\/","url_meta":{"origin":40472,"position":3},"title":"Daikin dresse un \u00e9tat des lieux des fluides alternatifs disponibles en Europe : applications, accessibilit\u00e9, s\u00e9curit\u00e9 et durabilit\u00e9","date":"25 octobre 2024","format":false,"excerpt":"\u00a0La r\u00e9vision de la r\u00e8glementation europ\u00e9enne F-Gas 2024\/573,\u00a0en vigueur dans toute l\u2019Europe\u00a0depuis mars 2024, a pour objectif de r\u00e9duire consid\u00e9rablement l\u2019utilisation de fluides frigorig\u00e8nes HFC sur l\u2019ensemble du continent.\u00a0 Sur le salon international Chillventa \u2013 \u00e9dition 2024 \u2013 Daikin Europe, acteur majeur sur le march\u00e9 mondial du chauffage, du rafra\u00eechissement,\u2026","rel":"","context":"Dans &quot;Actualit\u00e9 Entreprises&quot;","img":{"alt_text":"","src":"https:\/\/i1.wp.com\/batimedianews.com\/live\/wp-content\/uploads\/2024\/10\/Daikin-articles-.jpg?fit=825%2C825&resize=350%2C200","width":350,"height":200},"classes":[]},{"id":11162,"url":"http:\/\/batimedianews.com\/live\/index.php\/2021\/07\/19\/pompe-a-chaleur-monobloc-daikin-altherma-3-m\/","url_meta":{"origin":40472,"position":4},"title":"POMPE \u00c0 CHALEUR MONOBLOC DAIKIN ALTHERMA 3 M","date":"19 juillet 2021","format":false,"excerpt":"La gamme de pompe \u00e0 chaleur air\/eau Daikin Altherma 3\u00e8me g\u00e9n\u00e9ration d\u00e9sormais enrichie d\u2019une solution monobloc Innovant toujours davantage pour la satisfaction de ses clients installateurs et utilisateurs finaux, Daikin renforce sa gamme de pompe \u00e0 chaleur air\/eau Daikin Altherma au R-32 avec l\u2019introduction d\u2019une nouvelle gamme monobloc, tous les\u2026","rel":"","context":"Dans &quot;Actualit\u00e9 Entreprises&quot;","img":{"alt_text":"","src":"https:\/\/i2.wp.com\/batimedianews.com\/live\/wp-content\/uploads\/2021\/07\/Daikin-Article.jpg?fit=512%2C512&resize=350%2C200","width":350,"height":200},"classes":[]},{"id":14008,"url":"http:\/\/batimedianews.com\/live\/index.php\/2021\/11\/29\/daikin-continue-son-avancee-dans-la-decarbonation-des-batiments-en-lancant-sa-nouvelle-gamme-vrv-5-a-recuperation-denergie\/","url_meta":{"origin":40472,"position":5},"title":"DAIKIN CONTINUE SON AVANC\u00c9E DANS LA D\u00c9CARBONATION DES B\u00c2TIMENTS EN LAN\u00c7ANT SA NOUVELLE GAMME VRV-5 \u00c0 R\u00c9CUP\u00c9RATION D\u2019\u00c9NERGIE","date":"29 novembre 2021","format":false,"excerpt":"\u00c0 l\u2019heure o\u00f9 la question des enjeux environnementaux est plus que jamais d\u2019actualit\u00e9, Daikin Europe annonce la commercialisation prochaine de sa nouvelle gamme de VRV-5 \u00e0 r\u00e9cup\u00e9ration d\u2019\u00e9nergie. Fonctionnant au r\u00e9frig\u00e9rant R-32, elle participe pleinement \u00e0 l\u2019objectif de d\u00e9carbonation des b\u00e2timents en utilisant un r\u00e9frig\u00e9rant dont l\u2019empreinte carbone est r\u00e9duite\u2026","rel":"","context":"Dans &quot;Actualit\u00e9 Entreprises&quot;","img":{"alt_text":"","src":"https:\/\/i2.wp.com\/batimedianews.com\/live\/wp-content\/uploads\/2021\/11\/Daikin-Article.jpg?fit=512%2C512&resize=350%2C200","width":350,"height":200},"classes":[]}],"_links":{"self":[{"href":"http:\/\/batimedianews.com\/live\/index.php\/wp-json\/wp\/v2\/posts\/40472"}],"collection":[{"href":"http:\/\/batimedianews.com\/live\/index.php\/wp-json\/wp\/v2\/posts"}],"about":[{"href":"http:\/\/batimedianews.com\/live\/index.php\/wp-json\/wp\/v2\/types\/post"}],"author":[{"embeddable":true,"href":"http:\/\/batimedianews.com\/live\/index.php\/wp-json\/wp\/v2\/users\/41"}],"replies":[{"embeddable":true,"href":"http:\/\/batimedianews.com\/live\/index.php\/wp-json\/wp\/v2\/comments?post=40472"}],"version-history":[{"count":2,"href":"http:\/\/batimedianews.com\/live\/index.php\/wp-json\/wp\/v2\/posts\/40472\/revisions"}],"predecessor-version":[{"id":40795,"href":"http:\/\/batimedianews.com\/live\/index.php\/wp-json\/wp\/v2\/posts\/40472\/revisions\/40795"}],"wp:featuredmedia":[{"embeddable":true,"href":"http:\/\/batimedianews.com\/live\/index.php\/wp-json\/wp\/v2\/media\/40477"}],"wp:attachment":[{"href":"http:\/\/batimedianews.com\/live\/index.php\/wp-json\/wp\/v2\/media?parent=40472"}],"wp:term":[{"taxonomy":"category","embeddable":true,"href":"http:\/\/batimedianews.com\/live\/index.php\/wp-json\/wp\/v2\/categories?post=40472"},{"taxonomy":"post_tag","embeddable":true,"href":"http:\/\/batimedianews.com\/live\/index.php\/wp-json\/wp\/v2\/tags?post=40472"}],"curies":[{"name":"wp","href":"https:\/\/api.w.org\/{rel}","templated":true}]}}