{"id":40726,"date":"2024-10-15T09:32:58","date_gmt":"2024-10-15T07:32:58","guid":{"rendered":"http:\/\/batimedianews.com\/live\/?p=40726"},"modified":"2025-04-08T20:11:00","modified_gmt":"2025-04-08T18:11:00","slug":"veka-france-pose-la-premiere-pierre-de-son-futur-site-sur-le-grand-chalon","status":"publish","type":"post","link":"http:\/\/batimedianews.com\/live\/index.php\/2024\/10\/15\/veka-france-pose-la-premiere-pierre-de-son-futur-site-sur-le-grand-chalon\/","title":{"rendered":"VEKA France pose la premi\u00e8re pierre de son futur site sur le Grand Chalon"},"content":{"rendered":"\n<p><em>Ce vendredi 11 octobre, S\u00e9bastien MARTIN, Pr\u00e9sident du Grand Chalon aux c\u00f4t\u00e9s de Monsieur Emmanuel DEMESMAY, Directeur g\u00e9n\u00e9ral de VEKA France et de Monsieur Eric GAGNI\u00c8RE, Pr\u00e9sident de JMG Partners, ont pos\u00e9 la premi\u00e8re pierre de la future plateforme logistique du groupe VEKA France \u00e0 Saint-Loup-de-Varennes en Sa\u00f4ne-et-Loire. Leader international dans l\u2019extrusion de profil\u00e9s de PVC pour la menuiserie (fen\u00eatres, portes, volets), VEKA marque aujourd\u2019hui une \u00e9tape cl\u00e9 de son d\u00e9veloppement en se dotant d\u2019un nouvel outil pour r\u00e9pondre aux besoins croissants du march\u00e9 fran\u00e7ais. D\u00e9sormais pleine, la zone d\u2019activit\u00e9 ActiSud du Grand Chalon conna\u00eet une forte attractivit\u00e9.<\/em><\/p>\n\n\n\n<figure class=\"wp-block-image size-full\"><img loading=\"lazy\" width=\"720\" height=\"354\" src=\"https:\/\/i0.wp.com\/batimedianews.com\/live\/wp-content\/uploads\/2024\/10\/image-349.png?resize=720%2C354\" alt=\"\" class=\"wp-image-40727\" srcset=\"https:\/\/i0.wp.com\/batimedianews.com\/live\/wp-content\/uploads\/2024\/10\/image-349.png?w=1542 1542w, https:\/\/i0.wp.com\/batimedianews.com\/live\/wp-content\/uploads\/2024\/10\/image-349.png?resize=768%2C377 768w, https:\/\/i0.wp.com\/batimedianews.com\/live\/wp-content\/uploads\/2024\/10\/image-349.png?resize=432%2C212 432w, https:\/\/i0.wp.com\/batimedianews.com\/live\/wp-content\/uploads\/2024\/10\/image-349.png?resize=396%2C195 396w, https:\/\/i0.wp.com\/batimedianews.com\/live\/wp-content\/uploads\/2024\/10\/image-349.png?resize=1120%2C551 1120w, https:\/\/i0.wp.com\/batimedianews.com\/live\/wp-content\/uploads\/2024\/10\/image-349.png?resize=660%2C324 660w, https:\/\/i0.wp.com\/batimedianews.com\/live\/wp-content\/uploads\/2024\/10\/image-349.png?w=1440 1440w\" sizes=\"(max-width: 600px) 91vw, (max-width: 900px) 600px, (max-width: 1060px) 50vw, (max-width: 1200px) 520px, (max-width: 1400px) 43vw, 600px\" data-recalc-dims=\"1\" \/><figcaption><em>Le futur site VEKA \u00e0 Saint-Loup-de Varennes<\/em><\/figcaption><\/figure>\n\n\n\n<p><strong>Une plateforme con\u00e7ue pour accompagner le d\u00e9veloppement du groupe<\/strong><\/p>\n\n\n\n<p>Implant\u00e9e sur <strong>4,6 hectares de terrain<\/strong> situ\u00e9s \u00e0 Saint-Loup-de-Varennes, la future plateforme logistique du groupe VEKA couvrira une superficie de <strong>11 000 m<sup>2<\/sup><\/strong>. Elle inclura une zone de stockage de 3 000 m<sup>2<\/sup> et un espace de bureaux de 400 m<sup>2<\/sup>.<\/p>\n\n\n\n<p>Fruit d\u2019un investissement de <strong>16,5 millions d\u2019euros<\/strong> par VEKA France, ce projet s\u2019inscrit dans une strat\u00e9gie de long terme visant \u00e0 augmenter la capacit\u00e9 de production de l\u2019usine d\u2019extrusion de Thonon-les-Bains et \u00e0 r\u00e9pondre \u00e0 une demande croissante de menuiseries performantes sur le plan \u00e9nerg\u00e9tique. Il permettra \u00e0 VEKA de regrouper ses activit\u00e9s logistiques sur un site \u00e0 l\u2019emplacement id\u00e9al en France et ainsi assurer un haut niveau de service \u00e0 ses clients fran\u00e7ais fabricants de menuiseries. L\u2019objectif est aussi d\u2019am\u00e9liorer le bien-\u00eatre des collaborateurs en lib\u00e9rant de l\u2019espace sur le site de Thonon.<\/p>\n\n\n\n<p>D\u00e9but\u00e9s en juin 2024, <strong>les travaux se termineront en juin 2025 pour une mise en service \u00e0 la rentr\u00e9e 2025<\/strong>. Pleinement int\u00e9gr\u00e9e \u00e0 la strat\u00e9gie de croissance du groupe sur le march\u00e9 fran\u00e7ais, la plateforme qui accueillera \u00e0 son ouverture <strong>25 salari\u00e9s<\/strong>, disposera par ailleurs d\u2019une r\u00e9serve d\u2019extension de plus de 50% pour accompagner l\u2019\u00e9volution des volumes de production.<\/p>\n\n\n\n<p><strong>Une d\u00e9marche responsable<\/strong><\/p>\n\n\n\n<p>Le projet de VEKA France \u00e0 Saint-Loup-de-Varennes se distingue par son approche respectueuse de l\u2019environnement.<\/p>\n\n\n\n<p>JMG Partners, en charge de la r\u00e9alisation du projet, a veill\u00e9 \u00e0 int\u00e9grer des mesures \u00e9cologiques fortes, notamment un am\u00e9nagement paysager bas\u00e9 sur la m\u00e9thode Miyawaki, qui permet une forte densit\u00e9 v\u00e9g\u00e9tale et une biodiversit\u00e9 accrue.<\/p>\n\n\n\n<p>Pendant ce chantier dont l\u2019int\u00e9gralit\u00e9 des d\u00e9chets seront revaloris\u00e9s, pas moins de 250 arbres et arbustes seront plant\u00e9s ainsi que des haies et de nombreux g\u00eetes tels que nichoirs et hibernaculums, pour accueillir la faune locale. La pr\u00e9sence de moutons permettra de supprimer les esp\u00e8ces v\u00e9g\u00e9tales envahissantes sur le site.<\/p>\n\n\n\n<p>Le b\u00e2timent sera \u00e9quip\u00e9 d\u2019une centrale photovolta\u00efque couvrant l\u2019ensemble de la toiture, permettant une injection de l\u2019\u00e9nergie produite dans le r\u00e9seau et \u00e0 terme une autoconsommation sur site. Outre la pr\u00e9sence de bornes de recharge pour les v\u00e9hicules \u00e9lectriques, l\u2019ensemble des \u00e9clairages sera en LED, contribuant ainsi \u00e0 la r\u00e9duction de l\u2019empreinte \u00e9nerg\u00e9tique du site.<\/p>\n\n\n\n<p><strong>Un partenariat \u00e9troit avec les acteurs locaux<\/strong><\/p>\n\n\n\n<p>Au-del\u00e0 des qualit\u00e9s du site et du b\u00e2timent, le succ\u00e8s de l\u2019op\u00e9ration r\u00e9sulte de la d\u00e9marche partenariale adopt\u00e9e par JMG Partners avec les acteurs locaux notamment l\u2019agglom\u00e9ration du Grand Chalon et la SEM Val Bourgogne qui ont facilit\u00e9 l\u2019installation rapide de VEKA dans cette zone strat\u00e9gique. Cette collaboration a permis d\u2019anticiper et de s\u00e9curiser les autorisations n\u00e9cessaires pour optimiser les d\u00e9lais et garantir le planning.<\/p>\n\n\n\n<p><strong>Pour Emmanuel Demesmay, Directeur G\u00e9n\u00e9ral VEKA France<\/strong>, \u00ab<em> Cette nouvelle plateforme logistique permettra d&rsquo;accueillir l&rsquo;ensemble du stock actuellement g\u00e9r\u00e9 sur le site VEKA de Thonon-les-Bains. La menuiserie PVC est LA solution en termes de performance, de design et de recyclabilit\u00e9 r\u00e9pondant \u00e0 une demande toujours croissante d\u2019isolation, de baisse de l\u2019empreinte carbone et d\u2019\u00e9conomie d\u2019\u00e9nergie. Les espaces lib\u00e9r\u00e9s en Haute Savoie seront ainsi destin\u00e9s \u00e0 renforcer le bien-\u00eatre des salari\u00e9s et \u00e0 accueillir de nouvelles lignes d&rsquo;extrusion pour une capacit\u00e9 de production accrue. Avec ce nouvel investissement industriel le Groupe VEKA entend renforcer encore son implantation sur le march\u00e9 fran\u00e7ais et garantir un haut niveau de qualit\u00e9 et de services aupr\u00e8s de nos partenaires menuisiers, artisans ou industriels <\/em>\u00bb pr\u00e9cise-t-il.<\/p>\n\n\n\n<p><strong>Pour Eric Gagni\u00e8re, Pr\u00e9sident de JMG Partners<\/strong>, \u00ab<em> Notre partenariat \u00e9troit avec l\u2019agglom\u00e9ration du Grand Chalon et la Sem Val de Bourgogne, nous a permis d\u2019\u00eatre tr\u00e8s r\u00e9actifs pour adapter notre projet aux besoins du groupe VEKA et lancer la construction de la plateforme en un temps record. Au-del\u00ae\u00a7\u0300 du projet immobilier vertueux, nous sommes fiers d\u2019avoir pu contribuer au d\u00e9veloppement de notre partenaire industriel et \u00e0 la fluidification de sa supply chain !<\/em> \u00bb.<\/p>\n\n\n\n<p><strong>Pour S\u00e9bastien MARTIN, Pr\u00e9sident du Grand Chalon<\/strong>, <em>\u00ab L\u2019arriv\u00e9e de VEKA France \u00e0 Saint-Loup-de-Varennes est une bonne nouvelle, signe de l\u2019attractivit\u00e9 \u00e9conomique de notre territoire pour des groupes industriels \u00e0 la recherche de leviers de d\u00e9veloppement. Avec ce nouveau site sur le Grand Chalon, nous esp\u00e9rons pouvoir poursuivre la contribution du Grand Chalon \u00e0 la relance industrielle fran\u00e7aise \u00bb<\/em>.<\/p>\n\n\n\n<p><strong>A propos de VEKA<\/strong><\/p>\n\n\n\n<p>Fond\u00e9 en 1969, VEKA est un acteur mondial de premier plan dans l\u2019extrusion de profil\u00e9s en PVC pour la menuiserie. Avec 6 700 collaborateurs r\u00e9partis sur 23 sites de production et 3 centres de recyclage, VEKA est reconnu pour son engagement envers la qualit\u00e9, l\u2019innovation et le d\u00e9veloppement durable.<\/p>\n\n\n\n<p><strong>A propos de JMG Partners<\/strong><\/p>\n\n\n\n<p>JMG Partners est un am\u00e9nageur et d\u00e9veloppeur sp\u00e9cialis\u00e9 dans l\u2019immobilier d\u2019entreprise (locaux industriels, logistiques, bureaux) \u00e0 travers la France. Le groupe se distingue par son anticipation des normes et son engagement fort en mati\u00e8re d\u2019environnement, en innovant pour r\u00e9pondre aux d\u00e9fis de la transition \u00e9nerg\u00e9tique. Travaillant en \u00e9troite collaboration avec les collectivit\u00e9s locales, JMG Partners valorise les atouts \u00e9cologiques et \u00e9conomiques des territoires, tout en respectant des standards techniques et architecturaux \u00e9lev\u00e9s. Sa strat\u00e9gie profite autant aux collectivit\u00e9s qu\u2019aux entreprises et investisseurs.<\/p>\n\n\n\n<p><strong>A propos de la Communaut\u00e9 d\u2019Agglom\u00e9ration du Grand Chalon<\/strong><\/p>\n\n\n\n<p>1\u00e8re Agglom\u00e9ration de Sa\u00f4ne-et-Loire, le Grand Chalon compte 51 communes et 118 000 habitants. Strat\u00e9giquement positionn\u00e9 en France et en Europe au coeur d\u2019un r\u00e9seau routier (A6, Route Centre Europe Atlantique-RCEA) , fluvial et ferroviaire de premier plan, accessible en TGV et LGV, le Grand Chalon occupe une situation g\u00e9ographique privil\u00e9gi\u00e9e. Mobilis\u00e9 pour le d\u00e9veloppement \u00e9conomique du territoire, le Grand Chalon porte un positionnement volontariste pour \u00ab l\u2019Industrie du Futur \u00bb et fait vivre ses labels \u00ab Territoires d\u2019Industrie \u00bb et \u00ab Sites Industriels Cl\u00e9s en Main \u00bb. Territoire de projets reconnu pour la qualit\u00e9 de vie de ses habitants, Le Grand Chalon agit avec ambition en mati\u00e8re d\u2019\u00e9conomie, transition \u00e9cologique, petite enfance et enseignement sup\u00e9rieur, mais aussi sports, culture et tourisme. Depuis 2014, la Communaut\u00e9 d\u2019Agglom\u00e9ration du Grand Chalon est pr\u00e9sid\u00e9e par S\u00e9bastien Martin, \u00e9galement Pr\u00e9sident de l\u2019association Intercommunalit\u00e9s de France, f\u00e9d\u00e9ration nationale des \u00e9lus d\u2019intercommunalit\u00e9s.<\/p>\n","protected":false},"excerpt":{"rendered":"<p>Ce vendredi 11 octobre, S\u00e9bastien MARTIN, Pr\u00e9sident du Grand Chalon aux c\u00f4t\u00e9s de Monsieur Emmanuel DEMESMAY, Directeur g\u00e9n\u00e9ral de VEKA France et de Monsieur Eric GAGNI\u00c8RE, Pr\u00e9sident de JMG Partners, ont pos\u00e9 la premi\u00e8re pierre de la future plateforme logistique du groupe VEKA France \u00e0 Saint-Loup-de-Varennes en Sa\u00f4ne-et-Loire. Leader international dans l\u2019extrusion de profil\u00e9s de [&hellip;]<\/p>\n","protected":false},"author":41,"featured_media":40728,"comment_status":"open","ping_status":"open","sticky":false,"template":"","format":"standard","meta":{"spay_email":""},"categories":[4,1899,2322],"tags":[],"jetpack_featured_media_url":"https:\/\/i2.wp.com\/batimedianews.com\/live\/wp-content\/uploads\/2024\/10\/Veka-articles-1-1.jpg?fit=1513%2C825","jetpack_sharing_enabled":true,"jetpack_likes_enabled":true,"jetpack-related-posts":[{"id":31453,"url":"http:\/\/batimedianews.com\/live\/index.php\/2023\/09\/19\/bilan-des-activites-et-actualites-veka-avec-emmanuel-demesmay-directeur-general\/","url_meta":{"origin":40726,"position":0},"title":"Bilan des activit\u00e9s et actualit\u00e9s VEKA avec Emmanuel Demesmay, Directeur G\u00e9n\u00e9ral","date":"19 septembre 2023","format":false,"excerpt":"\u00a0Apr\u00e8s 9 mois aux commandes de la direction g\u00e9n\u00e9rale de VEKA France, extrudeur gammiste et concepteur de menuiseries PVC, Emmanuel Demesmay dresse un bilan positif de l\u2019entreprise. Malgr\u00e9 le ralentissement du march\u00e9 actuellement ressenti dans le neuf, il reste confiant sur les opportunit\u00e9s qui s\u2019offrent \u00e0 la filiale fran\u00e7aise.\u00a0 Et\u2026","rel":"","context":"Dans &quot;Actualit\u00e9 Entreprises&quot;","img":{"alt_text":"","src":"https:\/\/i2.wp.com\/batimedianews.com\/live\/wp-content\/uploads\/2023\/09\/VEKA-articles.jpg?fit=825%2C825&resize=350%2C200","width":350,"height":200},"classes":[]},{"id":47532,"url":"http:\/\/batimedianews.com\/live\/index.php\/2025\/10\/24\/veka-une-presence-a-artibat-sous-le-signe-de-linnovation-de-la-performance-et-du-bas-carbone\/","url_meta":{"origin":40726,"position":1},"title":"VEKA : une pr\u00e9sence \u00e0 Artibat sous le signe de l\u2019innovation, de la performance et du bas carbone","date":"24 octobre 2025","format":false,"excerpt":"\u00c0 l\u2019occasion du salon Artibat, VEKA confirme son positionnement de leader engag\u00e9 dans la conception de solutions performantes et durables pour la menuiserie. L\u2019extrudeur gammiste fran\u00e7ais y d\u00e9voile ses derni\u00e8res innovations, en phase avec les attentes des professionnels du b\u00e2timent et les enjeux de l\u2019\u00e9conomie circulaire.\u00a0 VEKASLIDE Hi-5 : l\u2019accessibilit\u00e9\u2026","rel":"","context":"Dans &quot;Actualit\u00e9 Entreprises&quot;","img":{"alt_text":"","src":"https:\/\/i2.wp.com\/batimedianews.com\/live\/wp-content\/uploads\/2025\/10\/VEKA.jpg?fit=825%2C825&resize=350%2C200","width":350,"height":200},"classes":[]},{"id":25479,"url":"http:\/\/batimedianews.com\/live\/index.php\/2022\/12\/30\/nomination-emmanuel-demesmay-nouveau-directeur-general-de-veka-france\/","url_meta":{"origin":40726,"position":2},"title":"Nomination : Emmanuel Demesmay, nouveau Directeur G\u00e9n\u00e9ral de VEKA France","date":"30 d\u00e9cembre 2022","format":false,"excerpt":"Leader sp\u00e9cialis\u00e9 dans l\u2019extrusion de profil\u00e9s PVC et la conception de syst\u00e8mes de menuiseries (fen\u00eatres, volets et portes), le groupe VEKA annonce confier la Direction G\u00e9n\u00e9rale de VEKA France \u00e0 Emmanuel Demesmay. Cette d\u00e9cision prendra effet le 1er janvier 2023 et fait suite au d\u00e9c\u00e9s brutal de Jos Lenferink en\u2026","rel":"","context":"Dans &quot;Actualit\u00e9 Entreprises&quot;","img":{"alt_text":"","src":"https:\/\/i1.wp.com\/batimedianews.com\/live\/wp-content\/uploads\/2022\/12\/Veka-Article.jpg?fit=1080%2C1080&resize=350%2C200","width":350,"height":200},"classes":[]},{"id":48157,"url":"http:\/\/batimedianews.com\/live\/index.php\/2025\/11\/26\/veka-distingue-par-le-prestigieux-prix-ey-entrepreneur-of-the-year-2025-categorie-entreprise-familiale\/","url_meta":{"origin":40726,"position":3},"title":"VEKA distingu\u00e9 par le prestigieux prix EY Entrepreneur Of The Year 2025, cat\u00e9gorie Entreprise familiale","date":"26 novembre 2025","format":false,"excerpt":"Le 6 novembre dernier \u00e0 Munich, Elke et Andreas Hartleif, respectivement Directrice des Ressources Humaines et Pr\u00e9sident Directeur G\u00e9n\u00e9ral du Groupe VEKA, ont re\u00e7u le prix \"EY Entrepreneur Of The Year 2025\" dans la cat\u00e9gorie \"Entreprise familiale\". Cette reconnaissance internationale consacre l\u2019esprit d\u2019entreprise du Groupe Veka, sa volont\u00e9 d\u2019innovation et\u2026","rel":"","context":"Dans &quot;Actualit\u00e9 Entreprises&quot;","img":{"alt_text":"","src":"https:\/\/i2.wp.com\/batimedianews.com\/live\/wp-content\/uploads\/2025\/11\/Veka.jpg?fit=825%2C825&resize=350%2C200","width":350,"height":200},"classes":[]},{"id":38641,"url":"http:\/\/batimedianews.com\/live\/index.php\/2024\/07\/09\/veka-aluconnect-un-concept-de-menuiserie-aluminium-et-pvc-signe-veka-a-decouvrir-au-salon-equipbaie-metalexpo-by-batimat\/","url_meta":{"origin":40726,"position":4},"title":"VEKA AluConnect, un concept de menuiserie aluminium et PVC sign\u00e9 VEKA \u00e0 d\u00e9couvrir au Salon Equipbaie-MetalExpo by Batimat","date":"9 juillet 2024","format":false,"excerpt":"VEKA d\u00e9voilera pour la premi\u00e8re fois en France sur le salon Equipbaie du Mondial du B\u00e2timent 2024 (Hall 6 - stand E014), VEKA AluConnect, un concept in\u00e9dit de menuiserie alliant le meilleur de deux mat\u00e9riaux, l\u2019aluminium et le PVC. Un mariage heureux donc qui conjugue toute l\u2019\u00e9l\u00e9gance des fen\u00eatres aluminium\u2026","rel":"","context":"Dans &quot;Actualit\u00e9 Entreprises&quot;","img":{"alt_text":"","src":"https:\/\/i1.wp.com\/batimedianews.com\/live\/wp-content\/uploads\/2024\/07\/Veka-articles-.jpg?fit=825%2C825&resize=350%2C200","width":350,"height":200},"classes":[]},{"id":40627,"url":"http:\/\/batimedianews.com\/live\/index.php\/2024\/10\/15\/veka-au-coeur-des-tendances-entre-pluralite-dinnovations-produits-nouvelle-offre-couleurs-et-fenetre-bas-carbone\/","url_meta":{"origin":40726,"position":5},"title":"VEKA, au c\u0153ur des tendances : entre pluralit\u00e9 d\u2019innovations produits, nouvelle offre couleurs et fen\u00eatre bas-carbone","date":"15 octobre 2024","format":false,"excerpt":"L\u2019expert en extrusion de profil\u00e9s PVC et concepteur de menuiseries, VEKA, profite du Mondial du B\u00e2timent 2024 pour prouver son engagement concret en mati\u00e8re de solutions bas-carbone. Le salon est aussi l\u2019occasion d\u2019exposer plusieurs innovations produits, le tout dans une d\u00e9marche chromatique totalement repens\u00e9e, au coeur des tendances. Rendez-vous sur\u2026","rel":"","context":"Dans &quot;Actualit\u00e9 Entreprises&quot;","img":{"alt_text":"","src":"https:\/\/i2.wp.com\/batimedianews.com\/live\/wp-content\/uploads\/2024\/10\/Veka-articles-.jpg?fit=825%2C825&resize=350%2C200","width":350,"height":200},"classes":[]}],"_links":{"self":[{"href":"http:\/\/batimedianews.com\/live\/index.php\/wp-json\/wp\/v2\/posts\/40726"}],"collection":[{"href":"http:\/\/batimedianews.com\/live\/index.php\/wp-json\/wp\/v2\/posts"}],"about":[{"href":"http:\/\/batimedianews.com\/live\/index.php\/wp-json\/wp\/v2\/types\/post"}],"author":[{"embeddable":true,"href":"http:\/\/batimedianews.com\/live\/index.php\/wp-json\/wp\/v2\/users\/41"}],"replies":[{"embeddable":true,"href":"http:\/\/batimedianews.com\/live\/index.php\/wp-json\/wp\/v2\/comments?post=40726"}],"version-history":[{"count":2,"href":"http:\/\/batimedianews.com\/live\/index.php\/wp-json\/wp\/v2\/posts\/40726\/revisions"}],"predecessor-version":[{"id":40737,"href":"http:\/\/batimedianews.com\/live\/index.php\/wp-json\/wp\/v2\/posts\/40726\/revisions\/40737"}],"wp:featuredmedia":[{"embeddable":true,"href":"http:\/\/batimedianews.com\/live\/index.php\/wp-json\/wp\/v2\/media\/40728"}],"wp:attachment":[{"href":"http:\/\/batimedianews.com\/live\/index.php\/wp-json\/wp\/v2\/media?parent=40726"}],"wp:term":[{"taxonomy":"category","embeddable":true,"href":"http:\/\/batimedianews.com\/live\/index.php\/wp-json\/wp\/v2\/categories?post=40726"},{"taxonomy":"post_tag","embeddable":true,"href":"http:\/\/batimedianews.com\/live\/index.php\/wp-json\/wp\/v2\/tags?post=40726"}],"curies":[{"name":"wp","href":"https:\/\/api.w.org\/{rel}","templated":true}]}}