{"id":41229,"date":"2024-11-08T10:52:48","date_gmt":"2024-11-08T09:52:48","guid":{"rendered":"http:\/\/batimedianews.com\/live\/?p=41229"},"modified":"2025-04-08T20:33:19","modified_gmt":"2025-04-08T18:33:19","slug":"fenetres-phenix-et-precia-de-franciaflex-quand-le-pvc-se-montre-responsable","status":"publish","type":"post","link":"http:\/\/batimedianews.com\/live\/index.php\/2024\/11\/08\/fenetres-phenix-et-precia-de-franciaflex-quand-le-pvc-se-montre-responsable\/","title":{"rendered":"Fen\u00eatres Ph\u00e9nix Et Pr\u00e9cia de FRANCIAFLEX : quand le PVC se montre responsable"},"content":{"rendered":"\n<p>Con\u00e7ues \u00e0 partir de PVC recycl\u00e9, ces fen\u00eatres associent les imp\u00e9ratifs de performances thermiques et acoustiques aux exigences de durabilit\u00e9 et d\u2019esth\u00e9tique. Personnalisables en termes de design, coloris, formes, vitrages et accessoires, elles r\u00e9pondent \u00e0 tous les besoins, en neuf comme en r\u00e9novation.<\/p>\n\n\n\n<p>Ces deux gammes de fen\u00eatres illustrent la ma\u00eetrise et le savoir-faire de FRANCIAFLEX, acteur majeur dans le domaine de la performance \u00e9nerg\u00e9tique et du confort de la baie.<\/p>\n\n\n\n<p>Isolantes, s\u00e9curisantes, robustes, personnalisables, hautes en couleur et \u00e9l\u00e9gantes\u2026 PH\u00c9NIX ET PR\u00c9CIA s\u2019adaptent \u00e0 tous les styles et tous les besoins. Elles se d\u00e9clinent en <strong>fen\u00eatres et portes-fen\u00eatres allant de 1 \u00e0 4 vantaux avec ouverture \u00e0 la fran\u00e7aise ou oscillo-battante<\/strong>. Version haut de gamme, PH\u00c9NIX se diff\u00e9rencie par ses larges possibilit\u00e9s de personnalisation. PR\u00c9CIA est une version offrant des performances identiques avec un bon rapport qualit\u00e9\/prix.<\/p>\n\n\n\n<p class=\"has-text-color\" style=\"color:#4ca603\">&nbsp;<strong>Une recyclabilit\u00e9 exemplaire gr\u00e2ce \u00e0 un partenariat \u00e9coresponsable<\/strong><\/p>\n\n\n\n<p>&nbsp;Fabriqu\u00e9es en France, les <strong>fen\u00eatres PH\u00c9NIX et PR\u00c9CIA <\/strong>illustrent l\u2019<strong>engagement de Franciaflex en faveur du d\u00e9veloppement durable<\/strong>. Leur profil\u00e9 coextrud\u00e9 bas carbone int\u00e8gre du PVC recycl\u00e9 provenant de l\u2019<strong>usine de recyclage fran\u00e7aise Veka <\/strong>\u00e0 Troyes. Ce partenariat avec Veka, un leader europ\u00e9en du recyclage de menuiseries PVC, permet de garantir la recyclabilit\u00e9 des fen\u00eatres Franciaflex. Avec trois usines de recyclage, dont une en France, et plus de 25 millions de fen\u00eatres PVC d\u00e9j\u00e0 recycl\u00e9es, Veka transforme les anciennes fen\u00eatres en mati\u00e8res premi\u00e8res de qualit\u00e9, sous forme de lentilles ou de granul\u00e9s, r\u00e9utilisables dans l\u2019industrie. Ce processus atteint un taux de valorisation de 84 %, r\u00e9duisant ainsi l\u2019impact environnemental tout en r\u00e9pondant aux exigences de performances et de durabilit\u00e9 des gammes PH\u00c9NIX et PR\u00c9CIA.<\/p>\n\n\n\n<figure class=\"wp-block-image size-full\"><img loading=\"lazy\" width=\"720\" height=\"131\" src=\"https:\/\/i0.wp.com\/batimedianews.com\/live\/wp-content\/uploads\/2024\/11\/image-42.png?resize=720%2C131\" alt=\"\" class=\"wp-image-41230\" srcset=\"https:\/\/i0.wp.com\/batimedianews.com\/live\/wp-content\/uploads\/2024\/11\/image-42.png?w=1640 1640w, https:\/\/i0.wp.com\/batimedianews.com\/live\/wp-content\/uploads\/2024\/11\/image-42.png?resize=768%2C139 768w, https:\/\/i0.wp.com\/batimedianews.com\/live\/wp-content\/uploads\/2024\/11\/image-42.png?resize=432%2C78 432w, https:\/\/i0.wp.com\/batimedianews.com\/live\/wp-content\/uploads\/2024\/11\/image-42.png?resize=396%2C72 396w, https:\/\/i0.wp.com\/batimedianews.com\/live\/wp-content\/uploads\/2024\/11\/image-42.png?resize=1120%2C204 1120w, https:\/\/i0.wp.com\/batimedianews.com\/live\/wp-content\/uploads\/2024\/11\/image-42.png?resize=660%2C120 660w, https:\/\/i0.wp.com\/batimedianews.com\/live\/wp-content\/uploads\/2024\/11\/image-42.png?w=1440 1440w\" sizes=\"(max-width: 600px) 91vw, (max-width: 900px) 600px, (max-width: 1060px) 50vw, (max-width: 1200px) 520px, (max-width: 1400px) 43vw, 600px\" data-recalc-dims=\"1\" \/><\/figure>\n\n\n\n<div class=\"wp-block-media-text alignwide has-media-on-the-right is-stacked-on-mobile\" style=\"grid-template-columns:auto 28%\"><figure class=\"wp-block-media-text__media\"><img loading=\"lazy\" width=\"442\" height=\"364\" src=\"https:\/\/i2.wp.com\/batimedianews.com\/live\/wp-content\/uploads\/2024\/11\/image-43.png?resize=442%2C364\" alt=\"\" class=\"wp-image-41231 size-full\" srcset=\"https:\/\/i2.wp.com\/batimedianews.com\/live\/wp-content\/uploads\/2024\/11\/image-43.png?w=442 442w, https:\/\/i2.wp.com\/batimedianews.com\/live\/wp-content\/uploads\/2024\/11\/image-43.png?resize=768%2C632 768w, https:\/\/i2.wp.com\/batimedianews.com\/live\/wp-content\/uploads\/2024\/11\/image-43.png?resize=432%2C356 432w, https:\/\/i2.wp.com\/batimedianews.com\/live\/wp-content\/uploads\/2024\/11\/image-43.png?resize=396%2C326 396w\" sizes=\"(max-width: 600px) 91vw, (max-width: 900px) 600px, (max-width: 1060px) 50vw, (max-width: 1200px) 520px, (max-width: 1400px) 43vw, 600px\" data-recalc-dims=\"1\" \/><\/figure><div class=\"wp-block-media-text__content\">\n<p class=\"has-text-color\" style=\"color:#4ca603\"><strong>Des caract\u00e9ristiques et performances impressionnantes<\/strong><\/p>\n\n\n\n<p>Avec un <strong>battement central de 112 mm<\/strong>, les profil\u00e9s r\u00e9duits des fen\u00eatres PH\u00c9NIX ET PR\u00c9CIA s\u2019effacent au profit d\u2019un clair de jour plus important offrant ainsi plus de luminosit\u00e9. Elles sont faciles et confortables \u00e0 man\u0153uvrer gr\u00e2ce au <strong>renvoi d\u2019angle <\/strong>qui optimise le confort d\u2019utilisation.<\/p>\n\n\n\n<p>\u00c9quip\u00e9es de vitrage 4\/20\/4 faiblement \u00e9missif et gaz argon les fen\u00eatres PH\u00c9NIX ET PR\u00c9CIA tiennent toutes leurs promesses en termes de <strong>performances \u00e9nerg\u00e9tiques avec un Uw \u2264 1,4 W\/m\u00b2 et un facteur solaire Sw = 0,44<\/strong>. Avec option <strong>warm edge<\/strong>, PHENIX atteint un Uw \u2264 1,3 W\/m\u00b2.<\/p>\n\n\n\n<p>En option elles peuvent \u00eatre \u00e9quip\u00e9es d\u2019un <strong>seuil \u00e0 rupture de pont thermique <\/strong>qui limite les d\u00e9perditions d\u2019\u00e9nergie et \u00e9vite la pr\u00e9sence de condensation sur le seuil.<\/p>\n\n\n\n<p>Les fen\u00eatres de la gamme <strong>PH\u00c9NIX sont \u00e9quip\u00e9es d\u2019un dormant de 70 mm dot\u00e9 de 5 chambres et d\u2019un ouvrant de 78 mm d\u2019\u00e9paisseur \u00e0 6 chambres affleurant au dormant<\/strong>.<\/p>\n\n\n\n<p>Les fen\u00eatres <strong>PR\u00c9CIA ont un dormant de 70 mm \u00e9quip\u00e9 de 5 chambres et d\u2019un ouvrant de 70 mm d\u2019\u00e9paisseur \u00e0 5 chambres<\/strong>.<\/p>\n\n\n\n<p>Elles disposent toutes les deux d\u2019un <strong>large choix de dormants pour la pose en neuf et en r\u00e9novation<\/strong>. Un dormant \u00e0 <strong>aile d\u00e9port\u00e9e en recouvrement de 32 et 42 mm est disponible pour les chantiers de r\u00e9novation <\/strong>afin de garantir une parfaite esth\u00e9tique.<\/p>\n\n\n\n<p>Les fen\u00eatres <strong>PH\u00c9NIX <\/strong>sont \u00e9quip\u00e9es d\u2019une poign\u00e9e centr\u00e9e Secustik\u00ae brevet\u00e9e incrochetable pour une s\u00e9curit\u00e9 maximale et les fen\u00eatres PR\u00c9CIA d\u2019une poign\u00e9e non centr\u00e9e.<\/p>\n<\/div><\/div>\n\n\n\n<div class=\"wp-block-media-text alignwide has-media-on-the-right is-stacked-on-mobile\" style=\"grid-template-columns:auto 32%\"><figure class=\"wp-block-media-text__media\"><img loading=\"lazy\" width=\"442\" height=\"364\" src=\"https:\/\/i2.wp.com\/batimedianews.com\/live\/wp-content\/uploads\/2024\/11\/image-45.png?resize=442%2C364\" alt=\"\" class=\"wp-image-41233 size-full\" srcset=\"https:\/\/i2.wp.com\/batimedianews.com\/live\/wp-content\/uploads\/2024\/11\/image-45.png?w=442 442w, https:\/\/i2.wp.com\/batimedianews.com\/live\/wp-content\/uploads\/2024\/11\/image-45.png?resize=768%2C632 768w, https:\/\/i2.wp.com\/batimedianews.com\/live\/wp-content\/uploads\/2024\/11\/image-45.png?resize=432%2C356 432w, https:\/\/i2.wp.com\/batimedianews.com\/live\/wp-content\/uploads\/2024\/11\/image-45.png?resize=396%2C326 396w\" sizes=\"(max-width: 600px) 91vw, (max-width: 900px) 600px, (max-width: 1060px) 50vw, (max-width: 1200px) 520px, (max-width: 1400px) 43vw, 600px\" data-recalc-dims=\"1\" \/><\/figure><div class=\"wp-block-media-text__content\">\n<p class=\"has-text-color\" style=\"color:#4ca603\"><strong>Un design \u00e9l\u00e9gant et personnalisable<\/strong><\/p>\n\n\n\n<p>Les fen\u00eatres PVC PH\u00c9NIX ET PR\u00c9CIA se d\u00e9clinent en <strong>3 designs <\/strong>: <strong>carr\u00e9 <\/strong>pour un style moderne et \u00e9pur\u00e9, <strong>arrondi <\/strong>avec des courbes galb\u00e9es et discr\u00e8tes, <strong>moulur\u00e9 <\/strong>avec une finition travaill\u00e9e qui met en valeur les int\u00e9rieurs anciens.<\/p>\n\n\n\n<p><strong>La gamme PH\u00c9NIX propose pr\u00e8s de 40 coloris <\/strong>pour laisser libre cours \u00e0 l\u2019imagination de chacun en mati\u00e8re de d\u00e9coration ou simplement r\u00e9pondre aux codes r\u00e9gionaux. Sont disponibles 10 couleurs tons bois, 10 tons fonc\u00e9s, 9 tons clairs et 4 coloris tons m\u00e9tallis\u00e9s. La <strong>bicoloration <\/strong>est \u00e9galement une option r\u00e9alisable dans n\u2019importe quelle teinte sur demande, offrant ainsi une infinit\u00e9 de personnalisations possibles avec les fen\u00eatres PH\u00c9NIX.<\/p>\n\n\n\n<p><strong>La gamme PR\u00c9CIA <\/strong>existe en <strong>4 coloris dont 2 teint\u00e9s dans la masse <\/strong>(blanc et gris) et 2 en bicolore blanc int\u00e9rieur \/ plax\u00e9 ch\u00eane dor\u00e9 ou gris anthracite lisse \u00e0 l\u2019ext\u00e9rieur.<\/p>\n<\/div><\/div>\n\n\n\n<div class=\"wp-block-media-text alignwide has-media-on-the-right is-stacked-on-mobile\" style=\"grid-template-columns:auto 33%\"><figure class=\"wp-block-media-text__media\"><img loading=\"lazy\" width=\"442\" height=\"364\" src=\"https:\/\/i0.wp.com\/batimedianews.com\/live\/wp-content\/uploads\/2024\/11\/image-46.png?resize=442%2C364\" alt=\"\" class=\"wp-image-41234 size-full\" srcset=\"https:\/\/i0.wp.com\/batimedianews.com\/live\/wp-content\/uploads\/2024\/11\/image-46.png?w=442 442w, https:\/\/i0.wp.com\/batimedianews.com\/live\/wp-content\/uploads\/2024\/11\/image-46.png?resize=768%2C632 768w, https:\/\/i0.wp.com\/batimedianews.com\/live\/wp-content\/uploads\/2024\/11\/image-46.png?resize=432%2C356 432w, https:\/\/i0.wp.com\/batimedianews.com\/live\/wp-content\/uploads\/2024\/11\/image-46.png?resize=396%2C326 396w\" sizes=\"(max-width: 600px) 91vw, (max-width: 900px) 600px, (max-width: 1060px) 50vw, (max-width: 1200px) 520px, (max-width: 1400px) 43vw, 600px\" data-recalc-dims=\"1\" \/><\/figure><div class=\"wp-block-media-text__content\">\n<p class=\"has-text-color\" style=\"color:#4ca603\"><strong>De nombreux accessoires pour personnaliser ses fen\u00eatres<\/strong><\/p>\n\n\n\n<p>De nombreux accessoires sont disponibles pour que <strong>chaque fen\u00eatre <\/strong>soit unique en fonction du style et de la d\u00e9coration de chaque int\u00e9rieur : <strong>cr\u00e9mones <\/strong>en applique avec poign\u00e9es bouton ou b\u00e9quille, <strong>cache-paumelles <\/strong>de diff\u00e9rents aspects, <strong>petits bois<\/strong>, <strong>soubassements<\/strong>\u2026<\/p>\n\n\n\n<p><strong>Les fen\u00eatres PH\u00c9NIX ET PR\u00c9CIA b\u00e9n\u00e9ficient de l\u2019option store int\u00e9gr\u00e9, pliss\u00e9 ou v\u00e9nitien<\/strong>, gr\u00e2ce \u00e0 une parclose ultra discr\u00e8te et sp\u00e9cifique clips\u00e9e sur l\u2019encadrement int\u00e9rieur.<\/p>\n\n\n\n<p>Ce store, parfaitement solidaire de la fen\u00eatre, peut s\u2019ouvrir compl\u00e8tement ou partiellement, permettant de <strong>jouer avec la lumi\u00e8re<\/strong>. La manoeuvre se fait par simple curseur et affranchie des cordons disgracieux et peu pratiques.<\/p>\n\n\n\n<p>Le store pliss\u00e9 offre une excellente solution de protection solaire ou d\u2019occultation. Son design raffin\u00e9 avec des petits plis de 20 mm existe dans diff\u00e9rents textiles, m\u00e9tallis\u00e9s ou non, semi-opaques ou opaques et est disponible dans une vingtaine de coloris. La version \u201cpliss\u00e9 remontant\u201d est une excellente solution pour lutter contre l\u2019\u00e9blouissement en cas de soleil rasant.<\/p>\n\n\n\n<p>Dans l\u2019option store v\u00e9nitien, les lames aluminium de 16 mm existent dans plus de 50 coloris et permettent de <strong>moduler \u00e0 l\u2019infini la lumi\u00e8re <\/strong>gr\u00e2ce au curseur ergonomique fix\u00e9 sur le montant de l\u2019ouvrant.<\/p>\n<\/div><\/div>\n\n\n\n<p><strong>PH\u00c9NIX ET PR\u00c9CIA <\/strong>peuvent \u00e9galement \u00eatre \u00e9quip\u00e9s d\u2019un volet roulant enti\u00e8rement int\u00e9gr\u00e9 \u00e0 la fen\u00eatre avec un coffre int\u00e9rieur ou ext\u00e9rieur. Ce bloc-baie est <strong>manoeuvrable manuellement ou \u00e9lectriquement gr\u00e2ce \u00e0 l\u2019automatisme Well\u2019com<\/strong><strong>\u00ae <\/strong><strong>de Franciaflex et compatible maison connect\u00e9e<\/strong>.<\/p>\n\n\n\n<p>Il est <strong>personnalisable <\/strong>en termes de coloris, de types de tabliers (PVC, Aluminium Double parois 37 ou 42), de syst\u00e8mes de s\u00e9curit\u00e9 (verrou ou serrure sur lame finale ou lame finale s\u00e9curit\u00e9) et de dimensions (jusqu\u2019\u00e0 7,2 m\u00b2 de surface maximale pour les coffres int\u00e9rieurs et 6,5 m\u00b2 pour les coffres ext\u00e9rieurs).<\/p>\n\n\n\n<p>Ces volets roulants int\u00e9gr\u00e9s participent activement \u00e0 l\u2019<strong>am\u00e9lioration de l\u2019isolation thermique et acoustique de la maison<\/strong>, tout en pr\u00e9servant l\u2019esth\u00e9tique de la fa\u00e7ade.<\/p>\n\n\n\n<p class=\"has-text-color has-medium-font-size\" style=\"color:#4ca603\">\u00c0 PROPOS DE FRANCIAFLEX<\/p>\n\n\n\n<p class=\"has-text-color\" style=\"color:#4ca603\"><em>Cr\u00e9\u00e9e en 1961, Franciaflex est une soci\u00e9t\u00e9 ind\u00e9pendante fran\u00e7aise s\u2019appuyant sur son coeur de m\u00e9tier, la fabrication sur mesure de l\u2019ensemble des produits de l\u2019\u00e9quipement de la baie : fen\u00eatres, volets, stores int\u00e9rieurs et stores ext\u00e9rieurs. L\u2019entreprise fabrique 500 000 produits chaque ann\u00e9e et compte 600 collaborateurs r\u00e9partis dans ses 7 usines en France.<\/em><\/p>\n\n\n\n<p class=\"has-text-color\" style=\"color:#4ca603\"><em>Son si\u00e8ge administratif est situ\u00e9 \u00e0 Ch\u00e9cy (45).<\/em><\/p>\n\n\n\n<p class=\"has-text-color\" style=\"color:#4ca603\"><em>Franciaflex r\u00e9alise un chiffre d\u2019affaires de 100 M \u20ac (hors filiales) et est dirig\u00e9 par Monsieur Henri Morel.<\/em><\/p>\n","protected":false},"excerpt":{"rendered":"<p>Con\u00e7ues \u00e0 partir de PVC recycl\u00e9, ces fen\u00eatres associent les imp\u00e9ratifs de performances thermiques et acoustiques aux exigences de durabilit\u00e9 et d\u2019esth\u00e9tique. Personnalisables en termes de design, coloris, formes, vitrages et accessoires, elles r\u00e9pondent \u00e0 tous les besoins, en neuf comme en r\u00e9novation. Ces deux gammes de fen\u00eatres illustrent la ma\u00eetrise et le savoir-faire de [&hellip;]<\/p>\n","protected":false},"author":41,"featured_media":41236,"comment_status":"open","ping_status":"open","sticky":false,"template":"","format":"standard","meta":{"spay_email":""},"categories":[4,531,109],"tags":[],"jetpack_featured_media_url":"https:\/\/i2.wp.com\/batimedianews.com\/live\/wp-content\/uploads\/2024\/11\/Franciaflex.jpg?fit=1513%2C825","jetpack_sharing_enabled":true,"jetpack_likes_enabled":true,"jetpack-related-posts":[{"id":15969,"url":"http:\/\/batimedianews.com\/live\/index.php\/2022\/02\/14\/franciaflex-presente-trois-solutions-pour-renover-portes-et-fenetres-en-ameliorant-lisolation-thermique-globale-de-lhabitat-2\/","url_meta":{"origin":41229,"position":0},"title":"FRANCIAFLEX PR\u00c9SENTE TROIS SOLUTIONS POUR R\u00c9NOVER PORTES ET FEN\u00caTRES EN AM\u00c9LIORANT L\u2019ISOLATION THERMIQUE GLOBALE DE L\u2019HABITAT","date":"14 f\u00e9vrier 2022","format":false,"excerpt":"Zoom sur les performances de : \u2022 Les portes d\u2019entr\u00e9e monobloc en aluminium r\u00e9sistant \u00e0 toutes les \u00e9preuves climatiques, \u2022 INFINI PLEIADE\u00ae une gamme de fen\u00eatres alu \u00e0 haute efficacit\u00e9 thermique, \u2022 EXCEO PREMIUM, des fen\u00eatres PVC id\u00e9ales pour les conditions climatiques extr\u00eames. La consommation d\u2019\u00e9nergie occupe aujourd\u2019hui une grande\u2026","rel":"","context":"Dans &quot;Actualit\u00e9 Entreprises&quot;","img":{"alt_text":"","src":"https:\/\/i1.wp.com\/batimedianews.com\/live\/wp-content\/uploads\/2022\/02\/Franciaflex-Article.jpg?fit=512%2C512&resize=350%2C200","width":350,"height":200},"classes":[]},{"id":8963,"url":"http:\/\/batimedianews.com\/live\/index.php\/2021\/04\/26\/franciaflex-presente-trois-solutions-pour-renover-portes-et-fenetres-en-ameliorant-lisolation-thermique-globale-de-lhabitat\/","url_meta":{"origin":41229,"position":1},"title":"FRANCIAFLEX PR\u00c9SENTE TROIS SOLUTIONS POUR R\u00c9NOVER PORTES ET FEN\u00caTRES EN AM\u00c9LIORANT L\u2019ISOLATION THERMIQUE GLOBALE DE L\u2019HABITAT","date":"26 avril 2021","format":false,"excerpt":"Zoom sur les performances de : \u2022 INFINI PLEIADE\u00ae une gamme de fen\u00eatres aluminium \u00e0 haute efficacit\u00e9 thermique, \u2022 EXCEO, des fen\u00eatres PVC id\u00e9ales pour toutes les conditions climatiques, \u2022 Les portes d\u2019entr\u00e9e monobloc en aluminium tr\u00e8s r\u00e9sistantes et s\u00e9curitaires. \u00a0La consommation d\u2019\u00e9nergie occupe aujourd\u2019hui une grande part du budget\u2026","rel":"","context":"Dans &quot;Isolation&quot;","img":{"alt_text":"","src":"https:\/\/i0.wp.com\/batimedianews.com\/live\/wp-content\/uploads\/2021\/03\/image-184.png?fit=858%2C858&resize=350%2C200","width":350,"height":200},"classes":[]},{"id":25757,"url":"http:\/\/batimedianews.com\/live\/index.php\/2023\/01\/26\/franciaflex-presente-trois-solutions-pour-renover-portes-et-fenetres-en-ameliorant-lisolation-thermique-globale-de-lhabitat-3\/","url_meta":{"origin":41229,"position":2},"title":"FRANCIAFLEX PR\u00c9SENTE TROIS SOLUTIONS POUR R\u00c9NOVER PORTES ET FEN\u00caTRES EN AM\u00c9LIORANT L&rsquo;ISOLATION THERMIQUE GLOBALE DE L&rsquo;HABITAT","date":"26 janvier 2023","format":false,"excerpt":"Zoom sur les performances : INFINI PLEIADE\u00ae une gamme de fen\u00eatre aluminium \u00e0 haute efficacit\u00e9 thermique.EXCEO, des fen\u00eatres PVC id\u00e9ales pour toutes les conditions climatiques.Les portes d'entr\u00e9e monobloc en aluminium tr\u00e8s r\u00e9sistantes et s\u00e9curitaires. La consommation d'\u00e9nergie occupe aujourd'hui une grande part du budget des m\u00e9nages. Il existe des moyens\u2026","rel":"","context":"Dans &quot;Actualit\u00e9 Entreprises&quot;","img":{"alt_text":"","src":"https:\/\/i2.wp.com\/batimedianews.com\/live\/wp-content\/uploads\/2023\/01\/Franciaflex-Article.jpg?fit=1080%2C1080&resize=350%2C200","width":350,"height":200},"classes":[]},{"id":1421,"url":"http:\/\/batimedianews.com\/live\/index.php\/2019\/07\/23\/franciaflex-presente-ses-moustiquaires-protec\/","url_meta":{"origin":41229,"position":3},"title":"Franciaflex pr\u00e9sente ses moustiquaires Protec","date":"23 juillet 2019","format":false,"excerpt":"GAMME DE MOUSTIQUAIRES PROTEC\u2019 FRANCIAFLEX,\u00a0UNE OFFRE COMPL\u00c8TE POUR LES PORTES ET FEN\u00caTRES\u00a0QUELLES QUE SOIENT LEURS FORMATS La gamme PROTEC\u2019 est compos\u00e9e de 8 mod\u00e8les et se d\u00e9cline en plusieurs versions : pliss\u00e9e, enroulable, porte battante\u00a0et cadre fixe de grande dimension. Les moustiquaires Franciaflex offrent un large champ d\u2019applications aux professionnels.\u2026","rel":"","context":"Dans &quot;Actualit\u00e9 Entreprises&quot;","img":{"alt_text":"","src":"https:\/\/i1.wp.com\/batimedianews.com\/live\/wp-content\/uploads\/2019\/08\/fran5.jpg?fit=1038%2C1038&resize=350%2C200","width":350,"height":200},"classes":[]},{"id":10188,"url":"http:\/\/batimedianews.com\/live\/index.php\/2021\/05\/31\/gamme-de-moustiquaires-protec-franciaflex-une-offre-complete-pour-les-portes-et-fenetres-quelles-que-soient-leurs-formats\/","url_meta":{"origin":41229,"position":4},"title":"GAMME DE MOUSTIQUAIRES PROTEC\u2019 FRANCIAFLEX, UNE OFFRE COMPL\u00c8TE POUR LES PORTES ET FEN\u00caTRES QUELLES QUE SOIENT LEURS FORMATS","date":"31 mai 2021","format":false,"excerpt":"La gamme PROTEC\u2019 est compos\u00e9e de 8 mod\u00e8les et se d\u00e9cline en plusieurs versions : pliss\u00e9e, enroulable, porte-battante et cadre fixe de grande dimension. Les moustiquaires Franciaflex offrent un large champ d\u2019applications aux professionnels. Quatre produits sont destin\u00e9s aux fen\u00eatres et quatre autres aux baies coulissantes et portes- fen\u00eatres. Larges\u2026","rel":"","context":"Dans &quot;accessibilit\u00e9 Universelle&quot;","img":{"alt_text":"","src":"https:\/\/i1.wp.com\/batimedianews.com\/live\/wp-content\/uploads\/2021\/05\/Franciaflex-Article.jpg?fit=512%2C512&resize=350%2C200","width":350,"height":200},"classes":[]},{"id":25990,"url":"http:\/\/batimedianews.com\/live\/index.php\/2023\/02\/02\/planeo-28les-nouveaux-volets-battants-pvc-franciaflex-qui-donnent-le-ton\/","url_meta":{"origin":41229,"position":5},"title":"PLANEO 28,les nouveaux volets battants PVC FRANCIAFLEX qui donnent le ton","date":"2 f\u00e9vrier 2023","format":false,"excerpt":"Etanch\u00e9it\u00e9, isolation, acoustique, s\u00e9curit\u00e9 et esth\u00e9tique, le volet PLANEO 28 cumule les performances et s'adapte \u00e0 toutes les tailles de fen\u00eatres. Ses atouts sont nombreux qu'ils soient techniques ou d\u00e9coratifs. Sur tous les points, Franciaflex a opt\u00e9 pour la qualit\u00e9 : panneaux isolants, assemblage avec U p\u00e9riph\u00e9rique de finition, ou\u2026","rel":"","context":"Dans &quot;Actualit\u00e9 Entreprises&quot;","img":{"alt_text":"","src":"https:\/\/i2.wp.com\/batimedianews.com\/live\/wp-content\/uploads\/2023\/02\/Franciaflex-Article.jpg?fit=1080%2C1080&resize=350%2C200","width":350,"height":200},"classes":[]}],"_links":{"self":[{"href":"http:\/\/batimedianews.com\/live\/index.php\/wp-json\/wp\/v2\/posts\/41229"}],"collection":[{"href":"http:\/\/batimedianews.com\/live\/index.php\/wp-json\/wp\/v2\/posts"}],"about":[{"href":"http:\/\/batimedianews.com\/live\/index.php\/wp-json\/wp\/v2\/types\/post"}],"author":[{"embeddable":true,"href":"http:\/\/batimedianews.com\/live\/index.php\/wp-json\/wp\/v2\/users\/41"}],"replies":[{"embeddable":true,"href":"http:\/\/batimedianews.com\/live\/index.php\/wp-json\/wp\/v2\/comments?post=41229"}],"version-history":[{"count":2,"href":"http:\/\/batimedianews.com\/live\/index.php\/wp-json\/wp\/v2\/posts\/41229\/revisions"}],"predecessor-version":[{"id":41315,"href":"http:\/\/batimedianews.com\/live\/index.php\/wp-json\/wp\/v2\/posts\/41229\/revisions\/41315"}],"wp:featuredmedia":[{"embeddable":true,"href":"http:\/\/batimedianews.com\/live\/index.php\/wp-json\/wp\/v2\/media\/41236"}],"wp:attachment":[{"href":"http:\/\/batimedianews.com\/live\/index.php\/wp-json\/wp\/v2\/media?parent=41229"}],"wp:term":[{"taxonomy":"category","embeddable":true,"href":"http:\/\/batimedianews.com\/live\/index.php\/wp-json\/wp\/v2\/categories?post=41229"},{"taxonomy":"post_tag","embeddable":true,"href":"http:\/\/batimedianews.com\/live\/index.php\/wp-json\/wp\/v2\/tags?post=41229"}],"curies":[{"name":"wp","href":"https:\/\/api.w.org\/{rel}","templated":true}]}}