{"id":41828,"date":"2024-12-09T10:40:25","date_gmt":"2024-12-09T09:40:25","guid":{"rendered":"http:\/\/batimedianews.com\/live\/?p=41828"},"modified":"2025-04-08T20:34:49","modified_gmt":"2025-04-08T18:34:49","slug":"schneider-electric-a-contribue-a-la-restauration-de-la-cathedrale-notre-dame-de-paris","status":"publish","type":"post","link":"http:\/\/batimedianews.com\/live\/index.php\/2024\/12\/09\/schneider-electric-a-contribue-a-la-restauration-de-la-cathedrale-notre-dame-de-paris\/","title":{"rendered":"Schneider Electric a contribu\u00e9 \u00e0 la restauration de la cath\u00e9drale Notre Dame de Paris"},"content":{"rendered":"\n<ul class=\"has-text-color has-medium-font-size\" style=\"color:#27c204\"><li>\u2022 Schneider Electric m\u00e9c\u00e8ne de solutions de pointe pour la gestion de l\u2019\u00e9nergie et de la s\u00e9curisation de l\u2019installation&nbsp;<\/li><li>\u2022 Une action embl\u00e9matique de la capacit\u00e9 de Schneider Electric \u00e0 se mobiliser pour un monument historique multis\u00e9culaire&nbsp;<\/li><li>\u2022 Un projet r\u00e9ussi gr\u00e2ce \u00e0 l\u2019ing\u00e9niosit\u00e9 des solutions trouv\u00e9es pour int\u00e9grer la logistique et les contraintes complexes rencontr\u00e9es sur le site&nbsp;<\/li><\/ul>\n\n\n\n<p>&nbsp;<strong>Rueil Malmaison, le 5 d\u00e9cembre 2024 \u2013 <\/strong>Schneider Electric, leader de la transformation num\u00e9rique, de la gestion de l\u2019\u00e9nergie et des automatismes, est heureux et fier d\u2019avoir contribu\u00e9 via du m\u00e9c\u00e9nat \u00e0 la restauration de la cath\u00e9drale Notre Dame de Paris r\u00e9ouverte ce jour.&nbsp;<\/p>\n\n\n\n<p>Les travaux ont permis de s\u00e9curiser et de monitorer l\u2019installation \u00e9lectrique du site. La GTB permet, elle, de piloter et d\u2019optimiser la consommation \u00e9nerg\u00e9tique du monument, faisant entrer les innovations du XXI\u00e8me si\u00e8cle dans cette cath\u00e9drale qui repr\u00e9sente un des sommets de l\u2019art m\u00e9di\u00e9val, class\u00e9e au patrimoine mondial de l\u2019UNESCO depuis 1991.&nbsp;<\/p>\n\n\n\n<p>L\u2019incendie qui a gravement touch\u00e9 la cath\u00e9drale le 15 avril 2019 a suscit\u00e9 un extraordinaire \u00e9lan de solidarit\u00e9 auquel Schneider Electric a souhait\u00e9 s\u2019associer. \u00ab <em>C\u2019est une \u00e9vidence pour Schneider Electric de s\u2019engager dans des actions de ce type pour des lieux embl\u00e9matiques et prestigieux, comme nous l\u2019avons fait par le pass\u00e9 pour la Com\u00e9die Fran\u00e7aise ou la station Antarctique, <\/em>\u00bb souligne Gilles Vermot-Desroches, Directeur Citoyennet\u00e9 et Affaires Institutionnelles de Schneider Electric.&nbsp;<\/p>\n\n\n\n<p class=\"has-text-color\" style=\"color:#27c204\">&nbsp;<strong>Des innovations au service du futur&nbsp;<\/strong><\/p>\n\n\n\n<p>C\u2019est \u00e0 travers une convention de m\u00e9c\u00e9nat que Schneider Electric a apport\u00e9 son expertise, des produits et des solutions. Le Groupe a ainsi fourni l\u2019ensemble du mat\u00e9riel n\u00e9cessaire pour l\u2019alimentation \u00e9lectrique du site et \u00e0 sa s\u00e9curisation (cellules HTA 20 kV, transformateur 20 kV\/410V 1250kVA, tableaux \u00e9lectriques g\u00e9n\u00e9raux et divisionnaires, onduleurs, \u00e9clairages de s\u00e9curit\u00e9, appareillages, etc.), ainsi que les outils n\u00e9cessaires \u00e0 la gestion technique du b\u00e2timent, qui permet de monitorer le fonctionnement du r\u00e9seau et piloter les consommations (automates, capteurs, contr\u00f4leurs, bus de communication\u2026).&nbsp;<\/p>\n\n\n\n<p>En plus du mat\u00e9riel, Schneider Electric assure une part de la maintenance de la distribution \u00e9lectrique ainsi qu\u2019une part de l\u2019ing\u00e9nierie, de l\u2019\u00e9tude, de la mise en service et de la programmation des syst\u00e8mes install\u00e9s et la formation des futurs utilisateurs.&nbsp;<\/p>\n\n\n\n<p class=\"has-text-color\" style=\"color:#27c204\">&nbsp;<strong>Pr\u00e9vention incendie de pointe&nbsp;<\/strong><\/p>\n\n\n\n<p>Pour assurer la surveillance incendie, l\u2019\u00e9quipe projet a choisi des solutions de pointe :&nbsp;<\/p>\n\n\n\n<ul><li>\u2022 Des blocs additionnels de protection renforc\u00e9e et pr\u00e9vention incendie (Acti9 Active AFDD) pour les circuits de prises&nbsp;<\/li><li>\u2022 Des capteurs d&rsquo;\u00e9chauffement des c\u00e2bles (HeatTag) dans toutes les armoires \u00e9lectriques.&nbsp;<\/li><\/ul>\n\n\n\n<p>Ces deux innovations permettent de surveiller en continu le bon fonctionnement de l\u2019installation et envoient des alertes en cas de d\u00e9gradation avant m\u00eame la survenue d\u2019un probl\u00e8me.&nbsp;<\/p>\n\n\n\n<p>Avec l\u2019incendie, l\u2019ancienne installation \u00e9lectrique \u00e9tait devenue inutilisable. Et sans \u00e9lectricit\u00e9, impossible de rouvrir. Le nouveau r\u00e9seau assure la distribution et la s\u00e9curisation de l\u2019\u00e9nergie et int\u00e8gre des solutions innovantes et technologies de pointe qui vont permettre une gestion raisonn\u00e9e de la consommation \u00e9lectrique et contribuent \u00e0 assurer la s\u00e9curit\u00e9 de la cath\u00e9drale.&nbsp;<\/p>\n\n\n\n<p class=\"has-text-color\" style=\"color:#27c204\"><strong>Un engagement de tous&nbsp;<\/strong><\/p>\n\n\n\n<p>L\u2019\u00e9quipe projet a d\u00fb faire face \u00e0 de nombreuses probl\u00e9matiques techniques qui ont n\u00e9cessit\u00e9 beaucoup d\u2019ing\u00e9niosit\u00e9 et de pr\u00e9paration.&nbsp;<\/p>\n\n\n\n<p>L\u2019une d\u2019elles a \u00e9t\u00e9 la livraison et l\u2019installation du transformateur TRIHAL connect\u00e9, \u00e9l\u00e9ment clef de l\u2019alimentation \u00e9lectrique de la cath\u00e9drale, d\u00e9but 2024. Livr\u00e9 en camion puis grut\u00e9 sur le site au-dessus du chantier, ce bloc de 3,2 tonnes a \u00e9t\u00e9 ensuite descendu \u00e0 sa place, au sous-sol du presbyt\u00e8re, via un palan. Une \u00e9tude sp\u00e9cifique avait d\u00fb \u00eatre r\u00e9alis\u00e9e pour l\u2019\u00e9lingage.&nbsp;<\/p>\n\n\n\n<p>Une autre a \u00e9t\u00e9 l\u2019installation d\u2019un poste haute tension dans un sous-sol, dans une cave vo\u00fbt\u00e9e, avec des contraintes d&rsquo;espace tr\u00e8s complexes r\u00e9solues gr\u00e2ce \u00e0 des \u00e9quipements et un accompagnement sur mesure.&nbsp;<\/p>\n\n\n\n<p>\u00ab <em>C\u2019est un chantier pour lequel la logistique a \u00e9t\u00e9 assez complexe et n\u00e9cessitait une excellente coordination avec les autres acteurs sur place<\/em>, \u00bb souligne C\u00e9dric Larcher, Responsable R\u00e9gionale du Centre d\u2019Application Distribution Electrique chez Schneider Electric France et en charge du pilotage, de la r\u00e9alisation et du suivi du chantier.&nbsp;<\/p>\n\n\n\n<p>Outre les infrastructures fournies, une soixantaine de salari\u00e9s (des ouvriers dans les usines aux designers de r\u00e9seau sur le chantier) ont apport\u00e9 leur savoir-faire au titre du m\u00e9c\u00e9nat de comp\u00e9tences. Et Schneider Electric a aussi entra\u00een\u00e9 dans son m\u00e9c\u00e9nat des entreprises partenaires \u00e0 l\u2019image du tableautier Ateliers Electriques de France (94) qui a int\u00e9gr\u00e9 l\u2019armoire g\u00e9n\u00e9rale basse-tension, de FBS Electricit\u00e9 (76) qui a particip\u00e9 \u00e0 l\u2019installation du poste haute-tension, d\u2019ERM (27) qui a cr\u00e9\u00e9 des structures de supportages sp\u00e9cifiques ou de Transport Avex (94) qui a assur\u00e9 la manutention tr\u00e8s d\u00e9licate dans les sous-sols du presbyt\u00e8re.&nbsp;<\/p>\n\n\n\n<p class=\"has-small-font-size\"><strong>\u00c0 propos de Schneider Electric&nbsp;<\/strong><\/p>\n\n\n\n<p class=\"has-small-font-size\">La raison d&rsquo;\u00eatre de Schneider est de <strong>cr\u00e9er un Impact <\/strong>en permettant \u00e0 chacun de <strong>tirer le meilleur de son \u00e9nergie et de ses ressources<\/strong>, afin de concilier progr\u00e8s et d\u00e9veloppement durable. Nous nommons cette ambition : <strong>Life Is On<\/strong>.&nbsp;<\/p>\n\n\n\n<p class=\"has-small-font-size\">Notre mission est d\u2019\u00eatre le partenaire de confiance <strong>du d\u00e9veloppement durable et de l\u2019efficacit\u00e9 <\/strong>de nos clients.&nbsp;<\/p>\n\n\n\n<p class=\"has-small-font-size\">Nous sommes un <strong>leader mondial de la technologie industrielle <\/strong>avec une expertise de r\u00e9f\u00e9rence dans l&rsquo;\u00e9lectrification, l&rsquo;automatisation et la digitalisation des <strong>industries <\/strong>intelligentes, des <strong>infrastructures <\/strong>r\u00e9silientes, des <strong>centres de donn\u00e9es <\/strong>durables, des <strong>b\u00e2timents <\/strong>intelligents et des <strong>maisons <\/strong>intuitives. Gr\u00e2ce \u00e0 notre profonde expertise m\u00e9tier, nous proposons des solutions IoT bas\u00e9es sur l&rsquo;IA, int\u00e9grant produits connect\u00e9s, automatismes, logiciels et services sur l&rsquo;ensemble du cycle de vie des activit\u00e9s industrielles, pour cr\u00e9er des jumeaux num\u00e9riques et g\u00e9n\u00e9rer une croissance rentable <strong>pour nos clients<\/strong>.&nbsp;<\/p>\n\n\n\n<p class=\"has-small-font-size\">Nous sommes une <strong>entreprise humaine <\/strong>rassemblant un \u00e9cosyst\u00e8me de 150 000 collaborateurs et de plus d&rsquo;un million de partenaires dans plus de 100 pays au plus proche de nos clients et de nos parties prenantes. Nous pla\u00e7ons <strong>la diversit\u00e9 et l&rsquo;inclusion <\/strong>au coeur de tout ce que nous faisons, guid\u00e9s par notre volont\u00e9 profonde de contribuer \u00e0 <strong>un futur durable pour tous<\/strong>.&nbsp;<\/p>\n","protected":false},"excerpt":{"rendered":"<p>\u2022 Schneider Electric m\u00e9c\u00e8ne de solutions de pointe pour la gestion de l\u2019\u00e9nergie et de la s\u00e9curisation de l\u2019installation&nbsp; \u2022 Une action embl\u00e9matique de la capacit\u00e9 de Schneider Electric \u00e0 se mobiliser pour un monument historique multis\u00e9culaire&nbsp; \u2022 Un projet r\u00e9ussi gr\u00e2ce \u00e0 l\u2019ing\u00e9niosit\u00e9 des solutions trouv\u00e9es pour int\u00e9grer la logistique et les contraintes complexes [&hellip;]<\/p>\n","protected":false},"author":41,"featured_media":41829,"comment_status":"open","ping_status":"open","sticky":false,"template":"","format":"standard","meta":{"spay_email":""},"categories":[4,1694,1145,77,111,923],"tags":[],"jetpack_featured_media_url":"https:\/\/i0.wp.com\/batimedianews.com\/live\/wp-content\/uploads\/2024\/12\/Schneider-articles-.jpg?fit=1513%2C825","jetpack_sharing_enabled":true,"jetpack_likes_enabled":true,"jetpack-related-posts":[{"id":41540,"url":"http:\/\/batimedianews.com\/live\/index.php\/2024\/11\/20\/schneider-electric-presente-ecostruxure-building-activate-une-nouvelle-generation-de-gtb-concue-pour-les-petits-et-moyens-batiments\/","url_meta":{"origin":41828,"position":0},"title":"Schneider Electric pr\u00e9sente EcoStruxure\u2122 Building Activate, une nouvelle g\u00e9n\u00e9ration de GTB con\u00e7ue pour les petits et moyens b\u00e2timents","date":"20 novembre 2024","format":false,"excerpt":"\u2022 Un co\u00fbt d\u2019investissement jusqu\u2019\u00e0 70% inf\u00e9rieur aux GTB traditionnelles\u00a0\u2022 Une solution rentable : r\u00e9duction des co\u00fbts \u00e9nerg\u00e9tiques de pr\u00e8s de 40% pour un retour sur investissement inf\u00e9rieur \u00e0 2 ans\u00a0\u2022 Une efficacit\u00e9 op\u00e9rationnelle accrue en limitant les interventions sur site gr\u00e2ce \u00e0 la supervision \u00e0 distance\u00a0 \u00a0Rueil Malmaison, 12\u2026","rel":"","context":"Dans &quot;Actualit\u00e9 Entreprises&quot;","img":{"alt_text":"","src":"https:\/\/i0.wp.com\/batimedianews.com\/live\/wp-content\/uploads\/2024\/11\/SchneiderElectric-articles-.jpg?fit=825%2C825&resize=350%2C200","width":350,"height":200},"classes":[]},{"id":35914,"url":"http:\/\/batimedianews.com\/live\/index.php\/2024\/03\/05\/light-building-2024-schneider-electric-prospere-et-presente-quatre-innovations\/","url_meta":{"origin":41828,"position":1},"title":"Light + Building 2024 : Schneider Electric prosp\u00e8re et pr\u00e9sente quatre innovations","date":"5 mars 2024","format":false,"excerpt":"Pascal Poggi pour Batim\u00e9dia La devise de Schneider Electric \u00e0 Light + Building 2024 est \u00ab\u00a0Concevoir, Installer, Exploiter\u00a0\u00bb (Plan, Build, Operate) et six marques du groupe sont pr\u00e9sentes\u00a0: Merte,, Ritto, ABN, APC et etap, mais les grandes nouveaut\u00e9s sont un nouvel HEMS, un nouveau disjoncteur, la croissance de son \u00e9cosyst\u00e8me\u2026","rel":"","context":"Dans &quot;Actualit\u00e9 Entreprises&quot;","img":{"alt_text":"","src":"https:\/\/i2.wp.com\/batimedianews.com\/live\/wp-content\/uploads\/2024\/03\/L3-image--scaled.jpeg?fit=1200%2C1200&resize=350%2C200","width":350,"height":200},"classes":[]},{"id":41618,"url":"http:\/\/batimedianews.com\/live\/index.php\/2024\/11\/26\/schneider-electric-a-equipe-le-siege-social-du-syndicat-denergies-de-la-manche-dinnovations-energetiques-de-pointe\/","url_meta":{"origin":41828,"position":2},"title":"Schneider Electric a \u00e9quip\u00e9 le si\u00e8ge social du syndicat d\u2019\u00e9nergies de la Manche d\u2019innovations \u00e9nerg\u00e9tiques de pointe","date":"26 novembre 2024","format":false,"excerpt":"\u2022 Des solutions pour r\u00e9duire au maximum l\u2019empreinte \u00e9nerg\u00e9tique du site\u00a0\u2022 Un bureau d\u2019\u00e9tudes int\u00e9grateur syst\u00e8me qui rel\u00e8ve le d\u00e9fi des technologies innovantes accompagn\u00e9 par les experts Schneider Electric\u00a0\u2022 Une b\u00e2timent vitrine des possibilit\u00e9s dans le tertiaire\u00a0 \u00a0Rueil Malmaison, 21 novembre 2024 \u2013 Schneider Electric, leader de la transformation num\u00e9rique,\u2026","rel":"","context":"Dans &quot;Actualit\u00e9 Entreprises&quot;","img":{"alt_text":"","src":"https:\/\/i0.wp.com\/batimedianews.com\/live\/wp-content\/uploads\/2024\/11\/Schneider-articles-.jpg?fit=825%2C825&resize=350%2C200","width":350,"height":200},"classes":[]},{"id":36750,"url":"http:\/\/batimedianews.com\/live\/index.php\/2024\/04\/07\/schneider-electric-lance-resi9-energy-center-une-solution-elegante-pour-moderniser-les-tableaux-electriques-existants\/","url_meta":{"origin":41828,"position":3},"title":"Schneider Electric lance Resi9 Energy Center, une solution \u00e9l\u00e9gante pour moderniser les tableaux \u00e9lectriques existants","date":"7 avril 2024","format":false,"excerpt":"Pascal Poggi Pour Batim\u00e9dia Le probl\u00e8me est simple\u00a0: dans une maison existante, le tableau \u00e9lectrique, install\u00e9 il y a des ann\u00e9es, n\u2019est pas con\u00e7u pour alimenter un chargeur de v\u00e9hicule \u00e9lectrique, g\u00e9rer une production photovolta\u00efque et un stockage d\u2019\u00e9lectricit\u00e9, alimenter une pompe \u00e0 chaleur, etc. Resi9 s\u2019en charge, sans modifier\u2026","rel":"","context":"Dans &quot;Electricit\u00e9&quot;","img":{"alt_text":"","src":"https:\/\/i2.wp.com\/batimedianews.com\/live\/wp-content\/uploads\/2024\/04\/02schneider_image-scaled.jpeg?fit=1200%2C1200&resize=350%2C200","width":350,"height":200},"classes":[]},{"id":49549,"url":"http:\/\/batimedianews.com\/live\/index.php\/2026\/03\/09\/le-groupe-borini-poursuit-lelectrification-de-sa-flotte-avec-laccompagnement-de-sowatt-solutions-et-de-schneider-electric\/","url_meta":{"origin":41828,"position":4},"title":"Le groupe BORINI poursuit l\u2019\u00e9lectrification de sa flotte avec l\u2019accompagnement de Sowatt Solutions et de Schneider Electric","date":"9 mars 2026","format":false,"excerpt":"Rueil Malmaison, 3 mars 2026- \u2013 Pour les acteurs du transport, l\u2019\u00e9lectrification de la mobilit\u00e9 est plus que jamais un sujet d\u2019actualit\u00e9 et devient un enjeu majeur, aussi bien \u00e9conomique qu\u2019environnemental. Le transport collectif de personnes ne fait pas exception. Pour supporter cette transition, le nombre d\u2019infrastructures de recharge pour\u2026","rel":"","context":"Dans &quot;Actualit\u00e9 Entreprises&quot;","img":{"alt_text":"","src":"https:\/\/i0.wp.com\/batimedianews.com\/live\/wp-content\/uploads\/2026\/03\/Schneider.jpg?fit=825%2C825&resize=350%2C200","width":350,"height":200},"classes":[]},{"id":39555,"url":"http:\/\/batimedianews.com\/live\/index.php\/2024\/09\/11\/schneider-electric-resume-la-nouvelle-version-de-la-norme-nf-c-15-100-pour-faciliter-sa-mise-en-oeuvre\/","url_meta":{"origin":41828,"position":5},"title":"Schneider Electric r\u00e9sume la nouvelle version de la norme NF C 15-100 pour faciliter sa mise en oeuvre","date":"11 septembre 2024","format":false,"excerpt":"\u25cf Une nouvelle version de la norme NF C 15-100 appliqu\u00e9e aux installations basse tension, neuves ou r\u00e9nov\u00e9es.\u00a0\u25cf Elle s\u2019adresse \u00e0 tous les m\u00e9tiers de la fili\u00e8re : \u00e9lectriciens, installateurs, prescripteur du logement, tableautiers ou encore bureaux d\u2019\u00e9tudes.\u00a0\u25cf Schneider Electric leur apporte son aide et son expertise dans la mise\u2026","rel":"","context":"Dans &quot;Actualit\u00e9 Entreprises&quot;","img":{"alt_text":"","src":"https:\/\/i0.wp.com\/batimedianews.com\/live\/wp-content\/uploads\/2024\/09\/Schneider-articles-.jpg?fit=825%2C825&resize=350%2C200","width":350,"height":200},"classes":[]}],"_links":{"self":[{"href":"http:\/\/batimedianews.com\/live\/index.php\/wp-json\/wp\/v2\/posts\/41828"}],"collection":[{"href":"http:\/\/batimedianews.com\/live\/index.php\/wp-json\/wp\/v2\/posts"}],"about":[{"href":"http:\/\/batimedianews.com\/live\/index.php\/wp-json\/wp\/v2\/types\/post"}],"author":[{"embeddable":true,"href":"http:\/\/batimedianews.com\/live\/index.php\/wp-json\/wp\/v2\/users\/41"}],"replies":[{"embeddable":true,"href":"http:\/\/batimedianews.com\/live\/index.php\/wp-json\/wp\/v2\/comments?post=41828"}],"version-history":[{"count":2,"href":"http:\/\/batimedianews.com\/live\/index.php\/wp-json\/wp\/v2\/posts\/41828\/revisions"}],"predecessor-version":[{"id":41839,"href":"http:\/\/batimedianews.com\/live\/index.php\/wp-json\/wp\/v2\/posts\/41828\/revisions\/41839"}],"wp:featuredmedia":[{"embeddable":true,"href":"http:\/\/batimedianews.com\/live\/index.php\/wp-json\/wp\/v2\/media\/41829"}],"wp:attachment":[{"href":"http:\/\/batimedianews.com\/live\/index.php\/wp-json\/wp\/v2\/media?parent=41828"}],"wp:term":[{"taxonomy":"category","embeddable":true,"href":"http:\/\/batimedianews.com\/live\/index.php\/wp-json\/wp\/v2\/categories?post=41828"},{"taxonomy":"post_tag","embeddable":true,"href":"http:\/\/batimedianews.com\/live\/index.php\/wp-json\/wp\/v2\/tags?post=41828"}],"curies":[{"name":"wp","href":"https:\/\/api.w.org\/{rel}","templated":true}]}}