{"id":42084,"date":"2025-01-14T13:46:09","date_gmt":"2025-01-14T12:46:09","guid":{"rendered":"http:\/\/batimedianews.com\/live\/?p=42084"},"modified":"2025-01-14T13:46:11","modified_gmt":"2025-01-14T12:46:11","slug":"guillaume-dabrowski-nomme-president-de-viessmann-france-s-a-s-et-viessmann-industrie-france-s-a-s","status":"publish","type":"post","link":"http:\/\/batimedianews.com\/live\/index.php\/2025\/01\/14\/guillaume-dabrowski-nomme-president-de-viessmann-france-s-a-s-et-viessmann-industrie-france-s-a-s\/","title":{"rendered":"Guillaume Dabrowski nomm\u00e9 Pr\u00e9sident de Viessmann France S.A.S. et Viessmann Industrie France S.A.S."},"content":{"rendered":"\n<div class=\"wp-block-media-text alignwide has-media-on-the-right is-stacked-on-mobile\" style=\"grid-template-columns:auto 29%\"><figure class=\"wp-block-media-text__media\"><img loading=\"lazy\" width=\"662\" height=\"696\" src=\"https:\/\/i2.wp.com\/batimedianews.com\/live\/wp-content\/uploads\/2025\/01\/image-57.png?resize=662%2C696\" alt=\"\" class=\"wp-image-42085 size-full\" srcset=\"https:\/\/i2.wp.com\/batimedianews.com\/live\/wp-content\/uploads\/2025\/01\/image-57.png?w=662 662w, https:\/\/i2.wp.com\/batimedianews.com\/live\/wp-content\/uploads\/2025\/01\/image-57.png?resize=768%2C807 768w, https:\/\/i2.wp.com\/batimedianews.com\/live\/wp-content\/uploads\/2025\/01\/image-57.png?resize=10%2C10 10w, https:\/\/i2.wp.com\/batimedianews.com\/live\/wp-content\/uploads\/2025\/01\/image-57.png?resize=432%2C454 432w, https:\/\/i2.wp.com\/batimedianews.com\/live\/wp-content\/uploads\/2025\/01\/image-57.png?resize=396%2C416 396w, https:\/\/i2.wp.com\/batimedianews.com\/live\/wp-content\/uploads\/2025\/01\/image-57.png?resize=660%2C694 660w\" sizes=\"(max-width: 600px) 91vw, (max-width: 900px) 600px, (max-width: 1060px) 50vw, (max-width: 1200px) 520px, (max-width: 1400px) 43vw, 600px\" data-recalc-dims=\"1\" \/><\/figure><div class=\"wp-block-media-text__content\">\n<p><strong>Guillaume Dabrowski vient d\u2019\u00eatre nomm\u00e9 \u00e0 la pr\u00e9sidence des entit\u00e9s Viessmann France S.A.S. et Viessmann Industrie France S.A.S.&nbsp;<\/strong><\/p>\n\n\n\n<p>Pr\u00e9cisons qu\u2019il assurera \u00e9galement la fonction de Directeur Commercial des diff\u00e9rentes marques dans la zone Sud- Ouest Europe (France, Espagne et Portugal) pour l\u2019activit\u00e9 de distribution commerciale et de services.&nbsp;<\/p>\n\n\n\n<p>Fort d\u2019une exp\u00e9rience de plus de 20 ans sur le march\u00e9 du HVAC (Heating, Ventilation and Air-Conditioning), Guillaume Dabrowski a occup\u00e9, au cours de son parcours professionnel, diff\u00e9rents postes \u00e0 responsabilit\u00e9s.&nbsp;<\/p>\n\n\n\n<p>Guillaume Dabrowski de pr\u00e9ciser :&nbsp;<\/p>\n\n\n\n<p><em>\u00ab Viessmann jouit d\u2019une \u00e9norme cr\u00e9dibilit\u00e9 sur le march\u00e9 du HVAC, d\u2019une excellence technologique, d\u2019offres innovantes et d\u2019une expertise op\u00e9rationnelle reconnue. Je suis enthousiaste \u00e0 l\u2019id\u00e9e de rejoindre Viessmann et j\u2019ai h\u00e2te de travailler avec nos \u00e9quipes, nos clients et nos partenaires pour d\u00e9velopper nos forces et mener l\u2019entreprise vers des sommets de r\u00e9ussite encore plus \u00e9lev\u00e9s \u00bb.&nbsp;<\/em><\/p>\n<\/div><\/div>\n\n\n\n<p class=\"has-background has-small-font-size\" style=\"background-color:#d3d4d6\">&nbsp;Nous sommes Viessmann Climate Solutions. Fond\u00e9 en 1917 en tant que fabricant de technologies de chauffage et faisant d\u00e9sormais partie de Carrier, nous sommes aujourd\u2019hui l\u2019un des principaux fournisseurs mondiaux de solutions efficaces et durables en mati\u00e8re de climat (chaleur, eau et qualit\u00e9 de l\u2019air) et d\u2019\u00e9nergies renouvelables pour les secteurs r\u00e9sidentiels et commerciaux. Notre offre de solutions int\u00e9gr\u00e9es connecte de mani\u00e8re transparente les produits et les syst\u00e8mes via des plateformes et services num\u00e9riques \u00e0 une solution climatique et \u00e9nerg\u00e9tique globale, cr\u00e9ant ainsi un climat de bien-\u00eatre s\u00fbr et fiable pour nos utilisateurs. Toutes les activit\u00e9s sont motiv\u00e9es par l\u2019objectif de notre entreprise : \u00ab Nous cr\u00e9ons des espaces de vie pour les g\u00e9n\u00e9rations futures. \u00bb C\u2019est la responsabilit\u00e9 que nous assumons chaque jour avec nos partenaires.&nbsp;<\/p>\n","protected":false},"excerpt":{"rendered":"<p>Guillaume Dabrowski vient d\u2019\u00eatre nomm\u00e9 \u00e0 la pr\u00e9sidence des entit\u00e9s Viessmann France S.A.S. et Viessmann Industrie France S.A.S.&nbsp; Pr\u00e9cisons qu\u2019il assurera \u00e9galement la fonction de Directeur Commercial des diff\u00e9rentes marques dans la zone Sud- Ouest Europe (France, Espagne et Portugal) pour l\u2019activit\u00e9 de distribution commerciale et de services.&nbsp; Fort d\u2019une exp\u00e9rience de plus de 20 [&hellip;]<\/p>\n","protected":false},"author":41,"featured_media":42086,"comment_status":"open","ping_status":"open","sticky":true,"template":"","format":"standard","meta":{"spay_email":""},"categories":[4,31,88],"tags":[],"jetpack_featured_media_url":"https:\/\/i1.wp.com\/batimedianews.com\/live\/wp-content\/uploads\/2025\/01\/Viessmann-articles-.jpg?fit=1513%2C825","jetpack_sharing_enabled":true,"jetpack_likes_enabled":true,"jetpack-related-posts":[{"id":45657,"url":"http:\/\/batimedianews.com\/live\/index.php\/2025\/06\/26\/voyage-viessmann-du-18-juin\/","url_meta":{"origin":42084,"position":0},"title":"Viessmann, support \u00e0 la prescription et outils digitaux","date":"26 juin 2025","format":false,"excerpt":"Viessmann Climate Solutions France pr\u00e9sente son organisation de support \u00e0 la prescription d\u00e9di\u00e9e aux march\u00e9s r\u00e9sidentiel collectif et petit tertiaire avec la sp\u00e9cialisation de son acad\u00e9mie de Lieusaint \/Paris et sa cellule PEP (P\u00f4le Etudes & Prescription), ainsi que ses outils digitaux ViGuidePro et le support \u00e0 l\u2019obtention des aides\u2026","rel":"","context":"Dans &quot;Actualit\u00e9 Entreprises&quot;","img":{"alt_text":"","src":"https:\/\/i1.wp.com\/batimedianews.com\/live\/wp-content\/uploads\/2025\/06\/Viessmann.jpg?fit=825%2C825&resize=350%2C200","width":350,"height":200},"classes":[]},{"id":33200,"url":"http:\/\/batimedianews.com\/live\/index.php\/2023\/11\/21\/federation-francaise-de-ski-et-viessmann-un-partenariat-pour-le-climat-jusquen-2026\/","url_meta":{"origin":42084,"position":1},"title":"F\u00e9d\u00e9ration Fran\u00e7aise de Ski et Viessmann : un partenariat pour le climat jusqu&rsquo;en 2026","date":"21 novembre 2023","format":false,"excerpt":"\u25cf Partenaire climatique officiel de l\u2019ensemble des \u00e9quipes de France de ski nordique jusqu\u2019en 2026 \u25cf Grand engagement en faveur de la durabilit\u00e9 gr\u00e2ce \u00e0 un savoir-faire en mati\u00e8re de solutions climatiques Faulquemont, le 20 novembre 2023 - Viessmann France s\u2019engage dans la grande famille du ski en devenant partenaire\u2026","rel":"","context":"Dans &quot;Actualit\u00e9 Entreprises&quot;","img":{"alt_text":"","src":"https:\/\/i0.wp.com\/batimedianews.com\/live\/wp-content\/uploads\/2023\/11\/Viessmann-Image-articles-1-1.jpg?fit=825%2C825&resize=350%2C200","width":350,"height":200},"classes":[]},{"id":47628,"url":"http:\/\/batimedianews.com\/live\/index.php\/2025\/10\/29\/viessmann-climate-solutions-france-presente-son-offre-de-services-apres-vente-dediee-au-marche-residentiel-individuel\/","url_meta":{"origin":42084,"position":2},"title":"Viessmann Climate Solutions France pr\u00e9sente son offre de services apr\u00e8s-vente d\u00e9di\u00e9e au march\u00e9 r\u00e9sidentiel individuel.","date":"29 octobre 2025","format":false,"excerpt":"Viessmann Climate Solutions France pr\u00e9sente son offre de services apr\u00e8s-vente d\u00e9di\u00e9e au march\u00e9 r\u00e9sidentiel individuel. Cette initiative vise \u00e0 attirer de nouveaux installateurs et \u00e0 soutenir la performance des membres du r\u00e9seau historique de partenaires Proactif. Rennes Salon Artibat, conf\u00e9rence 22 octobre 2025 \u201c Central dans la satisfaction des clients\u2026","rel":"","context":"Dans &quot;Actualit\u00e9 Entreprises&quot;","img":{"alt_text":"","src":"https:\/\/i1.wp.com\/batimedianews.com\/live\/wp-content\/uploads\/2025\/10\/Viessmann.jpg?fit=825%2C825&resize=350%2C200","width":350,"height":200},"classes":[]},{"id":48513,"url":"http:\/\/batimedianews.com\/live\/index.php\/2025\/12\/15\/carrier-viessmann-une-alliance-mondiale-pour-accelerer-la-transition-energetique\/","url_meta":{"origin":42084,"position":3},"title":"Carrier &#038; Viessmann\u2013Une alliance mondiale pour acc\u00e9l\u00e9rer la transition \u00e9nerg\u00e9tique","date":"15 d\u00e9cembre 2025","format":false,"excerpt":"\u00c0 l\u2019occasion d\u2019Artibat 2025, Batim\u00e9dia Live part \u00e0 la rencontre des industriels, fabricants et acteurs cl\u00e9s du b\u00e2timent pour une s\u00e9rie d\u2019interviews et de reportages tourn\u00e9s au c\u0153ur du salon. Objectif : mettre en lumi\u00e8re les innovations, les d\u00e9marches strat\u00e9giques et les services qui accompagnent la transition \u00e9nerg\u00e9tique et la\u2026","rel":"","context":"Dans &quot;Artibat 2025&quot;","img":{"alt_text":"","src":"https:\/\/i1.wp.com\/batimedianews.com\/live\/wp-content\/uploads\/2025\/12\/Viessmann-couv.png?fit=907%2C513&resize=350%2C200","width":350,"height":200},"classes":[]},{"id":43765,"url":"http:\/\/batimedianews.com\/live\/index.php\/2025\/03\/24\/viessmann-climate-solutions-presente-sa-strategie-multimarque-pendant-lish-a-francfort\/","url_meta":{"origin":42084,"position":4},"title":"Viessmann Climate Solutions pr\u00e9sente sa strat\u00e9gie multimarque pendant l&rsquo;ISH \u00e0 Francfort","date":"24 mars 2025","format":false,"excerpt":"Photo 1 : Viessmann Climate Solutions fait partie de Carrier Global Corporation, fournisseur leader mondial de solutions dans le domaine de la climatisation et de l\u2019\u00e9nergie.\u00a0 \u25cf Premi\u00e8re mondiale : Viessmann pr\u00e9sente pour la premi\u00e8re fois sa strat\u00e9gie multimarques au salon ISH de Francfort\u00a0\u25cf Le \u00ab Programme System Profi \u00bb\u2026","rel":"","context":"Dans &quot;Actualit\u00e9 Entreprises&quot;","img":{"alt_text":"","src":"https:\/\/i0.wp.com\/batimedianews.com\/live\/wp-content\/uploads\/2025\/03\/Viessmann-articles-.jpg?fit=825%2C825&resize=350%2C200","width":350,"height":200},"classes":[]},{"id":27033,"url":"http:\/\/batimedianews.com\/live\/index.php\/2023\/03\/15\/au-salon-ish-2023-viessmann-devoile-linvisible\/","url_meta":{"origin":42084,"position":5},"title":"Au salon ISH 2023, Viessmann d\u00e9voile l\u2019invisible","date":"15 mars 2023","format":false,"excerpt":"Viessmann propose une nouvelle configuration de mat\u00e9riels pour traiter les besoins d\u2019\u00e9lectricit\u00e9, de chauffage, de ventilation et d\u2019eau chaude sanitaire en maisons individuelles. Pascal Poggi pour Batim\u00e9dia Viessmann a tenu sa grande conf\u00e9rence de presse mardi 14 mars \u00e0 ISH. Il y a fait une annonce frappante\u00a0: toutes ses nouvelles\u2026","rel":"","context":"Dans &quot;Articles et analyses&quot;","img":{"alt_text":"","src":"https:\/\/i1.wp.com\/batimedianews.com\/live\/wp-content\/uploads\/2023\/03\/ISH3.jpeg?fit=1200%2C1200&resize=350%2C200","width":350,"height":200},"classes":[]}],"_links":{"self":[{"href":"http:\/\/batimedianews.com\/live\/index.php\/wp-json\/wp\/v2\/posts\/42084"}],"collection":[{"href":"http:\/\/batimedianews.com\/live\/index.php\/wp-json\/wp\/v2\/posts"}],"about":[{"href":"http:\/\/batimedianews.com\/live\/index.php\/wp-json\/wp\/v2\/types\/post"}],"author":[{"embeddable":true,"href":"http:\/\/batimedianews.com\/live\/index.php\/wp-json\/wp\/v2\/users\/41"}],"replies":[{"embeddable":true,"href":"http:\/\/batimedianews.com\/live\/index.php\/wp-json\/wp\/v2\/comments?post=42084"}],"version-history":[{"count":2,"href":"http:\/\/batimedianews.com\/live\/index.php\/wp-json\/wp\/v2\/posts\/42084\/revisions"}],"predecessor-version":[{"id":42145,"href":"http:\/\/batimedianews.com\/live\/index.php\/wp-json\/wp\/v2\/posts\/42084\/revisions\/42145"}],"wp:featuredmedia":[{"embeddable":true,"href":"http:\/\/batimedianews.com\/live\/index.php\/wp-json\/wp\/v2\/media\/42086"}],"wp:attachment":[{"href":"http:\/\/batimedianews.com\/live\/index.php\/wp-json\/wp\/v2\/media?parent=42084"}],"wp:term":[{"taxonomy":"category","embeddable":true,"href":"http:\/\/batimedianews.com\/live\/index.php\/wp-json\/wp\/v2\/categories?post=42084"},{"taxonomy":"post_tag","embeddable":true,"href":"http:\/\/batimedianews.com\/live\/index.php\/wp-json\/wp\/v2\/tags?post=42084"}],"curies":[{"name":"wp","href":"https:\/\/api.w.org\/{rel}","templated":true}]}}