{"id":42882,"date":"2025-02-13T09:19:37","date_gmt":"2025-02-13T08:19:37","guid":{"rendered":"http:\/\/batimedianews.com\/live\/?p=42882"},"modified":"2025-02-13T09:19:39","modified_gmt":"2025-02-13T08:19:39","slug":"enduits-mineraux-de-facade-weber-devoile-sa-nouvelle-gamme-de-120-couleurs-les-nuancees","status":"publish","type":"post","link":"http:\/\/batimedianews.com\/live\/index.php\/2025\/02\/13\/enduits-mineraux-de-facade-weber-devoile-sa-nouvelle-gamme-de-120-couleurs-les-nuancees\/","title":{"rendered":"Enduits min\u00e9raux de fa\u00e7ade : WEBER d\u00e9voile sa nouvelle gamme de 120 couleurs, les nuanc\u00e9es"},"content":{"rendered":"\n<figure class=\"wp-block-gallery columns-2 is-cropped\"><ul class=\"blocks-gallery-grid\"><li class=\"blocks-gallery-item\"><figure><img loading=\"lazy\" width=\"720\" height=\"720\" src=\"https:\/\/i1.wp.com\/batimedianews.com\/live\/wp-content\/uploads\/2025\/02\/1-WEBER-OFFRE-COULEURS-2025.jpg?resize=720%2C720\" alt=\"\" data-id=\"42883\" data-full-url=\"http:\/\/batimedianews.com\/live\/wp-content\/uploads\/2025\/02\/1-WEBER-OFFRE-COULEURS-2025.jpg\" data-link=\"http:\/\/batimedianews.com\/live\/?attachment_id=42883\" class=\"wp-image-42883\" srcset=\"https:\/\/i1.wp.com\/batimedianews.com\/live\/wp-content\/uploads\/2025\/02\/1-WEBER-OFFRE-COULEURS-2025.jpg?resize=1024%2C1024 1024w, https:\/\/i1.wp.com\/batimedianews.com\/live\/wp-content\/uploads\/2025\/02\/1-WEBER-OFFRE-COULEURS-2025.jpg?resize=600%2C600 600w, https:\/\/i1.wp.com\/batimedianews.com\/live\/wp-content\/uploads\/2025\/02\/1-WEBER-OFFRE-COULEURS-2025.jpg?resize=300%2C300 300w, https:\/\/i1.wp.com\/batimedianews.com\/live\/wp-content\/uploads\/2025\/02\/1-WEBER-OFFRE-COULEURS-2025.jpg?resize=1536%2C1536 1536w, https:\/\/i1.wp.com\/batimedianews.com\/live\/wp-content\/uploads\/2025\/02\/1-WEBER-OFFRE-COULEURS-2025.jpg?resize=2048%2C2048 2048w, https:\/\/i1.wp.com\/batimedianews.com\/live\/wp-content\/uploads\/2025\/02\/1-WEBER-OFFRE-COULEURS-2025.jpg?resize=10%2C10 10w\" sizes=\"(max-width: 600px) 91vw, (max-width: 900px) 600px, (max-width: 1060px) 50vw, (max-width: 1200px) 520px, (max-width: 1400px) 43vw, 600px\" data-recalc-dims=\"1\" \/><\/figure><\/li><li class=\"blocks-gallery-item\"><figure><img loading=\"lazy\" width=\"720\" height=\"720\" src=\"https:\/\/i2.wp.com\/batimedianews.com\/live\/wp-content\/uploads\/2025\/02\/3-WEBER-OFFRE-COULEURS-2025.jpg?resize=720%2C720\" alt=\"\" data-id=\"42884\" data-full-url=\"http:\/\/batimedianews.com\/live\/wp-content\/uploads\/2025\/02\/3-WEBER-OFFRE-COULEURS-2025.jpg\" data-link=\"http:\/\/batimedianews.com\/live\/?attachment_id=42884\" class=\"wp-image-42884\" srcset=\"https:\/\/i2.wp.com\/batimedianews.com\/live\/wp-content\/uploads\/2025\/02\/3-WEBER-OFFRE-COULEURS-2025.jpg?resize=1024%2C1024 1024w, https:\/\/i2.wp.com\/batimedianews.com\/live\/wp-content\/uploads\/2025\/02\/3-WEBER-OFFRE-COULEURS-2025.jpg?resize=600%2C600 600w, https:\/\/i2.wp.com\/batimedianews.com\/live\/wp-content\/uploads\/2025\/02\/3-WEBER-OFFRE-COULEURS-2025.jpg?resize=300%2C300 300w, https:\/\/i2.wp.com\/batimedianews.com\/live\/wp-content\/uploads\/2025\/02\/3-WEBER-OFFRE-COULEURS-2025.jpg?resize=1536%2C1536 1536w, https:\/\/i2.wp.com\/batimedianews.com\/live\/wp-content\/uploads\/2025\/02\/3-WEBER-OFFRE-COULEURS-2025.jpg?resize=2048%2C2048 2048w, https:\/\/i2.wp.com\/batimedianews.com\/live\/wp-content\/uploads\/2025\/02\/3-WEBER-OFFRE-COULEURS-2025.jpg?resize=10%2C10 10w\" sizes=\"(max-width: 600px) 91vw, (max-width: 900px) 600px, (max-width: 1060px) 50vw, (max-width: 1200px) 520px, (max-width: 1400px) 43vw, 600px\" data-recalc-dims=\"1\" \/><\/figure><\/li><\/ul><\/figure>\n\n\n\n<p class=\"has-medium-font-size\"><strong>En 2025, Weber op\u00e8re une refonte de sa gamme de couleurs des enduits min\u00e9raux, initialement lanc\u00e9e il y a dix ans.<\/strong><\/p>\n\n\n\n<p>Afin de r\u00e9pondre de mani\u00e8re optimale aux attentes de ses clients ainsi qu\u2019aux tendances architecturales actuelles et futures, <strong>Weber<\/strong>, en collaboration avec l\u2019agence <strong>Nacarat Color Design<sup>1<\/sup><\/strong>, experte en couleurs, mati\u00e8res &amp; finitions, revoie son offre couleurs.<\/p>\n\n\n\n<p>L\u2019objectif \u00e9tait de cr\u00e9er des coloris qui s\u2019int\u00e8grent harmonieusement dans les paysages ruraux et urbains, tout en s\u2019adaptant \u00e0 la diversit\u00e9 des mat\u00e9riaux utilis\u00e9s dans le b\u00e2timent. En effet, les fa\u00e7ades modernes combinent souvent des finitions et rev\u00eatements mixtes, comme le bois, le b\u00e9ton, le verre, l\u2019acier, la pierre, ou encore les briquette de parement. Cette nouvelle approche a red\u00e9fini la s\u00e9lection couleurs des nuanciers existants : les teintes trop satur\u00e9es ou fonc\u00e9es ont \u00e9t\u00e9 supprim\u00e9es pour favoriser la cr\u00e9ation d\u2019une palette r\u00e9solument naturelle, id\u00e9alement adapt\u00e9e \u00e0 tous les contextes et configurations.<\/p>\n\n\n\n<p>La nouvelle offre Weber, d\u00e9di\u00e9e aux prescripteurs de ses enduits de fa\u00e7ade, se compose ainsi de 120 couleurs, nomm\u00e9es \u00ab Les Nuanc\u00e9es \u00bb. Elle se veut \u00e0 la fois cr\u00e9ative et engag\u00e9e, garantissant la qualit\u00e9 architecturale et proposant des nuances appropri\u00e9es aux particularit\u00e9s r\u00e9gionales des b\u00e2tis.<\/p>\n\n\n\n<p>Une gamme courte de 48 coloris, \u00ab les Nuanc\u00e9es essentielles \u00bb,permet \u00e9galement aux utilisateurs fa\u00e7adiers et CMIstes de simplifier le choix de la couleur.&nbsp;<\/p>\n\n\n\n<p class=\"has-small-font-size\">&nbsp;1 &#8211; www.nacarat-design.com<\/p>\n\n\n\n<p style=\"font-size:28px\">Valoriser les fa\u00e7ades et r\u00e9pondre aux enjeux environnementaux<\/p>\n\n\n\n<p>&nbsp;Fort du succ\u00e8s de leur premi\u00e8re collaboration en 2023 sur la gamme de joints de carrelage \u00ab Les Harmonieuses \u00bb, Weber a de nouveau fait appel \u00e0 l\u2019expertise de Nacarat Color Design pour valoriser le patrimoine architectural tout en int\u00e9grant le b\u00e2ti contemporain. Ce partenariat, associ\u00e9 \u00e0 une \u00e9tude approfondie des tendances architecturales actuelles et \u00e0 venir, des couleurs du b\u00e2ti fran\u00e7ais et des exigences environnementales, a renforc\u00e9 la volont\u00e9 de Weber de proposer une palette large aux multiples nuances, adapt\u00e9e \u00e0 la construction neuve et \u00e0 la r\u00e9novation des fa\u00e7ades.<\/p>\n\n\n\n<div class=\"wp-block-media-text alignwide has-media-on-the-right is-stacked-on-mobile\" style=\"grid-template-columns:auto 33%\"><figure class=\"wp-block-media-text__media\"><img loading=\"lazy\" width=\"720\" height=\"960\" src=\"https:\/\/i1.wp.com\/batimedianews.com\/live\/wp-content\/uploads\/2025\/02\/image-94.png?resize=720%2C960\" alt=\"\" class=\"wp-image-42885 size-full\" srcset=\"https:\/\/i1.wp.com\/batimedianews.com\/live\/wp-content\/uploads\/2025\/02\/image-94.png?w=1536 1536w, https:\/\/i1.wp.com\/batimedianews.com\/live\/wp-content\/uploads\/2025\/02\/image-94.png?resize=768%2C1024 768w, https:\/\/i1.wp.com\/batimedianews.com\/live\/wp-content\/uploads\/2025\/02\/image-94.png?resize=432%2C576 432w, https:\/\/i1.wp.com\/batimedianews.com\/live\/wp-content\/uploads\/2025\/02\/image-94.png?resize=396%2C528 396w, https:\/\/i1.wp.com\/batimedianews.com\/live\/wp-content\/uploads\/2025\/02\/image-94.png?resize=1120%2C1493 1120w, https:\/\/i1.wp.com\/batimedianews.com\/live\/wp-content\/uploads\/2025\/02\/image-94.png?resize=660%2C880 660w, https:\/\/i1.wp.com\/batimedianews.com\/live\/wp-content\/uploads\/2025\/02\/image-94.png?w=1440 1440w\" sizes=\"(max-width: 600px) 91vw, (max-width: 900px) 600px, (max-width: 1060px) 50vw, (max-width: 1200px) 520px, (max-width: 1400px) 43vw, 600px\" data-recalc-dims=\"1\" \/><\/figure><div class=\"wp-block-media-text__content\">\n<p>&nbsp;Les teintes incluent des couleurs traditionnelles telles que les ocres, jaune, orang\u00e9, ros\u00e9, rouge, le bleu et le gris pour s\u2019int\u00e9grer dans le paysage local et pr\u00e9server le patrimoine de m\u00eame que l\u2019identit\u00e9 r\u00e9gionale. Cette s\u00e9lection de couleurs respecte la r\u00e9glementation RE2020, en supprimant les teintes fonc\u00e9es pour privil\u00e9gier les tonalit\u00e9s claires, permettant ainsi de diminuer l\u2019absorption de chaleur par les fa\u00e7ades et de favoriser le confort en \u00e9t\u00e9.&nbsp;<\/p>\n\n\n\n<p>Par ailleurs, le classement des couleurs des enduits est organis\u00e9 par clart\u00e9 et pr\u00e9sent\u00e9 sous diff\u00e9rents aspects (gratt\u00e9, taloch\u00e9, matric\u00e9) pour faciliter le choix lors de la conception des projets. Ce syst\u00e8me de classement offre une grande flexibilit\u00e9, autorisant des combinaisons cr\u00e9atives avec d\u2019autres mat\u00e9riaux tels que le bois, le verre ou encore le m\u00e9tal.&nbsp;<\/p>\n<\/div><\/div>\n\n\n\n<p>Pr\u00e9cisons que cette nouvelle palette concerne plusieurs r\u00e9f\u00e9rences Weber, dont les enduits d\u2019imperm\u00e9abilisation et de d\u00e9coration des gammes produits weberpral, weberlite, weber codipral DS, weber procalit ; les enduits matric\u00e9s weber terranova print ; ainsi que les enduits et parements de la gamme Georges Weber pour les b\u00e2tis anciens et les enduits ITE webertherm 305.<\/p>\n\n\n\n<p>Enfin, toujours tr\u00e8s attentif \u00e0 r\u00e9duire son impact environnemental, Weber a repens\u00e9 ses outils de pr\u00e9sentation afin de les rendre moins \u00e9nergivores, en privil\u00e9giant des supports en carton recycl\u00e9 \u00e0 88 % et recyclables, sans plastique. De nouveaux \u00e9chantillons au format carr\u00e9, finition gratt\u00e9e, \u00e9paisseur de 5 mm, ont \u00e9galement \u00e9t\u00e9 d\u00e9velopp\u00e9s pour garantir plus de robustesse, avec un marquage au verso et sur palette permettant l\u2019identification imm\u00e9diate de la couleur.<\/p>\n","protected":false},"excerpt":{"rendered":"<p>En 2025, Weber op\u00e8re une refonte de sa gamme de couleurs des enduits min\u00e9raux, initialement lanc\u00e9e il y a dix ans. Afin de r\u00e9pondre de mani\u00e8re optimale aux attentes de ses clients ainsi qu\u2019aux tendances architecturales actuelles et futures, Weber, en collaboration avec l\u2019agence Nacarat Color Design1, experte en couleurs, mati\u00e8res &amp; finitions, revoie son [&hellip;]<\/p>\n","protected":false},"author":41,"featured_media":42886,"comment_status":"open","ping_status":"open","sticky":true,"template":"","format":"standard","meta":{"spay_email":""},"categories":[4,868,585,1300],"tags":[],"jetpack_featured_media_url":"https:\/\/i1.wp.com\/batimedianews.com\/live\/wp-content\/uploads\/2025\/02\/Weber.jpg?fit=1513%2C825","jetpack_sharing_enabled":true,"jetpack_likes_enabled":true,"jetpack-related-posts":[{"id":10834,"url":"http:\/\/batimedianews.com\/live\/index.php\/2021\/07\/13\/nouveau-venu-dans-la-gamme-des-eco-engages-lenduit-weber-maxilin-silco-aquabalance-protege-facade-et-environnement\/","url_meta":{"origin":42882,"position":0},"title":"Nouveau venu dans la gamme des \u00e9co-engag\u00e9s : L\u2019enduit weber maxilin silco aquabalance prot\u00e8ge fa\u00e7ade ET environnement","date":"13 juillet 2021","format":false,"excerpt":"Avec l\u2019innovation weber maxilin silco aquabalance, fruit de plusieurs ann\u00e9es de R&D, Weber conjugue son expertise reconnue en fa\u00e7ade et son engagement \u00e9co-responsable ind\u00e9fectible port\u00e9 par le hashtag VertEtFier. En effet, c\u2019est en d\u00e9veloppant une technologie bas\u00e9e sur des principes physiques et non plus chimiques, que Weber a imagin\u00e9 son\u2026","rel":"","context":"Dans &quot;Actualit\u00e9 Entreprises&quot;","img":{"alt_text":"","src":"https:\/\/i1.wp.com\/batimedianews.com\/live\/wp-content\/uploads\/2021\/06\/weber-Article.jpg?fit=512%2C512&resize=350%2C200","width":350,"height":200},"classes":[]},{"id":45833,"url":"http:\/\/batimedianews.com\/live\/index.php\/2025\/07\/08\/weber-presente-une-nouvelle-brochure-dediee-a-la-renovation-des-batis-anciens-et-contemporains\/","url_meta":{"origin":42882,"position":1},"title":"WEBER pr\u00e9sente une nouvelle brochure d\u00e9di\u00e9e \u00e0 la r\u00e9novation des b\u00e2tis anciens et contemporains","date":"8 juillet 2025","format":false,"excerpt":"Weber, sp\u00e9cialiste reconnu des mortiers techniques, \u00e9toffe son offre documentaire \u00e0 destination des professionnels du b\u00e2timent avec une brochure enti\u00e8rement consacr\u00e9e \u00e0 la r\u00e9novation des fa\u00e7ades. Intitul\u00e9e \u00ab R\u00c9NOVER & R\u00c9PARER Le b\u00e2ti ancien & contemporain \u00bb, cette publication d\u2019une trentaine de pages met en lumi\u00e8re l\u2019h\u00e9ritage artisanal de l\u2019enduit\u2026","rel":"","context":"Dans &quot;Actualit\u00e9 Entreprises&quot;","img":{"alt_text":"","src":"https:\/\/i1.wp.com\/batimedianews.com\/live\/wp-content\/uploads\/2025\/07\/weber.jpg?fit=825%2C825&resize=350%2C200","width":350,"height":200},"classes":[]},{"id":39868,"url":"http:\/\/batimedianews.com\/live\/index.php\/2024\/09\/25\/weber-innove-avec-corps-denduit-chaux-chanvre-enae-une-solution-biosourcee-pour-la-renovation-et-la-construction-plus-durable\/","url_meta":{"origin":42882,"position":2},"title":"WEBER innove avec corps d\u2019enduit chaux-chanvre ENA\u00c9 : une solution biosourc\u00e9e pour la r\u00e9novation et la construction plus durable","date":"25 septembre 2024","format":false,"excerpt":"Apr\u00e8s trois ann\u00e9es de R&D, Weber est fier d\u2019annoncer le lancement de son tout nouveau Corps d\u2019enduit chaux-chanvre ena\u00e9. Ce produit innovant, formul\u00e9 \u00e0 base de chaux a\u00e9rienne et de ch\u00e8nevotte fine, offre une solution de r\u00e9novation ultra-l\u00e9g\u00e8re. En ext\u00e9rieur, associ\u00e9 \u00e0 l\u2019Enduit \u00e9pais grain fin, il offre \u00e9galement une\u2026","rel":"","context":"Dans &quot;Actualit\u00e9 Entreprises&quot;","img":{"alt_text":"","src":"https:\/\/i2.wp.com\/batimedianews.com\/live\/wp-content\/uploads\/2024\/09\/weber-1.jpg?fit=825%2C825&resize=350%2C200","width":350,"height":200},"classes":[]},{"id":21360,"url":"http:\/\/batimedianews.com\/live\/index.php\/2022\/06\/28\/weber-habille-les-facades-pret-a-porter-et-haute-couture\/","url_meta":{"origin":42882,"position":3},"title":"WEBER habille les fa\u00e7ades : pr\u00eat-\u00e0-porter et haute couture","date":"28 juin 2022","format":false,"excerpt":"Alors que son embl\u00e9matique enduit monocouche f\u00eate en 2022 ses 50 ans, Weber n\u2019a jamais cess\u00e9 d\u2019innover dans l\u2019habillage des fa\u00e7ades, notamment en termes de finitions. Projet\u00e9s, \u00e9cras\u00e9s, gratt\u00e9s, gr\u00e9s\u00e9s, taloch\u00e9s\u2026 les enduits voient leurs applications se diversifier pour varier toujours davantage les rendus esth\u00e9tiques. \u00c9galement pionnier dans le matri\u00e7age\u2026","rel":"","context":"Dans &quot;Actualit\u00e9 Entreprises&quot;","img":{"alt_text":"","src":"https:\/\/i1.wp.com\/batimedianews.com\/live\/wp-content\/uploads\/2022\/06\/WeberArticle.jpg?fit=1080%2C1080&resize=350%2C200","width":350,"height":200},"classes":[]},{"id":41819,"url":"http:\/\/batimedianews.com\/live\/index.php\/2024\/12\/09\/concours-les-georges-de-la-renovation-2024-weber-celebre-lexcellence-artisanale-et-les-realisations-remarquables\/","url_meta":{"origin":42882,"position":4},"title":"Concours les GEORGES de la r\u00e9novation 2024.: WEBER c\u00e9l\u00e8bre l\u2019excellence artisanale et les r\u00e9alisations remarquables","date":"9 d\u00e9cembre 2024","format":false,"excerpt":"Fid\u00e8le \u00e0 son engagement pour valoriser le savoir-faire des artisans et cr\u00e9er toujours plus de lien avec ses partenaires applicateurs, Weber relance son concours \u00ab Les Georges de la r\u00e9novation \u00bb, initi\u00e9 en 2022. Appuy\u00e9e sur son expertise reconnue dans le secteur de la r\u00e9novation, cette initiative met \u00e0 l\u2019honneur\u2026","rel":"","context":"Dans &quot;Actualit\u00e9 Entreprises&quot;","img":{"alt_text":"","src":"https:\/\/i2.wp.com\/batimedianews.com\/live\/wp-content\/uploads\/2024\/12\/Weber.jpg?fit=825%2C825&resize=350%2C200","width":350,"height":200},"classes":[]},{"id":26817,"url":"http:\/\/batimedianews.com\/live\/index.php\/2023\/03\/16\/avec-son-concours-les-georges-de-la-renovation-weber-met-en-lumiere-artisans-dexception-et-realisations-exemplaires\/","url_meta":{"origin":42882,"position":5},"title":"Avec son concours les georges de la r\u00e9novation , WEBER met en lumi\u00e8re artisans d&rsquo;exception et r\u00e9alisations exemplaires","date":"16 mars 2023","format":false,"excerpt":"Particuli\u00e8rement impliqu\u00e9 dans la valorisation du savoir-faire des artisans, notamment au travers de son embl\u00e9matique r\u00e9seau de fa\u00e7adiers Qualiclub, Weber a lanc\u00e9 sur 2021 & 2022 un tout nouveau concours, \u00abLes Georges de la r\u00e9novation\u00bb. Empruntant son nom \u00e0 la gamme \u00abLes enduits Georges Weber\u00bb, au service du b\u00e2ti ancien,\u2026","rel":"","context":"Dans &quot;Actualit\u00e9 Entreprises&quot;","img":{"alt_text":"","src":"https:\/\/i2.wp.com\/batimedianews.com\/live\/wp-content\/uploads\/2023\/03\/weber-Article.jpg?fit=1080%2C1080&resize=350%2C200","width":350,"height":200},"classes":[]}],"_links":{"self":[{"href":"http:\/\/batimedianews.com\/live\/index.php\/wp-json\/wp\/v2\/posts\/42882"}],"collection":[{"href":"http:\/\/batimedianews.com\/live\/index.php\/wp-json\/wp\/v2\/posts"}],"about":[{"href":"http:\/\/batimedianews.com\/live\/index.php\/wp-json\/wp\/v2\/types\/post"}],"author":[{"embeddable":true,"href":"http:\/\/batimedianews.com\/live\/index.php\/wp-json\/wp\/v2\/users\/41"}],"replies":[{"embeddable":true,"href":"http:\/\/batimedianews.com\/live\/index.php\/wp-json\/wp\/v2\/comments?post=42882"}],"version-history":[{"count":2,"href":"http:\/\/batimedianews.com\/live\/index.php\/wp-json\/wp\/v2\/posts\/42882\/revisions"}],"predecessor-version":[{"id":42989,"href":"http:\/\/batimedianews.com\/live\/index.php\/wp-json\/wp\/v2\/posts\/42882\/revisions\/42989"}],"wp:featuredmedia":[{"embeddable":true,"href":"http:\/\/batimedianews.com\/live\/index.php\/wp-json\/wp\/v2\/media\/42886"}],"wp:attachment":[{"href":"http:\/\/batimedianews.com\/live\/index.php\/wp-json\/wp\/v2\/media?parent=42882"}],"wp:term":[{"taxonomy":"category","embeddable":true,"href":"http:\/\/batimedianews.com\/live\/index.php\/wp-json\/wp\/v2\/categories?post=42882"},{"taxonomy":"post_tag","embeddable":true,"href":"http:\/\/batimedianews.com\/live\/index.php\/wp-json\/wp\/v2\/tags?post=42882"}],"curies":[{"name":"wp","href":"https:\/\/api.w.org\/{rel}","templated":true}]}}