{"id":42909,"date":"2025-02-14T15:42:00","date_gmt":"2025-02-14T14:42:00","guid":{"rendered":"http:\/\/batimedianews.com\/live\/?p=42909"},"modified":"2025-02-14T15:42:02","modified_gmt":"2025-02-14T14:42:02","slug":"biofioul-en-chauffage-individuel-deconstruisons-les-prejuges-sur-le-marche-francais","status":"publish","type":"post","link":"http:\/\/batimedianews.com\/live\/index.php\/2025\/02\/14\/biofioul-en-chauffage-individuel-deconstruisons-les-prejuges-sur-le-marche-francais\/","title":{"rendered":"Biofioul en chauffage individuel : d\u00e9construisons les pr\u00e9jug\u00e9s sur le march\u00e9 fran\u00e7ais"},"content":{"rendered":"\n<p><strong>Comment se positionne le biofioul sur le march\u00e9 du chauffage individuel en France ? Quel est l\u2019avenir de cette \u00e9nergie alternative au fioul ?<\/strong><\/p>\n\n\n\n<p><strong>Grant, fabricant leader irlandais de solutions de chauffage \u00e0 \u00e9nergies renouvelables, vous propose une analyse factuelle de ce biocarburant, pour en finir avec les a priori qui p\u00e8sent sur ce combustible et mieux comprendre les \u00e9volutions possibles.<\/strong><\/p>\n\n\n\n<div class=\"wp-block-media-text alignwide has-media-on-the-right is-stacked-on-mobile\" style=\"grid-template-columns:auto 36%\"><figure class=\"wp-block-media-text__media\"><img loading=\"lazy\" width=\"606\" height=\"602\" src=\"https:\/\/i2.wp.com\/batimedianews.com\/live\/wp-content\/uploads\/2025\/02\/image-104.png?resize=606%2C602\" alt=\"\" class=\"wp-image-42910 size-full\" srcset=\"https:\/\/i2.wp.com\/batimedianews.com\/live\/wp-content\/uploads\/2025\/02\/image-104.png?w=606 606w, https:\/\/i2.wp.com\/batimedianews.com\/live\/wp-content\/uploads\/2025\/02\/image-104.png?resize=768%2C762 768w, https:\/\/i2.wp.com\/batimedianews.com\/live\/wp-content\/uploads\/2025\/02\/image-104.png?resize=10%2C10 10w, https:\/\/i2.wp.com\/batimedianews.com\/live\/wp-content\/uploads\/2025\/02\/image-104.png?resize=432%2C429 432w, https:\/\/i2.wp.com\/batimedianews.com\/live\/wp-content\/uploads\/2025\/02\/image-104.png?resize=396%2C393 396w\" sizes=\"(max-width: 600px) 91vw, (max-width: 900px) 600px, (max-width: 1060px) 50vw, (max-width: 1200px) 520px, (max-width: 1400px) 43vw, 600px\" data-recalc-dims=\"1\" \/><\/figure><div class=\"wp-block-media-text__content\">\n<p class=\"has-text-color\" style=\"color:#00a375;font-size:25px\">Le biofioul, qu\u2019est-ce que c\u2019est ?<\/p>\n\n\n\n<p>Depuis le 1er juillet 2022, la loi fran\u00e7aise oblige d\u2019installer une chaudi\u00e8re neuve compatible biofioul. Le biofioul a \u00e9t\u00e9 cr\u00e9\u00e9 pour r\u00e9pondre \u00e0 cette nouvelle r\u00e9glementation. Il s\u2019agit d\u2019un biocombustible liquide de chauffage, autrement dit une \u00e9nergie renouvelable au sens de la directive europ\u00e9enne. Il est imm\u00e9diatement substituable au fioul 100% d\u2019origine fossile.<\/p>\n\n\n\n<p>Il est compos\u00e9 de fioul domestique et d\u2019ester m\u00e9thylique de colza (EMC) de colza. <strong>Le biofioul F30, sur le march\u00e9 depuis 2 ans, contient 30% de colza et 70% de fioul<\/strong>. L\u2019EMC, en tant qu\u2019\u00e9nergie renouvelable, permet de r\u00e9duire tr\u00e8s significativement les \u00e9missions de CO2. Il r\u00e9pond aux exigences du plafond d\u2019\u00e9missions de CO2 fix\u00e9 par le minist\u00e8re de la Transition Ecologique \u00e0 compter du 1er juillet 2022, \u00e0 savoir <strong>moins de 300 g CO2eq\/kWh PCI<\/strong>.<\/p>\n<\/div><\/div>\n\n\n\n<p class=\"has-text-color has-medium-font-size\" style=\"color:#00a375\">Pourquoi ajouter du colza au fioul domestique ?<\/p>\n\n\n\n<p>Le choix du colza pour cr\u00e9er un bioliquide de chauffage a \u00e9t\u00e9 privil\u00e9gi\u00e9 en raison des nombreux avantages du colza en tant que plante et de son d\u00e9riv\u00e9 est\u00e9rifi\u00e9 en tant que biocombustible.<\/p>\n\n\n\n<p>Le colza est une plante mellif\u00e8re, \u00e0 l\u2019origine de 40% du miel produit en France* (<em>source F\u00e9d\u00e9ration fran\u00e7aise des producteurs d\u2019ol\u00e9agineux et prot\u00e9agineux &#8211; Fop<\/em>), disponible en quantit\u00e9 suffisante sans concurrence avec l\u2019alimentation humaine.<\/p>\n\n\n\n<p>En tant que biocombustible, l\u2019EMC offre :<\/p>\n\n\n\n<ul><li>Une capacit\u00e9 de production sous-employ\u00e9e \u00e0 l\u2019heure actuelle ;<\/li><li>Une bonne tenue au froid (jusqu\u2019\u00e0 -17\u00b0C) et une bonne stabilit\u00e9 de stockage ;<\/li><li>Un potentiel de r\u00e9duction des gaz \u00e0 effet de serre de 50 \u00e0 70% par rapport au fioul domestique.<\/li><\/ul>\n\n\n\n<p class=\"has-text-color\" style=\"color:#00a375;font-size:25px\">Les \u00e9volutions du biofioul vers le 100% renouvelable<\/p>\n\n\n\n<p>L\u2019objectif de la fili\u00e8re est de d\u00e9ployer un biofioul 100% renouvelable d\u2019ici 2040. \u00ab <em>La prochaine \u00e9tape est de passer au<strong> biofioul F55 (55% de colza) en 2027 <\/strong><\/em>\u00bb, explique David Foissy, ambassadeur Biofioul Grand Est pour la CPE BARDOUT (filiale de Totalenergies dans le Grand Est).<\/p>\n\n\n\n<div class=\"wp-block-media-text alignwide is-stacked-on-mobile\" style=\"grid-template-columns:33% auto\"><figure class=\"wp-block-media-text__media\"><img loading=\"lazy\" width=\"580\" height=\"384\" src=\"https:\/\/i0.wp.com\/batimedianews.com\/live\/wp-content\/uploads\/2025\/02\/image-105.png?resize=580%2C384\" alt=\"\" class=\"wp-image-42911 size-full\" srcset=\"https:\/\/i0.wp.com\/batimedianews.com\/live\/wp-content\/uploads\/2025\/02\/image-105.png?w=580 580w, https:\/\/i0.wp.com\/batimedianews.com\/live\/wp-content\/uploads\/2025\/02\/image-105.png?resize=768%2C508 768w, https:\/\/i0.wp.com\/batimedianews.com\/live\/wp-content\/uploads\/2025\/02\/image-105.png?resize=432%2C286 432w, https:\/\/i0.wp.com\/batimedianews.com\/live\/wp-content\/uploads\/2025\/02\/image-105.png?resize=396%2C262 396w\" sizes=\"(max-width: 600px) 91vw, (max-width: 900px) 600px, (max-width: 1060px) 50vw, (max-width: 1200px) 520px, (max-width: 1400px) 43vw, 600px\" data-recalc-dims=\"1\" \/><\/figure><div class=\"wp-block-media-text__content\">\n<p class=\"has-text-color has-medium-font-size\" style=\"color:#00a375\">Une production fran\u00e7aise prometteuse<\/p>\n\n\n\n<p>La France est un des premiers producteurs de colza en Europe avec l\u2019Allemagne. <strong>5 millions de tonnes de colza ont \u00e9t\u00e9 produits en France en 2018<\/strong> par 80 000 agriculteurs, dont <strong>1,8 millions de tonnes \u00e9taient destin\u00e9s \u00e0 la production d\u2019EMC<\/strong> (<em>source minist\u00e8re de l\u2019Agriculture et Fop<\/em>).<\/p>\n\n\n\n<p>Le choix du colza comme biocombustible repose sur une ressource suffisante sous-employ\u00e9e. La capacit\u00e9 de production d\u2019EMC pourrait passer \u00e0 2,4 millions de tonnes avec des sites d\u2019est\u00e9rification mieux exploit\u00e9s.<\/p>\n<\/div><\/div>\n\n\n\n<p class=\"has-text-color has-medium-font-size\" style=\"color:#00a375\">Passer du fioul au biofioul simplement ?<\/p>\n\n\n\n<p>Le biofioul peut \u00eatre utilis\u00e9 en remplacement du fioul domestique sur une chaudi\u00e8re classique d\u00e9j\u00e0 en place, moyennant \u00e0 minima le changement du br\u00fbleur et le nettoyage de la cuve de fioul, et le cas \u00e9ch\u00e9ant l\u2019adaptation de la ligne d\u2019alimentation et le remplacement de la cuve de fioul.<\/p>\n\n\n\n<p>Le biofioul est aussi compl\u00e8tement adapt\u00e9 aux nouvelles chaudi\u00e8res biocompatibles, comme la Grant Vortex Utility de Grant France.<\/p>\n\n\n\n<p class=\"has-text-color\" style=\"color:#00a375;font-size:25px\">\u00c9tat des lieux du march\u00e9 du chauffage fioul et biofioul en France<\/p>\n\n\n\n<p class=\"has-text-color has-medium-font-size\" style=\"color:#00a375\">Qui consomme du fioul ?<\/p>\n\n\n\n<p><strong>Le fioul est la 3\u00e8me \u00e9nergie de chauffage en France<\/strong>, selon la FF3C (syndicat national des distributeurs de combustibles). Cette \u00e9nergie fossile est encore \u00e0 ce jour utilis\u00e9e comme \u00e9nergie de chauffage par plus de 3 millions de maisons individuelles et 500 000 logements collectifs en France, soit environ 10 millions de fran\u00e7ais et <strong>9,6% de l\u2019ensemble des logements en 2020 <\/strong>(source SDES).<\/p>\n\n\n\n<p>Les utilisateurs de fioul sont majoritairement situ\u00e9s dans des territoires ruraux, dans des zones non desservies par le gaz de ville. Le Grand Est, les Hauts de France et l\u2019Auvergne Rh\u00f4ne Alpes sont les r\u00e9gions les plus concern\u00e9es, avec des temp\u00e9ratures hivernales basses qui n\u00e9cessitent des \u00e9quipements de chauffage adapt\u00e9s. Les pompes \u00e0 chaleur (PAC), par exemple, demandent des appels de puissance importants en cas de temp\u00e9ratures tr\u00e8s basses.<\/p>\n\n\n\n<p class=\"has-text-color has-medium-font-size\" style=\"color:#00a375\">Les consommateurs sont-ils pr\u00eats \u00e0 passer au biofioul ?<\/p>\n\n\n\n<p>Selon l\u2019\u00e9tude r\u00e9alis\u00e9e par Audirep pour la FF3C en octobre 2023 aupr\u00e8s de 1000 utilisateurs de fioul domestique en maison individuelle :<\/p>\n\n\n\n<ul><li><strong>9 utilisateurs sur 10 sont attach\u00e9s au fioul<\/strong> qu\u2019ils jugent efficace, confortable et facilement stockable<\/li><li><strong>69% des utilisateurs de fioul domestique jugent leur \u00e9nergie de chauffage plus polluante<\/strong> que les autres.<\/li><li><strong>47% des r\u00e9pondants se disent pr\u00eats \u00e0 adapter<\/strong> d\u00e8s maintenant leur chaudi\u00e8re pour pouvoir utiliser du biofioul F30 (changement de br\u00fbleur).<\/li><li><strong>57% des r\u00e9pondants sont pr\u00eats \u00e0 changer de mat\u00e9riel<\/strong> de chauffage et \u00e0 opter pour des mat\u00e9riels \u00ab Biofioul F100 ready \u00bb pour pouvoir utiliser, \u00e0 terme, du F100, bioliquide 100% renouvelable.<\/li><\/ul>\n\n\n\n<p>Il y a donc un avenir pour les chaudi\u00e8res biofioul en France, avec des utilisateurs pr\u00eats \u00e0 faire le pas.<\/p>\n\n\n\n<p class=\"has-text-color has-medium-font-size\" style=\"color:#00a375\">Un r\u00e9seau de distribution en hausse<\/p>\n\n\n\n<p>1 200 entreprises vendent du fioul domestique et <strong>360 \u00e9tablissements distribuent du biofioul <\/strong>sur l\u2019ensemble du territoire fran\u00e7ais aupr\u00e8s des consommateurs finaux (source FF3C, octobre 2024). Le r\u00e9seau compte 18 d\u00e9p\u00f4ts primaires qui alimentent les \u00e9tablissements de distribution.<\/p>\n\n\n\n<p>Le d\u00e9veloppement du r\u00e9seau de distribution du biofioul est un \u00e9l\u00e9ment essentiel pour permettre le d\u00e9ploiement de cette solution biocombustible. Le maillage s\u2019intensifie progressivement.<\/p>\n\n\n\n<p>L\u2019objectif est de permettre aux consommateurs d\u2019avoir un point de livraison \u00e0 moins de 50 km de chez eux partout en France, selon la FF3C.<\/p>\n\n\n\n<p class=\"has-text-color has-medium-font-size\" style=\"color:#00a375\">Les ventes de biofioul en progression<\/p>\n\n\n\n<p>Les ventes de biofioul F30 progressent avec un volume national de 60 000 m3 en septembre 2024, contre 8000 m3 en 2023.<\/p>\n\n\n\n<p>Cette forte croissance s\u2019explique par la hausse des ventes de chaudi\u00e8res biofioul (+17% en 2024, source FF3C) et par un prix satisfaisant, vendu quasiment \u00e0 prix co\u00fbtant par les distributeurs pour gagner en comp\u00e9titivit\u00e9 :<\/p>\n\n\n\n<p>\u00ab<em> le prix de vente actuel du Biofioul F30 est de 1.38 \u20ac \/ L TTC contre 1.28 \u20ac \/ L TTC pour du Fioul Premier, soit un<strong> co\u00fbt d\u2019environ 15 centimes\/kWh de plus que le fioul domestique<\/strong>. Cet \u00e9cart de prix entre les deux produits est acceptable. <\/em>\u00bb, confirme David Foissy.<\/p>\n\n\n\n<p>La hausse du volume national est aussi d\u00fb aux adaptations volontaires des consommateurs ayant une chaudi\u00e8re fioul traditionnelle. En effet, moyennant des modifications techniques mineures, \u00e0 savoir le changement du br\u00fbleur, une chaudi\u00e8re fioul traditionnelle peut fonctionner avec du biofioul.<\/p>\n\n\n\n<p class=\"has-text-color has-medium-font-size\" style=\"color:#00a375\">Et les aides de l\u2019\u00e9tat, dans tout \u00e7a ?<\/p>\n\n\n\n<p>Aujourd\u2019hui, le biofioul ne profite d\u2019aucune aide des pouvoirs publics. La fili\u00e8re souhaite la mise en place d\u2019une fiscalit\u00e9 adapt\u00e9e. Il faut savoir que le biofioul est tax\u00e9 \u00e0 la m\u00eame hauteur que le fioul domestique.<\/p>\n\n\n\n<p>Et il n\u2019existe pas d\u2019aides financi\u00e8res pour l\u2019installation d\u2019une chaudi\u00e8re biofioul ou pour l\u2019adaptation d\u2019une chaudi\u00e8re fioul en biofioul.<\/p>\n\n\n\n<p><em>\u00ab Le combustible liquide pour sa part est litt\u00e9ralement pass\u00e9 sous silence. Le texte sur la programmation pluriannuelle de l\u2019\u00e9nergie (PPE) ne cite ni le fioul domestique ni son substitut. Seul le texte de strat\u00e9gie nationale bas carbone (SNBC) \u00e9voque une trajectoire pour obtenir une r\u00e9duction de 75% des \u00e9quipements fioul domestique dans 6 ans. Une r\u00e9duction de 75% de l\u2019activit\u00e9, des emplois, p\u00e9nitence renforc\u00e9e par une baisse significative des volumes de carburants et un plafonnement du bois \u00e9nergie \u00bb, <\/em>regrette Fr\u00e9d\u00e9ric Plan, d\u00e9l\u00e9gu\u00e9 g\u00e9n\u00e9ral FF3C, en octobre 2024.<\/p>\n\n\n\n<p class=\"has-text-color\" style=\"color:#00a375;font-size:25px\">Comp\u00e9titivit\u00e9 d\u2019une chaudi\u00e8re biofioul<\/p>\n\n\n\n<p>Le co\u00fbt d\u2019achat d\u2019une chaudi\u00e8re biofioul est tr\u00e8s raisonnable compar\u00e9 aux autres chaudi\u00e8res et pompe \u00e0 chaleur. Une <strong>chaudi\u00e8re Grant biofioul compatible F30 est vendue \u00e0 partir de 4 350 \u20acHT,<\/strong> alors qu\u2019une PAC coute environ 9 000 \u20acHT, et une chaudi\u00e8re \u00e0 granul\u00e9s bois oscille entre 12 000 et 20 000 \u20acHT, installation incluse.<\/p>\n\n\n\n<p>L\u2019installation est par ailleurs beaucoup moins complexe (et donc moins couteuse) en r\u00e9novation pour le remplacement par une chaudi\u00e8re biofioul par rapport \u00e0 une PAC ou une chaudi\u00e8re \u00e0 granul\u00e9s. Le r\u00e9seau de chauffage peut \u00eatre impact\u00e9 par le type de chaudi\u00e8re install\u00e9e. Passer \u00e0 une PAC peut impliquer de devoir changer aussi les radiateurs pour avoir des mod\u00e8les plus volumineux, adapt\u00e9s \u00e0 une PAC basse et moyenne temp\u00e9rature qui s\u2019arr\u00eate \u00e0 50\u00b0C, alors que les radiateurs ont un r\u00e9gime d\u2019eau de 60 \u00e0 80\u00b0C.<\/p>\n\n\n\n<p>L\u2019entretien est lui aussi simple et \u00e9conomique, puisqu\u2019il ne n\u00e9cessite qu\u2019un entretien annuel obligatoire.<\/p>\n\n\n\n<p>Le technicien de maintenance agr\u00e9\u00e9 chauffagiste contr\u00f4le le bon fonctionnement du br\u00fbleur, garantit 5 ans par Grant, et l\u2019ensemble de l\u2019installation.<\/p>\n\n\n\n<p class=\"has-text-color has-medium-font-size\" style=\"color:#00a375\">Vers le \u00ab F100 Ready \u00bb, 100% renouvelable<\/p>\n\n\n\n<p>Les consommateurs qui connaissent le biofioul sont pr\u00eats \u00e0 investir dans des chaudi\u00e8res \u00ab F100 Ready \u00bb (sondage Audirep FF3C de juin2024), c\u2019est-\u00e0-dire avec un bioliquide 100% renouvelable.<\/p>\n\n\n\n<p>Le CETIAT (Centre technique des Industries A\u00e9rauliques et Thermiques) est en cours de tests pour v\u00e9rifier la capacit\u00e9 des chaudi\u00e8res F30 \u00e0 utiliser du F55 et du F100. Les r\u00e9sultats sont attendus d\u2019ici la fin du premier trimestre 2025.<\/p>\n\n\n\n<div class=\"wp-block-media-text alignwide has-media-on-the-right is-stacked-on-mobile\" style=\"grid-template-columns:auto 33%\"><figure class=\"wp-block-media-text__media\"><img loading=\"lazy\" width=\"580\" height=\"662\" src=\"https:\/\/i1.wp.com\/batimedianews.com\/live\/wp-content\/uploads\/2025\/02\/image-106.png?resize=580%2C662\" alt=\"\" class=\"wp-image-42912 size-full\" srcset=\"https:\/\/i1.wp.com\/batimedianews.com\/live\/wp-content\/uploads\/2025\/02\/image-106.png?w=580 580w, https:\/\/i1.wp.com\/batimedianews.com\/live\/wp-content\/uploads\/2025\/02\/image-106.png?resize=768%2C876 768w, https:\/\/i1.wp.com\/batimedianews.com\/live\/wp-content\/uploads\/2025\/02\/image-106.png?resize=10%2C10 10w, https:\/\/i1.wp.com\/batimedianews.com\/live\/wp-content\/uploads\/2025\/02\/image-106.png?resize=432%2C493 432w, https:\/\/i1.wp.com\/batimedianews.com\/live\/wp-content\/uploads\/2025\/02\/image-106.png?resize=396%2C452 396w\" sizes=\"(max-width: 600px) 91vw, (max-width: 900px) 600px, (max-width: 1060px) 50vw, (max-width: 1200px) 520px, (max-width: 1400px) 43vw, 600px\" data-recalc-dims=\"1\" \/><\/figure><div class=\"wp-block-media-text__content\">\n<p class=\"has-text-color has-medium-font-size\" style=\"color:#00a375\">La chaudi\u00e8re \u00e0 condensation Vortex Utility, par Grant<\/p>\n\n\n\n<p>Ce fleuron de la gamme biocombustible de Grant est non seulement <strong>compatible avec le Biofioul F30 mais aussi avec le HVO<\/strong> (Hydrotreated Vegetable Oil) huile v\u00e9g\u00e9tale hydrotrait\u00e9e 100% renouvelable.<\/p>\n\n\n\n<p>Elle a \u00e9galement r\u00e9ussi les tests pour fonctionner avec du <strong>biofioul F50 et du biofioul F100<\/strong>. Le br\u00fbleur Grant by Cuenod Bas Inox participe de cette combustion respectueuse de l\u2019environnement avec des <strong>\u00e9missions de Nox r\u00e9duites \u00e0 moins de 120 mg\/kWh.<\/strong><\/p>\n\n\n\n<p><strong>Toutes les chaudi\u00e8res \u00e0 condensation Grant sont &gt; 90% d&rsquo;Etas (efficacit\u00e9 \u00e9nerg\u00e9tique saisonni\u00e8re)<\/strong>. Le rendement de combustion est d\u00e9fini comme la quantit\u00e9 de chaleur d\u00e9gag\u00e9e pendant la combustion sur la valeur calorifique du combustible br\u00fbl\u00e9. Ceci est g\u00e9n\u00e9ralement indiqu\u00e9 comme l&rsquo;efficacit\u00e9 nette sur un analyseur de gaz de combustion, et peut \u00eatre sup\u00e9rieur ou inf\u00e9rieur \u00e0 l&rsquo;efficacit\u00e9 saisonni\u00e8re, selon la p\u00e9riode de l&rsquo;ann\u00e9e et la demande thermique.<\/p>\n<\/div><\/div>\n\n\n\n<p>Les principaux avantages de la Vortex Utility :<\/p>\n\n\n\n<ul><li><strong>Fonctionnement silencieux<\/strong> (de 50 \u00e0 56 dB) pour pose en chaufferie, buanderie ou cuisine<\/li><li><strong>Dimension compacte<\/strong> avec une largeur de 47 \u00e0 56.3 cm<\/li><li><strong>Garantie 5 ans<\/strong> sur le corps de chauffe et le condenseur et 2 ans sur les parties \u00e9lectriques,<\/li><li><strong>R\u00e9gulation climatique ECO920i<\/strong> pour une maitrise totale et intuitive \u00e0 distance, et possibilit\u00e9 de gestion sur smartphone<\/li><li><strong>Stabilit\u00e9 de r\u00e9glage et bonne tenue en altitude<\/strong> (test\u00e9e et valid\u00e9e en chambre d\u2019altitude jusqu\u2019\u00e0 2100 m d\u2019altitude)<\/li><\/ul>\n\n\n\n<p class=\"has-text-color\" style=\"color:#00a375;font-size:25px\">\u00c0 propos de Grant<\/p>\n\n\n\n<p>Fond\u00e9e par Stephen Grant en 1978 \u00e0 Birr en Irlande, Grant est un des leaders europ\u00e9ens dans la conception et la fabrication de syst\u00e8mes de chauffage. L\u2019entreprise s\u2019est progressivement \u00e9tendue \u00e0 l\u2019international avec des implantations en Grande-Bretagne, au Danemark, en Finlande, en Nouvelle-Z\u00e9lande et en Gr\u00e8ce.<\/p>\n\n\n\n<p>En 2018, Grant ouvre une filiale en France, situ\u00e9e \u00e0 Chamb\u00e9ry (73), d\u00e9di\u00e9e aux syst\u00e8mes de chauffage et PAC \u00e0 \u00e9nergies renouvelables pour l\u2019habitat individuel et le petit collectif.<\/p>\n","protected":false},"excerpt":{"rendered":"<p>Comment se positionne le biofioul sur le march\u00e9 du chauffage individuel en France ? Quel est l\u2019avenir de cette \u00e9nergie alternative au fioul ? Grant, fabricant leader irlandais de solutions de chauffage \u00e0 \u00e9nergies renouvelables, vous propose une analyse factuelle de ce biocarburant, pour en finir avec les a priori qui p\u00e8sent sur ce combustible [&hellip;]<\/p>\n","protected":false},"author":41,"featured_media":42914,"comment_status":"open","ping_status":"open","sticky":true,"template":"","format":"standard","meta":{"spay_email":""},"categories":[4,1564,31],"tags":[1209],"jetpack_featured_media_url":"https:\/\/i0.wp.com\/batimedianews.com\/live\/wp-content\/uploads\/2025\/02\/Grant-articles-.jpg?fit=1513%2C825","jetpack_sharing_enabled":true,"jetpack_likes_enabled":true,"jetpack-related-posts":[{"id":14756,"url":"http:\/\/batimedianews.com\/live\/index.php\/2022\/01\/12\/publication-du-decret-instituant-la-transition-du-fioul-domestique-vers-le-biofioul\/","url_meta":{"origin":42909,"position":0},"title":"Publication du d\u00e9cret instituant la transition du fioul domestique vers le biofioul :","date":"12 janvier 2022","format":false,"excerpt":"Les acteurs impliqu\u00e9s dans le d\u00e9veloppement du biofioul saluent un texte ambitieux sur le plan environnemental et qui m\u00e9nage le libre choix des consommateurs des territoires p\u00e9riurbains et ruraux.\u00a0 \u00a0EN BREF :\u00a0 Le D\u00e9cret r\u00e8glementant l\u2019installation d\u2019\u00e9quipements thermiques neufs dans les b\u00e2timents neufs et existants (r\u00e9sidentiel et tertiaire) a \u00e9t\u00e9\u2026","rel":"","context":"Dans &quot;Chauffage&quot;","img":{"alt_text":"","src":"https:\/\/i2.wp.com\/batimedianews.com\/live\/wp-content\/uploads\/2022\/01\/Uniclima-Article.jpg?fit=512%2C512&resize=350%2C200","width":350,"height":200},"classes":[]},{"id":11279,"url":"http:\/\/batimedianews.com\/live\/index.php\/2021\/07\/27\/evolution-de-la-legislation-sur-les-chaudieres-au-fioul-les-materiels-biofioul-ready-sont-deja-disponibles\/","url_meta":{"origin":42909,"position":1},"title":"Evolution de la l\u00e9gislation sur les chaudi\u00e8res au fioul : Les mat\u00e9riels Biofioul Ready sont d\u00e9j\u00e0 disponibles","date":"27 juillet 2021","format":false,"excerpt":"Avec l\u2019entr\u00e9e en vigueur d\u2019une nouvelle l\u00e9gislation sur les chaudi\u00e8res fioul au 1er juillet 2022, les acteurs du march\u00e9 se pr\u00e9parent pour proposer aux consommateurs des mat\u00e9riels compatibles avec du biocombustible. Appel\u00e9es \u00ab Biofioul Ready \u00bb, ces chaudi\u00e8res au combustible liquide nouvelle g\u00e9n\u00e9ration sont d\u2019ores-et-d\u00e9j\u00e0 disponibles chez de nombreux fournisseurs\u2026","rel":"","context":"Dans &quot;Actualit\u00e9 Entreprises&quot;","img":{"alt_text":"","src":"https:\/\/i1.wp.com\/batimedianews.com\/live\/wp-content\/uploads\/2021\/07\/FF3C-Article.jpg?fit=512%2C512&resize=350%2C200","width":350,"height":200},"classes":[]},{"id":29410,"url":"http:\/\/batimedianews.com\/live\/index.php\/2023\/06\/23\/de-dietrich-des-solutions-hybrides-pour-repondre-aux-enjeux-ecologiques\/","url_meta":{"origin":42909,"position":2},"title":"DE DIETRICH des solutions hybrides pour r\u00e9pondre aux enjeux \u00e9cologiques","date":"23 juin 2023","format":false,"excerpt":"Les solutions hybrides combinent dans un seul chauffage global deux g\u00e9n\u00e9rateurs de chaleur. Elles permettent de profiter de leurs avantages respectifs en fonction de la localisation et de la temp\u00e9rature ext\u00e9rieure, pour r\u00e9pondre de fa\u00e7on optimale aux enjeux \u00e9cologiques, \u00e9conomiques et au besoin de confort.\u00a0 Ainsi, De Dietrich propose de\u2026","rel":"","context":"Dans &quot;Actualit\u00e9 Entreprises&quot;","img":{"alt_text":"","src":"https:\/\/i0.wp.com\/batimedianews.com\/live\/wp-content\/uploads\/2023\/06\/De-Dietrich-Article.jpg?fit=1080%2C1080&resize=350%2C200","width":350,"height":200},"classes":[]},{"id":28629,"url":"http:\/\/batimedianews.com\/live\/index.php\/2023\/05\/12\/beaucoup-de-bois-energie-a-bepositive-2023-tres-peu-de-biofioul-et-encore-moins-de-pompes-a-chaleur-hybrides\/","url_meta":{"origin":42909,"position":3},"title":"Beaucoup, de bois-\u00e9nergie \u00e0 BePositive 2023, tr\u00e8s peu de Biofioul et encore moins de pompes \u00e0 chaleur hybrides","date":"12 mai 2023","format":false,"excerpt":"Pascal Poggi pour Batim\u00e9dia L\u2019industriel fran\u00e7ais Chaudi\u00e8res Morvan proposait notamment sa gamme de chaudi\u00e8res \u00e0 granul\u00e9s GM evo qui comporte 5 mod\u00e8les de 10 \u00e0 60 kW, ainsi que sa gamme de chaudi\u00e8res \u00e0 b\u00fbches SX evo avec trois mod\u00e8les de 18 \u00e0 40 kW. Doc. PP Face \u00e0 l\u2019interdiction\u2026","rel":"","context":"Dans &quot;Articles et analyses&quot;","img":{"alt_text":"","src":"https:\/\/i1.wp.com\/batimedianews.com\/live\/wp-content\/uploads\/2023\/05\/be-positive-chaudie\u0300re-.png?fit=1200%2C1200&resize=350%2C200","width":350,"height":200},"classes":[]},{"id":10437,"url":"http:\/\/batimedianews.com\/live\/index.php\/2021\/06\/11\/interdiction-dinstallation-de-nouvelles-chaudieres-fioul-pres-d1-consommateur-sur-2-souhaite-rester-au-fioul\/","url_meta":{"origin":42909,"position":4},"title":"Interdiction d\u2019installation de nouvelles chaudi\u00e8res fioul : pr\u00e8s d\u20191 consommateur sur 2 souhaite rester au fioul","date":"11 juin 2021","format":false,"excerpt":"Initialement pr\u00e9vue le 1er janvier 2022 dans l\u2019ancien, l\u2019interdiction d\u2019installer des chaudi\u00e8res fioul neuves vient de b\u00e9n\u00e9ficier d\u2019un sursis : Barbara Pompili, ministre de la Transition \u00e9cologique, a annonc\u00e9 son report \u00e0 la \u201cmi-2022\u201d, lors d\u2019une audition \u00e0 l\u2019Assembl\u00e9e nationale le 3 juin. En France, 3,5 millions de foyers fran\u00e7ais\u2026","rel":"","context":"Dans &quot;Chantiers&quot;","img":{"alt_text":"","src":"https:\/\/i2.wp.com\/batimedianews.com\/live\/wp-content\/uploads\/2021\/06\/Hellio-Article.jpg?fit=512%2C512&resize=350%2C200","width":350,"height":200},"classes":[]},{"id":19484,"url":"http:\/\/batimedianews.com\/live\/index.php\/2022\/05\/02\/renouvellement-du-parc-des-equipements-de-chauffage-dans-les-logements-une-necessite-face-a-la-hausse-du-prix-des-energies-aux-enjeux-environnementaux\/","url_meta":{"origin":42909,"position":5},"title":"Renouvellement du parc des \u00e9quipements de chauffage dans les logements : une n\u00e9cessit\u00e9 face \u00e0 la hausse du prix des \u00e9nergies aux enjeux environnementaux","date":"2 mai 2022","format":false,"excerpt":"Depuis d\u00e9cembre 2021, les tarifs du fioul domestique ont augment\u00e9 de pr\u00e8s de 50%, les prix de march\u00e9 du gaz de 70% et de l'\u00e9lectricit\u00e9, de 35%. Ces hausses massives, qui semblent amen\u00e9es \u00e0 se poursuivre, impactent fortement le pouvoir d'achat des m\u00e9nages fran\u00e7ais. Un pouvoir d'achat pris en \u00e9tau\u2026","rel":"","context":"Dans &quot;Chauffage&quot;","img":{"alt_text":"","src":"https:\/\/i2.wp.com\/batimedianews.com\/live\/wp-content\/uploads\/2022\/04\/Groupe-Muller-article.jpg?fit=1080%2C1080&resize=350%2C200","width":350,"height":200},"classes":[]}],"_links":{"self":[{"href":"http:\/\/batimedianews.com\/live\/index.php\/wp-json\/wp\/v2\/posts\/42909"}],"collection":[{"href":"http:\/\/batimedianews.com\/live\/index.php\/wp-json\/wp\/v2\/posts"}],"about":[{"href":"http:\/\/batimedianews.com\/live\/index.php\/wp-json\/wp\/v2\/types\/post"}],"author":[{"embeddable":true,"href":"http:\/\/batimedianews.com\/live\/index.php\/wp-json\/wp\/v2\/users\/41"}],"replies":[{"embeddable":true,"href":"http:\/\/batimedianews.com\/live\/index.php\/wp-json\/wp\/v2\/comments?post=42909"}],"version-history":[{"count":2,"href":"http:\/\/batimedianews.com\/live\/index.php\/wp-json\/wp\/v2\/posts\/42909\/revisions"}],"predecessor-version":[{"id":43042,"href":"http:\/\/batimedianews.com\/live\/index.php\/wp-json\/wp\/v2\/posts\/42909\/revisions\/43042"}],"wp:featuredmedia":[{"embeddable":true,"href":"http:\/\/batimedianews.com\/live\/index.php\/wp-json\/wp\/v2\/media\/42914"}],"wp:attachment":[{"href":"http:\/\/batimedianews.com\/live\/index.php\/wp-json\/wp\/v2\/media?parent=42909"}],"wp:term":[{"taxonomy":"category","embeddable":true,"href":"http:\/\/batimedianews.com\/live\/index.php\/wp-json\/wp\/v2\/categories?post=42909"},{"taxonomy":"post_tag","embeddable":true,"href":"http:\/\/batimedianews.com\/live\/index.php\/wp-json\/wp\/v2\/tags?post=42909"}],"curies":[{"name":"wp","href":"https:\/\/api.w.org\/{rel}","templated":true}]}}