{"id":43056,"date":"2025-02-19T08:52:40","date_gmt":"2025-02-19T07:52:40","guid":{"rendered":"http:\/\/batimedianews.com\/live\/?p=43056"},"modified":"2025-02-19T08:52:42","modified_gmt":"2025-02-19T07:52:42","slug":"pergolas-bioclimatiques-proloisirs-un-confort-haut-de-gamme-au-jardin","status":"publish","type":"post","link":"http:\/\/batimedianews.com\/live\/index.php\/2025\/02\/19\/pergolas-bioclimatiques-proloisirs-un-confort-haut-de-gamme-au-jardin\/","title":{"rendered":"Pergolas bioclimatiques Proloisirs &#8211; Un confort haut de gamme au jardin"},"content":{"rendered":"\n<figure class=\"wp-block-image size-full\"><img loading=\"lazy\" width=\"720\" height=\"349\" src=\"https:\/\/i1.wp.com\/batimedianews.com\/live\/wp-content\/uploads\/2025\/02\/image-164.png?resize=720%2C349\" alt=\"\" class=\"wp-image-43057\" srcset=\"https:\/\/i1.wp.com\/batimedianews.com\/live\/wp-content\/uploads\/2025\/02\/image-164.png?w=1816 1816w, https:\/\/i1.wp.com\/batimedianews.com\/live\/wp-content\/uploads\/2025\/02\/image-164.png?resize=768%2C372 768w, https:\/\/i1.wp.com\/batimedianews.com\/live\/wp-content\/uploads\/2025\/02\/image-164.png?resize=432%2C209 432w, https:\/\/i1.wp.com\/batimedianews.com\/live\/wp-content\/uploads\/2025\/02\/image-164.png?resize=396%2C192 396w, https:\/\/i1.wp.com\/batimedianews.com\/live\/wp-content\/uploads\/2025\/02\/image-164.png?resize=1120%2C543 1120w, https:\/\/i1.wp.com\/batimedianews.com\/live\/wp-content\/uploads\/2025\/02\/image-164.png?resize=660%2C320 660w, https:\/\/i1.wp.com\/batimedianews.com\/live\/wp-content\/uploads\/2025\/02\/image-164.png?w=1440 1440w\" sizes=\"(max-width: 600px) 91vw, (max-width: 900px) 600px, (max-width: 1060px) 50vw, (max-width: 1200px) 520px, (max-width: 1400px) 43vw, 600px\" data-recalc-dims=\"1\" \/><\/figure>\n\n\n\n<p>De plus en plus pl\u00e9biscit\u00e9es par les particuliers, les pergolas bioclimatiques offrent une solution innovante et pratique. Elles ont l\u2019art de transformer le jardin ou la terrasse en un v\u00e9ritable havre de paix, m\u00eame en demi-saison.<\/p>\n\n\n\n<p>Alliant confort thermique et design \u00e9l\u00e9gant, les pergolas bioclimatiques Proloisirs assurent un bien-\u00eatre parfait tout au long de la journ\u00e9e et de la soir\u00e9e. Adoss\u00e9es \u00e0 la maison ou plac\u00e9es au milieu du jardin, ces pergolas autoport\u00e9es \u00e0 lames orientables filtrent les rayons du soleil au heures les plus chaudes, ventilent la terrasse de mani\u00e8re naturelle, ou encore prot\u00e8gent d\u2019une averse lorsque les lames sont ferm\u00e9es. Elles permettent d\u2019agrandir et d\u2019optimiser les espaces ext\u00e9rieurs, et l\u2019hiver, elles laissent p\u00e9n\u00e9trer la chaleur et la lumi\u00e8re. Et, avec les pergolas bioclimatiques Proloisirs, les moments conviviaux se prolongent tard dans la soir\u00e9e. Certains mod\u00e8les disposent en effet d\u2019un \u00e9clairage Led qui cr\u00e9e une atmosph\u00e8re chaleureuse.<\/p>\n\n\n\n<p><strong>Outre la pergola autoport\u00e9e bioclimatique Z\u00e9phir, qui int\u00e8gre cette ann\u00e9e une extension pour cr\u00e9er un pool house, Proloisirs propose la nouvelle gamme Mira, dont les mod\u00e8les sont disponibles en diff\u00e9rentes dimensions et coloris, s\u2019adaptant \u00e0 tous les styles architecturaux. Au menu \u00e9galement, des cloisons vitr\u00e9es con\u00e7ues pour transformer la pergola bioclimatique Summer en une v\u00e9ritable pi\u00e8ce \u00e0 vivre, quelle que soit la saison.<\/strong><\/p>\n\n\n\n<figure class=\"wp-block-image size-full\"><img loading=\"lazy\" width=\"720\" height=\"373\" src=\"https:\/\/i0.wp.com\/batimedianews.com\/live\/wp-content\/uploads\/2025\/02\/image-165.png?resize=720%2C373\" alt=\"\" class=\"wp-image-43058\" srcset=\"https:\/\/i0.wp.com\/batimedianews.com\/live\/wp-content\/uploads\/2025\/02\/image-165.png?w=1816 1816w, https:\/\/i0.wp.com\/batimedianews.com\/live\/wp-content\/uploads\/2025\/02\/image-165.png?resize=768%2C397 768w, https:\/\/i0.wp.com\/batimedianews.com\/live\/wp-content\/uploads\/2025\/02\/image-165.png?resize=432%2C224 432w, https:\/\/i0.wp.com\/batimedianews.com\/live\/wp-content\/uploads\/2025\/02\/image-165.png?resize=396%2C205 396w, https:\/\/i0.wp.com\/batimedianews.com\/live\/wp-content\/uploads\/2025\/02\/image-165.png?resize=1120%2C580 1120w, https:\/\/i0.wp.com\/batimedianews.com\/live\/wp-content\/uploads\/2025\/02\/image-165.png?resize=660%2C342 660w, https:\/\/i0.wp.com\/batimedianews.com\/live\/wp-content\/uploads\/2025\/02\/image-165.png?w=1440 1440w\" sizes=\"(max-width: 600px) 91vw, (max-width: 900px) 600px, (max-width: 1060px) 50vw, (max-width: 1200px) 520px, (max-width: 1400px) 43vw, 600px\" data-recalc-dims=\"1\" \/><\/figure>\n\n\n\n<p style=\"font-size:25px\">Nouvelle pergola autoport\u00e9e<\/p>\n\n\n\n<p style=\"font-size:25px\">bioclimatique Mira Proloisirs<\/p>\n\n\n\n<div class=\"wp-block-columns\">\n<div class=\"wp-block-column\">\n<p>Cr\u00e9ateur de mobilier de jardin, Proloisirs compl\u00e8te son offre avec une nouvelle gamme de pergolas autoport\u00e9es bioclimatiques \u00e0 lames orientables. Disponibles en diff\u00e9rentes couleurs et dimensions, les Mira pr\u00e9sentent un design moderne et raffin\u00e9.<\/p>\n\n\n\n<p>Les pergolas bioclimatiques Mira Proloisirs se distinguent par leurs lames orientables (de 0 \u00e0 90\u00b0), permettant une gestion optimale de la lumi\u00e8re naturelle et de la chaleur. En fonction de l\u2019angle de rotation des lames, elles prot\u00e8gent du soleil et des intemp\u00e9ries, ou cr\u00e9ent une ventilation naturelle, qui entra\u00eene une baisse de la temp\u00e9rature sous la pergola lors des fortes chaleurs. Elles contribuent \u00e9galement \u00e0 mieux ma\u00eetriser la temp\u00e9rature des pi\u00e8ces attenantes, en contr\u00f4lant l&rsquo;entr\u00e9e des rayons solaires dans la maison.<\/p>\n<\/div>\n\n\n\n<div class=\"wp-block-column\">\n<p>Pour passer d\u2019agr\u00e9ables soir\u00e9es estivales sous sa pergola, les mod\u00e8les Mira Solar Proloisirs disposent d\u2019un \u00e9clairage Led int\u00e9gr\u00e9 aliment\u00e9 par panneaux solaires. Que ce soit pour un d\u00eener en famille ou un ap\u00e9ritif entre amis, il assure une luminosit\u00e9 parfaite tout au long de la soir\u00e9e et apporte une touche \u00e9l\u00e9gante \u00e0 l\u2019espace ext\u00e9rieur.<\/p>\n\n\n\n<figure class=\"wp-block-image size-full\"><img loading=\"lazy\" width=\"720\" height=\"511\" src=\"https:\/\/i2.wp.com\/batimedianews.com\/live\/wp-content\/uploads\/2025\/02\/image-166.png?resize=720%2C511\" alt=\"\" class=\"wp-image-43059\" srcset=\"https:\/\/i2.wp.com\/batimedianews.com\/live\/wp-content\/uploads\/2025\/02\/image-166.png?w=880 880w, https:\/\/i2.wp.com\/batimedianews.com\/live\/wp-content\/uploads\/2025\/02\/image-166.png?resize=768%2C544 768w, https:\/\/i2.wp.com\/batimedianews.com\/live\/wp-content\/uploads\/2025\/02\/image-166.png?resize=432%2C306 432w, https:\/\/i2.wp.com\/batimedianews.com\/live\/wp-content\/uploads\/2025\/02\/image-166.png?resize=396%2C281 396w, https:\/\/i2.wp.com\/batimedianews.com\/live\/wp-content\/uploads\/2025\/02\/image-166.png?resize=660%2C468 660w\" sizes=\"(max-width: 600px) 91vw, (max-width: 900px) 600px, (max-width: 1060px) 50vw, (max-width: 1200px) 520px, (max-width: 1400px) 43vw, 600px\" data-recalc-dims=\"1\" \/><\/figure>\n<\/div>\n<\/div>\n\n\n\n<div class=\"wp-block-columns\">\n<div class=\"wp-block-column\">\n<p>En plus des pergolas \u00e0 ch\u00e2ssis en aluminium coloris Grey, Proloisirs propose la pergola Mira Solar 3 x 4 m en coloris Amande, ainsi que la pergola Mira Solar 3 x 4 m Heat, avec une finition imitation ch\u00eane plus vrai que nature. Des mod\u00e8les qui s\u2019accordent \u00e0 l\u2019architecture de la maison, apportant \u00e0 la terrasse une note chaleureuse et sophistiqu\u00e9e.<\/p>\n\n\n\n<p>D\u2019une extr\u00eame stabilit\u00e9, les pergolas autoport\u00e9es bioclimatiques Mira Proloisirs offrent une grande r\u00e9sistance aux intemp\u00e9ries gr\u00e2ce \u00e0 leur structure 100 % aluminium. La fermeture totale des lames permet l\u2019\u00e9vacuation de l\u2019eau par des goutti\u00e8res int\u00e9gr\u00e9es aux montants ext\u00e9rieurs.<\/p>\n\n\n\n<p class=\"has-medium-font-size\"><strong>Pergola Mira 3 x 4 m<\/strong><\/p>\n\n\n\n<p>Ch\u00e2ssis aluminium Grey et lames blanches<\/p>\n\n\n\n<p>Ouverture manuelle par treuil<\/p>\n\n\n\n<p>Prix public indicatif : 2 690 euros TTC<\/p>\n\n\n\n<p class=\"has-medium-font-size\"><strong>Pergola Mira Solar 3 x 4 m<\/strong><\/p>\n\n\n\n<p>Ch\u00e2ssis aluminium Grey et lames blanches<\/p>\n\n\n\n<p>Ouverture manuelle par treuil<\/p>\n\n\n\n<p>Leds en p\u00e9riph\u00e9rie &#8211; alimentation par panneaux solaires<\/p>\n\n\n\n<p>Prix public indicatif : 2 999 euros TTC<\/p>\n<\/div>\n\n\n\n<div class=\"wp-block-column\">\n<p class=\"has-medium-font-size\"><strong>Pergola Mira Solar 6 x 3,5 m<\/strong><\/p>\n\n\n\n<p>Ch\u00e2ssis aluminium Grey et lames blanches<\/p>\n\n\n\n<p>Ouverture manuelle par treuil<\/p>\n\n\n\n<p>Leds en p\u00e9riph\u00e9rie &#8211; alimentation par panneaux solaires<\/p>\n\n\n\n<p>Prix public indicatif : 5 999 euros TTC<\/p>\n\n\n\n<p class=\"has-medium-font-size\"><strong>Pergola Mira Solar Heat 3 x 4 m<\/strong><\/p>\n\n\n\n<p>Ch\u00e2ssis coloris Heat et lames Cr\u00e8me<\/p>\n\n\n\n<p>Ouverture manuelle par treuil<\/p>\n\n\n\n<p>Leds en p\u00e9riph\u00e9rie &#8211; alimentation par panneaux solaires<\/p>\n\n\n\n<p>Prix public indicatif : 3 490 euros TTC<\/p>\n\n\n\n<p class=\"has-medium-font-size\"><strong>Pergola Mira Solar Amande 3 x 4 m<\/strong><\/p>\n\n\n\n<p>Ch\u00e2ssis aluminium Amande et lames blanches<\/p>\n\n\n\n<p>Ouverture manuelle par treuil<\/p>\n\n\n\n<p>Leds en p\u00e9riph\u00e9rie &#8211; alimentation par panneaux solaires<\/p>\n\n\n\n<p>Prix public indicatif : 2 999 euros TTC<\/p>\n\n\n\n<p>Points de vente : jardineries, revendeurs sp\u00e9cialis\u00e9s<\/p>\n<\/div>\n<\/div>\n\n\n\n<figure class=\"wp-block-image size-full\"><img loading=\"lazy\" width=\"720\" height=\"325\" src=\"https:\/\/i0.wp.com\/batimedianews.com\/live\/wp-content\/uploads\/2025\/02\/image-167.png?resize=720%2C325\" alt=\"\" class=\"wp-image-43060\" srcset=\"https:\/\/i0.wp.com\/batimedianews.com\/live\/wp-content\/uploads\/2025\/02\/image-167.png?w=1818 1818w, https:\/\/i0.wp.com\/batimedianews.com\/live\/wp-content\/uploads\/2025\/02\/image-167.png?resize=768%2C346 768w, https:\/\/i0.wp.com\/batimedianews.com\/live\/wp-content\/uploads\/2025\/02\/image-167.png?resize=432%2C195 432w, https:\/\/i0.wp.com\/batimedianews.com\/live\/wp-content\/uploads\/2025\/02\/image-167.png?resize=396%2C179 396w, https:\/\/i0.wp.com\/batimedianews.com\/live\/wp-content\/uploads\/2025\/02\/image-167.png?resize=1120%2C505 1120w, https:\/\/i0.wp.com\/batimedianews.com\/live\/wp-content\/uploads\/2025\/02\/image-167.png?resize=660%2C298 660w, https:\/\/i0.wp.com\/batimedianews.com\/live\/wp-content\/uploads\/2025\/02\/image-167.png?w=1440 1440w\" sizes=\"(max-width: 600px) 91vw, (max-width: 900px) 600px, (max-width: 1060px) 50vw, (max-width: 1200px) 520px, (max-width: 1400px) 43vw, 600px\" data-recalc-dims=\"1\" \/><\/figure>\n\n\n\n<figure class=\"wp-block-image size-full\"><img loading=\"lazy\" width=\"720\" height=\"373\" src=\"https:\/\/i0.wp.com\/batimedianews.com\/live\/wp-content\/uploads\/2025\/02\/image-168.png?resize=720%2C373\" alt=\"\" class=\"wp-image-43061\" srcset=\"https:\/\/i0.wp.com\/batimedianews.com\/live\/wp-content\/uploads\/2025\/02\/image-168.png?w=1818 1818w, https:\/\/i0.wp.com\/batimedianews.com\/live\/wp-content\/uploads\/2025\/02\/image-168.png?resize=768%2C397 768w, https:\/\/i0.wp.com\/batimedianews.com\/live\/wp-content\/uploads\/2025\/02\/image-168.png?resize=432%2C224 432w, https:\/\/i0.wp.com\/batimedianews.com\/live\/wp-content\/uploads\/2025\/02\/image-168.png?resize=396%2C205 396w, https:\/\/i0.wp.com\/batimedianews.com\/live\/wp-content\/uploads\/2025\/02\/image-168.png?resize=1120%2C580 1120w, https:\/\/i0.wp.com\/batimedianews.com\/live\/wp-content\/uploads\/2025\/02\/image-168.png?resize=660%2C342 660w, https:\/\/i0.wp.com\/batimedianews.com\/live\/wp-content\/uploads\/2025\/02\/image-168.png?w=1440 1440w\" sizes=\"(max-width: 600px) 91vw, (max-width: 900px) 600px, (max-width: 1060px) 50vw, (max-width: 1200px) 520px, (max-width: 1400px) 43vw, 600px\" data-recalc-dims=\"1\" \/><\/figure>\n\n\n\n<p style=\"font-size:25px\">Pergola autoport\u00e9e bioclimatique<\/p>\n\n\n\n<p style=\"font-size:25px\">Z\u00e9phir Proloisirs<\/p>\n\n\n\n<div class=\"wp-block-columns\">\n<div class=\"wp-block-column\">\n<p>Disponible en diff\u00e9rentes tailles, la pergola autoport\u00e9e bioclimatique Z\u00e9phir Proloisirs s&rsquo;adapte \u00e0 tous les styles d&rsquo;architecture, en terrasse ou au jardin. Elle installe un d\u00e9cor \u00e9l\u00e9gant et un v\u00e9ritable confort au quotidien.<\/p>\n\n\n\n<p>Disponible en version \u00e0 ouverture manuelle ou motoris\u00e9e et en trois tailles (3 x 4 m, 3 x 5 m et 6 x 4 m), la pergola Z\u00e9phir Proloisirs \u00e0 structure aluminium est \u00e9quip\u00e9e de lames doubles orientables de 0 \u00e0 100\u00b0. Cette conception permet de r\u00e9guler la chaleur, la lumi\u00e8re et la ventilation en fonction des besoins.<\/p>\n\n\n\n<p>\u00c9quip\u00e9s d&rsquo;un syst\u00e8me d&rsquo;\u00e9clairage Led int\u00e9gr\u00e9, les mod\u00e8les motoris\u00e9s permettent de prolonger l\u2019utilisation de la terrasse jusque tard dans la nuit.<\/p>\n<\/div>\n\n\n\n<div class=\"wp-block-column\">\n<p>Autre atout majeur : le syst\u00e8me de lames orientables sert \u00e0 contr\u00f4ler l\u2019apport de lumi\u00e8re non seulement sous la pergola, mais \u00e9galement \u00e0 l\u2019int\u00e9rieur de la maison. En hiver, contrairement \u00e0 une pergola classique qui bloque la lumi\u00e8re naturelle, la pergola Z\u00e9phir Proloisirs laisse passer un maximum de<\/p>\n\n\n\n<figure class=\"wp-block-image size-full\"><img loading=\"lazy\" width=\"720\" height=\"594\" src=\"https:\/\/i2.wp.com\/batimedianews.com\/live\/wp-content\/uploads\/2025\/02\/image-169.png?resize=720%2C594\" alt=\"\" class=\"wp-image-43062\" srcset=\"https:\/\/i2.wp.com\/batimedianews.com\/live\/wp-content\/uploads\/2025\/02\/image-169.png?w=882 882w, https:\/\/i2.wp.com\/batimedianews.com\/live\/wp-content\/uploads\/2025\/02\/image-169.png?resize=768%2C633 768w, https:\/\/i2.wp.com\/batimedianews.com\/live\/wp-content\/uploads\/2025\/02\/image-169.png?resize=432%2C357 432w, https:\/\/i2.wp.com\/batimedianews.com\/live\/wp-content\/uploads\/2025\/02\/image-169.png?resize=396%2C327 396w, https:\/\/i2.wp.com\/batimedianews.com\/live\/wp-content\/uploads\/2025\/02\/image-169.png?resize=660%2C545 660w\" sizes=\"(max-width: 600px) 91vw, (max-width: 900px) 600px, (max-width: 1060px) 50vw, (max-width: 1200px) 520px, (max-width: 1400px) 43vw, 600px\" data-recalc-dims=\"1\" \/><\/figure>\n<\/div>\n<\/div>\n\n\n\n<figure class=\"wp-block-image size-full\"><img loading=\"lazy\" width=\"720\" height=\"373\" src=\"https:\/\/i2.wp.com\/batimedianews.com\/live\/wp-content\/uploads\/2025\/02\/image-170.png?resize=720%2C373\" alt=\"\" class=\"wp-image-43063\" srcset=\"https:\/\/i2.wp.com\/batimedianews.com\/live\/wp-content\/uploads\/2025\/02\/image-170.png?w=1816 1816w, https:\/\/i2.wp.com\/batimedianews.com\/live\/wp-content\/uploads\/2025\/02\/image-170.png?resize=768%2C398 768w, https:\/\/i2.wp.com\/batimedianews.com\/live\/wp-content\/uploads\/2025\/02\/image-170.png?resize=432%2C224 432w, https:\/\/i2.wp.com\/batimedianews.com\/live\/wp-content\/uploads\/2025\/02\/image-170.png?resize=396%2C205 396w, https:\/\/i2.wp.com\/batimedianews.com\/live\/wp-content\/uploads\/2025\/02\/image-170.png?resize=1120%2C581 1120w, https:\/\/i2.wp.com\/batimedianews.com\/live\/wp-content\/uploads\/2025\/02\/image-170.png?resize=660%2C342 660w, https:\/\/i2.wp.com\/batimedianews.com\/live\/wp-content\/uploads\/2025\/02\/image-170.png?w=1440 1440w\" sizes=\"(max-width: 600px) 91vw, (max-width: 900px) 600px, (max-width: 1060px) 50vw, (max-width: 1200px) 520px, (max-width: 1400px) 43vw, 600px\" data-recalc-dims=\"1\" \/><\/figure>\n\n\n\n<div class=\"wp-block-columns\">\n<div class=\"wp-block-column\">\n<p>luminosit\u00e9 dans les pi\u00e8ces \u00e0 vivre, optimisant ainsi la clart\u00e9 et la chaleur.<\/p>\n\n\n\n<p>Dans sa gamme Z\u00e9phir, Proloisirs propose cette ann\u00e9e une extension pour cr\u00e9er un pool house, une solution \u00e9l\u00e9gante et pratique pour transformer l\u2019espace piscine en un v\u00e9ritable lieu de vie. Gr\u00e2ce aux rideaux inclus et \u00e0 son \u00e9clairage Led, elle permet de prolonger les soir\u00e9es d\u2019\u00e9t\u00e9 tout en prot\u00e9geant efficacement les appareils de cuisson.<\/p>\n\n\n\n<figure class=\"wp-block-image size-full\"><img loading=\"lazy\" width=\"720\" height=\"431\" src=\"https:\/\/i0.wp.com\/batimedianews.com\/live\/wp-content\/uploads\/2025\/02\/image-171.png?resize=720%2C431\" alt=\"\" class=\"wp-image-43064\" srcset=\"https:\/\/i0.wp.com\/batimedianews.com\/live\/wp-content\/uploads\/2025\/02\/image-171.png?w=842 842w, https:\/\/i0.wp.com\/batimedianews.com\/live\/wp-content\/uploads\/2025\/02\/image-171.png?resize=768%2C459 768w, https:\/\/i0.wp.com\/batimedianews.com\/live\/wp-content\/uploads\/2025\/02\/image-171.png?resize=432%2C259 432w, https:\/\/i0.wp.com\/batimedianews.com\/live\/wp-content\/uploads\/2025\/02\/image-171.png?resize=396%2C237 396w, https:\/\/i0.wp.com\/batimedianews.com\/live\/wp-content\/uploads\/2025\/02\/image-171.png?resize=660%2C395 660w\" sizes=\"(max-width: 600px) 91vw, (max-width: 900px) 600px, (max-width: 1060px) 50vw, (max-width: 1200px) 520px, (max-width: 1400px) 43vw, 600px\" data-recalc-dims=\"1\" \/><\/figure>\n<\/div>\n\n\n\n<div class=\"wp-block-column\">\n<p class=\"has-medium-font-size\"><strong>Pergola Z\u00e9phir 3 x 4 m<\/strong><\/p>\n\n\n\n<p>Ch\u00e2ssis aluminium Grey ou Blanc et lames blanches<\/p>\n\n\n\n<p>Prix publics indicatifs :<\/p>\n\n\n\n<ul><li>Z\u00e9phir manuelle &#8211; 3 890 euros TTC<\/li><li>Z\u00e9phir motoris\u00e9e &#8211; 4 290 euros TTC<\/li><\/ul>\n\n\n\n<p class=\"has-medium-font-size\"><strong>Pergola Z\u00e9phir motoris\u00e9e 3 x 5 m<\/strong><\/p>\n\n\n\n<p>Ch\u00e2ssis aluminium Grey et lames blanches<\/p>\n\n\n\n<p>Prix public indicatif : 5 490 euros TTC<\/p>\n\n\n\n<p class=\"has-medium-font-size\"><strong>Pergola Z\u00e9phir 6 x 4 m<\/strong><\/p>\n\n\n\n<p>Ch\u00e2ssis aluminium Grey et lames blanches<\/p>\n\n\n\n<p>Prix public indicatif : 8 790 euros TTC<\/p>\n\n\n\n<p class=\"has-medium-font-size\"><strong>Extension Z\u00e9phir <em>Pool house <\/em>3 x 1,46 m<\/strong><\/p>\n\n\n\n<p>Ch\u00e2ssis aluminium Grey et lames blanches<\/p>\n\n\n\n<p>Prix public indicatif : 3 490 euros TTC<\/p>\n\n\n\n<p>Points de vente : jardineries, revendeurs sp\u00e9cialis\u00e9s<\/p>\n<\/div>\n<\/div>\n\n\n\n<figure class=\"wp-block-image size-full\"><img loading=\"lazy\" width=\"720\" height=\"350\" src=\"https:\/\/i1.wp.com\/batimedianews.com\/live\/wp-content\/uploads\/2025\/02\/image-172.png?resize=720%2C350\" alt=\"\" class=\"wp-image-43065\" srcset=\"https:\/\/i1.wp.com\/batimedianews.com\/live\/wp-content\/uploads\/2025\/02\/image-172.png?w=1816 1816w, https:\/\/i1.wp.com\/batimedianews.com\/live\/wp-content\/uploads\/2025\/02\/image-172.png?resize=768%2C373 768w, https:\/\/i1.wp.com\/batimedianews.com\/live\/wp-content\/uploads\/2025\/02\/image-172.png?resize=432%2C210 432w, https:\/\/i1.wp.com\/batimedianews.com\/live\/wp-content\/uploads\/2025\/02\/image-172.png?resize=396%2C192 396w, https:\/\/i1.wp.com\/batimedianews.com\/live\/wp-content\/uploads\/2025\/02\/image-172.png?resize=1120%2C544 1120w, https:\/\/i1.wp.com\/batimedianews.com\/live\/wp-content\/uploads\/2025\/02\/image-172.png?resize=660%2C321 660w, https:\/\/i1.wp.com\/batimedianews.com\/live\/wp-content\/uploads\/2025\/02\/image-172.png?w=1440 1440w\" sizes=\"(max-width: 600px) 91vw, (max-width: 900px) 600px, (max-width: 1060px) 50vw, (max-width: 1200px) 520px, (max-width: 1400px) 43vw, 600px\" data-recalc-dims=\"1\" \/><\/figure>\n\n\n\n<p style=\"font-size:25px\">Cloisons vitr\u00e9es pour pergola<\/p>\n\n\n\n<p style=\"font-size:25px\">Summer Proloisirs<\/p>\n\n\n\n<div class=\"wp-block-columns\">\n<div class=\"wp-block-column\">\n<p>Cette ann\u00e9e, Proloisirs lance 3 cloisons vitr\u00e9es, capables de transformer sa pergola autoport\u00e9e bioclimatique Summer en pi\u00e8ce \u00e0 vivre alliant confort, intimit\u00e9 et luminosit\u00e9 tout au long de l\u2019ann\u00e9e.<\/p>\n\n\n\n<p>Disponibles en 3, 4 ou 6 ventaux coulissants, les cloisons vitr\u00e9es Proloisirs servent \u00e0 fermer la pergola Summer tout en conservant l\u2019impression d\u2019espace ouvert. En cr\u00e9ant une pi\u00e8ce suppl\u00e9mentaire &#8211; salon ext\u00e9rieur abrit\u00e9, salle \u00e0 manger, ou simplement coin lecture -, elles assurent un r\u00f4le protecteur contre les intemp\u00e9ries. Un avantage tr\u00e8s appr\u00e9ciable en hiver.<\/p>\n\n\n\n<p>Fabriqu\u00e9es en verre tremp\u00e9 (10 mm) et dot\u00e9es de rails hauts et bas en aluminium, les cloisons vitr\u00e9es Proloisirs se distinguent par leur design \u00e9pur\u00e9 et leur int\u00e9gration parfaite \u00e0 la structurede la pergola Summer.<\/p>\n<\/div>\n\n\n\n<div class=\"wp-block-column\">\n<p>De plus, la facilit\u00e9 d\u2019ouverture des ventaux permet d\u2019adapter l\u2019espace aux al\u00e9as climatiques.<\/p>\n\n\n\n<p class=\"has-medium-font-size\"><strong>Cloison vitr\u00e9e c\u00f4t\u00e9 3M pour pergola Summer<\/strong><\/p>\n\n\n\n<p>3 ventaux : L 2,66 m x H 2,22 m<\/p>\n\n\n\n<p>Prix publics indicatifs :<\/p>\n\n\n\n<ul><li>Pour pergola autoport\u00e9e : 1 990 euros TTC<\/li><li>Pour pergola adoss\u00e9e : 2 090 euros TTC<\/li><\/ul>\n\n\n\n<p class=\"has-medium-font-size\"><strong>Cloison vitr\u00e9e c\u00f4t\u00e9 4M pour pergola Summer<\/strong><\/p>\n\n\n\n<p>4 ventaux : L 3,70 m x H 2,22 m<\/p>\n\n\n\n<p>Prix publics indicatifs :<\/p>\n\n\n\n<ul><li>Pour pergola autoport\u00e9e : 2 600 euros TTC<\/li><li>Pour pergola adoss\u00e9e : 2 750 euros TTC<\/li><\/ul>\n\n\n\n<p class=\"has-medium-font-size\"><strong>Cloison vitr\u00e9e c\u00f4t\u00e9 6M pour pergola Summer<\/strong><\/p>\n\n\n\n<p>6 ventaux : L 5,74 m x H 2,22 m<\/p>\n\n\n\n<p>Prix publics indicatifs :<\/p>\n\n\n\n<ul><li>Pour pergola autoport\u00e9e : 3 850 euros TTC<\/li><li>Pour pergola adoss\u00e9e : 3 990 euros TTC<\/li><\/ul>\n\n\n\n<p>Points de vente : jardineries, revendeurs sp\u00e9cialis\u00e9s<\/p>\n<\/div>\n<\/div>\n\n\n\n<figure class=\"wp-block-image size-full\"><img loading=\"lazy\" width=\"720\" height=\"419\" src=\"https:\/\/i0.wp.com\/batimedianews.com\/live\/wp-content\/uploads\/2025\/02\/image-173.png?resize=720%2C419\" alt=\"\" class=\"wp-image-43066\" srcset=\"https:\/\/i0.wp.com\/batimedianews.com\/live\/wp-content\/uploads\/2025\/02\/image-173.png?w=1816 1816w, https:\/\/i0.wp.com\/batimedianews.com\/live\/wp-content\/uploads\/2025\/02\/image-173.png?resize=768%2C446 768w, https:\/\/i0.wp.com\/batimedianews.com\/live\/wp-content\/uploads\/2025\/02\/image-173.png?resize=432%2C251 432w, https:\/\/i0.wp.com\/batimedianews.com\/live\/wp-content\/uploads\/2025\/02\/image-173.png?resize=396%2C230 396w, https:\/\/i0.wp.com\/batimedianews.com\/live\/wp-content\/uploads\/2025\/02\/image-173.png?resize=1120%2C651 1120w, https:\/\/i0.wp.com\/batimedianews.com\/live\/wp-content\/uploads\/2025\/02\/image-173.png?resize=660%2C384 660w, https:\/\/i0.wp.com\/batimedianews.com\/live\/wp-content\/uploads\/2025\/02\/image-173.png?w=1440 1440w\" sizes=\"(max-width: 600px) 91vw, (max-width: 900px) 600px, (max-width: 1060px) 50vw, (max-width: 1200px) 520px, (max-width: 1400px) 43vw, 600px\" data-recalc-dims=\"1\" \/><\/figure>\n","protected":false},"excerpt":{"rendered":"<p>De plus en plus pl\u00e9biscit\u00e9es par les particuliers, les pergolas bioclimatiques offrent une solution innovante et pratique. Elles ont l\u2019art de transformer le jardin ou la terrasse en un v\u00e9ritable havre de paix, m\u00eame en demi-saison. Alliant confort thermique et design \u00e9l\u00e9gant, les pergolas bioclimatiques Proloisirs assurent un bien-\u00eatre parfait tout au long de la [&hellip;]<\/p>\n","protected":false},"author":41,"featured_media":43067,"comment_status":"open","ping_status":"open","sticky":true,"template":"","format":"standard","meta":{"spay_email":""},"categories":[4,868,530,125],"tags":[],"jetpack_featured_media_url":"https:\/\/i1.wp.com\/batimedianews.com\/live\/wp-content\/uploads\/2025\/02\/Proloisirs-articles-.jpg?fit=1513%2C825","jetpack_sharing_enabled":true,"jetpack_likes_enabled":true,"jetpack-related-posts":[{"id":27692,"url":"http:\/\/batimedianews.com\/live\/index.php\/2023\/04\/13\/schuco-pergolas-bioclimatiques-aluminium\/","url_meta":{"origin":43056,"position":0},"title":"Sch\u00fcco &#8211; Pergolas bioclimatiques Aluminium","date":"13 avril 2023","format":false,"excerpt":"Sch\u00fcco Pergolas Bioclimatiques Aluminium : notre offre pr\u00eat-\u00e0-poser\u00a0 Des espaces ext\u00e9rieurs qui allient design, confort, durabilit\u00e9 et protection toute l\u2019ann\u00e9e Sch\u00fcco, leader europ\u00e9en des menuiseries en aluminium, muscle son offre r\u00e9sidentielle avec sa gamme de pergolas pour habitation neuve ou restaur\u00e9e. Avec leur conception fran\u00e7aise sur mesure et leur quasi-infinit\u00e9\u2026","rel":"","context":"Dans &quot;pergola&quot;","img":{"alt_text":"","src":"https:\/\/i1.wp.com\/batimedianews.com\/live\/wp-content\/uploads\/2023\/04\/Schu\u0308coPhoto8.jpeg?fit=1150%2C764&resize=350%2C200","width":350,"height":200},"classes":[]},{"id":31644,"url":"http:\/\/batimedianews.com\/live\/index.php\/2023\/10\/03\/5-nouveaux-modeles-de-pergolas-wallis-et-outdoor-design-by-dank-architectes-shine-canyon-carbon-graphite-et-steel-aux-couleurs-de-la-nature\/","url_meta":{"origin":43056,"position":1},"title":"5 nouveaux mod\u00e8les de pergolas Wallis et Outdoor\u00ae design by Dank Architectes : Shine, Canyon, Carbon, Graphite et Steel, aux couleurs de la nature","date":"3 octobre 2023","format":false,"excerpt":"\u00a0Lanc\u00e9e en 2020 par Profils Syst\u00e8mes et aur\u00e9ol\u00e9e du \u00ab coup de coeur de la presse pro 2021 \u00bb lors du dernier salon Equip\u2019Baie, la collection de pergolas aluminium Wallis&Outdoor\u00ae design by Dank Architectes incarne la volont\u00e9 du gammiste tricolore de concevoir des solutions personnalisables, qui se d\u00e9marquent esth\u00e9tiquement tout\u2026","rel":"","context":"Dans &quot;Actualit\u00e9 Entreprises&quot;","img":{"alt_text":"","src":"https:\/\/i2.wp.com\/batimedianews.com\/live\/wp-content\/uploads\/2023\/09\/ProfilsSystemesarticles.jpg?fit=825%2C825&resize=350%2C200","width":350,"height":200},"classes":[]},{"id":2743,"url":"http:\/\/batimedianews.com\/live\/index.php\/2019\/09\/19\/winsol-sera-sur-le-salon-architectwork-paris\/","url_meta":{"origin":43056,"position":2},"title":"WINSOL sera sur le salon Architect@Work Paris","date":"19 septembre 2019","format":false,"excerpt":"WINSOL sera sur le salon Architect@Work Paris les 26 et 27 septembre prochains pour pr\u00e9senter sa derni\u00e8re innovation\u00a0: la Pergola SO! So chic et so design, la pergola bioclimatique SO! r\u00e9gule la chaleur et permet d\u2019\u00eatre prot\u00e9g\u00e9 du soleil comme de la pluie. Elle transforme la terrasse en\u00a0une nouvelle pi\u00e8ce\u2026","rel":"","context":"Dans &quot;Actualit\u00e9 Entreprises&quot;","img":{"alt_text":"","src":"https:\/\/i0.wp.com\/batimedianews.com\/live\/wp-content\/uploads\/2019\/09\/winsol_image.jpg?fit=695%2C695&resize=350%2C200","width":350,"height":200},"classes":[]},{"id":5713,"url":"http:\/\/batimedianews.com\/live\/index.php\/2020\/10\/04\/rideaux-de-verre-glass-systems-proposez-un-jardin-dhiver-sur-mesure\/","url_meta":{"origin":43056,"position":3},"title":"[Rideaux de verre] Glass Systems Proposez un Jardin d\u2019Hiver sur mesure !","date":"4 octobre 2020","format":false,"excerpt":"Glass Systems fait dispara\u00eetre la fronti\u00e8re entre l\u2019int\u00e9rieur et l\u2019ext\u00e9rieur\u00a0 \u00a0L\u2019id\u00e9e est de cr\u00e9er un espace confortable et design, dont on peut profiter toute l\u2019ann\u00e9e et qui permet de prot\u00e9ger du froid toutes les plantes fragiles.\u00a0 Glass Systems vous pr\u00e9sente toutes ses solutions pour concevoir un jardin d\u2019hiver naturellement lumineux\u2026","rel":"","context":"Dans &quot;Actualit\u00e9 Entreprises&quot;","img":{"alt_text":"","src":"https:\/\/i1.wp.com\/batimedianews.com\/live\/wp-content\/uploads\/2020\/07\/image-231.png?fit=754%2C424&resize=350%2C200","width":350,"height":200},"classes":[]},{"id":16070,"url":"http:\/\/batimedianews.com\/live\/index.php\/2022\/02\/16\/non-il-nexiste-pas-que-la-pergola-bioclimatique-amexso-lance-une-nouvelle-gamme-de-pergolas\/","url_meta":{"origin":43056,"position":4},"title":"Non, il n\u2019existe pas que la pergola bioclimatique ! AMEXSO, lance une nouvelle gamme de pergolas","date":"16 f\u00e9vrier 2022","format":false,"excerpt":"\u00a0\/\/ Une gamme de pergolas sur mesure qui r\u00e9pond \u00e0 toutes les envies et \u00e0 tous les budgets\u00a0 Dans un contexte o\u00f9 l\u2019habitat et l\u2019am\u00e9nagement des espaces ext\u00e9rieurs battent toujours leur plein, AMEXSO lance une gamme compl\u00e8te de pergolas aluminium \u00e9prouv\u00e9es, approuv\u00e9es et certifi\u00e9es Qualimarine et Qualicoat.\u00a0 Cette gamme de\u2026","rel":"","context":"Dans &quot;Actualit\u00e9 Entreprises&quot;","img":{"alt_text":"","src":"https:\/\/i1.wp.com\/batimedianews.com\/live\/wp-content\/uploads\/2022\/02\/Amexso-Article.jpg?fit=512%2C512&resize=350%2C200","width":350,"height":200},"classes":[]},{"id":8770,"url":"http:\/\/batimedianews.com\/live\/index.php\/2021\/04\/29\/nouvelles-tonnelles-bioclimatiques-oceo-un-confort-unique-a-tout-moment-de-la-journee\/","url_meta":{"origin":43056,"position":5},"title":"Nouvelles tonnelles bioclimatiques Oc\u00e9o Un confort unique, \u00e0 tout moment de la journ\u00e9e","date":"29 avril 2021","format":false,"excerpt":"Grande tendance des am\u00e9nagements ext\u00e9rieurs, la pergola bioclimatique ajour\u00e9e un v\u00e9ritable espace de vie \u00e0 l'habitation, pour passer des moments de d\u00e9tente dans le jardin ou sur la terrasse, en famille, entre amis, ou encore seul pendant une sieste en plein air ! Trop chaud ou trop humide, peu importe\u2026","rel":"","context":"Dans &quot;Actualit\u00e9 Entreprises&quot;","img":{"alt_text":"","src":"https:\/\/i0.wp.com\/batimedianews.com\/live\/wp-content\/uploads\/2021\/03\/image-67.png?fit=568%2C568&resize=350%2C200","width":350,"height":200},"classes":[]}],"_links":{"self":[{"href":"http:\/\/batimedianews.com\/live\/index.php\/wp-json\/wp\/v2\/posts\/43056"}],"collection":[{"href":"http:\/\/batimedianews.com\/live\/index.php\/wp-json\/wp\/v2\/posts"}],"about":[{"href":"http:\/\/batimedianews.com\/live\/index.php\/wp-json\/wp\/v2\/types\/post"}],"author":[{"embeddable":true,"href":"http:\/\/batimedianews.com\/live\/index.php\/wp-json\/wp\/v2\/users\/41"}],"replies":[{"embeddable":true,"href":"http:\/\/batimedianews.com\/live\/index.php\/wp-json\/wp\/v2\/comments?post=43056"}],"version-history":[{"count":2,"href":"http:\/\/batimedianews.com\/live\/index.php\/wp-json\/wp\/v2\/posts\/43056\/revisions"}],"predecessor-version":[{"id":43101,"href":"http:\/\/batimedianews.com\/live\/index.php\/wp-json\/wp\/v2\/posts\/43056\/revisions\/43101"}],"wp:featuredmedia":[{"embeddable":true,"href":"http:\/\/batimedianews.com\/live\/index.php\/wp-json\/wp\/v2\/media\/43067"}],"wp:attachment":[{"href":"http:\/\/batimedianews.com\/live\/index.php\/wp-json\/wp\/v2\/media?parent=43056"}],"wp:term":[{"taxonomy":"category","embeddable":true,"href":"http:\/\/batimedianews.com\/live\/index.php\/wp-json\/wp\/v2\/categories?post=43056"},{"taxonomy":"post_tag","embeddable":true,"href":"http:\/\/batimedianews.com\/live\/index.php\/wp-json\/wp\/v2\/tags?post=43056"}],"curies":[{"name":"wp","href":"https:\/\/api.w.org\/{rel}","templated":true}]}}