{"id":43069,"date":"2025-02-19T08:58:22","date_gmt":"2025-02-19T07:58:22","guid":{"rendered":"http:\/\/batimedianews.com\/live\/?p=43069"},"modified":"2025-02-19T08:58:24","modified_gmt":"2025-02-19T07:58:24","slug":"inscriptions-ouvertes-pour-la-formation-professionnelle-continue-de-lensa-versailles","status":"publish","type":"post","link":"http:\/\/batimedianews.com\/live\/index.php\/2025\/02\/19\/inscriptions-ouvertes-pour-la-formation-professionnelle-continue-de-lensa-versailles\/","title":{"rendered":"Inscriptions ouvertes pour la formation professionnelle continue de l\u2019\u00c9NSA Versailles"},"content":{"rendered":"\n<p>L\u2019\u00c9cole Nationale Sup\u00e9rieure d\u2019Architecture de Versailles (\u00c9NSA Versailles) recrute la promotion 2025 de sa formation professionnelle continue. Cette formation, destin\u00e9e aux professionnels du secteur de la construction et du cadre de vie permet de pr\u00e9parer le Dipl\u00f4me d\u2019\u00c9tat d\u2019Architecte tout en poursuivant une activit\u00e9 professionnelle.<\/p>\n\n\n\n<p>En fonction de leur exp\u00e9rience, les candidats peuvent int\u00e9grer directement la deuxi\u00e8me ann\u00e9e de Licence ou la premi\u00e8re ann\u00e9e de Master. Le programme se divise en deux cycles compl\u00e9mentaires :<\/p>\n\n\n\n<ul><li>\u2022 Cycle Licence : D\u00e9veloppement d\u2019une culture architecturale et d\u2019une approche critique du projet.<\/li><li>\u2022 Cycle Master : Approfondissement des concepts et m\u00e9thodes pour parvenir \u00e0 une autonomie en conception.<\/li><\/ul>\n\n\n\n<div class=\"wp-block-image\"><figure class=\"alignright size-full is-resized\"><img loading=\"lazy\" src=\"https:\/\/i2.wp.com\/batimedianews.com\/live\/wp-content\/uploads\/2025\/02\/image-174.png?resize=325%2C549\" alt=\"\" class=\"wp-image-43070\" width=\"325\" height=\"549\" srcset=\"https:\/\/i2.wp.com\/batimedianews.com\/live\/wp-content\/uploads\/2025\/02\/image-174.png?w=586 586w, https:\/\/i2.wp.com\/batimedianews.com\/live\/wp-content\/uploads\/2025\/02\/image-174.png?resize=768%2C1297 768w, https:\/\/i2.wp.com\/batimedianews.com\/live\/wp-content\/uploads\/2025\/02\/image-174.png?resize=432%2C730 432w, https:\/\/i2.wp.com\/batimedianews.com\/live\/wp-content\/uploads\/2025\/02\/image-174.png?resize=396%2C669 396w\" sizes=\"(max-width: 600px) 91vw, (max-width: 900px) 600px, (max-width: 1060px) 50vw, (max-width: 1200px) 520px, (max-width: 1400px) 43vw, 600px\" data-recalc-dims=\"1\" \/><figcaption><em>White Week 2025 Commissariat Marcos Rojo Garcia<br>(AUS) \/ Antoine Santiard (h2o architectes) \/ \u00a9 Julien<br>Leli\u00e8vre<\/em><\/figcaption><\/figure><\/div>\n\n\n\n<p><strong>Une approche alliant th\u00e9orie et pratique <\/strong><\/p>\n\n\n\n<p>Encadr\u00e9s par une \u00e9quipe d\u2019architectes praticiens, les stagiaires b\u00e9n\u00e9ficient d\u2019un enseignement \u00e9quilibrant th\u00e9orie et pratique. Ils poursuivent leur activit\u00e9 en agence, indispensable \u00e0 leur formation, et doivent pr\u00e9senter un rapport d\u2019activit\u00e9 lors d\u2019une soutenance pour valider leur parcours.<\/p>\n\n\n\n<p>Tout au long de la formation, la vie professionnelle est au coeur du programme.<\/p>\n\n\n\n<p>Les candidats devront justifier, lors de l\u2019obtention de leur dipl\u00f4me, de la poursuite de leur activit\u00e9 aupr\u00e8s d\u2019un architecte.<\/p>\n\n\n\n<div class=\"wp-block-group has-background\" style=\"background-color:#ced4d6\"><div class=\"wp-block-group__inner-container\">\n<p class=\"has-text-align-center\">Vous vous posez des questions sur votre projet de formation?<\/p>\n\n\n\n<p class=\"has-text-align-center\">Vous avez besoin de pr\u00e9cisions ou d\u2019informations sur notre cycle r\u00e9serv\u00e9 aux professionnels?<\/p>\n\n\n\n<p class=\"has-text-align-center\">Contactez l\u2019une des deux responsables de la formation pour \u00e9changer sur votre projet :<\/p>\n\n\n\n<p class=\"has-text-align-center\">Aude Harrburger : aude.harrburger@versailles.archi.fr<\/p>\n\n\n\n<p class=\"has-text-align-center\">Sarah Ab\u00e9cassis: sarah.abecassis@versailles.archi.fr<\/p>\n<\/div><\/div>\n","protected":false},"excerpt":{"rendered":"<p>L\u2019\u00c9cole Nationale Sup\u00e9rieure d\u2019Architecture de Versailles (\u00c9NSA Versailles) recrute la promotion 2025 de sa formation professionnelle continue. Cette formation, destin\u00e9e aux professionnels du secteur de la construction et du cadre de vie permet de pr\u00e9parer le Dipl\u00f4me d\u2019\u00c9tat d\u2019Architecte tout en poursuivant une activit\u00e9 professionnelle. En fonction de leur exp\u00e9rience, les candidats peuvent int\u00e9grer directement [&hellip;]<\/p>\n","protected":false},"author":41,"featured_media":43071,"comment_status":"open","ping_status":"open","sticky":true,"template":"","format":"standard","meta":{"spay_email":""},"categories":[4,1256,67],"tags":[],"jetpack_featured_media_url":"https:\/\/i2.wp.com\/batimedianews.com\/live\/wp-content\/uploads\/2025\/02\/Ensa-articles-.jpg?fit=1513%2C825","jetpack_sharing_enabled":true,"jetpack_likes_enabled":true,"jetpack-related-posts":[{"id":43708,"url":"http:\/\/batimedianews.com\/live\/index.php\/2025\/03\/20\/graphisoft-participe-au-salon-bim-world-les-2-et-3-avril-2025-a-paris-porte-de-versailles\/","url_meta":{"origin":43069,"position":0},"title":"GRAPHISOFT participe au salon BIM world les 2 et 3 avril 2025 \u00e0 PARIS PORTE DE VERSAILLES","date":"20 mars 2025","format":false,"excerpt":"Graphisoft, pionnier en mati\u00e8re de logiciels BIM et reconnu pour le d\u00e9veloppement d\u2019Archicad\u00ae, solution destin\u00e9e aux architectes, sera pr\u00e9sente au Salon BIM World Paris, les 2 et 3 avril 2025.\u00a0 Ev\u00e9nement de r\u00e9f\u00e9rence dans la transformation digitale pour les b\u00e2timents, infrastructures et territoires, le BIM World Paris est un v\u00e9ritable\u2026","rel":"","context":"Dans &quot;Actualit\u00e9 Entreprises&quot;","img":{"alt_text":"","src":"https:\/\/i0.wp.com\/batimedianews.com\/live\/wp-content\/uploads\/2025\/03\/Graphisoft.jpg?fit=825%2C825&resize=350%2C200","width":350,"height":200},"classes":[]},{"id":38182,"url":"http:\/\/batimedianews.com\/live\/index.php\/2024\/06\/18\/accompagner-les-futurs-architectes-pour-relever-les-defis-de-la-construction-de-demain\/","url_meta":{"origin":43069,"position":1},"title":"Accompagner les futurs architectes pour relever les d\u00e9fis de la construction de demain","date":"18 juin 2024","format":false,"excerpt":"Siniat accompagne les prochaines g\u00e9n\u00e9rations d\u2019architectes En tant que leader technique de la plaque de pl\u00e2tre en France, Siniat s\u2019est donn\u00e9 pour mission de tout mettre en oeuvre pour soutenir et accompagner les nouvelles g\u00e9n\u00e9rations dans l\u2019apprentissage de leur futur m\u00e9tier. Former les jeunes, leur donner une vision claire du\u2026","rel":"","context":"Dans &quot;Actualit\u00e9 Entreprises&quot;","img":{"alt_text":"","src":"https:\/\/i2.wp.com\/batimedianews.com\/live\/wp-content\/uploads\/2024\/06\/Siniat.jpg?fit=825%2C825&resize=350%2C200","width":350,"height":200},"classes":[]},{"id":36396,"url":"http:\/\/batimedianews.com\/live\/index.php\/2024\/03\/20\/graphisoft-participe-au-salon-bim-world-le-3-et-4-avril-2024-a-paris-porte-de-versailles\/","url_meta":{"origin":43069,"position":2},"title":"GRAPHISOFT participe au salon BIM World le 3 et 4 avril 2024 \u00e0 Paris porte de Versailles","date":"20 mars 2024","format":false,"excerpt":"Graphisoft, entreprise reconnue pour le d\u00e9veloppement de son logiciel Archicad\u00ae destin\u00e9 aux architectes, sera pr\u00e9sente au Salon BIM World, le 3 et 4 avril 2024.\u00a0 D\u00e9di\u00e9 \u00e0 la transformation digitale dans le domaine de la construction, l\u2019immobilier et l\u2019am\u00e9nagement urbain et v\u00e9ritable plateforme d\u2019innovation et de business au service de\u2026","rel":"","context":"Dans &quot;Actualit\u00e9 Entreprises&quot;","img":{"alt_text":"","src":"https:\/\/i0.wp.com\/batimedianews.com\/live\/wp-content\/uploads\/2024\/03\/Graphisoft.jpg?fit=825%2C825&resize=350%2C200","width":350,"height":200},"classes":[]},{"id":23198,"url":"http:\/\/batimedianews.com\/live\/index.php\/2022\/09\/16\/trains-et-bus-pour-interclima-2022-en-route-vers-le-succes\/","url_meta":{"origin":43069,"position":3},"title":"Trains et bus pour INTERCLIMA 2022 : en route vers le succ\u00e8s !","date":"16 septembre 2022","format":false,"excerpt":"Rendez-vous f\u00e9d\u00e9rateur des acteurs du g\u00e9nie climatique, INTERCLIMA 2022 (du 3 au 6 octobre \u00e0 Paris-Porte de Versailles) confirme son dynamisme et son attractivit\u00e9.\u00a0 Pour l\u2019\u00e9dition 2022, RX et Uniclima mettent \u00e0 nouveau des moyens exceptionnels pour contribuer au faire-venir d\u2019environ 3 000 visiteurs en provenance de toute la France.\u00a0\u2026","rel":"","context":"Dans &quot;Fil d'actu Interclima 2022&quot;","img":{"alt_text":"","src":"https:\/\/i0.wp.com\/batimedianews.com\/live\/wp-content\/uploads\/2022\/09\/Interclima-Article-1.jpg?fit=1080%2C1080&resize=350%2C200","width":350,"height":200},"classes":[]},{"id":23779,"url":"http:\/\/batimedianews.com\/live\/index.php\/2022\/09\/29\/invitation-presse-_-batimat-2022-strategie-neitralite-carbone-dans-limmobilier-et-le-batiment-a-travers-le-monde-a-horizon-2050\/","url_meta":{"origin":43069,"position":4},"title":"Batimat 2022 : \u00ab Strat\u00e9gie neutralit\u00e9 carbone dans l&rsquo;immobilier et le b\u00e2timent \u00e0 travers le monde \u00e0 horizon 2050","date":"29 septembre 2022","format":false,"excerpt":"\u00a02e volet du cycle de conf\u00e9rences internationales organis\u00e9es par\u00a0l\u2019\u00c9cole des Ponts ParisTech avec 30 experts issus des 5 continents\u00a0 \u00a0Apr\u00e8s le succ\u00e8s du premier volet en avril 2022, l\u2019\u00c9cole des Ponts ParisTech organise le 2e volet de son cycle de conf\u00e9rences internationales sur la \u00ab Strat\u00e9gie Neutralit\u00e9 Carbone dans l\u2019Immobilier\u2026","rel":"","context":"Dans &quot;Actualit\u00e9 Entreprises&quot;","img":{"alt_text":"","src":"https:\/\/i2.wp.com\/batimedianews.com\/live\/wp-content\/uploads\/2022\/09\/EcoledesPonts-Article.jpg?fit=1080%2C1080&resize=350%2C200","width":350,"height":200},"classes":[]},{"id":12899,"url":"http:\/\/batimedianews.com\/live\/index.php\/2021\/10\/20\/cout-global-changeons-de-dimension\/","url_meta":{"origin":43069,"position":5},"title":"CO\u00dbT GLOBAL: CHANGEONS DE DIMENSION !","date":"20 octobre 2021","format":false,"excerpt":"Le rendez-vous national\u00a0 100% prescription \u00e0 \u00e9chelle humaine\u00a0 \u00c9conomistes de la construction,\u00a0 Architectes, G\u00e9om\u00e8tres Experts,\u00a0 Bureaux d\u2019\u00e9tudes, Constructeurs, Promoteurs, Collectivit\u00e9s... MESSAGE DU PR\u00c9SIDENT \u00ab Co\u00fbt global \u00bb : une nouvelle \u00e8re \u00ab ma\u00eetris\u00e9e \u00bb !\u00a0 Une nouvelle \u00e8re se profile pour la fili\u00e8re b\u00e2timent et construction.\u00a0 Alors que les derniers\u2026","rel":"","context":"Dans &quot;Actualit\u00e9 Entreprises&quot;","img":{"alt_text":"","src":"https:\/\/i0.wp.com\/batimedianews.com\/live\/wp-content\/uploads\/2021\/10\/Untec-Article.jpg?fit=512%2C512&resize=350%2C200","width":350,"height":200},"classes":[]}],"_links":{"self":[{"href":"http:\/\/batimedianews.com\/live\/index.php\/wp-json\/wp\/v2\/posts\/43069"}],"collection":[{"href":"http:\/\/batimedianews.com\/live\/index.php\/wp-json\/wp\/v2\/posts"}],"about":[{"href":"http:\/\/batimedianews.com\/live\/index.php\/wp-json\/wp\/v2\/types\/post"}],"author":[{"embeddable":true,"href":"http:\/\/batimedianews.com\/live\/index.php\/wp-json\/wp\/v2\/users\/41"}],"replies":[{"embeddable":true,"href":"http:\/\/batimedianews.com\/live\/index.php\/wp-json\/wp\/v2\/comments?post=43069"}],"version-history":[{"count":2,"href":"http:\/\/batimedianews.com\/live\/index.php\/wp-json\/wp\/v2\/posts\/43069\/revisions"}],"predecessor-version":[{"id":43103,"href":"http:\/\/batimedianews.com\/live\/index.php\/wp-json\/wp\/v2\/posts\/43069\/revisions\/43103"}],"wp:featuredmedia":[{"embeddable":true,"href":"http:\/\/batimedianews.com\/live\/index.php\/wp-json\/wp\/v2\/media\/43071"}],"wp:attachment":[{"href":"http:\/\/batimedianews.com\/live\/index.php\/wp-json\/wp\/v2\/media?parent=43069"}],"wp:term":[{"taxonomy":"category","embeddable":true,"href":"http:\/\/batimedianews.com\/live\/index.php\/wp-json\/wp\/v2\/categories?post=43069"},{"taxonomy":"post_tag","embeddable":true,"href":"http:\/\/batimedianews.com\/live\/index.php\/wp-json\/wp\/v2\/tags?post=43069"}],"curies":[{"name":"wp","href":"https:\/\/api.w.org\/{rel}","templated":true}]}}