{"id":43089,"date":"2025-02-19T09:03:35","date_gmt":"2025-02-19T08:03:35","guid":{"rendered":"http:\/\/batimedianews.com\/live\/?p=43089"},"modified":"2025-02-19T09:03:36","modified_gmt":"2025-02-19T08:03:36","slug":"lockall-signe-une-annee-2024-exceptionnelle-et-annonce-louverture-de-trois-nouveaux-sites-en-2025","status":"publish","type":"post","link":"http:\/\/batimedianews.com\/live\/index.php\/2025\/02\/19\/lockall-signe-une-annee-2024-exceptionnelle-et-annonce-louverture-de-trois-nouveaux-sites-en-2025\/","title":{"rendered":"LOCKALL signe une ann\u00e9e 2024 exceptionnelle et annonce l\u2019ouverture de trois nouveaux sites en 2025"},"content":{"rendered":"\n<p><strong><em>\u00c0 l\u2019heure du bilan, Lockall revient sur une ann\u00e9e 2024 exceptionnelle, marqu\u00e9e par sa lev\u00e9e de fonds de 155 millions d\u2019euros. En l\u2019espace d\u2019un an, le groupe qui d\u00e9ploie ses solutions de stockage 2.0 en \u00cele-de-France a ajout\u00e9 deux nouveaux sites \u00e0 son portefeuille et s\u2019est dot\u00e9 du plus grand centre de stockage au c\u0153ur d\u2019une capitale europ\u00e9enne, dans le 8e arrondissement de Paris. Un d\u00e9veloppement que Lockall entend poursuivre en 2025 avec l\u2019ouverture de trois nouveaux sites.<\/em><\/strong><\/p>\n\n\n\n<p class=\"has-text-color\" style=\"color:#040cf8\"><strong>Une lev\u00e9e de fonds \u00e0 155 millions d\u2019euros pour d\u00e9velopper des solutions de stockage 2.0 en \u00cele-de-France<\/strong><\/p>\n\n\n\n<p>En 2024, Lockall aura marqu\u00e9 les esprits avec sa lev\u00e9e de fonds de 155 millions d\u2019euros op\u00e9r\u00e9e aupr\u00e8s du fonds am\u00e9ricain Starwood Capital Group. Ce tour de table, parmi les dix plus importants de l\u2019ann\u00e9e en France, offre une capacit\u00e9 d\u2019investissement \u00e0 la hauteur des ambitions du groupe, dont la priorit\u00e9 est de poursuivre le d\u00e9ploiement de ses solutions de stockage 2.0 en \u00cele-de-France.<\/p>\n\n\n\n<p>Les investisseurs ont notamment \u00e9t\u00e9 convaincus par le mod\u00e8le unique du Groupe. En effet, Lockall propose, d\u2019une part, des solutions de stockage destin\u00e9es \u00e0 la fois aux particuliers et aux professionnels et situ\u00e9es dans des emplacements de choix, au c\u0153ur de zones dens\u00e9ment peupl\u00e9es. Il con\u00e7oit, d\u2019autre part, des offres \u00ab BtoB \u00bb \u00e0 travers son concept de \u00ab Maison des Artisans \u00bb. Des espaces sp\u00e9cialement pens\u00e9s pour r\u00e9pondre aux besoins de flexibilit\u00e9 et de souplesse des artisans et des entrepreneurs, avec des bureaux, des ateliers, de l\u2019aide administrative et autant de services pour accompagner les TPE-PME.<\/p>\n\n\n\n<p class=\"has-text-color\" style=\"color:#040cf8\"><strong>En 2024, Lockall a ouvert deux nouveaux sites en \u00cele-de-France<\/strong><\/p>\n\n\n\n<figure class=\"wp-block-image size-full\"><img loading=\"lazy\" width=\"720\" height=\"789\" src=\"https:\/\/i2.wp.com\/batimedianews.com\/live\/wp-content\/uploads\/2025\/02\/image-176.png?resize=720%2C789\" alt=\"\" class=\"wp-image-43090\" srcset=\"https:\/\/i2.wp.com\/batimedianews.com\/live\/wp-content\/uploads\/2025\/02\/image-176.png?w=944 944w, https:\/\/i2.wp.com\/batimedianews.com\/live\/wp-content\/uploads\/2025\/02\/image-176.png?resize=768%2C841 768w, https:\/\/i2.wp.com\/batimedianews.com\/live\/wp-content\/uploads\/2025\/02\/image-176.png?resize=10%2C10 10w, https:\/\/i2.wp.com\/batimedianews.com\/live\/wp-content\/uploads\/2025\/02\/image-176.png?resize=432%2C473 432w, https:\/\/i2.wp.com\/batimedianews.com\/live\/wp-content\/uploads\/2025\/02\/image-176.png?resize=396%2C434 396w, https:\/\/i2.wp.com\/batimedianews.com\/live\/wp-content\/uploads\/2025\/02\/image-176.png?resize=660%2C723 660w\" sizes=\"(max-width: 600px) 91vw, (max-width: 900px) 600px, (max-width: 1060px) 50vw, (max-width: 1200px) 520px, (max-width: 1400px) 43vw, 600px\" data-recalc-dims=\"1\" \/><figcaption><em>Le site de Poissy de Lockall a \u00e9t\u00e9 inaugur\u00e9 en 2024 (DR : Lockall)<\/em><\/figcaption><\/figure>\n\n\n\n<p>Les solutions de stockage de Lockall continuent de sortir de terre. En 2024, ce sont deux nouveaux sites qui ont rejoint le portefeuille du groupe apr\u00e8s avoir \u00e9t\u00e9 r\u00e9habilit\u00e9s. Une m\u00e9thode qui permet \u00e0 Lockall de limiter son empreinte carbone tout en redynamisant des friches industrielles.<\/p>\n\n\n\n<p>Le premier site, \u00e0 Poissy, est la premi\u00e8re Maison des Artisans des Yvelines. Install\u00e9 au coeur d\u2019un Technoparc auquel il manquait un dispositif d\u00e9di\u00e9 aux TPE-PME, le site regroupe 692 unit\u00e9s de stockage avec plus de 280 m\u00c7 d\u2019espaces professionnels, de la petite logistique, et des espaces de d\u00e9tente, sur plus de 6 700 m2. Un projet rendu possible gr\u00e2ce \u00e0 la transformation d\u2019un central t\u00e9l\u00e9phonique de 1 000 m2, compl\u00e9t\u00e9e par la construction d\u2019un b\u00e2timent neuf de 5 700 m2.<\/p>\n\n\n\n<p>Le second site, \u00e0 Argenteuil, est \u00e9galement la premi\u00e8re Maison des Artisans du Val-d\u2019Oise.<\/p>\n\n\n\n<p>Dot\u00e9e de 845 espaces de stockage, plus de 80 ateliers et des bureaux connexes, cette Maison des Artisans d\u00e9ploie un ensemble de services sur plus de 10 000 m2. Le b\u00e2timent, un ancien entrep\u00f4t industriel exploit\u00e9 par Dassault, a \u00e9t\u00e9 transform\u00e9 pour tirer parti de ses grands volumes et les adapter \u00e0 leur nouvel usage. Un espace est d\u00e9j\u00e0 disponible \u00e0 la location et une inauguration pr\u00e9vue le 31 mars 2025.<\/p>\n\n\n\n<p>Avec ces deux nouveaux sites, Lockall b\u00e9n\u00e9ficie de 5 centres de stockage op\u00e9rationnels en \u00cele-de-France.<\/p>\n\n\n\n<p class=\"has-text-color\" style=\"color:#040cf8\"><strong>Dans le 8e arrondissement de Paris, Lockall s\u2019est dot\u00e9 du plus grand centre de stockage au coeur d\u2019une capitale europ\u00e9enne<\/strong><\/p>\n\n\n\n<figure class=\"wp-block-image size-full\"><img loading=\"lazy\" width=\"720\" height=\"406\" src=\"https:\/\/i1.wp.com\/batimedianews.com\/live\/wp-content\/uploads\/2025\/02\/image-177.png?resize=720%2C406\" alt=\"\" class=\"wp-image-43091\" srcset=\"https:\/\/i1.wp.com\/batimedianews.com\/live\/wp-content\/uploads\/2025\/02\/image-177.png?w=944 944w, https:\/\/i1.wp.com\/batimedianews.com\/live\/wp-content\/uploads\/2025\/02\/image-177.png?resize=768%2C432 768w, https:\/\/i1.wp.com\/batimedianews.com\/live\/wp-content\/uploads\/2025\/02\/image-177.png?resize=432%2C243 432w, https:\/\/i1.wp.com\/batimedianews.com\/live\/wp-content\/uploads\/2025\/02\/image-177.png?resize=396%2C223 396w, https:\/\/i1.wp.com\/batimedianews.com\/live\/wp-content\/uploads\/2025\/02\/image-177.png?resize=660%2C372 660w\" sizes=\"(max-width: 600px) 91vw, (max-width: 900px) 600px, (max-width: 1060px) 50vw, (max-width: 1200px) 520px, (max-width: 1400px) 43vw, 600px\" data-recalc-dims=\"1\" \/><figcaption>Lockall a inaugur\u00e9 la seconde partie de son site de stockage dans le 8e arrondissement de<br>Paris, le plus grand au coeur d&rsquo;une capitale europ\u00e9enne (DR : Lockall)<\/figcaption><\/figure>\n\n\n\n<p>En plus de l\u2019agrandissement de son parc immobilier, l\u2019ann\u00e9e 2024 de Lockall est \u00e9galement marqu\u00e9e par l\u2019ouverture du plus grand centre de stockage en activit\u00e9 au coeur d\u2019une capitale europ\u00e9enne.<\/p>\n\n\n\n<p>Situ\u00e9 dans le 8e arrondissement de Paris sur le mythique Boulevard Haussmann et \u00e0 deux pas de la prestigieuse avenue des Champs-\u00c9lys\u00e9es, le site a quasiment doubl\u00e9 de volume cette ann\u00e9e. Apr\u00e8s avoir ouvert 733 espaces de stockage sur 7 000 m2 en 2021, le groupe a r\u00e9cemment inaugur\u00e9 l\u2019ouverture de 1 200 espaces de stockage suppl\u00e9mentaires sur 5 000 m2, portant la surface totale du site \u00e0 12 000 m2.<\/p>\n\n\n\n<p>Cette r\u00e9habilitation d\u2019ampleur a par ailleurs \u00e9t\u00e9 prim\u00e9e en 2023 par la Federation of European Self Storage Associations (Fedessa) avec le prix \u00ab Expansion or Conversion of the Year \u00bb. Une distinction soulignant la qualit\u00e9 des actifs d\u00e9velopp\u00e9s par Lockall, puisqu\u2019il a \u00e9galement remport\u00e9 le Prix 2024 pour son site de Suresnes (92).<\/p>\n\n\n\n<p class=\"has-text-color\" style=\"color:#040cf8\"><strong>Lockall poursuit son d\u00e9veloppement en 2025 avec l\u2019ouverture de trois nouveaux sites<\/strong><\/p>\n\n\n\n<figure class=\"wp-block-image size-full\"><img loading=\"lazy\" width=\"720\" height=\"470\" src=\"https:\/\/i2.wp.com\/batimedianews.com\/live\/wp-content\/uploads\/2025\/02\/image-178.png?resize=720%2C470\" alt=\"\" class=\"wp-image-43092\" srcset=\"https:\/\/i2.wp.com\/batimedianews.com\/live\/wp-content\/uploads\/2025\/02\/image-178.png?w=944 944w, https:\/\/i2.wp.com\/batimedianews.com\/live\/wp-content\/uploads\/2025\/02\/image-178.png?resize=768%2C501 768w, https:\/\/i2.wp.com\/batimedianews.com\/live\/wp-content\/uploads\/2025\/02\/image-178.png?resize=432%2C282 432w, https:\/\/i2.wp.com\/batimedianews.com\/live\/wp-content\/uploads\/2025\/02\/image-178.png?resize=396%2C258 396w, https:\/\/i2.wp.com\/batimedianews.com\/live\/wp-content\/uploads\/2025\/02\/image-178.png?resize=660%2C431 660w\" sizes=\"(max-width: 600px) 91vw, (max-width: 900px) 600px, (max-width: 1060px) 50vw, (max-width: 1200px) 520px, (max-width: 1400px) 43vw, 600px\" data-recalc-dims=\"1\" \/><figcaption>En 2025, Lockall ouvrira un centre de stockage dans un ancien parking circulaire du 13e<br>arrondissement de Paris (DR : Lockall)<\/figcaption><\/figure>\n\n\n\n<p>Apr\u00e8s avoir sign\u00e9 une ann\u00e9e 2024 remarquable, Lockall acc\u00e9l\u00e8re son d\u00e9veloppement avec l\u2019ouverture de trois nouveaux sites en 2025, annonce Alexis de l\u2019\u00c9pine, cofondateur de Lockall : <em>\u00ab Nous entendons poursuivre et amplifier l\u2019excellente dynamique de Lockall avec trois nouveaux sites en 2025, parmi lesquels une Maison des Artisans \u00e0 V\u00e9lizy-Villacoublay (78), un centre de stockage \u00e0 Cergy (95), et la transformation d\u2019un parking circulaire du 13e arrondissement de Paris en un centre de stockage, notre second en intra-muros. Nous nous rapprochons de notre objectif d\u2019une quinzaine de sites op\u00e9rationnels en \u00cele-de-France gr\u00e2ce \u00e0 la mobilisation de nos \u00e9quipes \u00bb.<\/em><\/p>\n\n\n\n<p class=\"has-text-color\" style=\"color:#f9d003\"><strong>\u00c0 PROPOS DE LOCKALL<\/strong><\/p>\n\n\n\n<p>Fond\u00e9e en 2020, Lockall d\u00e9veloppe une solution de stockage en \u00cele-de-France pour les professionnels et les particuliers. Il s\u2019agit d\u2019une offre destin\u00e9e \u00e0 r\u00e9pondre \u00e0 tous les types de besoins avec des box de stockage allant de 0,5 \u00e0 150 m2, sans engagement ni d\u00e9p\u00f4t de garantie. En plus d\u2019\u00eatre particuli\u00e8rement fIexibles, les espaces de stockage de Lockall pr\u00e9sentent \u00e9galement l\u2019avantage d\u2019\u00eatre facilement accessibles (parking et zones de d\u00e9chargement, outils de manutention etc.), et enti\u00e8rement s\u00e9curis\u00e9s \u00e0 l\u2019aide d\u2019une technologie interne de cl\u00e9 digitale crypt\u00e9e et d\u2019un syst\u00e8me de vid\u00e9osurveillance dernier cri.<\/p>\n\n\n\n<p>Lockall d\u00e9veloppe \u00e9galement \u00ab\u00a0La Maison des Artisans\u00a0\u00bb, une solution BtoB qui repose sur la cr\u00e9ation d\u2019espaces sp\u00e9cialement pens\u00e9s pour r\u00e9pondre aux besoins de fIexibilit\u00e9 et de souplesse des artisans et des entrepreneurs. Chaque Maison des Artisans abrite des espaces de stockage, des places de travail individuelles et partag\u00e9es, des ateliers privatifs et des bureaux pour accompagner le d\u00e9veloppement des artisans, TPE et PME. Seuls les services utilis\u00e9s sont factur\u00e9s, ce qui permet aux professionnels d\u2019\u00eatre plus agiles et de ma\u00eetriser leurs d\u00e9penses. Les Maisons des Artisans sont implant\u00e9es sur d\u2019anciennes friches enti\u00e8rement r\u00e9habilit\u00e9es. Ce concept permet d\u2019am\u00e9liorer le quotidien des professionnels en r\u00e9unissant sous le m\u00eame toit l\u2019ensemble des services auxquels les entreprises ont besoin tout en g\u00e9n\u00e9rant des synergies entre leurs diff\u00e9rentes activit\u00e9s.<\/p>\n","protected":false},"excerpt":{"rendered":"<p>\u00c0 l\u2019heure du bilan, Lockall revient sur une ann\u00e9e 2024 exceptionnelle, marqu\u00e9e par sa lev\u00e9e de fonds de 155 millions d\u2019euros. En l\u2019espace d\u2019un an, le groupe qui d\u00e9ploie ses solutions de stockage 2.0 en \u00cele-de-France a ajout\u00e9 deux nouveaux sites \u00e0 son portefeuille et s\u2019est dot\u00e9 du plus grand centre de stockage au c\u0153ur [&hellip;]<\/p>\n","protected":false},"author":41,"featured_media":43093,"comment_status":"open","ping_status":"open","sticky":true,"template":"","format":"standard","meta":{"spay_email":""},"categories":[1695,4],"tags":[2609],"jetpack_featured_media_url":"https:\/\/i2.wp.com\/batimedianews.com\/live\/wp-content\/uploads\/2025\/02\/Lockall-articles-.jpg?fit=1513%2C825","jetpack_sharing_enabled":true,"jetpack_likes_enabled":true,"jetpack-related-posts":[{"id":33195,"url":"http:\/\/batimedianews.com\/live\/index.php\/2023\/11\/21\/newheat-leve-30-me-pour-deployer-massivement-ses-solutions-de-fourniture-de-chaleur-renouvelable-100-vertueuse-et-devenir-un-leader-europeen-de-la-filiere\/","url_meta":{"origin":43089,"position":0},"title":"Newheat l\u00e8ve 30 M\u20ac pour d\u00e9ployer massivement ses solutions de fourniture de chaleur renouvelable \u00ab 100% vertueuse \u00bb, et devenir un leader europ\u00e9en de la fili\u00e8re","date":"21 novembre 2023","format":false,"excerpt":"\u00d8\u00a0\u00a0\u00a0\u00a0\u00a0\u00a0\u00a0\u00a0La chaleur renouvelable\u00a0est aujourd'hui identifi\u00e9e\u00a0par les d\u00e9cideurs priv\u00e9s et publics\u00a0comme un secteur prioritaire\u00a0pour\u00a0atteindre\u00a0les\u00a0objectifs climatiques et r\u00e9duire\u00a0la\u00a0d\u00e9pendance aux \u00e9nergies fossiles. \u00d8\u00a0\u00a0\u00a0\u00a0\u00a0\u00a0\u00a0\u00a0Focalis\u00e9e sur la d\u00e9carbonation des grands sites industriels et des r\u00e9seaux de chaleur urbains,\u00a0Newheat\u00a0s'appr\u00eate \u00e0\u00a0d\u00e9cupler\u00a0son rythme de d\u00e9veloppement avec\u00a0l'objectif de d\u00e9ployer\u00a015\u00a0nouveaux\u00a0projets d'ici 3 ans, pour un total d'investissement de 150 M\u20ac\u00a0et\u2026","rel":"","context":"Dans &quot;Actualit\u00e9 Entreprises&quot;","img":{"alt_text":"","src":"https:\/\/i1.wp.com\/batimedianews.com\/live\/wp-content\/uploads\/2023\/11\/Newheat-Image-articles-.jpg?fit=825%2C825&resize=350%2C200","width":350,"height":200},"classes":[]},{"id":21253,"url":"http:\/\/batimedianews.com\/live\/index.php\/2022\/06\/22\/la-societe-neolithe-realise-avec-succes-sa-troisieme-levee-de-fonds-dun-montant-de-20-millions-deuros-marquant-une-etape-cle-pour-son-developpement\/","url_meta":{"origin":43089,"position":1},"title":"La soci\u00e9t\u00e9 N\u00e9olithe r\u00e9alise avec succ\u00e8s sa troisi\u00e8me lev\u00e9e de fonds d\u2019un montant de 20 millions d\u2019euros, marquant une \u00e9tape cl\u00e9 pour son d\u00e9veloppement.","date":"22 juin 2022","format":false,"excerpt":"Chalonnes-sur-Loire, juin 2022_ N\u00e9olithe, jeune start-up industrielle fran\u00e7aise laur\u00e9ate de la nouvelle promotion du French Tech Green20, \u00e0 l\u2019origine d\u2019une innovation majeure dans le traitement des d\u00e9chets, vient de r\u00e9aliser sa troisi\u00e8me lev\u00e9e de fonds d\u2019un montant total de 20 millions d\u2019euros aupr\u00e8s de Otium Capital et d\u2019investisseurs familiaux. Une\u2026","rel":"","context":"Dans &quot;Actualit\u00e9 Entreprises&quot;","img":{"alt_text":"","src":"https:\/\/i2.wp.com\/batimedianews.com\/live\/wp-content\/uploads\/2022\/06\/Neolithe-Article.jpg?fit=1080%2C1080&resize=350%2C200","width":350,"height":200},"classes":[]},{"id":29929,"url":"http:\/\/batimedianews.com\/live\/index.php\/2023\/07\/04\/le-groupe-airwell-leve-6-millions-deuros-et-cree-airwell-industrie-en-integrant-le-site-de-production-amzair-concepteur-breton-de-pompes-a-chaleur-pour-le-residentiel-et-le-petit-tertiaire\/","url_meta":{"origin":43089,"position":2},"title":"Le groupe AIRWELL l\u00e8ve 6 millions d&rsquo;euros et cr\u00e9\u00e9 AIRWELL INDUSTRIE  en int\u00e9grant le site de production AMZAIR, concepteur breton de pompes \u00e0 chaleur pour le r\u00e9sidentiel et le petit tertiaire","date":"4 juillet 2023","format":false,"excerpt":"\u00a0Acteur majeur de l\u2019univers des pompes \u00e0 chaleur, du chauffage et de la gestion des \u00e9nergies depuis plus de 75 ans, le Groupe Airwell l\u00e8ve 6 millions d\u2019euros. Des fonds et des investisseurs des pays Scandinaves notamment, participent \u00e0 ce tour de financement. Dans le m\u00eame temps, le Groupe Airwell\u2026","rel":"","context":"Dans &quot;Pompe \u00e0 chaleur&quot;","img":{"alt_text":"","src":"https:\/\/i1.wp.com\/batimedianews.com\/live\/wp-content\/uploads\/2023\/07\/Airwell-article.jpg?fit=1080%2C1080&resize=350%2C200","width":350,"height":200},"classes":[]},{"id":24975,"url":"http:\/\/batimedianews.com\/live\/index.php\/2022\/11\/23\/sami-leve-4-millions-deuros-avec-plus-de-250-investisseurs-pour-accelerer-la-transition-bas-carbone-des-entreprises\/","url_meta":{"origin":43089,"position":3},"title":"Sami l\u00e8ve 4 millions d\u2019euros avec plus de 250 investisseurs pour acc\u00e9l\u00e9rer la transition bas-carbone des entreprises","date":"23 novembre 2022","format":false,"excerpt":"\u25cf +400 entreprises utilisent la plateforme Sami pour mesurer et r\u00e9duire leur bilan carbone \u25cf 272 investisseurs ont rejoint l\u2019aventure Sami pour acc\u00e9l\u00e9rer le d\u00e9veloppement \u25cf La startup ouvre sa plateforme \u00e0 l\u2019ensemble des consultants carbone \u25cf Sami se lance sur le march\u00e9 belge et anglais d\u00e9but 2023 Retour sur\u2026","rel":"","context":"Dans &quot;Actualit\u00e9 Entreprises&quot;","img":{"alt_text":"","src":"https:\/\/i2.wp.com\/batimedianews.com\/live\/wp-content\/uploads\/2022\/11\/Sami-Article.jpg?fit=1080%2C1080&resize=350%2C200","width":350,"height":200},"classes":[]},{"id":9892,"url":"http:\/\/batimedianews.com\/live\/index.php\/2021\/05\/18\/digitalisation-du-btp-planradar-accelere-la-dynamique-du-marche-et-passe-le-cap-des-100-000-utilisateurs-dans-toute-leurope\/","url_meta":{"origin":43089,"position":4},"title":"Digitalisation du BTP :  PlanRadar acc\u00e9l\u00e8re la dynamique du march\u00e9  et passe le cap des 100 000 utilisateurs dans toute l&rsquo;Europe","date":"18 mai 2021","format":false,"excerpt":"Le 06 avril 2021 -\u00a0PlanRadar\u00a0d\u00e9veloppe depuis 2013 une solution de digitalisation des projets de construction et d'immobilier dans le Cloud qui r\u00e9invente et simplifie la gestion collaborative tout au long du cycle de vie d'un b\u00e2timent. En 2020, l'entreprise a lev\u00e9 plus de 30 millions d'euros aupr\u00e8s de Insight\u00a0Partners\u00a0et\u00a0e.ventures, deux\u2026","rel":"","context":"Dans &quot;Actualit\u00e9 Entreprises&quot;","img":{"alt_text":"","src":"https:\/\/i1.wp.com\/batimedianews.com\/live\/wp-content\/uploads\/2021\/05\/PlanRadar-Article.jpg?fit=512%2C512&resize=350%2C200","width":350,"height":200},"classes":[]},{"id":37303,"url":"http:\/\/batimedianews.com\/live\/index.php\/2024\/05\/17\/holcim-porte-a-260-millions-deuros-son-investissement-pour-accelerer-la-decarbonation-de-ses-activites-en-france\/","url_meta":{"origin":43089,"position":5},"title":"Holcim porte \u00e0 260 millions d\u2019euros son investissement pour acc\u00e9l\u00e9rer la d\u00e9carbonation de ses activit\u00e9s en France","date":"17 mai 2024","format":false,"excerpt":"\u00c0 l'occasion de la 7\u00e8me \u00e9dition du Sommet Choose France, Holcim, leader mondial des solutions de construction innovantes et durables, annonce d\u00e9ployer 60 millions d'euros additionnels afin de poursuivre la d\u00e9carbonation de ses sites industriels en France. Ces fonds viennent \u00e9galement s\u2019ajouter aux 200 millions d\u2019euros d\u00e9j\u00e0 investis ces trois\u2026","rel":"","context":"Dans &quot;Actualit\u00e9 Entreprises&quot;","img":{"alt_text":"","src":"https:\/\/i0.wp.com\/batimedianews.com\/live\/wp-content\/uploads\/2024\/05\/Holcim.jpg?fit=825%2C825&resize=350%2C200","width":350,"height":200},"classes":[]}],"_links":{"self":[{"href":"http:\/\/batimedianews.com\/live\/index.php\/wp-json\/wp\/v2\/posts\/43089"}],"collection":[{"href":"http:\/\/batimedianews.com\/live\/index.php\/wp-json\/wp\/v2\/posts"}],"about":[{"href":"http:\/\/batimedianews.com\/live\/index.php\/wp-json\/wp\/v2\/types\/post"}],"author":[{"embeddable":true,"href":"http:\/\/batimedianews.com\/live\/index.php\/wp-json\/wp\/v2\/users\/41"}],"replies":[{"embeddable":true,"href":"http:\/\/batimedianews.com\/live\/index.php\/wp-json\/wp\/v2\/comments?post=43089"}],"version-history":[{"count":2,"href":"http:\/\/batimedianews.com\/live\/index.php\/wp-json\/wp\/v2\/posts\/43089\/revisions"}],"predecessor-version":[{"id":43108,"href":"http:\/\/batimedianews.com\/live\/index.php\/wp-json\/wp\/v2\/posts\/43089\/revisions\/43108"}],"wp:featuredmedia":[{"embeddable":true,"href":"http:\/\/batimedianews.com\/live\/index.php\/wp-json\/wp\/v2\/media\/43093"}],"wp:attachment":[{"href":"http:\/\/batimedianews.com\/live\/index.php\/wp-json\/wp\/v2\/media?parent=43089"}],"wp:term":[{"taxonomy":"category","embeddable":true,"href":"http:\/\/batimedianews.com\/live\/index.php\/wp-json\/wp\/v2\/categories?post=43089"},{"taxonomy":"post_tag","embeddable":true,"href":"http:\/\/batimedianews.com\/live\/index.php\/wp-json\/wp\/v2\/tags?post=43089"}],"curies":[{"name":"wp","href":"https:\/\/api.w.org\/{rel}","templated":true}]}}