{"id":43651,"date":"2025-03-17T13:29:35","date_gmt":"2025-03-17T12:29:35","guid":{"rendered":"http:\/\/batimedianews.com\/live\/?p=43651"},"modified":"2025-03-17T13:29:37","modified_gmt":"2025-03-17T12:29:37","slug":"renouvellement-du-partenariat-entre-la-capeb-et-isover-et-placo-une-collaboration-renforcee-pour-accompagner-les-artisans-du-batiment","status":"publish","type":"post","link":"http:\/\/batimedianews.com\/live\/index.php\/2025\/03\/17\/renouvellement-du-partenariat-entre-la-capeb-et-isover-et-placo-une-collaboration-renforcee-pour-accompagner-les-artisans-du-batiment\/","title":{"rendered":"Renouvellement du partenariat entre la CAPEB et Isover et Placo : une collaboration renforc\u00e9e pour accompagner les artisans du b\u00e2timent"},"content":{"rendered":"\n<p><strong>La CAPEB et Isover et Placo annoncent le renouvellement de leur partenariat. Cette collaboration, initi\u00e9e depuis plusieurs ann\u00e9es, vise \u00e0 renforcer les \u00e9changes entre les artisans du b\u00e2timent et les industriels pour d\u00e9velopper des solutions innovantes, am\u00e9liorer les conditions de travail et promouvoir les m\u00e9tiers du secteur.<\/strong><\/p>\n\n\n\n<p class=\"has-text-color\" style=\"color:#d04545\"><strong>Des actions concr\u00e8tes au service des artisans<\/strong><\/p>\n\n\n\n<p>Le partenariat repose sur plusieurs axes : renforcer les \u00e9changes et la co-construction via des groupes de travail et des \u00e9v\u00e9nements, am\u00e9liorer les conditions de travail des artisans gr\u00e2ce \u00e0 des innovations produits, et valoriser les m\u00e9tiers du b\u00e2timent pour attirer de nouveaux talents. Les deux parties s&rsquo;engagent \u00e9galement \u00e0 accompagner la transition \u00e9cologique, notamment en mettant l&rsquo;accent sur la r\u00e9novation du b\u00e2ti ancien.<\/p>\n\n\n\n<p class=\"has-text-color\" style=\"color:#d04545\"><strong>Des b\u00e9n\u00e9fices pour tous les acteurs du secteur<\/strong><\/p>\n\n\n\n<p>Pour Isover et Placo, ce partenariat offre un acc\u00e8s direct aux retours d&rsquo;exp\u00e9rience des artisans et la possibilit\u00e9 de tester des solutions en conditions r\u00e9elles. Pour la CAPEB, c&rsquo;est l&rsquo;opportunit\u00e9 de b\u00e9n\u00e9ficier de l&rsquo;expertise technique d&rsquo;Isover et Placo et de soutenir les artisans dans leur \u00e9volution professionnelle, notamment \u00e0 travers des formations et des webinaires.<\/p>\n\n\n\n<p class=\"has-text-color\" style=\"color:#d04545\"><strong>Un engagement commun pour l&rsquo;avenir du secteur<\/strong><\/p>\n\n\n\n<p>Depuis 1946, la CAPEB soutient les artisans du b\u00e2timent dans leur d\u00e9veloppement. Isover et Placo est un acteur cl\u00e9 de l&rsquo;isolation et de la construction. Le renouvellement de ce partenariat t\u00e9moigne de l&rsquo;engagement partag\u00e9 des deux organisations \u00e0 soutenir et am\u00e9liorer les conditions de travail et la comp\u00e9titivit\u00e9 des artisans.<\/p>\n\n\n\n<p>\u00ab&nbsp;Ce partenariat renouvel\u00e9 avec Isover et Placo marque un engagement fort en faveur de l&rsquo;innovation, de la formation continue et de l&rsquo;am\u00e9lioration des conditions de travail des artisans du b\u00e2timent. Ensemble, nous \u0153uvrons pour un secteur plus attractif et plus responsable, tout en accompagnant nos entreprises vers une transition \u00e9cologique r\u00e9ussie. Ce partenariat t\u00e9moigne de notre volont\u00e9 de construire un avenir durable avec les artisans, en leur offrant les outils et les solutions n\u00e9cessaires pour r\u00e9pondre aux enjeux de demain.&nbsp;\u00bb&nbsp;<strong>Jean-Christophe Repon, pr\u00e9sident de la CAPEB.<\/strong><\/p>\n\n\n\n<p>\u00ab&nbsp;Le renouvellement de notre partenariat avec la CAPEB est une formidable opportunit\u00e9 pour Isover et Placo\u00ae de renforcer notre engagement envers les artisans du b\u00e2timent. En collaborant \u00e9troitement avec la CAPEB, nous pouvons non seulement partager notre expertise technique, mais aussi b\u00e9n\u00e9ficier des retours d&rsquo;exp\u00e9rience des artisans pour am\u00e9liorer continuellement nos produits et services. Ensemble, nous visons \u00e0 cr\u00e9er un \u00e9cosyst\u00e8me o\u00f9 l&rsquo;innovation et le respect de l&rsquo;existant se rencontrent pour b\u00e2tir l&rsquo;habitat de demain. \u00bb,&nbsp;<strong>St\u00e9phane GARCIA &#8211; Directeur G\u00e9n\u00e9ral Placoplatre et Isover France<\/strong><\/p>\n\n\n\n<figure class=\"wp-block-image size-full\"><img loading=\"lazy\" width=\"610\" height=\"812\" src=\"https:\/\/i2.wp.com\/batimedianews.com\/live\/wp-content\/uploads\/2025\/03\/image-139.png?resize=610%2C812\" alt=\"\" class=\"wp-image-43652\" srcset=\"https:\/\/i2.wp.com\/batimedianews.com\/live\/wp-content\/uploads\/2025\/03\/image-139.png?w=610 610w, https:\/\/i2.wp.com\/batimedianews.com\/live\/wp-content\/uploads\/2025\/03\/image-139.png?resize=768%2C1022 768w, https:\/\/i2.wp.com\/batimedianews.com\/live\/wp-content\/uploads\/2025\/03\/image-139.png?resize=432%2C575 432w, https:\/\/i2.wp.com\/batimedianews.com\/live\/wp-content\/uploads\/2025\/03\/image-139.png?resize=396%2C527 396w\" sizes=\"(max-width: 600px) 91vw, (max-width: 900px) 600px, (max-width: 1060px) 50vw, (max-width: 1200px) 520px, (max-width: 1400px) 43vw, 600px\" data-recalc-dims=\"1\" \/><\/figure>\n\n\n\n<p class=\"has-text-color\" style=\"color:#d04545\"><strong>\u00c0 propos de la CAPEB<\/strong><strong><\/strong><\/p>\n\n\n\n<p>La Conf\u00e9d\u00e9ration de l&rsquo;Artisanat et des Petites Entreprises du B\u00e2timent (CAPEB), organisation patronale repr\u00e9sentative de l&rsquo;ensemble des entreprises du b\u00e2timent est l&rsquo;organisation patronale majoritaire dans l&rsquo;artisanat du B\u00e2timent (c&rsquo;est-\u00e0-dire les entreprises inscrites au r\u00e9pertoire des m\u00e9tiers qui emploient ou non des salari\u00e9s). La CAPEB est la premi\u00e8re organisation professionnelle de France en nombre d&rsquo;adh\u00e9rents (62 000 entreprises).<\/p>\n\n\n\n<p>Elle repr\u00e9sente \u00e0 ce titre&nbsp;:&nbsp;<\/p>\n\n\n\n<ul><li>500 000 entreprises, soit 96 % des entreprises du b\u00e2timent, employant entre 1 et 10 salari\u00e9s&nbsp;<\/li><li>570 000 salari\u00e9s, soit 45 % des salari\u00e9s dont 14 % de femmes<\/li><li>60 000 apprentis form\u00e9s dans le b\u00e2timent<\/li><li>Presque la moiti\u00e9 du chiffre d&rsquo;affaires du b\u00e2timent (47 %)<\/li><\/ul>\n\n\n\n<p class=\"has-text-color\" style=\"color:#d04545\"><strong>\u00c0 propos d&rsquo;ISOVER<\/strong><\/p>\n\n\n\n<p>Isover, marque du groupe Saint-Gobain, est le leader de l&rsquo;isolation durable. Depuis plus de 85 ans, Isover s&rsquo;engage \u00e0 d\u00e9velopper des solutions d&rsquo;isolation innovantes qui am\u00e9liorent la performance et la qualit\u00e9 des b\u00e2timents fran\u00e7ais, pour les rendre plus \u00e9conomes en \u00e9nergie, plus respectueux de l&rsquo;environnement, et plus confortables pour ceux qui les habitent. Pour cela, Isover con\u00e7oit et fabrique en France de larges gammes de mat\u00e9riaux isolants (laine de verre, laine de roche, fibre de bois, textile recycl\u00e9) pour r\u00e9pondre aux besoins de ses clients en neuf comme en r\u00e9novation, que ce soit au sein des habitats individuels, collectifs, ou des b\u00e2timents non-r\u00e9sidentiels.&nbsp;<\/p>\n\n\n\n<p>En tant qu&rsquo;acteur engag\u00e9, Isover s&rsquo;inscrit dans une d\u00e9marche d&rsquo;am\u00e9lioration continue afin de r\u00e9duire son empreinte sur l&rsquo;environnement et contribuer \u00e0 une \u00e9conomie circulaire en privil\u00e9giant les mati\u00e8res recycl\u00e9es dans la fabrication de ses produits.&nbsp;<\/p>\n","protected":false},"excerpt":{"rendered":"<p>La CAPEB et Isover et Placo annoncent le renouvellement de leur partenariat. Cette collaboration, initi\u00e9e depuis plusieurs ann\u00e9es, vise \u00e0 renforcer les \u00e9changes entre les artisans du b\u00e2timent et les industriels pour d\u00e9velopper des solutions innovantes, am\u00e9liorer les conditions de travail et promouvoir les m\u00e9tiers du secteur. Des actions concr\u00e8tes au service des artisans Le [&hellip;]<\/p>\n","protected":false},"author":41,"featured_media":43653,"comment_status":"open","ping_status":"open","sticky":true,"template":"","format":"standard","meta":{"spay_email":""},"categories":[744],"tags":[1530],"jetpack_featured_media_url":"https:\/\/i1.wp.com\/batimedianews.com\/live\/wp-content\/uploads\/2025\/03\/CAPEB_PLACO-articles-.jpg?fit=1513%2C825","jetpack_sharing_enabled":true,"jetpack_likes_enabled":true,"jetpack-related-posts":[{"id":43333,"url":"http:\/\/batimedianews.com\/live\/index.php\/2025\/03\/03\/la-capeb-unikalo-beranger-developpement-et-iris-st-unissent-leurs-forces-pour-accompagner-les-artisans-peintres\/","url_meta":{"origin":43651,"position":0},"title":"La CAPEB, UNIKALO, BERANGER D\u00c9VELOPPEMENT et IRIS-ST unissent leurs forces pour accompagner les artisans peintres","date":"3 mars 2025","format":false,"excerpt":"Paris, le 26\u00a0f\u00e9vrier 2025 \u2013 La CAPEB, UNIKALO, BERANGER D\u00c9VELOPPEMENT et l'Institut de Recherche et d'Innovation sur la Sant\u00e9 et la S\u00e9curit\u00e9 au Travail (IRIS-ST) annoncent la signature d'un accord de partenariat ambitieux pour accompagner les entreprises artisanales du b\u00e2timent, et plus particuli\u00e8rement les peintres et les professionnels du rev\u00eatement\u2026","rel":"","context":"Dans &quot;Actualit\u00e9 Entreprises&quot;","img":{"alt_text":"","src":"https:\/\/i1.wp.com\/batimedianews.com\/live\/wp-content\/uploads\/2025\/03\/CAPEB-articles-.jpg?fit=825%2C825&resize=350%2C200","width":350,"height":200},"classes":[]},{"id":22993,"url":"http:\/\/batimedianews.com\/live\/index.php\/2022\/09\/14\/la-capeb-iris-st-et-knauf-renouvellent-leur-partenariat-afin-daccelerer-la-renovation-energetique-et-sensibiliser-les-professionnels-du-batiment-aux-risques-sur-les-chantiers\/","url_meta":{"origin":43651,"position":1},"title":"La CAPEB, IRIS-ST et KNAUF renouvellent leur partenariat afin d&rsquo;acc\u00e9l\u00e9rer la r\u00e9novation \u00e9nerg\u00e9tique et sensibiliser les professionnels du b\u00e2timent aux risques sur les chantiers","date":"14 septembre 2022","format":false,"excerpt":"#B\u00e2timent \/ #Partenariat \/ #Formation \/ #Isolation \/ #R\u00e9novationEnerg\u00e9tique Paris, le 8 septembre 2022 \u2013 La Conf\u00e9d\u00e9ration de l'Artisanat et des Petites Entreprises du B\u00e2timent (CAPEB), via sa filiale B\u00e9ranger D\u00e9veloppement, l'Institut de Recherche et d'Innovation sur la Sant\u00e9 et la s\u00e9curit\u00e9 au Travail (IRIS-ST), et KNAUF, leader des produits\u2026","rel":"","context":"Dans &quot;Actualit\u00e9 Entreprises&quot;","img":{"alt_text":"","src":"https:\/\/i2.wp.com\/batimedianews.com\/live\/wp-content\/uploads\/2022\/09\/CAPEB-Article.jpg?fit=1080%2C1080&resize=350%2C200","width":350,"height":200},"classes":[]},{"id":11209,"url":"http:\/\/batimedianews.com\/live\/index.php\/2021\/07\/26\/isover-placo-et-isonat-associent-leurs-expertises-pour-accompagner-le-developpement-de-la-construction-bois\/","url_meta":{"origin":43651,"position":2},"title":"ISOVER, PLACO\u00ae ET ISONAT ASSOCIENT LEURS EXPERTISES POUR ACCOMPAGNER LE D\u00c9VELOPPEMENT DE LA CONSTRUCTION BOIS","date":"26 juillet 2021","format":false,"excerpt":"\u00a0 \u00a0\u00c0 propos d\u2019ISOVER\u00a0 ISOVER, marque du groupe Saint-Gobain, est le leader mondial des solutions d\u2019isolation durable. Depuis plus de 80 ans, ISOVER porte l\u2019innovation sur l\u2019ensemble de ses march\u00e9s, et d\u00e9veloppe des isolants multi-mat\u00e9riaux pour r\u00e9pondre aux enjeux croissants de bien-\u00eatre, et d\u2019efficacit\u00e9 thermique et acoustique de ses clients.\u2026","rel":"","context":"Dans &quot;Actualit\u00e9 Entreprises&quot;","img":{"alt_text":"","src":"https:\/\/i2.wp.com\/batimedianews.com\/live\/wp-content\/uploads\/2021\/07\/Isover_Placo_Isonat-Article.jpg?fit=512%2C512&resize=350%2C200","width":350,"height":200},"classes":[]},{"id":21738,"url":"http:\/\/batimedianews.com\/live\/index.php\/2022\/07\/07\/supervan-et-la-capeb-grand-paris-sallient-pour-faciliter-la-digitalisation-des-artisans\/","url_meta":{"origin":43651,"position":3},"title":"Supervan et la CAPEB Grand Paris s&rsquo;allient pour faciliter la digitalisation des artisans","date":"7 juillet 2022","format":false,"excerpt":"Apr\u00e8s le r\u00e9cent lancement de sa marketplace \"Breek\" d\u00e9di\u00e9e \u00e0 l'achat express de mat\u00e9riaux de construction, Supervan annonce un partenariat strat\u00e9gique avec la CAPEB Grand Paris.Supervan renforce ainsi ses liens avec les artisans fran\u00e7ais dans l'objectif de faciliter leur transformation digitale, mais \u00e9galement de fluidifier les processus d'approvisionnement de mat\u00e9riaux\u2026","rel":"","context":"Dans &quot;Actualit\u00e9 Entreprises&quot;","img":{"alt_text":"","src":"https:\/\/i2.wp.com\/batimedianews.com\/live\/wp-content\/uploads\/2022\/07\/image-84.png?fit=1080%2C1080&resize=350%2C200","width":350,"height":200},"classes":[]},{"id":31798,"url":"http:\/\/batimedianews.com\/live\/index.php\/2023\/10\/03\/la-capeb-offre-une-maison-durable-a-lassociation-habitat-et-humanisme\/","url_meta":{"origin":43651,"position":4},"title":"La CAPEB offre une maison durable \u00e0 l\u2019association Habitat et Humanisme","date":"3 octobre 2023","format":false,"excerpt":"\u00a0Apr\u00e8s avoir r\u00e9ussi le pari fou de construire une maison durable en deux jours pendant les 47\u00e8me comp\u00e9titions Worldskills, et parce que les artisans sont pleinement acteurs de la cit\u00e9 et de la solidarit\u00e9 urbaine, la CAPEB fait le choix d\u2019offrir cette maison \u00e0 l\u2019association Habitat et Humanisme pour cr\u00e9er\u2026","rel":"","context":"Dans &quot;Actualit\u00e9 Entreprises&quot;","img":{"alt_text":"","src":"https:\/\/i0.wp.com\/batimedianews.com\/live\/wp-content\/uploads\/2023\/09\/CAPEB-articles-1.jpg?fit=825%2C825&resize=350%2C200","width":350,"height":200},"classes":[]},{"id":4206,"url":"http:\/\/batimedianews.com\/live\/index.php\/2020\/05\/03\/placo-et-isover-accompagnent-les-entreprises-du-batiment-avec-un-dispositif-de-formation-a-distance\/","url_meta":{"origin":43651,"position":5},"title":"Placo\u00ae et ISOVER accompagnent les entreprises du b\u00e2timent avec un dispositif de formation \u00e0 distance","date":"3 mai 2020","format":false,"excerpt":"Et si on profitait de la p\u00e9riode de confinement pour r\u00e9viser des basiques ou se former sur des nouvelles techniques ? Telle est la promesse que Placo\u00ae, r\u00e9f\u00e9rent du confort int\u00e9rieur, et ISOVER, expert fran\u00e7ais de l\u2019isolation, prennent le parti de porter durant la crise sanitaire actuelle. Ils proposent ainsi\u2026","rel":"","context":"Dans &quot;Actualit\u00e9 Entreprises&quot;","img":{"alt_text":"","src":"https:\/\/i2.wp.com\/batimedianews.com\/live\/wp-content\/uploads\/2020\/05\/isover_placo.jpg?fit=836%2C443&resize=350%2C200","width":350,"height":200},"classes":[]}],"_links":{"self":[{"href":"http:\/\/batimedianews.com\/live\/index.php\/wp-json\/wp\/v2\/posts\/43651"}],"collection":[{"href":"http:\/\/batimedianews.com\/live\/index.php\/wp-json\/wp\/v2\/posts"}],"about":[{"href":"http:\/\/batimedianews.com\/live\/index.php\/wp-json\/wp\/v2\/types\/post"}],"author":[{"embeddable":true,"href":"http:\/\/batimedianews.com\/live\/index.php\/wp-json\/wp\/v2\/users\/41"}],"replies":[{"embeddable":true,"href":"http:\/\/batimedianews.com\/live\/index.php\/wp-json\/wp\/v2\/comments?post=43651"}],"version-history":[{"count":2,"href":"http:\/\/batimedianews.com\/live\/index.php\/wp-json\/wp\/v2\/posts\/43651\/revisions"}],"predecessor-version":[{"id":43655,"href":"http:\/\/batimedianews.com\/live\/index.php\/wp-json\/wp\/v2\/posts\/43651\/revisions\/43655"}],"wp:featuredmedia":[{"embeddable":true,"href":"http:\/\/batimedianews.com\/live\/index.php\/wp-json\/wp\/v2\/media\/43653"}],"wp:attachment":[{"href":"http:\/\/batimedianews.com\/live\/index.php\/wp-json\/wp\/v2\/media?parent=43651"}],"wp:term":[{"taxonomy":"category","embeddable":true,"href":"http:\/\/batimedianews.com\/live\/index.php\/wp-json\/wp\/v2\/categories?post=43651"},{"taxonomy":"post_tag","embeddable":true,"href":"http:\/\/batimedianews.com\/live\/index.php\/wp-json\/wp\/v2\/tags?post=43651"}],"curies":[{"name":"wp","href":"https:\/\/api.w.org\/{rel}","templated":true}]}}