{"id":44354,"date":"2025-04-11T06:58:50","date_gmt":"2025-04-11T04:58:50","guid":{"rendered":"http:\/\/batimedianews.com\/live\/?p=44354"},"modified":"2025-04-11T06:58:52","modified_gmt":"2025-04-11T04:58:52","slug":"protegez-et-transportez-vos-ergolame-en-toute-securite-dans-nos-nouvelles-mallettes","status":"publish","type":"post","link":"http:\/\/batimedianews.com\/live\/index.php\/2025\/04\/11\/protegez-et-transportez-vos-ergolame-en-toute-securite-dans-nos-nouvelles-mallettes\/","title":{"rendered":"Prot\u00e9gez et transportez vos Ergolame\u00ae en toute s\u00e9curit\u00e9 dans nos nouvelles mallettes !"},"content":{"rendered":"\n<figure class=\"wp-block-image size-full\"><img loading=\"lazy\" width=\"720\" height=\"536\" src=\"https:\/\/i2.wp.com\/batimedianews.com\/live\/wp-content\/uploads\/2025\/04\/image-145.png?resize=720%2C536\" alt=\"\" class=\"wp-image-44355\" srcset=\"https:\/\/i2.wp.com\/batimedianews.com\/live\/wp-content\/uploads\/2025\/04\/image-145.png?w=1204 1204w, https:\/\/i2.wp.com\/batimedianews.com\/live\/wp-content\/uploads\/2025\/04\/image-145.png?resize=768%2C571 768w, https:\/\/i2.wp.com\/batimedianews.com\/live\/wp-content\/uploads\/2025\/04\/image-145.png?resize=432%2C321 432w, https:\/\/i2.wp.com\/batimedianews.com\/live\/wp-content\/uploads\/2025\/04\/image-145.png?resize=396%2C295 396w, https:\/\/i2.wp.com\/batimedianews.com\/live\/wp-content\/uploads\/2025\/04\/image-145.png?resize=1120%2C833 1120w, https:\/\/i2.wp.com\/batimedianews.com\/live\/wp-content\/uploads\/2025\/04\/image-145.png?resize=660%2C491 660w\" sizes=\"(max-width: 600px) 91vw, (max-width: 900px) 600px, (max-width: 1060px) 50vw, (max-width: 1200px) 520px, (max-width: 1400px) 43vw, 600px\" data-recalc-dims=\"1\" \/><\/figure>\n\n\n\n<p><strong>Nos nouvelles mallettes arrivent&#8230; Cet hiver, Mondelin vous propose d\u00e9sormais de nouvelles mallettes garnies pour vos travaux de lissage et de finition, encore plus adapt\u00e9es \u00e0 vos chantiers. En \u00e9coutant les besoins terrain des artisans, notre bureau d\u2019\u00e9tudes a con\u00e7u une mallette pour prot\u00e9ger et transporter vos outils, d\u00e9clin\u00e9e en 4 compositions Ergolame\u00ae : bande \u00e0 joint, ratissage, ratissage essentiel et plaquiste. Vous retrouverez \u00e0 l\u2019int\u00e9rieur nos nouveaux Ergolame\u00ae bimati\u00e8res qui proposent prise en main ergonomique et des dimensions repens\u00e9es afin de toujours s\u2019adapter au mieux \u00e0 vos chantiers. Denis Narelli, responsable R&amp;D de chez Mondelin, revient sur l\u2019histoire et l\u2019\u00e9volution de cette gamme.<\/strong><\/p>\n\n\n\n<p class=\"has-text-color\" style=\"color:#f39045;font-size:25px\"><strong>4 compositions de mallettes pour une solution compl\u00e8te et pratique pour les artisans<\/strong><\/p>\n\n\n\n<p>Vous ne pourrez plus vous en passer ! Afin de r\u00e9pondre aux attentes des artisans en termes de rangement et de praticit\u00e9, Mondelin lance une mallette textile garnie regroupant tous les outils essentiels de la gamme Ergolame\u00ae. Elle se d\u00e9cline en 4 compositions : pour la <strong>bande \u00e0 joint<\/strong>, le <strong>ratissage<\/strong>, le ratissage essentiel et le <strong>plaquiste<\/strong>. \u00ab<em> La premi\u00e8re demande c\u2019\u00e9tait de prot\u00e9ger les lames fragiles des Ergolame\u00ae lors des transports, ce qui contribue \u00e0 allonger leur dur\u00e9e de vie. Ensuite, nous avons aussi remarqu\u00e9 que les artisans \u00e9taient nombreux \u00e0 nous demander une solution compl\u00e8te qui leur permette d\u2019avoir tous les outils au m\u00eame endroit et donc d\u2019\u00e9viter les allers-retours entre la camionnette et le chantier<\/em> \u00bb note Denis Narelli, responsable Recherche &amp; D\u00e9veloppement Mondelin. \u00ab <em>Cette mallette pens\u00e9e avec eux est <strong>une r\u00e9ponse id\u00e9ale<\/strong> \u00e0 leur demande <\/em>\u00bb continue-t-il. Un atout pr\u00e9cieux sur vos chantiers pour ne pas \u00e9garer ses outils donc, mais aussi pour les garder propres et les prot\u00e9ger lors de vos d\u00e9placements.<\/p>\n\n\n\n<p>Dans le d\u00e9tail ? Cette mallette est compos\u00e9e de plusieurs outils fabriqu\u00e9s en France, que ce soit des Ergolame\u00ae aux lames rigides ou souples, des couteaux, et suivant la composition : un rouleau \u00e0 enduire, un couteau H\u00e9liss ou encore une perche t\u00e9lescopique avec une taille r\u00e9glable allant de 75 cm \u00e0 135 cm\u2026<\/p>\n\n\n\n<p>Fonctionnelle, la mallette garnie a \u00e9t\u00e9 soigneusement con\u00e7ue en tenant compte des attentes des artisans, le tout aux couleurs de Mondelin : \u00ab <em>On a \u00e9chang\u00e9 avec les artisans pour concevoir une <strong>mallette r\u00e9sistante<\/strong>, ergonomique, o\u00f9 le rangement des lames est interchangeable et qui soit<strong> lavable facilement <\/strong>gr\u00e2ce \u00e0 sa mati\u00e8re textile lessivable haut de gamme. Aujourd\u2019hui, nous sommes les seuls \u00e0 proposer cette mati\u00e8re sur le march\u00e9. Nous souhaitions vraiment optimiser le temps de nettoyage pour que les artisans puissent davantage se consacrer \u00e0 leur travail. Bien \u00e9videmment, nous avons s\u00e9lectionn\u00e9 un tissu l\u00e9ger afin de ne pas ajouter du poids lors des transports<\/em> \u00bb pr\u00e9cise Denis Narelli.<\/p>\n\n\n\n<p class=\"has-text-color\" style=\"color:#f39045;font-size:25px\"><strong>Une ergonomie repens\u00e9e et des dimensions r\u00e9adapt\u00e9es<\/strong><\/p>\n\n\n\n<p>Comme toujours, nous faisons \u00e9voluer nos outils en fonction de vos chantiers, c\u2019est pourquoi nous avons fait \u00e9voluer nos Ergolame\u00ae qui existaient d\u00e9j\u00e0 depuis plus de 10 ans. \u00ab<em> Nous avons constat\u00e9 que la prise en main pouvait \u00eatre encore am\u00e9lior\u00e9e pour correspondre \u00e0 l\u2019attente des artisans <\/em>\u00bb confie Denis Narelli responsable R&amp;D de chez Mondelin. Cette observation a d\u00e9clench\u00e9 un processus de refonte impliquant des \u00e9tudes ergonomiques, des prototypes, et des tests sur le terrain.<\/p>\n\n\n\n<p>Cette d\u00e9marche collaborative a permis de repenser le design de la poign\u00e9e pour en <strong>optimiser l\u2019ergonomie<\/strong>. Pour la premi\u00e8re fois sur le march\u00e9, les poign\u00e9es de lame \u00e0 lisser poss\u00e8dent 2 bandes bi-mati\u00e8res pour apporter du grip et lib\u00e9rer la pression de la main pour apporter plus de confort. R\u00e9cemment, les \u00e9quipes R&amp;D ont <strong>ajust\u00e9 la souplesse de la lame de finition <\/strong>en la rendant plus fine. \u00ab <em>Nous sommes pass\u00e9s de 0,4 mm \u00e0 0,3 mm pour offrir plus de flexibilit\u00e9 sur les bords tout en gardant de la stabilit\u00e9 au centre <\/em>\u00bb pr\u00e9cise Denis Narelli.<\/p>\n\n\n\n<p>Un changement d\u2019\u00e9paisseur de lame mais pas que, rappelle notre responsable R&amp;D : <em>\u00ab Les jointeurs de placo nous ont fait remonter le fait que pour \u00e9largir une bande \u00e0 joint, ils faisaient une premi\u00e8re passe avec une lame de 250 mm de longueur puis de 350 mm. Notre produit mesurant 300 mm n\u2019\u00e9tait pas le plus adapt\u00e9. Comme \u00e0 la base, nous avions 5 dimensions de lame : 150, 300, 500, 600 et 800 mm, nous avons supprim\u00e9 la longueur 300 mm jug\u00e9e moins fonctionnelle par les artisans pour ajouter les longueurs 250 et 350 mm. Nous avons d\u00e9sormais 6 longueurs \u00e0 proposer, ce qui permet une profondeur de gamme beaucoup plus large. \u00bb<\/em><\/p>\n\n\n\n<p class=\"has-text-color\" style=\"color:#f39045;font-size:25px\"><strong>Le fruit d\u2019une \u00e9troite collaboration avec les artisans<\/strong><\/p>\n\n\n\n<p>La sortie de cette mallette garnie Ergolame\u00ae Mondelin d\u00e9clinable en 4 compositions incarne une fois de plus l\u2019aboutissement d\u2019un projet men\u00e9 en \u00e9troite collaboration avec les artisans, dans le but d\u2019apporter une r\u00e9ponse compl\u00e8te et ajust\u00e9e aux exigences des professionnels du b\u00e2timent.<\/p>\n\n\n\n<p>\u00ab<em> Chaque artisan trouvera la solution ad\u00e9quate pour parfaire le lissage et la finition gr\u00e2ce aux diff\u00e9rentes compositions Egolame\u00ae propos\u00e9es <\/em>\u00bb conclut Denis Narelli.<\/p>\n\n\n\n<p>\u00ab<em> Pour nous, c\u2019est une satisfaction d\u2019aboutir \u00e0 une solution qui convient \u00e0 un maximum d\u2019artisans, toujours inspir\u00e9e par leurs chantiers ! <\/em>\u00bb<\/p>\n\n\n\n<p>D\u00e9couvrez vite la fiche produit de nos nouvelles mallettes Ergolame\u00ae ici !<\/p>\n\n\n\n<p><\/p>\n","protected":false},"excerpt":{"rendered":"<p>Nos nouvelles mallettes arrivent&#8230; Cet hiver, Mondelin vous propose d\u00e9sormais de nouvelles mallettes garnies pour vos travaux de lissage et de finition, encore plus adapt\u00e9es \u00e0 vos chantiers. En \u00e9coutant les besoins terrain des artisans, notre bureau d\u2019\u00e9tudes a con\u00e7u une mallette pour prot\u00e9ger et transporter vos outils, d\u00e9clin\u00e9e en 4 compositions Ergolame\u00ae : bande [&hellip;]<\/p>\n","protected":false},"author":41,"featured_media":44356,"comment_status":"open","ping_status":"open","sticky":true,"template":"","format":"standard","meta":{"spay_email":""},"categories":[4,471,89],"tags":[],"jetpack_featured_media_url":"https:\/\/i0.wp.com\/batimedianews.com\/live\/wp-content\/uploads\/2025\/04\/Mondelin-articles-.jpg?fit=1513%2C825","jetpack_sharing_enabled":true,"jetpack_likes_enabled":true,"jetpack-related-posts":[{"id":411,"url":"http:\/\/batimedianews.com\/live\/index.php\/2018\/10\/22\/laqc-vous-donne-rendez-vous-hall-5-stand-f13\/","url_meta":{"origin":44354,"position":0},"title":"L&#039;AQC VOUS DONNE RENDEZ-VOUS HALL 5 &#8211; STAND F13","date":"22 octobre 2018","format":false,"excerpt":"Vous \u00eates artisan, entreprise, prescripteur,\u00a0compagnon, enseignant, tout au long de ces trois jours, l'\u00e9quipe de l'Agence Qualit\u00e9 Construction\u00a0vous accueillera sur\u00a0son\u00a0stand\u00a0F13 - Hall 5, et vous informera sur : L'APPLIQC, nouvel outil num\u00e9rique gratuit \u00e0 votre service, La cha\u00eene You Tube\u00a0AQC TV, de nombreuses vid\u00e9os dont quelques-unes r\u00e9alis\u00e9es en partenariat avec\u2026","rel":"","context":"Dans &quot;Artibat 2018&quot;","img":{"alt_text":"","src":"","width":0,"height":0},"classes":[]},{"id":44997,"url":"http:\/\/batimedianews.com\/live\/index.php\/2025\/05\/21\/edma-etoffe-sa-gamme-de-ventouses-pour-carreleurs\/","url_meta":{"origin":44354,"position":1},"title":"EDMA \u00e9toffe sa gamme de ventouses pour carreleurs","date":"21 mai 2025","format":false,"excerpt":"Le fabricant d\u2019outillage fran\u00e7ais EDMA enrichit son offre en proposant une ventouse \u00e9lectrique \u00e0 \u00e9cran digital, destin\u00e9e \u00e0 r\u00e9pondre aux besoins sp\u00e9cifiques des carreleurs. \u00a0Toujours \u00e0 la recherche d\u2019innovation, EDMA d\u00e9veloppe des gammes de produits compl\u00e8tes destin\u00e9es aux diff\u00e9rents usages des artisans. La nouvelle ventouse \u00e9lectrique sur\u00a0batterie \u00e0 \u00e9cran digital\u2026","rel":"","context":"Dans &quot;Actualit\u00e9 Entreprises&quot;","img":{"alt_text":"","src":"https:\/\/i2.wp.com\/batimedianews.com\/live\/wp-content\/uploads\/2025\/05\/EDMA-articles.jpg?fit=825%2C825&resize=350%2C200","width":350,"height":200},"classes":[]},{"id":47260,"url":"http:\/\/batimedianews.com\/live\/index.php\/2025\/10\/07\/edma-enrichit-sa-gamme-de-ventouses-pour-carreaux-avec-une-solution-innovante\/","url_meta":{"origin":44354,"position":2},"title":"EDMA enrichit sa gamme de ventouses pour carreaux avec une solution innovante","date":"7 octobre 2025","format":false,"excerpt":"Toujours \u00e0 l\u2019\u00e9coute des besoins des professionnels du carrelage, EDMA lance une nouvelle ventouse \u00e9lectrique compl\u00e8te, con\u00e7ue pour renforcer et diversifier son offre. Poursuivant le d\u00e9veloppement de sa gamme de ventouses, EDMA propose un outil pens\u00e9 pour r\u00e9pondre de mani\u00e8re optimale aux diff\u00e9rents usages des artisans. Cumulant les points forts\u2026","rel":"","context":"Dans &quot;Actualit\u00e9 Entreprises&quot;","img":{"alt_text":"","src":"https:\/\/i2.wp.com\/batimedianews.com\/live\/wp-content\/uploads\/2025\/10\/EDMA.jpg?fit=825%2C825&resize=350%2C200","width":350,"height":200},"classes":[]},{"id":38096,"url":"http:\/\/batimedianews.com\/live\/index.php\/2024\/06\/12\/edma-lance-un-rouleur-lisseur-de-bande-a-plat-2-en-1-innovant-et-fabrique-en-france\/","url_meta":{"origin":44354,"position":3},"title":"EDMA lance un rouleur lisseur de bande \u00e0 plat 2 en 1, innovant et fabriqu\u00e9 en FRANCE","date":"12 juin 2024","format":false,"excerpt":"\u00a0EDMA int\u00e8gre \u00e0 la liste de ces nouveaux outils du jointeur un rouleur lisseur de bande \u00e0 plat fabriqu\u00e9 en France.\u00a0 \u00a0EDMA propose aux artisans du second oeuvre du b\u00e2timent un outil\u00a0 2 en 1 pour faciliter le serrage des bandes \u00e0 joint de plaques de pl\u00e2tre :\u00a0 le nouveau\u2026","rel":"","context":"Dans &quot;Actualit\u00e9 Entreprises&quot;","img":{"alt_text":"","src":"https:\/\/i0.wp.com\/batimedianews.com\/live\/wp-content\/uploads\/2024\/06\/EDMA-articles-1-1.jpg?fit=825%2C825&resize=350%2C200","width":350,"height":200},"classes":[]},{"id":47884,"url":"http:\/\/batimedianews.com\/live\/index.php\/2025\/11\/17\/edma-devoile-une-nouvelle-ventouse-pensee-pour-les-surfaces-structurees\/","url_meta":{"origin":44354,"position":4},"title":"EDMA d\u00e9voile une nouvelle ventouse pens\u00e9e pour les surfaces structur\u00e9es","date":"17 novembre 2025","format":false,"excerpt":"EDMA compl\u00e8te son offre \u00e0 destination des professionnels du carrelage avec une nouvelle ventouse \u00e9lectrique premium efficace sur les surfaces structur\u00e9es. La gamme de ventouses EDMA s\u2019\u00e9largit : adapt\u00e9e aux surfaces lisses, rugueuses et d\u00e9sormais structur\u00e9es, elle r\u00e9pond \u00e0 une grande vari\u00e9t\u00e9 d\u2019usages. La nouvelle ventouse \u00e9lectrique premium EDMA est\u2026","rel":"","context":"Dans &quot;Actualit\u00e9 Entreprises&quot;","img":{"alt_text":"","src":"https:\/\/i0.wp.com\/batimedianews.com\/live\/wp-content\/uploads\/2025\/11\/EDMA.jpg?fit=825%2C825&resize=350%2C200","width":350,"height":200},"classes":[]},{"id":14817,"url":"http:\/\/batimedianews.com\/live\/index.php\/2022\/01\/14\/retours-dexperiences-du-dispositif-rex-batiments-performants\/","url_meta":{"origin":44354,"position":5},"title":"Retours d\u2019exp\u00e9riences du Dispositif REX B\u00e2timents performants","date":"14 janvier 2022","format":false,"excerpt":"\u00ab Les Tutos du Dispositif REX B\u00e2timents performants \u00bb Une 1\u00e8re playlist \u00e0 d\u00e9couvrir sur la cha\u00eene AQC TV L\u2019Agence Qualit\u00e9 Construction (AQC) a r\u00e9alis\u00e9 une premi\u00e8re s\u00e9rie de vid\u00e9os tutorielles : \u00ab Les Tutos du Dispositif REX B\u00e2timents performants \u00bb pour faire d\u00e9couvrir les non-qualit\u00e9s fr\u00e9quentes et les bonnes\u2026","rel":"","context":"Dans &quot;Isolation&quot;","img":{"alt_text":"","src":"https:\/\/i0.wp.com\/batimedianews.com\/live\/wp-content\/uploads\/2022\/01\/AQC-Article.jpg?fit=512%2C512&resize=350%2C200","width":350,"height":200},"classes":[]}],"_links":{"self":[{"href":"http:\/\/batimedianews.com\/live\/index.php\/wp-json\/wp\/v2\/posts\/44354"}],"collection":[{"href":"http:\/\/batimedianews.com\/live\/index.php\/wp-json\/wp\/v2\/posts"}],"about":[{"href":"http:\/\/batimedianews.com\/live\/index.php\/wp-json\/wp\/v2\/types\/post"}],"author":[{"embeddable":true,"href":"http:\/\/batimedianews.com\/live\/index.php\/wp-json\/wp\/v2\/users\/41"}],"replies":[{"embeddable":true,"href":"http:\/\/batimedianews.com\/live\/index.php\/wp-json\/wp\/v2\/comments?post=44354"}],"version-history":[{"count":2,"href":"http:\/\/batimedianews.com\/live\/index.php\/wp-json\/wp\/v2\/posts\/44354\/revisions"}],"predecessor-version":[{"id":44425,"href":"http:\/\/batimedianews.com\/live\/index.php\/wp-json\/wp\/v2\/posts\/44354\/revisions\/44425"}],"wp:featuredmedia":[{"embeddable":true,"href":"http:\/\/batimedianews.com\/live\/index.php\/wp-json\/wp\/v2\/media\/44356"}],"wp:attachment":[{"href":"http:\/\/batimedianews.com\/live\/index.php\/wp-json\/wp\/v2\/media?parent=44354"}],"wp:term":[{"taxonomy":"category","embeddable":true,"href":"http:\/\/batimedianews.com\/live\/index.php\/wp-json\/wp\/v2\/categories?post=44354"},{"taxonomy":"post_tag","embeddable":true,"href":"http:\/\/batimedianews.com\/live\/index.php\/wp-json\/wp\/v2\/tags?post=44354"}],"curies":[{"name":"wp","href":"https:\/\/api.w.org\/{rel}","templated":true}]}}