{"id":45174,"date":"2025-05-27T09:32:50","date_gmt":"2025-05-27T07:32:50","guid":{"rendered":"http:\/\/batimedianews.com\/live\/?p=45174"},"modified":"2025-05-27T09:32:52","modified_gmt":"2025-05-27T07:32:52","slug":"visite-de-la-ministre-du-logement-sur-une-copropriete-a-montrouge-les-propositions-de-la-fedene-pour-accelerer-la-renovation-energetique","status":"publish","type":"post","link":"http:\/\/batimedianews.com\/live\/index.php\/2025\/05\/27\/visite-de-la-ministre-du-logement-sur-une-copropriete-a-montrouge-les-propositions-de-la-fedene-pour-accelerer-la-renovation-energetique\/","title":{"rendered":"Visite de la ministre du Logement sur une copropri\u00e9t\u00e9 \u00e0 Montrouge : les propositions de la FEDENE pour acc\u00e9l\u00e9rer la r\u00e9novation \u00e9nerg\u00e9tique"},"content":{"rendered":"\n<p class=\"has-text-align-justify\"><strong>Le b\u00e2timent est le secteur le plus \u00e9nergivore en France, repr\u00e9sentant 47 % de la consommation \u00e9nerg\u00e9tique nationale en 2023. A l&rsquo;occasion d&rsquo;un d\u00e9placement de la ministre du Logement sur une copropri\u00e9t\u00e9 de Montrouge ayant fait l&rsquo;objet d&rsquo;une r\u00e9novation d&rsquo;ampleur associ\u00e9e \u00e0 un contrat de performance \u00e9nerg\u00e9tique, la FEDENE \u00e9met quatre propositions pour faciliter la r\u00e9novation \u00e9nerg\u00e9tique des copropri\u00e9t\u00e9s.<\/strong><\/p>\n\n\n\n<p class=\"has-text-align-justify\">La r\u00e9novation \u00e9nerg\u00e9tique du parc r\u00e9sidentiel repr\u00e9sente un enjeu majeur dans la transition \u00e9nerg\u00e9tique. Les copropri\u00e9t\u00e9s, qui regroupent 11 millions de logements (un tiers du parc r\u00e9sidentiel fran\u00e7ais), sont des b\u00e2timents pour la plupart anciens. Leur construction, souvent ant\u00e9rieure aux normes thermiques actuelles, les rend particuli\u00e8rement \u00e9nergivores : 15 % sont class\u00e9es F ou G au DPE (Diagnostic de Performance Energ\u00e9tique). Ils sont ainsi consid\u00e9r\u00e9s comme des \u00ab&nbsp;passoires thermiques&nbsp;\u00bb et leur mise en location est progressivement interdite*.<br><br>Or, selon les estimations de l&rsquo;Agence Nationale pour l&rsquo;Habitat (ANAH), seuls 50 000 logements en copropri\u00e9t\u00e9 sont r\u00e9nov\u00e9s chaque ann\u00e9e, bien loin des objectifs fix\u00e9s par le projet de programmation pluriannuelle de l&rsquo;\u00e9nergie (PPE). Celle-ci pr\u00e9voit en moyenne d&rsquo;ici 2030 la r\u00e9novation d&rsquo;ampleur de 200&nbsp;000 logements collectifs, soit 4 fois plus.<\/p>\n\n\n\n<p class=\"has-text-align-justify\">Parmi les difficult\u00e9s constat\u00e9es, le co\u00fbt des r\u00e9novations pour les copropri\u00e9taires&nbsp;freine le passage \u00e0 l&rsquo;action : il faut souvent plusieurs milliers d&rsquo;euros par logement. Il est donc urgent de mobiliser des solutions efficaces et \u00e9conomiquement viables.<\/p>\n\n\n\n<p>Pour acc\u00e9l\u00e9rer la r\u00e9novation \u00e9nerg\u00e9tique et lever les freins au financement, la FEDENE appelle \u00e0 :<\/p>\n\n\n\n<ul><li><strong>D\u00e9ployer \u00e0 grande \u00e9chelle, via un plan de communication et de sensibilisation, les Contrats de Performance Energ\u00e9tique (CPE)<\/strong>&nbsp;qui portent une obligation de r\u00e9sultats en mati\u00e8re d&rsquo;\u00e9conomie d&rsquo;\u00e9nergie sur plusieurs ann\u00e9es, permettant ainsi de garantir une diminution durable des charges<strong>.<\/strong><\/li><li><strong>Recentrer les aides MaPrimeR\u00e9nov&rsquo; Copropri\u00e9t\u00e9s<\/strong>&nbsp;sur les copropri\u00e9t\u00e9s les plus \u00e9nergivores (logements class\u00e9s E, F et G), en visant l&rsquo;atteinte d&rsquo;au moins la classe D apr\u00e8s travaux.<\/li><li><strong>P\u00e9renniser le dispositif des Certificats d&rsquo;\u00c9conomies d&rsquo;\u00c9nergie (CEE),<\/strong>&nbsp;soutien \u00e9conomique indispensable aux m\u00e9nages et entreprises pour conserver la dynamique actuelle de r\u00e9novation \u00e9nerg\u00e9tique.<\/li><li><strong>Int\u00e9grer explicitement la cr\u00e9ation d&rsquo;une Boucle d&rsquo;Eau Chaude Secondaire dans la liste des travaux \u00e9ligibles aux dispositifs de soutien&nbsp;<\/strong>tels que MaPrimeR\u00e9nov&rsquo; Copropri\u00e9t\u00e9s.&nbsp;<\/li><\/ul>\n\n\n\n<p class=\"has-text-align-justify\">Deux tiers des logements collectifs disposent d&rsquo;un chauffage individuel**, dont 40 % fonctionnent \u00e0 partir d&rsquo;\u00e9nergies fossiles. L&rsquo;existence d&rsquo;une boucle d&rsquo;eau chaude dans une copropri\u00e9t\u00e9 permet de faciliter la mise en place de solutions collectives plus vertueuses, comme le raccordement \u00e0 un r\u00e9seau de chaleur, ou l&rsquo;installation d&rsquo;une pompe \u00e0 chaleur collective.<\/p>\n\n\n\n<p class=\"has-text-align-justify\"><strong>Pascal Guillaume, Pr\u00e9sident de la FEDENE<\/strong>&nbsp;d\u00e9clare : \u00ab\u00a0<em>Le Contrat de Performance Energ\u00e9tique permet de garantir contractuellement les \u00e9conomies d&rsquo;\u00e9nergie attendues apr\u00e8s la r\u00e9novation. Il apporte aux copropri\u00e9taires les garanties n\u00e9cessaires au bon d\u00e9roulement des travaux et de la gestion de l&rsquo;\u00e9nergie dans la dur\u00e9e.<\/em><\/p>\n\n\n\n<p class=\"has-text-align-justify\"><em>La copropri\u00e9t\u00e9 Le Lut\u00e8ce, \u00e0 Montrouge, en est un tr\u00e8s bon exemple : le Contrat de Performance Energ\u00e9tique garantissant un objectif de 40% d&rsquo;\u00e9conomie d&rsquo;\u00e9nergie a permis de passer de la classe \u00e9nerg\u00e9tique F \u00e0 D, et de r\u00e9duire sensiblement la facture d&rsquo;\u00e9nergie des copropri\u00e9taires. Gr\u00e2ce au CPE, la d\u00e9marche de r\u00e9novation a ainsi \u00e9t\u00e9 simplifi\u00e9e en la traitant globalement et de mani\u00e8re p\u00e9renne.\u00a0\u00bb<\/em><\/p>\n\n\n\n<p class=\"has-text-align-justify\"><strong>Yann Rolland, Pr\u00e9sident de FEDENE R\u00e9seaux de chaleur et de froid&nbsp;<\/strong>ajoute&nbsp;:&nbsp;<em>\u00ab&nbsp;En accompagnant les copropri\u00e9t\u00e9s dans leurs travaux de r\u00e9novation via un CPE, les entreprises de la FEDENE d\u00e9montrent leur capacit\u00e9 \u00e0 construire des mesures adapt\u00e9es en proposant une palette de solutions techniques. Les solutions collectives de chauffage telles que le raccordement \u00e0 un r\u00e9seau de chaleur offrent l&rsquo;opportunit\u00e9 d&rsquo;aller plus loin dans la d\u00e9carbonation des usages chaleur, pour r\u00e9duire l&rsquo;impact carbone des logements et pr\u00e9server le pouvoir d&rsquo;achat des m\u00e9nages.&nbsp;\u00bb<\/em><\/p>\n\n\n\n<p class=\"has-small-font-size\"><em>*La loi Climat et R\u00e9silience, promulgu\u00e9e le 22 ao\u00fbt 2021, instaure une interdiction de mise en location des logements les plus \u00e9nergivores, selon un calendrier pr\u00e9cis (2025 pour les DPE G, 2028 pour les DPE F et 2034 pour les DPE E).<\/em><\/p>\n\n\n\n<p class=\"has-small-font-size\"><em>**donn\u00e9es CEREN, 2022.<\/em><\/p>\n\n\n\n<p class=\"has-text-align-center\"><em>La&nbsp;<strong>FEDENE, f\u00e9d\u00e9ration professionnelle des entreprises de services pour l&rsquo;\u00e9nergie et l&rsquo;environnement<\/strong>, regroupe&nbsp;6 syndicats&nbsp;qui \u0153uvrent pour&nbsp;am\u00e9liorer l&rsquo;efficacit\u00e9 \u00e9nerg\u00e9tique et les services aux b\u00e2timents,&nbsp;d\u00e9carboner la production de chaleur et de froid&nbsp;\u00e0 partir d&rsquo;\u00e9nergies renouvelables et de r\u00e9cup\u00e9ration, dans les villes, les logements, le secteur tertiaire et l&rsquo;industrie.<\/em><\/p>\n\n\n\n<p class=\"has-text-align-center\"><em>Ses adh\u00e9rents sont des&nbsp;entreprises de toutes tailles, petites et moyennes et des grands groupes. Ces&nbsp;1 500 entreprises&nbsp;locales, sont pr\u00e9sentes&nbsp;sur l&rsquo;ensemble de la cha\u00eene de valeur&nbsp;et&nbsp;r\u00e9parties sur tout le territoire. Elles emploient&nbsp;50 000 collaborateurs en France&nbsp;et r\u00e9alisent un&nbsp;chiffre d&rsquo;affaires annuel de 13 milliards d&rsquo;euros.<\/em><\/p>\n","protected":false},"excerpt":{"rendered":"<p>Le b\u00e2timent est le secteur le plus \u00e9nergivore en France, repr\u00e9sentant 47 % de la consommation \u00e9nerg\u00e9tique nationale en 2023. A l&rsquo;occasion d&rsquo;un d\u00e9placement de la ministre du Logement sur une copropri\u00e9t\u00e9 de Montrouge ayant fait l&rsquo;objet d&rsquo;une r\u00e9novation d&rsquo;ampleur associ\u00e9e \u00e0 un contrat de performance \u00e9nerg\u00e9tique, la FEDENE \u00e9met quatre propositions pour faciliter la [&hellip;]<\/p>\n","protected":false},"author":41,"featured_media":45175,"comment_status":"open","ping_status":"open","sticky":true,"template":"","format":"standard","meta":{"spay_email":""},"categories":[4,1145,108,895],"tags":[],"jetpack_featured_media_url":"https:\/\/i1.wp.com\/batimedianews.com\/live\/wp-content\/uploads\/2025\/05\/FEDENE-articles.jpg?fit=1513%2C825","jetpack_sharing_enabled":true,"jetpack_likes_enabled":true,"jetpack-related-posts":[{"id":39779,"url":"http:\/\/batimedianews.com\/live\/index.php\/2024\/09\/23\/le-syndic-de-copropriete-un-intermediaire-en-devenir-pour-la-renovation-energetique\/","url_meta":{"origin":45174,"position":0},"title":"Le syndic de copropri\u00e9t\u00e9 : un interm\u00e9diaire en devenir pour la r\u00e9novation \u00e9nerg\u00e9tique","date":"23 septembre 2024","format":false,"excerpt":"L'Institut Paris Region, une ing\u00e9nierie territoriale \u00e0 360\u00b0 L'Institut r\u00e9alise des \u00e9tudes et travaux essentiels\u00a0\u00e0 la prise de d\u00e9cision de la R\u00e9gion \u00cele-de-France et de ses partenaires. De l'\u00e9chelle locale \u00e0 celle des grandes m\u00e9tropoles, nous intervenons dans de nombreux domaines tels que l'urbanisme, le logement, les transports, la mobilit\u00e9,\u2026","rel":"","context":"Dans &quot;Actualit\u00e9 Entreprises&quot;","img":{"alt_text":"","src":"https:\/\/i1.wp.com\/batimedianews.com\/live\/wp-content\/uploads\/2024\/09\/InstitutParisRegion-articles-.jpg?fit=825%2C825&resize=350%2C200","width":350,"height":200},"classes":[]},{"id":34656,"url":"http:\/\/batimedianews.com\/live\/index.php\/2024\/01\/25\/christophe-bechu-une-dynamique-de-fond-sest-installee-en-faveur-de-la-renovation-de-lhabitat\/","url_meta":{"origin":45174,"position":1},"title":"CHRISTOPHE BECHU : \u00ab UNE DYNAMIQUE DE FOND S\u2019EST INSTALLEE EN FAVEUR DE LA RENOVATION DE L\u2019HABITAT \u00bb","date":"25 janvier 2024","format":false,"excerpt":"Pour la troisi\u00e8me ann\u00e9e cons\u00e9cutive, l\u2019Anah, op\u00e9rateur du Minist\u00e8re de la Transition \u00e9cologique et de la Coh\u00e9sion des territoires a financ\u00e9 un volume tr\u00e8s important de projets de travaux : 623 790 logements priv\u00e9s ont ainsi \u00e9t\u00e9 r\u00e9nov\u00e9s, gr\u00e2ce \u00e0 3,12 Mds\u20ac d\u2019aides distribu\u00e9es qui ont g\u00e9n\u00e9r\u00e9 8,46 milliards d\u2019euros\u2026","rel":"","context":"Dans &quot;Actualit\u00e9 Entreprises&quot;","img":{"alt_text":"","src":"https:\/\/i0.wp.com\/batimedianews.com\/live\/wp-content\/uploads\/2024\/01\/bechu-image--scaled.jpeg?fit=1200%2C1200&resize=350%2C200","width":350,"height":200},"classes":[]},{"id":27302,"url":"http:\/\/batimedianews.com\/live\/index.php\/2023\/03\/28\/les-trophees-reno-copro-de-la-metropole-aix-marseille-provence\/","url_meta":{"origin":45174,"position":2},"title":"Les troph\u00e9es  R\u00c9NO COPRO&rsquo; de la m\u00e9tropole AIX-MARSEILLE-PROVENCE","date":"28 mars 2023","format":false,"excerpt":"Les copropri\u00e9t\u00e9s laur\u00e9ates d\u00e9voil\u00e9es ! Deux copropri\u00e9t\u00e9s ont \u00e9t\u00e9 prim\u00e9es lors de la remise des Troph\u00e9es R\u00e9no Copro\u2019 de la M\u00e9tropole Aix-Marseille-Provence : la R\u00e9sidence Les Cypr\u00e8s, situ\u00e9e \u00e0 Salon-de-Provence, et la R\u00e9sidence La Madeleine, situ\u00e9e \u00e0 Aix-en-Provence. La c\u00e9r\u00e9monie s'est tenue \u00e0 l\u2019occasion de la 10\u00e8me \u00e9dition du salon\u2026","rel":"","context":"Dans &quot;Actualit\u00e9 Entreprises&quot;","img":{"alt_text":"","src":"https:\/\/i2.wp.com\/batimedianews.com\/live\/wp-content\/uploads\/2023\/03\/Construction21-Article.jpg?fit=1080%2C1080&resize=350%2C200","width":350,"height":200},"classes":[]},{"id":42385,"url":"http:\/\/batimedianews.com\/live\/index.php\/2025\/01\/28\/bilan-2024-de-lanah-un-effort-massif-pour-mieux-renover-les-logements\/","url_meta":{"origin":45174,"position":3},"title":"BILAN 2024 DE L\u2019ANAH : Un effort massif pour mieux r\u00e9nover les logements","date":"28 janvier 2025","format":false,"excerpt":"L\u2019Anah publie ses chiffres cl\u00e9s 2024. Les r\u00e9sultats montrent que les dispositifs de l\u2019Agence permettent de r\u00e9nover beaucoup mieux, gr\u00e2ce \u00e0 un meilleur accompagnement des m\u00e9nages vers des projets ambitieux. Avec 3,77 milliards d\u2019euros, l\u2019Etat a consacr\u00e9 des moyens in\u00e9dits \u00e0 cette politique publique qui, plus que jamais, permet de\u2026","rel":"","context":"Dans &quot;Actualit\u00e9 Entreprises&quot;","img":{"alt_text":"","src":"https:\/\/i2.wp.com\/batimedianews.com\/live\/wp-content\/uploads\/2025\/01\/Anah-articles-.jpg?fit=825%2C825&resize=350%2C200","width":350,"height":200},"classes":[]},{"id":46287,"url":"http:\/\/batimedianews.com\/live\/index.php\/2025\/08\/29\/forum-renodays-2025-attentes-des-habitants-10-masterclass-pour-comprendre-les-besoins-des-menages\/","url_meta":{"origin":45174,"position":4},"title":"FORUM RENODAYS 2025 : Attentes des habitants : 10 masterclass pour comprendre les besoins des m\u00e9nages","date":"29 ao\u00fbt 2025","format":false,"excerpt":"Situ\u00e9 d\u00e8s l\u2019entr\u00e9e du Forum RENODAYS, l\u2019espace \u00ab Attentes des habitants \u00bb a \u00e9t\u00e9 con\u00e7u en partenariat avec le Club de l\u2019Am\u00e9lioration de l\u2019Habitat (CAH)1. Il se concentre sur les sujets cl\u00e9s pour comprendre les besoins et attentes des m\u00e9nages en mati\u00e8re de qualit\u00e9 du logement. L\u2019objectif : offrir aux\u2026","rel":"","context":"Dans &quot;Actualit\u00e9s salons&quot;","img":{"alt_text":"","src":"https:\/\/i1.wp.com\/batimedianews.com\/live\/wp-content\/uploads\/2025\/08\/Renodays.jpg?fit=825%2C825&resize=350%2C200","width":350,"height":200},"classes":[]},{"id":34660,"url":"http:\/\/batimedianews.com\/live\/index.php\/2024\/01\/25\/maprimerenov-copropriete\/","url_meta":{"origin":45174,"position":5},"title":"MaPrimeR\u00e9nov\u2019 Copropri\u00e9t\u00e9","date":"25 janvier 2024","format":false,"excerpt":"Pascal Poggi pour Batim\u00e9dia Ouverte \u00e0 toutes les copropri\u00e9t\u00e9s et \u00e0 tous les copropri\u00e9taires pour une r\u00e9novation \u00e9nerg\u00e9tique avec une r\u00e9duction des consommations d\u2019au moins 35%, MaPrimeR\u00e9nov\u2019 Copropri\u00e9t\u00e9 finance les travaux dans les parties communes et les parties privatives d\u00e9clar\u00e9es d'int\u00e9r\u00eat collectif d\u2019une copropri\u00e9t\u00e9. Doc. PP Disons-le tout de suite,\u2026","rel":"","context":"Dans &quot;MaprimeR\u00e9nov&quot;","img":{"alt_text":"","src":"https:\/\/i2.wp.com\/batimedianews.com\/live\/wp-content\/uploads\/2024\/01\/PP-1.png?fit=1200%2C1200&resize=350%2C200","width":350,"height":200},"classes":[]}],"_links":{"self":[{"href":"http:\/\/batimedianews.com\/live\/index.php\/wp-json\/wp\/v2\/posts\/45174"}],"collection":[{"href":"http:\/\/batimedianews.com\/live\/index.php\/wp-json\/wp\/v2\/posts"}],"about":[{"href":"http:\/\/batimedianews.com\/live\/index.php\/wp-json\/wp\/v2\/types\/post"}],"author":[{"embeddable":true,"href":"http:\/\/batimedianews.com\/live\/index.php\/wp-json\/wp\/v2\/users\/41"}],"replies":[{"embeddable":true,"href":"http:\/\/batimedianews.com\/live\/index.php\/wp-json\/wp\/v2\/comments?post=45174"}],"version-history":[{"count":3,"href":"http:\/\/batimedianews.com\/live\/index.php\/wp-json\/wp\/v2\/posts\/45174\/revisions"}],"predecessor-version":[{"id":45186,"href":"http:\/\/batimedianews.com\/live\/index.php\/wp-json\/wp\/v2\/posts\/45174\/revisions\/45186"}],"wp:featuredmedia":[{"embeddable":true,"href":"http:\/\/batimedianews.com\/live\/index.php\/wp-json\/wp\/v2\/media\/45175"}],"wp:attachment":[{"href":"http:\/\/batimedianews.com\/live\/index.php\/wp-json\/wp\/v2\/media?parent=45174"}],"wp:term":[{"taxonomy":"category","embeddable":true,"href":"http:\/\/batimedianews.com\/live\/index.php\/wp-json\/wp\/v2\/categories?post=45174"},{"taxonomy":"post_tag","embeddable":true,"href":"http:\/\/batimedianews.com\/live\/index.php\/wp-json\/wp\/v2\/tags?post=45174"}],"curies":[{"name":"wp","href":"https:\/\/api.w.org\/{rel}","templated":true}]}}