{"id":45178,"date":"2025-05-28T09:24:58","date_gmt":"2025-05-28T07:24:58","guid":{"rendered":"http:\/\/batimedianews.com\/live\/?p=45178"},"modified":"2025-05-28T09:25:01","modified_gmt":"2025-05-28T07:25:01","slug":"nouveautes-cle-a-cliquet-et-projecteur-de-chantier-bosch-professional-des-outils-malins-et-passe-partout","status":"publish","type":"post","link":"http:\/\/batimedianews.com\/live\/index.php\/2025\/05\/28\/nouveautes-cle-a-cliquet-et-projecteur-de-chantier-bosch-professional-des-outils-malins-et-passe-partout\/","title":{"rendered":"Nouveaut\u00e9s : cl\u00e9 \u00e0 cliquet et projecteur de chantier BOSCH Professional &#8211; Des outils malins et passe-partout"},"content":{"rendered":"\n<figure class=\"wp-block-image size-full\"><img loading=\"lazy\" width=\"720\" height=\"328\" src=\"https:\/\/i2.wp.com\/batimedianews.com\/live\/wp-content\/uploads\/2025\/05\/image-171.png?resize=720%2C328\" alt=\"\" class=\"wp-image-45188\" srcset=\"https:\/\/i2.wp.com\/batimedianews.com\/live\/wp-content\/uploads\/2025\/05\/image-171.png?w=1574 1574w, https:\/\/i2.wp.com\/batimedianews.com\/live\/wp-content\/uploads\/2025\/05\/image-171.png?resize=768%2C350 768w, https:\/\/i2.wp.com\/batimedianews.com\/live\/wp-content\/uploads\/2025\/05\/image-171.png?resize=432%2C197 432w, https:\/\/i2.wp.com\/batimedianews.com\/live\/wp-content\/uploads\/2025\/05\/image-171.png?resize=396%2C181 396w, https:\/\/i2.wp.com\/batimedianews.com\/live\/wp-content\/uploads\/2025\/05\/image-171.png?resize=1120%2C511 1120w, https:\/\/i2.wp.com\/batimedianews.com\/live\/wp-content\/uploads\/2025\/05\/image-171.png?resize=660%2C301 660w, https:\/\/i2.wp.com\/batimedianews.com\/live\/wp-content\/uploads\/2025\/05\/image-171.png?w=1440 1440w\" sizes=\"(max-width: 600px) 91vw, (max-width: 900px) 600px, (max-width: 1060px) 50vw, (max-width: 1200px) 520px, (max-width: 1400px) 43vw, 600px\" data-recalc-dims=\"1\" \/><\/figure>\n\n\n\n<figure class=\"wp-block-image size-full\"><img loading=\"lazy\" width=\"720\" height=\"364\" src=\"https:\/\/i0.wp.com\/batimedianews.com\/live\/wp-content\/uploads\/2025\/05\/image-172.png?resize=720%2C364\" alt=\"\" class=\"wp-image-45189\" srcset=\"https:\/\/i0.wp.com\/batimedianews.com\/live\/wp-content\/uploads\/2025\/05\/image-172.png?w=1574 1574w, https:\/\/i0.wp.com\/batimedianews.com\/live\/wp-content\/uploads\/2025\/05\/image-172.png?resize=768%2C388 768w, https:\/\/i0.wp.com\/batimedianews.com\/live\/wp-content\/uploads\/2025\/05\/image-172.png?resize=432%2C218 432w, https:\/\/i0.wp.com\/batimedianews.com\/live\/wp-content\/uploads\/2025\/05\/image-172.png?resize=396%2C200 396w, https:\/\/i0.wp.com\/batimedianews.com\/live\/wp-content\/uploads\/2025\/05\/image-172.png?resize=1120%2C566 1120w, https:\/\/i0.wp.com\/batimedianews.com\/live\/wp-content\/uploads\/2025\/05\/image-172.png?resize=660%2C334 660w, https:\/\/i0.wp.com\/batimedianews.com\/live\/wp-content\/uploads\/2025\/05\/image-172.png?w=1440 1440w\" sizes=\"(max-width: 600px) 91vw, (max-width: 900px) 600px, (max-width: 1060px) 50vw, (max-width: 1200px) 520px, (max-width: 1400px) 43vw, 600px\" data-recalc-dims=\"1\" \/><\/figure>\n\n\n\n<p class=\"has-sm-light-primary-color has-text-color has-background\" style=\"background-color:#cc2d2d\"><strong>NOUVEAU&nbsp;<\/strong><\/p>\n\n\n\n<h2><strong>Cl\u00e9 \u00e0 cliquet sans-fil et projecteur de chantier Bosch Professional&nbsp;<\/strong><\/h2>\n\n\n\n<div class=\"wp-block-media-text alignwide has-media-on-the-right is-stacked-on-mobile\" style=\"grid-template-columns:auto 28%\"><figure class=\"wp-block-media-text__media\"><img loading=\"lazy\" width=\"632\" height=\"432\" src=\"https:\/\/i2.wp.com\/batimedianews.com\/live\/wp-content\/uploads\/2025\/05\/image-173.png?resize=632%2C432\" alt=\"\" class=\"wp-image-45190 size-full\" srcset=\"https:\/\/i2.wp.com\/batimedianews.com\/live\/wp-content\/uploads\/2025\/05\/image-173.png?w=632 632w, https:\/\/i2.wp.com\/batimedianews.com\/live\/wp-content\/uploads\/2025\/05\/image-173.png?resize=768%2C524 768w, https:\/\/i2.wp.com\/batimedianews.com\/live\/wp-content\/uploads\/2025\/05\/image-173.png?resize=432%2C295 432w, https:\/\/i2.wp.com\/batimedianews.com\/live\/wp-content\/uploads\/2025\/05\/image-173.png?resize=396%2C271 396w\" sizes=\"(max-width: 600px) 91vw, (max-width: 900px) 600px, (max-width: 1060px) 50vw, (max-width: 1200px) 520px, (max-width: 1400px) 43vw, 600px\" data-recalc-dims=\"1\" \/><\/figure><div class=\"wp-block-media-text__content\">\n<p>Que ce soit dans les garages, les ateliers de r\u00e9paration ou sur les chantiers, les outils Bosch Professional sont capables de r\u00e9pondre aux exigences de chaque application. <strong>Dans sa gamme 18V, Bosch lance 2 nouveaux outils qui concilient ergonomie, flexibilit\u00e9 et puissance.&nbsp;<\/strong><\/p>\n\n\n\n<p><strong>La cl\u00e9 \u00e0 cliquet sans-fil GRC 18V-60 Professional <\/strong>est l\u2019outil indispensable des garagistes, des \u00e9lectriciens, des m\u00e9talliers\u2026 pour serrer et desserrer rapidement des boulons. <strong>Quant au nouveau projecteur hybride GLA 18VH-7500 Professional, <\/strong>il offre une luminosit\u00e9 optimale dans les zones sombres ou sur un chantier qui n\u2019a pas d\u2019\u00e9clairage permanent.&nbsp;<\/p>\n\n\n\n<p>Enfin, ces outils sont compatibles avec le Professional 18V System Bosch et l\u2019alliance batteries multimarques AMPShare.&nbsp;<\/p>\n<\/div><\/div>\n\n\n\n<p class=\"has-sm-light-primary-color has-text-color has-background\" style=\"background-color:#cc2d2d\"><strong>NOUVEAU&nbsp;<\/strong><\/p>\n\n\n\n<p class=\"has-text-color has-medium-font-size\" style=\"color:#cc2d2d\"><strong>Cl\u00e9 \u00e0 cliquet sans-fil GRC 18V-60&nbsp;Professional&nbsp;<\/strong><\/p>\n\n\n\n<p class=\"has-text-color has-medium-font-size\" style=\"color:#cc2d2d\">Extr\u00eamement puissante et facile \u00e0 manier m\u00eame dans les espaces \u00e9troits&nbsp;<\/p>\n\n\n\n<p>La nouvelle cl\u00e9 \u00e0 cliquet sans-fil GRC 18V-60 Bosch Professional a \u00e9t\u00e9 con\u00e7ue pour serrer et desserrer des boulons rapidement et sans effort, m\u00eame dans les endroits exigus. Elle est l\u2019outil indispensable dans les ateliers automobiles pour entretenir et r\u00e9parer des v\u00e9hicules, mais aussi pour les professionnels du b\u00e2timent qui doivent r\u00e9aliser des travaux de maintenance ou d\u2019installation de structures m\u00e9talliques.&nbsp;<\/p>\n\n\n\n<p><strong>Dot\u00e9e d\u2019un puissant moteur sans charbon d\u00e9livrant une vitesse de rotation de 400 tr\/min et un couple de sortie \u00e9lev\u00e9 de 60 Nm, la GRC 18V-60 Professional assure des boulonnages performants de m\u00e9tal sur m\u00e9tal de M5 jusqu\u2019\u00e0 M12.&nbsp;<\/strong><\/p>\n\n\n\n<figure class=\"wp-block-gallery columns-2 is-cropped\"><ul class=\"blocks-gallery-grid\"><li class=\"blocks-gallery-item\"><figure><img loading=\"lazy\" width=\"702\" height=\"448\" src=\"https:\/\/i2.wp.com\/batimedianews.com\/live\/wp-content\/uploads\/2025\/05\/BoschPhoto4.jpg?resize=702%2C448\" alt=\"\" data-id=\"45191\" data-full-url=\"https:\/\/i2.wp.com\/batimedianews.com\/live\/wp-content\/uploads\/2025\/05\/BoschPhoto4.jpg?resize=702%2C448\" data-link=\"http:\/\/batimedianews.com\/live\/?attachment_id=45191\" class=\"wp-image-45191\" srcset=\"https:\/\/i2.wp.com\/batimedianews.com\/live\/wp-content\/uploads\/2025\/05\/BoschPhoto4.jpg?w=702 702w, https:\/\/i2.wp.com\/batimedianews.com\/live\/wp-content\/uploads\/2025\/05\/BoschPhoto4.jpg?resize=768%2C490 768w, https:\/\/i2.wp.com\/batimedianews.com\/live\/wp-content\/uploads\/2025\/05\/BoschPhoto4.jpg?resize=432%2C276 432w, https:\/\/i2.wp.com\/batimedianews.com\/live\/wp-content\/uploads\/2025\/05\/BoschPhoto4.jpg?resize=396%2C253 396w, https:\/\/i2.wp.com\/batimedianews.com\/live\/wp-content\/uploads\/2025\/05\/BoschPhoto4.jpg?resize=660%2C421 660w\" sizes=\"(max-width: 600px) 91vw, (max-width: 900px) 600px, (max-width: 1060px) 50vw, (max-width: 1200px) 520px, (max-width: 1400px) 43vw, 600px\" data-recalc-dims=\"1\" \/><\/figure><\/li><li class=\"blocks-gallery-item\"><figure><img loading=\"lazy\" width=\"702\" height=\"498\" src=\"https:\/\/i0.wp.com\/batimedianews.com\/live\/wp-content\/uploads\/2025\/05\/BoschPhoto5.jpg?resize=702%2C498\" alt=\"\" data-id=\"45192\" data-full-url=\"https:\/\/i0.wp.com\/batimedianews.com\/live\/wp-content\/uploads\/2025\/05\/BoschPhoto5.jpg?resize=702%2C498\" data-link=\"http:\/\/batimedianews.com\/live\/?attachment_id=45192\" class=\"wp-image-45192\" srcset=\"https:\/\/i0.wp.com\/batimedianews.com\/live\/wp-content\/uploads\/2025\/05\/BoschPhoto5.jpg?w=702 702w, https:\/\/i0.wp.com\/batimedianews.com\/live\/wp-content\/uploads\/2025\/05\/BoschPhoto5.jpg?resize=768%2C544 768w, https:\/\/i0.wp.com\/batimedianews.com\/live\/wp-content\/uploads\/2025\/05\/BoschPhoto5.jpg?resize=432%2C306 432w, https:\/\/i0.wp.com\/batimedianews.com\/live\/wp-content\/uploads\/2025\/05\/BoschPhoto5.jpg?resize=396%2C281 396w, https:\/\/i0.wp.com\/batimedianews.com\/live\/wp-content\/uploads\/2025\/05\/BoschPhoto5.jpg?resize=660%2C468 660w\" sizes=\"(max-width: 600px) 91vw, (max-width: 900px) 600px, (max-width: 1060px) 50vw, (max-width: 1200px) 520px, (max-width: 1400px) 43vw, 600px\" data-recalc-dims=\"1\" \/><\/figure><\/li><\/ul><\/figure>\n\n\n\n<p>Le porte embout de la cl\u00e9 \u00e0 cliquet de 3\/8\u2019\u2019, couramment utilis\u00e9 dans les applications automobiles, offre une grande polyvalence.&nbsp;<\/p>\n\n\n\n<p><strong>Sa grande longueur de t\u00eate et sa forme compacte lui conf\u00e8rent une maniabilit\u00e9 hors pair dans les espaces \u00e9troits ou inaccessibles. <\/strong>Sa g\u00e2chette ergonomique assure une prise en main confortable et r\u00e9duit la fatigue lors de longues heures d\u2019utilisation.&nbsp;<\/p>\n\n\n\n<p>Son interface utilisateur offre le choix entre 3 modes pour adapter la vitesse et optimiser le couple de sortie en fonction des besoins des diff\u00e9rentes applications de fa\u00e7on \u00e0 pr\u00e9venir tout dommage.&nbsp;<\/p>\n\n\n\n<p>La cl\u00e9 \u00e0 cliquet GRC 18V-60 Professional est \u00e9quip\u00e9e d\u2019un \u00e9clairage LED pour une bonne visibilit\u00e9 de l\u2019espace de travail et d\u2019un bouton de verrouillage en position d\u2019arr\u00eat pour emp\u00eacher toute activation accidentelle.&nbsp;<\/p>\n\n\n\n<p class=\"has-small-font-size\">Prix de vente conseill\u00e9 (solo sans chargeur ni batterie) : 199 euros H.T&nbsp;<\/p>\n\n\n\n<figure class=\"wp-block-image size-full\"><img loading=\"lazy\" width=\"720\" height=\"244\" src=\"https:\/\/i1.wp.com\/batimedianews.com\/live\/wp-content\/uploads\/2025\/05\/image-174.png?resize=720%2C244\" alt=\"\" class=\"wp-image-45193\" srcset=\"https:\/\/i1.wp.com\/batimedianews.com\/live\/wp-content\/uploads\/2025\/05\/image-174.png?w=1574 1574w, https:\/\/i1.wp.com\/batimedianews.com\/live\/wp-content\/uploads\/2025\/05\/image-174.png?resize=768%2C260 768w, https:\/\/i1.wp.com\/batimedianews.com\/live\/wp-content\/uploads\/2025\/05\/image-174.png?resize=432%2C147 432w, https:\/\/i1.wp.com\/batimedianews.com\/live\/wp-content\/uploads\/2025\/05\/image-174.png?resize=396%2C134 396w, https:\/\/i1.wp.com\/batimedianews.com\/live\/wp-content\/uploads\/2025\/05\/image-174.png?resize=1120%2C380 1120w, https:\/\/i1.wp.com\/batimedianews.com\/live\/wp-content\/uploads\/2025\/05\/image-174.png?resize=660%2C224 660w, https:\/\/i1.wp.com\/batimedianews.com\/live\/wp-content\/uploads\/2025\/05\/image-174.png?w=1440 1440w\" sizes=\"(max-width: 600px) 91vw, (max-width: 900px) 600px, (max-width: 1060px) 50vw, (max-width: 1200px) 520px, (max-width: 1400px) 43vw, 600px\" data-recalc-dims=\"1\" \/><\/figure>\n\n\n\n<p class=\"has-sm-light-primary-color has-text-color has-background\" style=\"background-color:#cc2d2d\"><strong>NOUVEAU&nbsp;<\/strong><\/p>\n\n\n\n<p class=\"has-text-color has-medium-font-size\" style=\"color:#cc2d2d\"><strong>Projecteur de chantier GLA 18VH-7500&nbsp;Professional&nbsp;<\/strong><\/p>\n\n\n\n<p class=\"has-text-color has-medium-font-size\" style=\"color:#cc2d2d\">1<sup>er <\/sup>projecteur hybride 360\u00b0 avec 7 500 Lumens de puissance&nbsp;<\/p>\n\n\n\n<p>Bosch innove avec le nouveau projecteur de chantier GLA 18VH-7500 Professional, <strong>un mod\u00e8le hybride qui peut fonctionner sur secteur ou avec une batterie 18V Bosch Professional <\/strong>pour offrir plus d\u2019autonomie et de libert\u00e9. Con\u00e7u pour \u00e9clairer les espaces int\u00e9rieurs sans source d\u2019\u00e9clairage permanente ou les zones de travail tr\u00e8s sombres, <strong>il d\u00e9veloppe une intensit\u00e9 lumineuse de 7 500 Lumens<\/strong>.&nbsp;<\/p>\n\n\n\n<p><strong>Intuitive, son interface utilisateur permet de visualiser le niveau de la batterie, les 3 niveaux de luminosit\u00e9 via des indicateurs LED ainsi que l\u2019angle de champ de vision avec les modes 180\u00b0\/360\u00b0.&nbsp;<\/strong><\/p>\n\n\n\n<p>Pratique, le GLA 18VH-7500 Professional dispose d\u2019une prise USB-C\u00ae int\u00e9gr\u00e9e avec technologie Power Delivery qui d\u00e9veloppe jusqu\u2019\u00e0 15 W de puissance. Elle permet de charger rapidement des appareils mobiles dot\u00e9s d\u2019une prise USB-C\u00ae (Smartphone\u2026).&nbsp;<\/p>\n\n\n\n<figure class=\"wp-block-gallery columns-2 is-cropped\"><ul class=\"blocks-gallery-grid\"><li class=\"blocks-gallery-item\"><figure><img loading=\"lazy\" width=\"702\" height=\"444\" src=\"https:\/\/i0.wp.com\/batimedianews.com\/live\/wp-content\/uploads\/2025\/05\/BoschPhoto7.jpg?resize=702%2C444\" alt=\"\" data-id=\"45194\" data-full-url=\"https:\/\/i0.wp.com\/batimedianews.com\/live\/wp-content\/uploads\/2025\/05\/BoschPhoto7.jpg?resize=702%2C444\" data-link=\"http:\/\/batimedianews.com\/live\/?attachment_id=45194\" class=\"wp-image-45194\" srcset=\"https:\/\/i0.wp.com\/batimedianews.com\/live\/wp-content\/uploads\/2025\/05\/BoschPhoto7.jpg?w=702 702w, https:\/\/i0.wp.com\/batimedianews.com\/live\/wp-content\/uploads\/2025\/05\/BoschPhoto7.jpg?resize=768%2C485 768w, https:\/\/i0.wp.com\/batimedianews.com\/live\/wp-content\/uploads\/2025\/05\/BoschPhoto7.jpg?resize=432%2C273 432w, https:\/\/i0.wp.com\/batimedianews.com\/live\/wp-content\/uploads\/2025\/05\/BoschPhoto7.jpg?resize=396%2C250 396w, https:\/\/i0.wp.com\/batimedianews.com\/live\/wp-content\/uploads\/2025\/05\/BoschPhoto7.jpg?resize=660%2C417 660w\" sizes=\"(max-width: 600px) 91vw, (max-width: 900px) 600px, (max-width: 1060px) 50vw, (max-width: 1200px) 520px, (max-width: 1400px) 43vw, 600px\" data-recalc-dims=\"1\" \/><\/figure><\/li><li class=\"blocks-gallery-item\"><figure><img loading=\"lazy\" width=\"702\" height=\"494\" src=\"https:\/\/i1.wp.com\/batimedianews.com\/live\/wp-content\/uploads\/2025\/05\/BoschPhoto8.jpg?resize=702%2C494\" alt=\"\" data-id=\"45195\" data-full-url=\"https:\/\/i1.wp.com\/batimedianews.com\/live\/wp-content\/uploads\/2025\/05\/BoschPhoto8.jpg?resize=702%2C494\" data-link=\"http:\/\/batimedianews.com\/live\/?attachment_id=45195\" class=\"wp-image-45195\" srcset=\"https:\/\/i1.wp.com\/batimedianews.com\/live\/wp-content\/uploads\/2025\/05\/BoschPhoto8.jpg?w=702 702w, https:\/\/i1.wp.com\/batimedianews.com\/live\/wp-content\/uploads\/2025\/05\/BoschPhoto8.jpg?resize=768%2C540 768w, https:\/\/i1.wp.com\/batimedianews.com\/live\/wp-content\/uploads\/2025\/05\/BoschPhoto8.jpg?resize=432%2C304 432w, https:\/\/i1.wp.com\/batimedianews.com\/live\/wp-content\/uploads\/2025\/05\/BoschPhoto8.jpg?resize=396%2C279 396w, https:\/\/i1.wp.com\/batimedianews.com\/live\/wp-content\/uploads\/2025\/05\/BoschPhoto8.jpg?resize=660%2C464 660w\" sizes=\"(max-width: 600px) 91vw, (max-width: 900px) 600px, (max-width: 1060px) 50vw, (max-width: 1200px) 520px, (max-width: 1400px) 43vw, 600px\" data-recalc-dims=\"1\" \/><\/figure><\/li><\/ul><\/figure>\n\n\n\n<p><strong>Flexible, il peut \u00eatre pos\u00e9 au sol, suspendu ou fix\u00e9 \u00e0 un tr\u00e9pied. <\/strong>En effet, il poss\u00e8de un grand et robuste crochet en m\u00e9tal, log\u00e9 dans sa base, pour \u00eatre accroch\u00e9 sur les \u00e9chelles, les \u00e9chafaudages\u2026 et un filetage de 5\/8\u2019\u2019 pour une fixation sur un tr\u00e9pied (tr\u00e9pied d\u2019\u00e9clairage GLT 300-40 Professional par ex.).&nbsp;<\/p>\n\n\n\n<p>Le projecteur de chantier GLA 18VH-7500 Professional \u00e9claire ainsi de mani\u00e8re optimale selon l\u2019environnement et l\u2019utilisation.&nbsp;<\/p>\n\n\n\n<p class=\"has-small-font-size\">Prix de vente conseill\u00e9 (solo sans chargeur ni batterie) : 359 euros H.T&nbsp;<\/p>\n\n\n\n<p class=\"has-small-font-size\">Points de vente : N\u00e9goces en mat\u00e9riaux, fournitures industrielles&nbsp;<\/p>\n","protected":false},"excerpt":{"rendered":"<p>NOUVEAU&nbsp; Cl\u00e9 \u00e0 cliquet sans-fil et projecteur de chantier Bosch Professional&nbsp; Que ce soit dans les garages, les ateliers de r\u00e9paration ou sur les chantiers, les outils Bosch Professional sont capables de r\u00e9pondre aux exigences de chaque application. Dans sa gamme 18V, Bosch lance 2 nouveaux outils qui concilient ergonomie, flexibilit\u00e9 et puissance.&nbsp; La cl\u00e9 [&hellip;]<\/p>\n","protected":false},"author":41,"featured_media":45197,"comment_status":"open","ping_status":"open","sticky":true,"template":"","format":"standard","meta":{"spay_email":""},"categories":[4],"tags":[],"jetpack_featured_media_url":"https:\/\/i0.wp.com\/batimedianews.com\/live\/wp-content\/uploads\/2025\/05\/Bosch-1.jpg?fit=1513%2C825","jetpack_sharing_enabled":true,"jetpack_likes_enabled":true,"jetpack-related-posts":[{"id":38062,"url":"http:\/\/batimedianews.com\/live\/index.php\/2024\/06\/11\/gamme-doutils-a-main-bosch-professional-de-nouveaux-outils-vde-et-sanitaire-pour-un-travail-plus-sur-et-plus-confortable\/","url_meta":{"origin":45178,"position":0},"title":"Gamme d\u2019outils \u00e0 main bosch professional &#8211; De nouveaux outils VDE et Sanitaire pour un travail plus s\u00fbr et plus confortable","date":"11 juin 2024","format":false,"excerpt":"NOUVEAUX OUTILS \u00c0 MAIN VDE ET SANITAIRE BOSCH PROFESSIONAL Guid\u00e9 par sa mission de rendre le travail plus facile et plus s\u00fbr pour les professionnels, Bosch \u00e9largit continuellement son offre de produits. Fort du constat qu\u2019environ un tiers des outils utilis\u00e9s quotidiennement par les artisans sont des outils \u00e0 main,\u2026","rel":"","context":"Dans &quot;Actualit\u00e9 Entreprises&quot;","img":{"alt_text":"","src":"https:\/\/i0.wp.com\/batimedianews.com\/live\/wp-content\/uploads\/2024\/06\/Bosch.jpg?fit=825%2C825&resize=350%2C200","width":350,"height":200},"classes":[]},{"id":8583,"url":"http:\/\/batimedianews.com\/live\/index.php\/2021\/04\/30\/nouveaux-telemetres-connectes-glm-50-27-c-cg-professional-une-robustesse-a-toute-epreuve-et-un-transfert-des-donnees-encore-plus-rapide-grace-au-cloud\/","url_meta":{"origin":45178,"position":1},"title":"Nouveaux t\u00e9l\u00e9m\u00e8tres connect\u00e9s GLM 50-27 C\/CG professional : Une robustesse \u00e0 toute \u00e9preuve et un transfert des donn\u00e9es encore plus rapide gr\u00e2ce au cloud","date":"30 avril 2021","format":false,"excerpt":"UN DESIGN ANTI-CHOC AU SERVICE DES CHANTIERS LES PLUS EXIGEANTS Id\u00e9als pour les chantiers les plus rudes, les nouveaux t\u00e9l\u00e9m\u00e8tres GLM 50-27 C Professional (faisceau rouge) et GLM 50-27 CG Professional (faisceau vert) de Bosch offrent une meilleure visibilit\u00e9 du point de laser, notamment dans les zones avec une luminosit\u00e9\u2026","rel":"","context":"Dans &quot;Actualit\u00e9 Entreprises&quot;","img":{"alt_text":"","src":"https:\/\/i0.wp.com\/batimedianews.com\/live\/wp-content\/uploads\/2021\/02\/image-207.png?fit=792%2C716&resize=350%2C200","width":350,"height":200},"classes":[]},{"id":44836,"url":"http:\/\/batimedianews.com\/live\/index.php\/2025\/05\/07\/premiere-cle-a-cliquet-sans-fil-te-rw-18-60-li-solo-deinhell-loutil-compact-a-destination-des-mecaniciens-et-bricoleurs-ideal-pour-les-zones-difficiles-dacces\/","url_meta":{"origin":45178,"position":2},"title":"Premi\u00e8re cl\u00e9 \u00e0 cliquet sans fil TE-RW 18\/60 LI-SOLO D\u2019EINHELL &#8211; L\u2019outil compact \u00e0 destination des m\u00e9caniciens et bricoleurs, id\u00e9al pour les zones difficiles d\u2019acc\u00e8s","date":"7 mai 2025","format":false,"excerpt":"Einhell, sp\u00e9cialiste de l\u2019outillage \u00e9lectroportatif destin\u00e9 aux travaux de bricolage et de jardinage, propose la TE-RW 18\/60 Li-Solo, sa premi\u00e8re cl\u00e9 \u00e0 cliquet sans fil destin\u00e9e aux domaines de la m\u00e9canique automobile, de la maintenance et du bricolage. Aliment\u00e9e par une batterie 18V compatible avec le syst\u00e8me Power X-Change du\u2026","rel":"","context":"Dans &quot;Actualit\u00e9 Entreprises&quot;","img":{"alt_text":"","src":"https:\/\/i1.wp.com\/batimedianews.com\/live\/wp-content\/uploads\/2025\/05\/Einhell.jpg?fit=825%2C825&resize=350%2C200","width":350,"height":200},"classes":[]},{"id":45704,"url":"http:\/\/batimedianews.com\/live\/index.php\/2025\/06\/30\/nouvelles-ponceuses-et-polisseuses-12v-bosch-professional-confort-et-precision-pour-realiser-des-finitions-parfaites\/","url_meta":{"origin":45178,"position":3},"title":"NOUVELLES PONCEUSES ET POLISSEUSES 12V BOSCH PROFESSIONAL &#8211; Confort et pr\u00e9cision pour r\u00e9aliser des finitions parfaites","date":"30 juin 2025","format":false,"excerpt":"NOUVEAU\u00a0 PONCEUSES ET POLISSEUSES 12V BOSCH PROFESSIONNAL\u00a0 Pour poncer de petites surfaces, \u00e9liminer des grains de poussi\u00e8re sur des rev\u00eatements, retoucher des petites zones d\u00e9j\u00e0 ponc\u00e9es, \u00e9liminer des hologrammes, des rayures profondes ou l\u00e9g\u00e8res\u2026 Bosch lance de nouvelles petites ponceuses et polisseuses dans sa gamme 12V.\u00a0 Concentr\u00e9 de performance et\u2026","rel":"","context":"Dans &quot;Actualit\u00e9 Entreprises&quot;","img":{"alt_text":"","src":"https:\/\/i2.wp.com\/batimedianews.com\/live\/wp-content\/uploads\/2025\/06\/Bosch-2.jpg?fit=825%2C825&resize=350%2C200","width":350,"height":200},"classes":[]},{"id":42088,"url":"http:\/\/batimedianews.com\/live\/index.php\/2025\/01\/14\/nouveaux-outils-18v-pour-electriciens-bosch-professional-efficaces-ergonomiques-et-durables\/","url_meta":{"origin":45178,"position":4},"title":"Nouveaux outils 18V pour \u00e9lectriciens BOSCH PROFESSIONAL &#8211; Efficaces, ergonomiques et durables","date":"14 janvier 2025","format":false,"excerpt":"NOUVEAU\u00a0 Outils 18V pour \u00e9lectriciens Bosch professional\u00a0 Bosch lance un nouveau segment avec les outils hydrauliques sans-fil pour \u00e9lectriciens et \u00e9largit sa gamme 18V.\u00a0 Le coupe-c\u00e2ble sans-fil GKH 18V-50 Professional, la poin\u00e7onneuse sans-fil GLH 18V-60 Professional et la sertisseuse sans-fil GPH 18V-60 Professional ont \u00e9t\u00e9 pens\u00e9s pour offrir davantage d\u2019ergonomie\u2026","rel":"","context":"Dans &quot;Actualit\u00e9 Entreprises&quot;","img":{"alt_text":"","src":"https:\/\/i2.wp.com\/batimedianews.com\/live\/wp-content\/uploads\/2025\/01\/Bosch-1.jpg?fit=825%2C825&resize=350%2C200","width":350,"height":200},"classes":[]},{"id":37176,"url":"http:\/\/batimedianews.com\/live\/index.php\/2024\/05\/02\/tournee-europeenne-bosch-pro-tour-pour-decouvrir-en-direct-les-outils-et-services-bosch-professional\/","url_meta":{"origin":45178,"position":5},"title":"TOURN\u00c9E EUROP\u00c9ENNE BOSCH PRO TOUR &#8211; Pour d\u00e9couvrir en direct les outils et services Bosch Professional","date":"2 mai 2024","format":false,"excerpt":"BOSCH PRO TOUR LA TOURN\u00c9E EUROP\u00c9ENNE D\u00e8s le mois d\u2019avril, le nouveau camion de d\u00e9monstration Bosch Pro Tour prend la route pour faire le tour de l\u2019Europe, apr\u00e8s avoir sillonn\u00e9 l\u2019Allemagne, l\u2019Autriche et la Suisse. Cette deuxi\u00e8me tourn\u00e9e de pr\u00e9sentation offrira aux professionnels de tous corps de m\u00e9tiers l\u2019occasion de\u2026","rel":"","context":"Dans &quot;Actualit\u00e9 Entreprises&quot;","img":{"alt_text":"","src":"https:\/\/i1.wp.com\/batimedianews.com\/live\/wp-content\/uploads\/2024\/05\/Bosch.jpg?fit=825%2C825&resize=350%2C200","width":350,"height":200},"classes":[]}],"_links":{"self":[{"href":"http:\/\/batimedianews.com\/live\/index.php\/wp-json\/wp\/v2\/posts\/45178"}],"collection":[{"href":"http:\/\/batimedianews.com\/live\/index.php\/wp-json\/wp\/v2\/posts"}],"about":[{"href":"http:\/\/batimedianews.com\/live\/index.php\/wp-json\/wp\/v2\/types\/post"}],"author":[{"embeddable":true,"href":"http:\/\/batimedianews.com\/live\/index.php\/wp-json\/wp\/v2\/users\/41"}],"replies":[{"embeddable":true,"href":"http:\/\/batimedianews.com\/live\/index.php\/wp-json\/wp\/v2\/comments?post=45178"}],"version-history":[{"count":3,"href":"http:\/\/batimedianews.com\/live\/index.php\/wp-json\/wp\/v2\/posts\/45178\/revisions"}],"predecessor-version":[{"id":45200,"href":"http:\/\/batimedianews.com\/live\/index.php\/wp-json\/wp\/v2\/posts\/45178\/revisions\/45200"}],"wp:featuredmedia":[{"embeddable":true,"href":"http:\/\/batimedianews.com\/live\/index.php\/wp-json\/wp\/v2\/media\/45197"}],"wp:attachment":[{"href":"http:\/\/batimedianews.com\/live\/index.php\/wp-json\/wp\/v2\/media?parent=45178"}],"wp:term":[{"taxonomy":"category","embeddable":true,"href":"http:\/\/batimedianews.com\/live\/index.php\/wp-json\/wp\/v2\/categories?post=45178"},{"taxonomy":"post_tag","embeddable":true,"href":"http:\/\/batimedianews.com\/live\/index.php\/wp-json\/wp\/v2\/tags?post=45178"}],"curies":[{"name":"wp","href":"https:\/\/api.w.org\/{rel}","templated":true}]}}