{"id":47437,"date":"2025-10-17T09:49:05","date_gmt":"2025-10-17T07:49:05","guid":{"rendered":"http:\/\/batimedianews.com\/live\/?p=47437"},"modified":"2025-10-17T09:49:08","modified_gmt":"2025-10-17T07:49:08","slug":"a-laspect-cuir-blanc-sable-fin-et-fort-les-betons-architectoniques-bas-carbone-cibetec-animent-les-facades-de-la-residence-etudiante-de-lagro-cite-gagarine-truillot-un-quartier-inn","status":"publish","type":"post","link":"http:\/\/batimedianews.com\/live\/index.php\/2025\/10\/17\/a-laspect-cuir-blanc-sable-fin-et-fort-les-betons-architectoniques-bas-carbone-cibetec-animent-les-facades-de-la-residence-etudiante-de-lagro-cite-gagarine-truillot-un-quartier-inn\/","title":{"rendered":"A l\u2019aspect cuir blanc sabl\u00e9 fin et fort, les b\u00e9tons architectoniques bas carbone CIBETEC animent les fa\u00e7ades de la r\u00e9sidence \u00e9tudiante de l\u2019Agro-cit\u00e9 Gagarine-Truillot, un quartier innovant et responsable d\u2019Ivry-sur-Seine"},"content":{"rendered":"\n<div class=\"wp-block-media-text alignwide is-stacked-on-mobile\" style=\"grid-template-columns:25% auto\"><figure class=\"wp-block-media-text__media\"><img loading=\"lazy\" width=\"570\" height=\"1028\" src=\"https:\/\/i2.wp.com\/batimedianews.com\/live\/wp-content\/uploads\/2025\/10\/image-79.png?resize=570%2C1028\" alt=\"\" class=\"wp-image-47438 size-full\" srcset=\"https:\/\/i2.wp.com\/batimedianews.com\/live\/wp-content\/uploads\/2025\/10\/image-79.png?w=570 570w, https:\/\/i2.wp.com\/batimedianews.com\/live\/wp-content\/uploads\/2025\/10\/image-79.png?resize=768%2C1385 768w, https:\/\/i2.wp.com\/batimedianews.com\/live\/wp-content\/uploads\/2025\/10\/image-79.png?resize=432%2C779 432w, https:\/\/i2.wp.com\/batimedianews.com\/live\/wp-content\/uploads\/2025\/10\/image-79.png?resize=396%2C714 396w\" sizes=\"(max-width: 600px) 91vw, (max-width: 900px) 600px, (max-width: 1060px) 50vw, (max-width: 1200px) 520px, (max-width: 1400px) 43vw, 600px\" data-recalc-dims=\"1\" \/><\/figure><div class=\"wp-block-media-text__content\">\n<p class=\"has-text-align-justify\"><strong>Implant\u00e9 au coeur d\u2019Ivry-sur-Seine (94), \u00e0 proximit\u00e9 imm\u00e9diate de Paris, le r\u00e9am\u00e9nagement du quartier Gagarine-Truillot s\u2019inscrit dans une d\u00e9marche r\u00e9gionale de revitalisation urbaine et constitue un enjeu majeur de d\u00e9veloppement pour la ville et ses habitants. Parmi les \u00e9quipements r\u00e9alis\u00e9s, le ma\u00eetre d\u2019ouvrage HIBANA a construit le nouveau campus de l\u2019\u00e9cole d\u2019ing\u00e9nieurs ESIEA, une serre d\u2019agriculture urbaine et une r\u00e9sidence \u00e9tudiante.&nbsp;<\/strong><\/p>\n\n\n\n<p class=\"has-text-align-justify\"><strong>La fa\u00e7ade de cette derni\u00e8re est constitu\u00e9e de 315 pi\u00e8ces pr\u00e9fabriqu\u00e9es en b\u00e9ton blanc architectonique bas carbone de CIBETEC, dot\u00e9es de deux finitions \u00e9l\u00e9gantes \u00e0 l\u2019aspect cuir sabl\u00e9 fin et cuir sabl\u00e9 fort.&nbsp;<\/strong><\/p>\n\n\n\n<p class=\"has-text-align-justify\"><strong>Des \u00e9l\u00e9ments qui r\u00e9sonnent avec les ambitions environnementales \u00e9lev\u00e9es de cet \u00e9co-quartier et qui participent \u00e0 la certification Haute Qualit\u00e9 Environnementale niveau excellent et \u00e0 la labellisation RE2020 du b\u00e2timent.&nbsp;<\/strong><\/p>\n<\/div><\/div>\n\n\n\n<p class=\"has-text-color has-medium-font-size\" style=\"color:#f89035\"><strong>Un quartier pour tous, pour vivre et travailler<\/strong><\/p>\n\n\n\n<p class=\"has-text-align-justify\">Retenu dans le Nouveau Programme de Renouvellement Urbain (NPNRU) de l\u2019Agence Nationale pour la R\u00e9novation Urbaine, cet am\u00e9nagement d\u2019envergure doit permettre, apr\u00e8s la d\u00e9molition de la Cit\u00e9 Gagarine, de d\u00e9velopper un quartier mixte avec de nouveaux logements, des bureaux, des locaux d\u2019activit\u00e9 et des commerces. Sur cette ZAC de 13 hectares, de nombreux \u00e9quipements publics (nouveau groupe scolaire, gymnase, cr\u00e8che,\u2026) voient le jour et deux nouveaux acc\u00e8s \u00e0 la Gare RER C seront cr\u00e9\u00e9s.<\/p>\n\n\n\n<p class=\"has-text-align-justify\">Avec pr\u00e8s de 40% de la surface d\u00e9di\u00e9s aux espaces publics, des am\u00e9nagements en faveur des circulations douces et pi\u00e9tonnes, le d\u00e9veloppement de l\u2019agriculture urbaine et 1 350 arbres plant\u00e9s \u00e0 terme, le quartier proposera un cadre de vie agr\u00e9ablement renouvel\u00e9.<\/p>\n\n\n\n<figure class=\"wp-block-image size-full\"><img loading=\"lazy\" width=\"720\" height=\"323\" src=\"https:\/\/i0.wp.com\/batimedianews.com\/live\/wp-content\/uploads\/2025\/10\/image-80.png?resize=720%2C323\" alt=\"\" class=\"wp-image-47439\" srcset=\"https:\/\/i0.wp.com\/batimedianews.com\/live\/wp-content\/uploads\/2025\/10\/image-80.png?w=1600 1600w, https:\/\/i0.wp.com\/batimedianews.com\/live\/wp-content\/uploads\/2025\/10\/image-80.png?resize=768%2C344 768w, https:\/\/i0.wp.com\/batimedianews.com\/live\/wp-content\/uploads\/2025\/10\/image-80.png?resize=432%2C194 432w, https:\/\/i0.wp.com\/batimedianews.com\/live\/wp-content\/uploads\/2025\/10\/image-80.png?resize=396%2C178 396w, https:\/\/i0.wp.com\/batimedianews.com\/live\/wp-content\/uploads\/2025\/10\/image-80.png?resize=1120%2C503 1120w, https:\/\/i0.wp.com\/batimedianews.com\/live\/wp-content\/uploads\/2025\/10\/image-80.png?resize=660%2C296 660w, https:\/\/i0.wp.com\/batimedianews.com\/live\/wp-content\/uploads\/2025\/10\/image-80.png?w=1440 1440w\" sizes=\"(max-width: 600px) 91vw, (max-width: 900px) 600px, (max-width: 1060px) 50vw, (max-width: 1200px) 520px, (max-width: 1400px) 43vw, 600px\" data-recalc-dims=\"1\" \/><\/figure>\n\n\n\n<p class=\"has-text-color has-medium-font-size\" style=\"color:#f89035\"><strong>R\u00e9sidence \u00e9tudiante : une fa\u00e7ade anim\u00e9e par deux finitions de b\u00e9tons pr\u00e9fabriqu\u00e9s bas carbone de CIBETEC<\/strong><\/p>\n\n\n\n<p class=\"has-text-align-justify\">Port\u00e9e par le promoteur HIBANA, la construction de la r\u00e9sidence \u00e9tudiante de 310 chambres sur 18 \u00e9tages a \u00e9t\u00e9 r\u00e9alis\u00e9e par les \u00e9quipes d\u2019Habitat R\u00e9sidentiel de Bouygues B\u00e2timent Ile-de-France.&nbsp;<\/p>\n\n\n\n<p class=\"has-text-align-justify\">Afin de r\u00e9pondre aux objectifs environnementaux et \u00e9conomiques du chantier, le cabinet d\u2019architecture BRENAC &amp; GONZALEZ &amp; ASSOCI\u00c9S a imagin\u00e9 un b\u00e2timent de 50 m de haut dont la fa\u00e7ade est constitu\u00e9e d\u2019un module correspondant aux dimensions de deux chambres. Celui-ci se r\u00e9p\u00e8te sur les diff\u00e9rents niveaux en jouant sur des effets de sym\u00e9trie gr\u00e2ce \u00e0 des pi\u00e8ces int\u00e9grant des ch\u00e2ssis vitr\u00e9s ainsi que des joints creux et d\u2019autres avec des parties pleines, l\u00e9g\u00e8rement d\u00e9caiss\u00e9es. \u00ab<em> Nous voulions travailler ces modules avec des \u00e9l\u00e9ments de mod\u00e9nature et des effets de creux donnant du relief \u00e0 la fa\u00e7ade. Durant l\u2019\u00e9tude, nous avons beaucoup pouss\u00e9 le choix de la pr\u00e9fabrication b\u00e9ton et nous nous sommes tr\u00e8s vite rapproch\u00e9s de CIBETEC. Nous recherchions un b\u00e9ton blanc, mais qui ne ressemble pas \u00e0 du pl\u00e2tre, \u00e0 l\u2019aspect pierre avec une teinte l\u00e9g\u00e8rement sabl\u00e9e<\/em> \u00bb explique l\u2019architecte M. Mar\u00e9chaux.<\/p>\n\n\n\n<p class=\"has-text-align-justify\">Ainsi, sur la base d\u2019\u00e9chantillons r\u00e9alis\u00e9s par CIBETEC, l\u2019architecte a choisi un b\u00e9ton blanc avec deux finitions diff\u00e9rentes : une \u00e0 l\u2019aspect cuir sabl\u00e9 fort pour toutes les zones en retrait ainsi que celles en all\u00e8ge et en imposte des baies vitr\u00e9es ; l\u2019autre \u00e0 l\u2019aspect cuir sabl\u00e9 fin pour le reste des pi\u00e8ces pr\u00e9fabriqu\u00e9es (poteaux, poutres, \u2026). \u00ab<em> En fonction de la lumi\u00e8re, la fa\u00e7ade s\u2019anime gr\u00e2ce \u00e0 ces effets de mati\u00e8re et de relief produits par ces deux finitions qui font ressortir les granulats de b\u00e9ton et le calepinage des modules. Nous avons \u00e9t\u00e9 s\u00e9duits par la qualit\u00e9 de traitement de surface des b\u00e9tons architectoniques de Cibetec. Leur qualit\u00e9 de rendu rel\u00e8ve de l\u2019orf\u00e8vrerie ! <\/em>\u00bb ajoute M. Mar\u00e9chaux.<\/p>\n\n\n\n<p class=\"has-text-align-justify\">Pour respecter le budget du projet, l\u2019architecte a \u00e9galement travaill\u00e9 avec les \u00e9quipes de CIBETEC pour optimiser le nombre de modules et de moules pour leur pr\u00e9fabrication. Ainsi, 4 moules d\u2019angle et 3 moules panneaux ont \u00e9t\u00e9 produits pour r\u00e9aliser les 315 pi\u00e8ces en b\u00e9ton pr\u00e9fabriqu\u00e9es de la fa\u00e7ade de 2400 m<sup>2<\/sup>.<\/p>\n\n\n\n<p class=\"has-text-align-justify\">Les b\u00e9tons pr\u00e9fabriqu\u00e9s de CIBETEC repr\u00e9sentant 98% de la fa\u00e7ade, leur fabrication bas carbone a \u00e9galement \u00e9t\u00e9 un \u00e9l\u00e9ment d\u00e9terminant dans le choix de l\u2019architecte afin de r\u00e9pondre aux objectifs environnementaux du b\u00e2timent certifi\u00e9 Haute Qualit\u00e9 Environnementale niveau excellent et labellis\u00e9 RE2020.<\/p>\n\n\n\n<p class=\"has-text-color has-medium-font-size\" style=\"color:#f89035\"><strong>Une fa\u00e7ade pr\u00e9fabriqu\u00e9e de grande qualit\u00e9, mont\u00e9e en 6 mois<\/strong><\/p>\n\n\n\n<p class=\"has-text-align-justify\">R\u00e9alis\u00e9e par Bouygues B\u00e2timent Ile-de-France, la mise en oeuvre des fa\u00e7ades n\u2019a n\u00e9cessit\u00e9 que 6 mois de travaux. Chaque fa\u00e7ade de la r\u00e9sidence est compos\u00e9e, en moyenne, de 75 \u00e9l\u00e9ments en b\u00e9ton pr\u00e9fabriqu\u00e9s de CIBETEC (voiles et linteaux).&nbsp;<\/p>\n\n\n\n<p class=\"has-text-align-justify\">Structurels, les panneaux sont clavet\u00e9s entre-eux verticalement et liaisonn\u00e9s dans la dalle avec des rupteurs thermiques en partie haute. Ils sont broch\u00e9s sur le panneau du dessous, ce qui garantit l\u2019\u00e9tanch\u00e9it\u00e9 \u00e0 l\u2019air du b\u00e2timent.&nbsp;<\/p>\n\n\n\n<p class=\"has-text-align-justify\">\u00ab <em>CIBETEC r\u00e9alisait 2 \u00e0 3 pi\u00e8ces par jour qu\u2019il livrait en temps et en heure sur le chantier. Un \u00e9tage complet \u00e9tait r\u00e9alis\u00e9 tous les 8 jours et deux personnes montaient les voiles de fa\u00e7ade. La qualit\u00e9 \u00e9tait toujours pr\u00e9sente gr\u00e2ce au coulage \u00e0 plat du b\u00e9ton pr\u00e9fabriqu\u00e9 en usine. C\u2019est un fournisseur que je recommanderais car ils ont \u00e9t\u00e9 tr\u00e8s s\u00e9rieux tant dans le dialogue, que dans les d\u00e9lais de livraison et dans le suivi de chantier <\/em>\u00bb explique St\u00e9phane Da Costa Dias, conducteur de travaux de BOUYGUES B\u00e2timent Ile-de-France.<\/p>\n\n\n\n<p><\/p>\n","protected":false},"excerpt":{"rendered":"<p>Implant\u00e9 au coeur d\u2019Ivry-sur-Seine (94), \u00e0 proximit\u00e9 imm\u00e9diate de Paris, le r\u00e9am\u00e9nagement du quartier Gagarine-Truillot s\u2019inscrit dans une d\u00e9marche r\u00e9gionale de revitalisation urbaine et constitue un enjeu majeur de d\u00e9veloppement pour la ville et ses habitants. Parmi les \u00e9quipements r\u00e9alis\u00e9s, le ma\u00eetre d\u2019ouvrage HIBANA a construit le nouveau campus de l\u2019\u00e9cole d\u2019ing\u00e9nieurs ESIEA, une serre [&hellip;]<\/p>\n","protected":false},"author":41,"featured_media":47440,"comment_status":"open","ping_status":"open","sticky":true,"template":"","format":"standard","meta":{"spay_email":""},"categories":[16,21,29,64],"tags":[],"jetpack_featured_media_url":"https:\/\/i2.wp.com\/batimedianews.com\/live\/wp-content\/uploads\/2025\/10\/CIBETEC.jpg?fit=1513%2C825","jetpack_sharing_enabled":true,"jetpack_likes_enabled":true,"jetpack-related-posts":[{"id":33520,"url":"http:\/\/batimedianews.com\/live\/index.php\/2023\/12\/04\/chantier-de-la-facade-textile-durban-ivry\/","url_meta":{"origin":47437,"position":0},"title":"Chantier de la fa\u00e7ade textile d\u2018URBAN IVRY","date":"4 d\u00e9cembre 2023","format":false,"excerpt":"Quai Marcel Boyer, Ivry-sur-Seine (94) 4 500 de toiles utilis\u00e9es Sur ce chantier de grand ampleur, l'objectif de pose d'une fa\u00e7ade textile \u00e9tait avant toutesth\u00e9tique. Le cabinet d\u2019architecte Archikubik souhaitait en effet rappeler l'eau et la Seinesitu\u00e9s \u00e0 proximit\u00e9, avec la toile et son implantation en forme de ronds. La\u2026","rel":"","context":"Dans &quot;Actualit\u00e9 Entreprises&quot;","img":{"alt_text":"","src":"https:\/\/i2.wp.com\/batimedianews.com\/live\/wp-content\/uploads\/2023\/12\/Ferrarri-Image-articles-.jpg?fit=825%2C825&resize=350%2C200","width":350,"height":200},"classes":[]},{"id":28742,"url":"http:\/\/batimedianews.com\/live\/index.php\/2023\/05\/23\/le-systeme-dite-stotherm-brick-habille-le-nouveau-siege-de-lagence-internationale-darchitecture-patriarche\/","url_meta":{"origin":47437,"position":1},"title":"Le syst\u00e8me d\u2019ITE StoTherm Brick habille le nouveau si\u00e8ge de l\u2019agence internationale d\u2019architecture Patriarche","date":"23 mai 2023","format":false,"excerpt":"A Ivry-sur-Seine (94), un immeuble de bureaux s\u2019assure une solution p\u00e9renne et esth\u00e9tique en fa\u00e7ade avec le syst\u00e8me d\u2019ITE StoTherm Brick. Le choix de plaquettes terre cuite moul\u00e9es-main permet une richesse de teintes et de textures qui rend hommage au pass\u00e9 industriel de la ville.\u00a0 \u00a0Nouveau si\u00e8ge de l\u2019agence d\u2019architecture\u2026","rel":"","context":"Dans &quot;Actualit\u00e9 Entreprises&quot;","img":{"alt_text":"","src":"https:\/\/i1.wp.com\/batimedianews.com\/live\/wp-content\/uploads\/2023\/05\/Sto-Article-1.jpg?fit=1080%2C1080&resize=350%2C200","width":350,"height":200},"classes":[]},{"id":28360,"url":"http:\/\/batimedianews.com\/live\/index.php\/2023\/05\/03\/le-village-des-athletes-a-saint-denis-moins-de-8-mois-avant-la-livraison\/","url_meta":{"origin":47437,"position":2},"title":"Le Village des Athl\u00e8tes \u00e0 Saint-Denis : moins de 8 mois avant la livraison","date":"3 mai 2023","format":false,"excerpt":"Le Village Athl\u00e8tes sera livr\u00e9 fin 2023, puis toutes r\u00e9serves lev\u00e9es, le 1er mars 2024. Les \u00e9tudes ont \u00e9t\u00e9 finalis\u00e9es en 2019. Il a \u00e9t\u00e9 con\u00e7u pour \u00eatre transform\u00e9 en logements, bureaux, locaux d\u2019activit\u00e9s au cours de l\u2019ann\u00e9e 2025 apr\u00e8s les jeux paralympiques. Pascal Poggi pour Batim\u00e9dia Nous sommes \u00e0\u2026","rel":"","context":"Dans &quot;Actualit\u00e9 Entreprises&quot;","img":{"alt_text":"","src":"https:\/\/i1.wp.com\/batimedianews.com\/live\/wp-content\/uploads\/2023\/05\/villages-image.jpeg?fit=750%2C750&resize=350%2C200","width":350,"height":200},"classes":[]},{"id":42764,"url":"http:\/\/batimedianews.com\/live\/index.php\/2025\/02\/12\/des-predalles-ba-rsoft-et-des-premurs-rsoft-bas-carbone-rector-pour-le-premier-batiment-atteignant-les-seuils-2028-de-la-re2020-en-alsace\/","url_meta":{"origin":47437,"position":3},"title":"Des pr\u00e9dalles BA RSOFT et des pr\u00e9murs RSOFT bas carbone RECTOR pour le premier b\u00e2timent atteignant les seuils 2028 de la RE2020 en Alsace","date":"12 f\u00e9vrier 2025","format":false,"excerpt":"Dans une dent creuse du centre-ville de Mulhouse, le promoteur immobilier Vitruve construit la r\u00e9sidence Simone Veil compos\u00e9e de 13 logements \u00e0 loyer mod\u00e9r\u00e9. Il a voulu faire de ce chantier, r\u00e9pondant \u00e0 la probl\u00e9matique de densification urbaine, un mod\u00e8le d\u2019exemplarit\u00e9 en termes d\u2019\u00e9missions carbone et de performances thermiques. Pour\u2026","rel":"","context":"Dans &quot;Actualit\u00e9 Entreprises&quot;","img":{"alt_text":"","src":"https:\/\/i2.wp.com\/batimedianews.com\/live\/wp-content\/uploads\/2025\/02\/Rector-articles-.jpg?fit=825%2C825&resize=350%2C200","width":350,"height":200},"classes":[]},{"id":20418,"url":"http:\/\/batimedianews.com\/live\/index.php\/2022\/05\/26\/le-parc-du-robec-un-quartier-a-revaloriser\/","url_meta":{"origin":47437,"position":4},"title":"Le Parc du Robec &#8211; Un quartier \u00e0 revaloriser","date":"26 mai 2022","format":false,"excerpt":"Projet de r\u00e9habilitation GROUPE DE LOGEMENTS Parc du robec, 645 LOGEMENTS, DARNETAL Programme de travaux g\u00e9n\u00e9ral \u2002- D\u00e9molition de 20 logements sur l\u2019immeuble \"calicots\" pour ouvrir l\u2019ilot sur la rue Pasteur \u2002- Requalification de 645 logements (14 b\u00e2timents) \u2002- R\u00e9sidentialisation paysag\u00e8re Principaux Travaux en ext\u00e9rieur D\u00e9voiement de r\u00e9seaux : Implique\u2026","rel":"","context":"Dans &quot;Actualit\u00e9 Entreprises&quot;","img":{"alt_text":"","src":"https:\/\/i2.wp.com\/batimedianews.com\/live\/wp-content\/uploads\/2022\/05\/image-419.png?resize=350%2C200","width":350,"height":200},"classes":[]},{"id":47363,"url":"http:\/\/batimedianews.com\/live\/index.php\/2025\/10\/14\/a-caen-linkcity-realise-avec-cdc-habitat-grand-ouest-et-3f-normanvie-un-projet-a-haute-ambition-environnementale-dans-le-quartier-de-la-folie-couvrechef\/","url_meta":{"origin":47437,"position":5},"title":"\u00c0 Caen, Linkcity r\u00e9alise avec CDC Habitat Grand Ouest et 3F Normanvie un projet \u00e0 haute ambition environnementale dans le quartier de la Folie Couvrechef","date":"14 octobre 2025","format":false,"excerpt":"Dans le quartier de La Folie Couvrechef \u00e0 Caen, Linkcity d\u00e9veloppe avec CDC Habitat Grand Ouest et 3F Normanvie un projet immobilier exemplaire qui place le bois au coeur de sa conception. Pens\u00e9 comme un v\u00e9ritable d\u00e9monstrateur, ce programme mixte \u00e0 vocation sociale et locale de 90 logements illustre la\u2026","rel":"","context":"Dans &quot;Actualit\u00e9 Entreprises&quot;","img":{"alt_text":"","src":"https:\/\/i2.wp.com\/batimedianews.com\/live\/wp-content\/uploads\/2025\/10\/Linkcity_cdchabitat.jpg?fit=825%2C825&resize=350%2C200","width":350,"height":200},"classes":[]}],"_links":{"self":[{"href":"http:\/\/batimedianews.com\/live\/index.php\/wp-json\/wp\/v2\/posts\/47437"}],"collection":[{"href":"http:\/\/batimedianews.com\/live\/index.php\/wp-json\/wp\/v2\/posts"}],"about":[{"href":"http:\/\/batimedianews.com\/live\/index.php\/wp-json\/wp\/v2\/types\/post"}],"author":[{"embeddable":true,"href":"http:\/\/batimedianews.com\/live\/index.php\/wp-json\/wp\/v2\/users\/41"}],"replies":[{"embeddable":true,"href":"http:\/\/batimedianews.com\/live\/index.php\/wp-json\/wp\/v2\/comments?post=47437"}],"version-history":[{"count":2,"href":"http:\/\/batimedianews.com\/live\/index.php\/wp-json\/wp\/v2\/posts\/47437\/revisions"}],"predecessor-version":[{"id":47444,"href":"http:\/\/batimedianews.com\/live\/index.php\/wp-json\/wp\/v2\/posts\/47437\/revisions\/47444"}],"wp:featuredmedia":[{"embeddable":true,"href":"http:\/\/batimedianews.com\/live\/index.php\/wp-json\/wp\/v2\/media\/47440"}],"wp:attachment":[{"href":"http:\/\/batimedianews.com\/live\/index.php\/wp-json\/wp\/v2\/media?parent=47437"}],"wp:term":[{"taxonomy":"category","embeddable":true,"href":"http:\/\/batimedianews.com\/live\/index.php\/wp-json\/wp\/v2\/categories?post=47437"},{"taxonomy":"post_tag","embeddable":true,"href":"http:\/\/batimedianews.com\/live\/index.php\/wp-json\/wp\/v2\/tags?post=47437"}],"curies":[{"name":"wp","href":"https:\/\/api.w.org\/{rel}","templated":true}]}}