{"id":47587,"date":"2025-10-28T08:55:02","date_gmt":"2025-10-28T07:55:02","guid":{"rendered":"http:\/\/batimedianews.com\/live\/?p=47587"},"modified":"2025-10-28T08:55:05","modified_gmt":"2025-10-28T07:55:05","slug":"concevoir-des-solutions-innovantes-utiles-et-durables","status":"publish","type":"post","link":"http:\/\/batimedianews.com\/live\/index.php\/2025\/10\/28\/concevoir-des-solutions-innovantes-utiles-et-durables\/","title":{"rendered":"Concevoir des solutions innovantes, utiles et durables"},"content":{"rendered":"\n<div class=\"wp-block-image\"><figure class=\"alignright size-full is-resized\"><img loading=\"lazy\" src=\"https:\/\/i1.wp.com\/batimedianews.com\/live\/wp-content\/uploads\/2025\/10\/image-135.png?resize=120%2C118\" alt=\"\" class=\"wp-image-47588\" width=\"120\" height=\"118\" srcset=\"https:\/\/i1.wp.com\/batimedianews.com\/live\/wp-content\/uploads\/2025\/10\/image-135.png?w=292 292w, https:\/\/i1.wp.com\/batimedianews.com\/live\/wp-content\/uploads\/2025\/10\/image-135.png?resize=768%2C757 768w, https:\/\/i1.wp.com\/batimedianews.com\/live\/wp-content\/uploads\/2025\/10\/image-135.png?resize=10%2C10 10w\" sizes=\"(max-width: 600px) 91vw, (max-width: 900px) 600px, (max-width: 1060px) 50vw, (max-width: 1200px) 520px, (max-width: 1400px) 43vw, 600px\" data-recalc-dims=\"1\" \/><\/figure><\/div>\n\n\n\n<p class=\"has-text-align-justify\"><strong>Fabricant fran\u00e7ais et expert reconnu en \u00e9quipement sanitaire et plomberie, Wirquin groupe familial implant\u00e9 \u00e0 Carquefou pr\u00e8s de Nantes, emploie 860 collaborateurs dans le monde et d\u00e9tient plus de 30 brevets actifs<\/strong>. Chaque produit Wirquin est pens\u00e9 pour offrir un gain de temps, d\u2019espace et de performance, tout en garantissant des installations durables dans les pi\u00e8ces d\u2019eau.&nbsp;<\/p>\n\n\n\n<p class=\"has-text-align-justify\">Les probl\u00e9matiques li\u00e9es au d\u00e9r\u00e8glement climatique et \u00e0 la pr\u00e9servation des ressources sont au coeur des pr\u00e9occupations de Wirquin. L\u2019expert a red\u00e9fini sa strat\u00e9gie pour la rendre plus compl\u00e8te et plus ambitieuse avec un cadre commun d\u2019objectifs en mati\u00e8re de Responsabilit\u00e9 Soci\u00e9tale et Environnementale (RSE). La baseline de la marque <strong>SMART FOR GOOD <\/strong>traduit l\u2019ambition de Wirquin de proposer des \u00e9quipements sanitaires intelligents, durables et accessibles.&nbsp;<\/p>\n\n\n\n<p class=\"has-text-align-justify\">Le fabricant agit concr\u00e8tement pour faire \u00e9voluer ses pratiques industrielles et r\u00e9duire son empreinte \u00e9cologique : transition vers des mati\u00e8res premi\u00e8res majoritairement recycl\u00e9es, optimisation \u00e9nerg\u00e9tique des proc\u00e9d\u00e9s de fabrication, r\u00e9duction des d\u00e9chets et g\u00e9n\u00e9ralisation de la certification Origine France Garantie (OFG). Wirquin est \u00e9galement le premier acteur du secteur plomberie-sanitaire \u00e0 obtenir le label LONGTIME\u00ae pour ses nouveaux m\u00e9canismes de chasse d\u2019eau Flexiflow et MW2.&nbsp;<\/p>\n\n\n\n<p class=\"has-text-align-justify\"><strong>\u00c0 l\u2019occasion du salon ARTIBAT 2025, Wirquin met en lumi\u00e8re cette dynamique \u00e0 travers plusieurs nouveaut\u00e9s :&nbsp;<\/strong><\/p>\n\n\n\n<p>\u2022 <strong>Le nouveau siphon blanc 96 <\/strong>: le tout premier siphon blanc \u00e0 base de mati\u00e8re recycl\u00e9e,&nbsp;<\/p>\n\n\n\n<p><strong>\u2022 Le nouveau b\u00e2ti-support CHRONO+ <\/strong>:&nbsp;plus performant et plus rapide \u00e0 installer,&nbsp;<\/p>\n\n\n\n<p><strong>\u2022 La nouvelle collection Color Touch :&nbsp;<\/strong>allie design, performance et durabilit\u00e9.&nbsp;<\/p>\n\n\n\n<p class=\"has-text-align-justify\">Le stand Wirquin, vitrine de l\u2019innovation et de la d\u00e9marche RSE de la marque,&nbsp;accueillera \u00e9galement un temps fort&nbsp;symbolique : <strong>la c\u00e9l\u00e9bration du 3 millioni\u00e8me&nbsp;siphon Wirquin Neo Air produit iconique&nbsp;et reflet de son succ\u00e8s aupr\u00e8s des&nbsp;professionnels.<\/strong><\/p>\n\n\n\n<figure class=\"wp-block-image size-full\"><img loading=\"lazy\" width=\"646\" height=\"710\" src=\"https:\/\/i1.wp.com\/batimedianews.com\/live\/wp-content\/uploads\/2025\/10\/image-136.png?resize=646%2C710\" alt=\"\" class=\"wp-image-47589\" srcset=\"https:\/\/i1.wp.com\/batimedianews.com\/live\/wp-content\/uploads\/2025\/10\/image-136.png?w=646 646w, https:\/\/i1.wp.com\/batimedianews.com\/live\/wp-content\/uploads\/2025\/10\/image-136.png?resize=768%2C844 768w, https:\/\/i1.wp.com\/batimedianews.com\/live\/wp-content\/uploads\/2025\/10\/image-136.png?resize=10%2C10 10w, https:\/\/i1.wp.com\/batimedianews.com\/live\/wp-content\/uploads\/2025\/10\/image-136.png?resize=432%2C475 432w, https:\/\/i1.wp.com\/batimedianews.com\/live\/wp-content\/uploads\/2025\/10\/image-136.png?resize=396%2C435 396w\" sizes=\"(max-width: 600px) 91vw, (max-width: 900px) 600px, (max-width: 1060px) 50vw, (max-width: 1200px) 520px, (max-width: 1400px) 43vw, 600px\" data-recalc-dims=\"1\" \/><\/figure>\n\n\n\n<h2 class=\"has-text-color\" style=\"color:#ce2c2c\"><strong>R\u00c9DUIRE ET OPTIMISER L\u2019UTILISATION&nbsp;DES RESSOURCES NATURELLES&nbsp;<\/strong><\/h2>\n\n\n\n<h2><strong>POUR LIMITER L\u2019IMPACT ENVIRONNEMENTAL&nbsp;<\/strong><\/h2>\n\n\n\n<p class=\"has-text-align-justify\">Cr\u00e9atives, les \u00e9quipes de Recherche &amp; D\u00e9veloppement Wirquin s\u2019inspirent de la vie quotidienne pour concevoir des produits ing\u00e9nieux, performants et responsables. Ces solutions sont imagin\u00e9es pour am\u00e9liorer l\u2019acc\u00e8s au confort et \u00e0 l\u2019hygi\u00e8ne, gagner de l\u2019espace, minimiser les temps d\u2019installation et de maintenance, mais surtout pour pr\u00e9server les ressources en eau en \u00e9vitant les fuites et en adaptant la consommation.&nbsp;<\/p>\n\n\n\n<p class=\"has-text-align-justify\"><strong>Wirquin intensifie ses efforts pour r\u00e9duire l\u2019impact de son activit\u00e9 sur l\u2019environnement \u00e0 tous les niveaux du cycle de vie du produit : de la mati\u00e8re premi\u00e8re \u00e0 la fin de vie en passant par la fabrication, la logistique, la distribution et l\u2019usage. Le fabricant fait&nbsp;\u00e9voluer durablement ses pratiques industrielles, avec des achats responsables et des choix de fabrication limitant l\u2019impact environnemental. \u00c0 titre d\u2019exemple, l\u2019usine&nbsp;de Carquefou a d\u00e9j\u00e0 amorc\u00e9 une transition&nbsp;vers l\u2019utilisation de mati\u00e8re premi\u00e8re&nbsp;majoritairement recycl\u00e9e, avec un objectif&nbsp;de 46 % sur l\u2019ensemble du site d\u2019ici fin 2026&nbsp;et la certification LNE Environnement.&nbsp;<\/strong><\/p>\n\n\n\n<div class=\"wp-block-image\"><figure class=\"alignright size-full is-resized\"><img loading=\"lazy\" src=\"https:\/\/i2.wp.com\/batimedianews.com\/live\/wp-content\/uploads\/2025\/10\/image-137.png?resize=111%2C115\" alt=\"\" class=\"wp-image-47590\" width=\"111\" height=\"115\" srcset=\"https:\/\/i2.wp.com\/batimedianews.com\/live\/wp-content\/uploads\/2025\/10\/image-137.png?w=218 218w, https:\/\/i2.wp.com\/batimedianews.com\/live\/wp-content\/uploads\/2025\/10\/image-137.png?resize=768%2C796 768w, https:\/\/i2.wp.com\/batimedianews.com\/live\/wp-content\/uploads\/2025\/10\/image-137.png?resize=10%2C10 10w\" sizes=\"(max-width: 600px) 91vw, (max-width: 900px) 600px, (max-width: 1060px) 50vw, (max-width: 1200px) 520px, (max-width: 1400px) 43vw, 600px\" data-recalc-dims=\"1\" \/><\/figure><\/div>\n\n\n\n<p class=\"has-text-color\" style=\"color:#ce2b2b\"><strong>Dans ce cadre, Wirquin&nbsp;s\u2019engage pour la transparence et la tra\u00e7abilit\u00e9 avec le label Origine France Garantie (OFG).&nbsp;<\/strong><\/p>\n\n\n\n<p class=\"has-text-align-justify\">Ce label atteste que plus 50 % des co\u00fbts de fabrication et l\u2019ensemble des caract\u00e9ristiques essentielles des produits sont fran\u00e7ais. 140 r\u00e9f\u00e9rences Wirquin sont d\u00e9j\u00e0 certifi\u00e9es \u00e0 ce jour dont les m\u00e9canismes de chasse, les siphons, les ensembles \u00e9vier et lavabo. Elles offrent aux professionnels et aux utilisateurs la garantie d\u2019une fabrication responsable et d\u2019une qualit\u00e9 optimale, dans le respect des standards fran\u00e7ais.&nbsp;<\/p>\n\n\n\n<p><a href=\"https:\/\/www.originefrancegarantie.f r\/ entreprises\/wirquin-support\">https: \/\/www.originefrancegarantie.f r\/ entreprises\/wirquin-support&nbsp;<\/a><\/p>\n\n\n\n<div class=\"wp-block-image\"><figure class=\"alignright size-full is-resized\"><img loading=\"lazy\" src=\"https:\/\/i0.wp.com\/batimedianews.com\/live\/wp-content\/uploads\/2025\/10\/image-138.png?resize=99%2C170\" alt=\"\" class=\"wp-image-47592\" width=\"99\" height=\"170\" srcset=\"https:\/\/i0.wp.com\/batimedianews.com\/live\/wp-content\/uploads\/2025\/10\/image-138.png?w=270 270w, https:\/\/i0.wp.com\/batimedianews.com\/live\/wp-content\/uploads\/2025\/10\/image-138.png?resize=768%2C1319 768w\" sizes=\"(max-width: 600px) 91vw, (max-width: 900px) 600px, (max-width: 1060px) 50vw, (max-width: 1200px) 520px, (max-width: 1400px) 43vw, 600px\" data-recalc-dims=\"1\" \/><\/figure><\/div>\n\n\n\n<p class=\"has-text-align-justify\">Au-del\u00e0 de la fabrication locale,&nbsp;Wirquin renforce sa d\u00e9marche RSE avec <strong>l\u2019obtention du label LONGTIME\u00ae, <\/strong>premier label europ\u00e9en ind\u00e9pendant permettant de reconna\u00eetre les produits con\u00e7us pour durer. Wirquin est le premier acteur du secteur plomberie-sanitaire \u00e0 obtenir cette distinction pour ses m\u00e9canismes de chasse d\u2019eau Flexiflow et MW2.&nbsp;<\/p>\n\n\n\n<p class=\"has-text-align-justify\">Reconnue pour sa rigueur et ses crit\u00e8res stricts, cette certification \u00e9value la durabilit\u00e9, la r\u00e9parabilit\u00e9 et l\u2019impact environnemental des produits. Elle garantit aux utilisateurs des \u00e9quipements robustes, fiables et facilement r\u00e9parables, avec des pi\u00e8ces d\u00e9tach\u00e9es disponibles pendant plus de 15 ans.&nbsp;<\/p>\n\n\n\n<p>Attestation de conformit\u00e9 \/ certificat n\u00b0964813-17345964813-17345<\/p>\n\n\n\n<h2><strong>WIRQUIN C\u00c9L\u00c8BRE LA PRODUCTION&nbsp;DE SON 3 MILLIONI\u00c8ME SIPHON WIRQUIN NEO AIR SUR ARTIBAT !&nbsp;<\/strong><\/h2>\n\n\n\n<div class=\"wp-block-media-text alignwide has-media-on-the-right is-stacked-on-mobile\" style=\"grid-template-columns:auto 29%\"><figure class=\"wp-block-media-text__media\"><img loading=\"lazy\" width=\"588\" height=\"702\" src=\"https:\/\/i1.wp.com\/batimedianews.com\/live\/wp-content\/uploads\/2025\/10\/image-139.png?resize=588%2C702\" alt=\"\" class=\"wp-image-47593 size-full\" srcset=\"https:\/\/i1.wp.com\/batimedianews.com\/live\/wp-content\/uploads\/2025\/10\/image-139.png?w=588 588w, https:\/\/i1.wp.com\/batimedianews.com\/live\/wp-content\/uploads\/2025\/10\/image-139.png?resize=768%2C916 768w, https:\/\/i1.wp.com\/batimedianews.com\/live\/wp-content\/uploads\/2025\/10\/image-139.png?resize=432%2C516 432w, https:\/\/i1.wp.com\/batimedianews.com\/live\/wp-content\/uploads\/2025\/10\/image-139.png?resize=396%2C473 396w\" sizes=\"(max-width: 600px) 91vw, (max-width: 900px) 600px, (max-width: 1060px) 50vw, (max-width: 1200px) 520px, (max-width: 1400px) 43vw, 600px\" data-recalc-dims=\"1\" \/><\/figure><div class=\"wp-block-media-text__content\">\n<p class=\"has-text-align-justify\"><strong>En 2025, Wirquin c\u00e9l\u00e8bre la production de son 3 millioni\u00e8me siphon Wirquin Neo Air : produit embl\u00e9matique devenu au fil des ann\u00e9es une r\u00e9f\u00e9rence incontournable dans l\u2019univers sanitaire. <\/strong>Pour c\u00e9l\u00e9brer cette production record, le fabricant a imagin\u00e9 une op\u00e9ration nationale d\u00e9ploy\u00e9e tout au long de l\u2019ann\u00e9e 2025 afin de f\u00e9d\u00e9rer les distributeurs et les artisans&nbsp; autour de ce produit, symbole de son savoir-faire industriel, de sa capacit\u00e9 d\u2019innovation, de sa conception et de sa fabrication fran\u00e7aise.&nbsp;<\/p>\n\n\n\n<p class=\"has-text-align-justify\">Une op\u00e9ration commerciale sp\u00e9ciale \u00ab 3 millions Wirquin Neo Air \u00bb a permis aux enseignes distributrices de d\u00e9velopper les ventes de produits Wirquin \u00e0 travers <strong>une th\u00e9\u00e2tralisation dans les espaces de vente : <\/strong><strong>support cross, box d\u00e9vidoir, siphon gonflable, affiches, stop rayon et jeu concours.&nbsp;<\/strong><\/p>\n<\/div><\/div>\n\n\n\n<div class=\"wp-block-media-text alignwide has-media-on-the-right is-stacked-on-mobile\" style=\"grid-template-columns:auto 31%\"><figure class=\"wp-block-media-text__media\"><img loading=\"lazy\" width=\"588\" height=\"720\" src=\"https:\/\/i2.wp.com\/batimedianews.com\/live\/wp-content\/uploads\/2025\/10\/image-140.png?resize=588%2C720\" alt=\"\" class=\"wp-image-47594 size-full\" srcset=\"https:\/\/i2.wp.com\/batimedianews.com\/live\/wp-content\/uploads\/2025\/10\/image-140.png?w=588 588w, https:\/\/i2.wp.com\/batimedianews.com\/live\/wp-content\/uploads\/2025\/10\/image-140.png?resize=768%2C940 768w, https:\/\/i2.wp.com\/batimedianews.com\/live\/wp-content\/uploads\/2025\/10\/image-140.png?resize=432%2C529 432w, https:\/\/i2.wp.com\/batimedianews.com\/live\/wp-content\/uploads\/2025\/10\/image-140.png?resize=396%2C485 396w\" sizes=\"(max-width: 600px) 91vw, (max-width: 900px) 600px, (max-width: 1060px) 50vw, (max-width: 1200px) 520px, (max-width: 1400px) 43vw, 600px\" data-recalc-dims=\"1\" \/><\/figure><div class=\"wp-block-media-text__content\">\n<p class=\"has-text-align-justify has-normal-font-size\">V\u00e9ritable temps fort de l\u2019op\u00e9ration, Wirquin proposera sur son stand ARTIBAT, d\u00e9cor\u00e9 aux couleurs de l\u2019op\u00e9ration, une animation ludique : <strong>la bo\u00eete myst\u00e8re. Les visiteurs pourront participer \u00e0 un jeu interactif qui consiste \u00e0 retrouver o\u00f9 se cache le siphon Wirquin Neo Air.&nbsp;<\/strong><\/p>\n\n\n\n<div class=\"wp-block-media-text alignwide is-stacked-on-mobile\" style=\"grid-template-columns:80% auto\"><figure class=\"wp-block-media-text__media\"><img loading=\"lazy\" width=\"270\" height=\"358\" src=\"https:\/\/i1.wp.com\/batimedianews.com\/live\/wp-content\/uploads\/2025\/10\/image-141.png?resize=270%2C358\" alt=\"\" class=\"wp-image-47595 size-full\" srcset=\"https:\/\/i1.wp.com\/batimedianews.com\/live\/wp-content\/uploads\/2025\/10\/image-141.png?w=270 270w, https:\/\/i1.wp.com\/batimedianews.com\/live\/wp-content\/uploads\/2025\/10\/image-141.png?resize=768%2C1018 768w\" sizes=\"(max-width: 600px) 91vw, (max-width: 900px) 600px, (max-width: 1060px) 50vw, (max-width: 1200px) 520px, (max-width: 1400px) 43vw, 600px\" data-recalc-dims=\"1\" \/><\/figure><div class=\"wp-block-media-text__content\">\n<p class=\"has-text-align-justify has-normal-font-size\">Parall\u00e8lement, <strong>un jeu concours national a \u00e9t\u00e9 lanc\u00e9 aupr\u00e8s des artisans. <\/strong>Ce jeu, relay\u00e9 par la communaut\u00e9 Wirquin sur les r\u00e9seaux sociaux, sera cl\u00f4tur\u00e9 le 17 octobre et <strong>un tirage au sort en direct sur instagram aura lieu le 23 octobre sur ARTIBAT. <\/strong>Les 3 gagnants remporteront un iPad Air 11 pouces pour le premier, un appareil Sodastream et ses sirops pour le deuxi\u00e8me, et un bapt\u00eame de l\u2019air pour le troisi\u00e8me.&nbsp;<\/p>\n<\/div><\/div>\n<\/div><\/div>\n\n\n\n<p class=\"has-text-color has-medium-font-size\" style=\"color:#c22828\"><strong>Wirquin Neo Air&nbsp;<\/strong><\/p>\n\n\n\n<p class=\"has-medium-font-size\"><strong>Un siphon qui ne manque pas d\u2019air !&nbsp;<\/strong><\/p>\n\n\n\n<p class=\"has-text-align-justify\">Garanti z\u00e9ro fuite gr\u00e2ce \u00e0 ses joints bi-inject\u00e9s, Wirquin Neo Air est un siphon fiable, rapide et facile \u00e0 installer. <strong>Sa fonction AIR SYSTEM innovante et brevet\u00e9e permet la ventilation des canalisations, emp\u00eache l\u2019aspiration de la garde d\u2019eau et supprime les bruits et les remont\u00e9es de mauvaises odeurs provenant des canalisations.&nbsp;<\/strong><\/p>\n\n\n\n<p class=\"has-text-align-justify\">Le siphon Neo Air incarne l\u2019ADN de Wirquin : ing\u00e9niosit\u00e9, performance et durabilit\u00e9. Dot\u00e9 d\u2019un syst\u00e8me innovant de membrane anti-odeur sans garde d\u2019eau, il \u00e9vite les remont\u00e9es d\u2019odeurs m\u00eame en cas de d\u00e9pression, tout en facilitant l\u2019installation et la maintenance. Ce produit ultra-fiable simplifie le quotidien des professionnels comme des particuliers.&nbsp;<\/p>\n\n\n\n<h2 class=\"has-text-color\" style=\"color:#c22929\"><strong>NOUVEAU SIPHON BLANC 96 WIRQUIN&nbsp;<\/strong><\/h2>\n\n\n\n<h2><strong>LE TOUT PREMIER SIPHON BLANC&nbsp;\u00c0 BASE DE MATI\u00c8RE RECYCL\u00c9E<\/strong><\/h2>\n\n\n\n<div class=\"wp-block-media-text alignwide has-media-on-the-right is-stacked-on-mobile\" style=\"grid-template-columns:auto 38%\"><figure class=\"wp-block-media-text__media\"><img loading=\"lazy\" width=\"570\" height=\"924\" src=\"https:\/\/i2.wp.com\/batimedianews.com\/live\/wp-content\/uploads\/2025\/10\/image-142.png?resize=570%2C924\" alt=\"\" class=\"wp-image-47596 size-full\" srcset=\"https:\/\/i2.wp.com\/batimedianews.com\/live\/wp-content\/uploads\/2025\/10\/image-142.png?w=570 570w, https:\/\/i2.wp.com\/batimedianews.com\/live\/wp-content\/uploads\/2025\/10\/image-142.png?resize=768%2C1244 768w, https:\/\/i2.wp.com\/batimedianews.com\/live\/wp-content\/uploads\/2025\/10\/image-142.png?resize=432%2C700 432w, https:\/\/i2.wp.com\/batimedianews.com\/live\/wp-content\/uploads\/2025\/10\/image-142.png?resize=396%2C642 396w\" sizes=\"(max-width: 600px) 91vw, (max-width: 900px) 600px, (max-width: 1060px) 50vw, (max-width: 1200px) 520px, (max-width: 1400px) 43vw, 600px\" data-recalc-dims=\"1\" \/><\/figure><div class=\"wp-block-media-text__content\">\n<p class=\"has-text-align-justify\">Dans l\u2019univers du sanitaire, les professionnels comme les particuliers pl\u00e9biscitent historiquement des produits blancs, en coh\u00e9rence avec les usages et standards des salles de bains. Or, la g\u00e9n\u00e9ralisation des mat\u00e9riaux recycl\u00e9s dans la fabrication des&nbsp;siphons a, jusqu\u2019ici, conduit la plupart des acteurs du march\u00e9 \u00e0 proposer des produits aux teintes brutes ou fonc\u00e9es, rompant avec ces codes visuels.&nbsp;<\/p>\n\n\n\n<p class=\"has-text-align-justify\"><strong>Wirquin r\u00e9ussit le pari de concilier \u00e9co-conception et esth\u00e9tisme en lan\u00e7ant le nouveau siphon blanc 96, certifi\u00e9 Origine France Garantie, qui pr\u00e9serve les standards attendus par les installateurs et les consommateurs.&nbsp;<\/strong><\/p>\n<\/div><\/div>\n\n\n\n<p class=\"has-text-color has-medium-font-size\" style=\"color:#cb2a2a\"><strong>Innovation fran\u00e7aise&nbsp;et engagement environnemental&nbsp;<\/strong><\/p>\n\n\n\n<p class=\"has-text-align-justify has-text-color\" style=\"color:#cb2c2c\"><strong>Fabriqu\u00e9 dans l\u2019usine de Carquefou (44), le nouveau siphon blanc 96 Wirquin est le fruit d\u2019un travail de recherche et de s\u00e9lection des mat\u00e9riaux permettant d\u2019int\u00e9grer un maximum de mati\u00e8re recycl\u00e9e tout en conservant la teinte blanche des produits traditionnels.&nbsp;<\/strong><\/p>\n\n\n\n<div class=\"wp-block-image\"><figure class=\"alignleft size-full is-resized\"><img loading=\"lazy\" src=\"https:\/\/i2.wp.com\/batimedianews.com\/live\/wp-content\/uploads\/2025\/10\/image-143.png?resize=120%2C122\" alt=\"\" class=\"wp-image-47597\" width=\"120\" height=\"122\" srcset=\"https:\/\/i2.wp.com\/batimedianews.com\/live\/wp-content\/uploads\/2025\/10\/image-143.png?w=214 214w, https:\/\/i2.wp.com\/batimedianews.com\/live\/wp-content\/uploads\/2025\/10\/image-143.png?resize=768%2C782 768w, https:\/\/i2.wp.com\/batimedianews.com\/live\/wp-content\/uploads\/2025\/10\/image-143.png?resize=10%2C10 10w\" sizes=\"(max-width: 600px) 91vw, (max-width: 900px) 600px, (max-width: 1060px) 50vw, (max-width: 1200px) 520px, (max-width: 1400px) 43vw, 600px\" data-recalc-dims=\"1\" \/><\/figure><\/div>\n\n\n\n<p class=\"has-text-align-justify\" style=\"font-size:18px\">Certifi\u00e9e NF et labellis\u00e9e Origine France Garantie, cette innovation qui allie design, pr\u00e9servation des ressources et qualit\u00e9 incarne l\u2019engagement environnemental fort de Wirquin et sa signature \u00ab Smart For Good \u00bb.&nbsp;<\/p>\n\n\n\n<p class=\"has-text-align-justify\"><strong>Belle avanc\u00e9e sur le march\u00e9 du sanitaire, il atteint un taux de 96 % de mati\u00e8re recycl\u00e9e, sup\u00e9rieur aux standards actuels. <\/strong>Seuls les joints (4 %) ne peuvent, \u00e0 ce jour, \u00eatre fabriqu\u00e9s avec de la mati\u00e8re recycl\u00e9e. Contrairement aux siphons \u00e0 base de mati\u00e8re recycl\u00e9e aux teintes brutes ou fonc\u00e9es, Wirquin a con\u00e7u un siphon \u00e0 base de mati\u00e8re recycl\u00e9e de couleur blanche, fid\u00e8le aux codes esth\u00e9tiques des sanitaires et aux attentes des consommateurs et des installateurs, sans compromis sur la qualit\u00e9 (certifi\u00e9 NF).&nbsp;<\/p>\n\n\n\n<h2 class=\"has-text-color\" style=\"color:#c72a2a\"><strong>NOUVEAU SIPHON BLANC 96 WIRQUIN&nbsp;<\/strong><\/h2>\n\n\n\n<h2><strong>LE TOUT PREMIER SIPHON BLANC&nbsp;\u00c0 BASE DE MATI\u00c8RE RECYCL\u00c9E<\/strong><\/h2>\n\n\n\n<p class=\"has-text-color\" style=\"color:#ce2b2b;font-size:18px\"><strong>Un emballage pens\u00e9 jusqu\u2019au bout\u2026&nbsp;<\/strong><\/p>\n\n\n\n<p class=\"has-text-color\" style=\"color:#ce2b2b;font-size:18px\"><strong>et test\u00e9 pour son impact environnemental&nbsp;<\/strong><\/p>\n\n\n\n<div class=\"wp-block-media-text alignwide has-media-on-the-right is-stacked-on-mobile\" style=\"grid-template-columns:auto 31%\"><figure class=\"wp-block-media-text__media\"><img loading=\"lazy\" width=\"464\" height=\"584\" src=\"https:\/\/i0.wp.com\/batimedianews.com\/live\/wp-content\/uploads\/2025\/10\/image-144.png?resize=464%2C584\" alt=\"\" class=\"wp-image-47598 size-full\" srcset=\"https:\/\/i0.wp.com\/batimedianews.com\/live\/wp-content\/uploads\/2025\/10\/image-144.png?w=464 464w, https:\/\/i0.wp.com\/batimedianews.com\/live\/wp-content\/uploads\/2025\/10\/image-144.png?resize=768%2C966 768w, https:\/\/i0.wp.com\/batimedianews.com\/live\/wp-content\/uploads\/2025\/10\/image-144.png?resize=432%2C544 432w, https:\/\/i0.wp.com\/batimedianews.com\/live\/wp-content\/uploads\/2025\/10\/image-144.png?resize=396%2C498 396w\" sizes=\"(max-width: 600px) 91vw, (max-width: 900px) 600px, (max-width: 1060px) 50vw, (max-width: 1200px) 520px, (max-width: 1400px) 43vw, 600px\" data-recalc-dims=\"1\" \/><\/figure><div class=\"wp-block-media-text__content\">\n<p class=\"has-text-align-justify has-normal-font-size\">Certains pourraient s\u2019\u00e9tonner du choix d\u2019un emballage plastique pour un produit aussi engag\u00e9. Pourtant, chez Wirquin, aucune d\u00e9cision n\u2019est prise \u00e0 la l\u00e9g\u00e8re. Une analyse compl\u00e8te du cycle de vie a \u00e9t\u00e9 men\u00e9e pour comparer diff\u00e9rentes solutions d\u2019emballage, notamment le carton. Les r\u00e9sultats sont sans appel : le sac 100% recyclable compos\u00e9 \u00e0 70% de mati\u00e8re recycl\u00e9e PCR (post consommation*) utilis\u00e9 affiche un bilan carbone global inf\u00e9rieur \u00e0 celui de l\u2019alternative carton, notamment en raison de sa l\u00e9g\u00e8ret\u00e9, de son volume r\u00e9duit au transport et de sa recyclabilit\u00e9 dans la fili\u00e8re souple. Cette solution s\u2019est donc impos\u00e9e comme la plus \u00ab \u00e9co-friendly \u00bb \u00e0 ce jour.&nbsp;<\/p>\n<\/div><\/div>\n\n\n\n<p class=\"has-text-align-justify\">Conscients que l\u2019innovation responsable est un chemin continu, les \u00e9quipes R&amp;D et packaging poursuivent activement leurs recherches afin de faire \u00e9voluer encore cette solution vers le mod\u00e8le d\u2019emballage le plus durable possible.&nbsp;<\/p>\n\n\n\n<p class=\"has-small-font-size\">*mat\u00e9riaux collect\u00e9s, tri\u00e9s, puis recycl\u00e9s \u00e0 partir de produits qui ont d\u00e9j\u00e0 \u00e9t\u00e9 utilis\u00e9s.&nbsp;<\/p>\n\n\n\n<p class=\"has-text-color\" style=\"color:#c62828;font-size:18px\"><strong>Un engagement fort : la durabilit\u00e9 au prix juste&nbsp;<\/strong><\/p>\n\n\n\n<p class=\"has-text-align-justify\">L\u2019un des freins majeurs \u00e0 la consommation de produits \u00e9coresponsables reste leur prix. <strong>Conscients de cette r\u00e9alit\u00e9 terrain, Wirquin a fait le choix strat\u00e9gique de ne pas appliquer&nbsp;de hausse tarifaire sur ce nouveau siphon blanc 96% recycl\u00e9, malgr\u00e9 un co\u00fbt de fabrication et de mati\u00e8re premi\u00e8re plus \u00e9lev\u00e9 que pour sa version standard.&nbsp;<\/strong><\/p>\n\n\n\n<p class=\"has-text-align-justify\">Cette d\u00e9cision s\u2019explique par la nature m\u00eame du produit : le siphon est une pi\u00e8ce de commodit\u00e9, essentielle, standardis\u00e9e et \u00e0 forte rotation. Il \u00e9tait donc fondamental pour Wirquin que cette premi\u00e8re r\u00e9f\u00e9rence soit accessible \u00e0 tous, sans compromis pour l\u2019utilisateur ni pour les clients distributeurs&#8230; <em>\u00ab Cette innovation s\u2019inscrit pleinement dans notre d\u00e9marche \u00ab Smart For Good \u00bb, qui vise \u00e0 conjuguer innovation, accessibilit\u00e9 et r\u00e9duction de notre empreinte carbone. \u00bb <\/em>explique C\u00e9line BOYER, Directrice Commerciale et Marketing.&nbsp;<\/p>\n\n\n\n<div class=\"wp-block-media-text alignwide has-media-on-the-right is-stacked-on-mobile\" style=\"grid-template-columns:auto 15%\"><figure class=\"wp-block-media-text__media\"><img loading=\"lazy\" width=\"334\" height=\"420\" src=\"https:\/\/i0.wp.com\/batimedianews.com\/live\/wp-content\/uploads\/2025\/10\/image-145.png?resize=334%2C420\" alt=\"\" class=\"wp-image-47599 size-full\" srcset=\"https:\/\/i0.wp.com\/batimedianews.com\/live\/wp-content\/uploads\/2025\/10\/image-145.png?w=334 334w, https:\/\/i0.wp.com\/batimedianews.com\/live\/wp-content\/uploads\/2025\/10\/image-145.png?resize=768%2C965 768w\" sizes=\"(max-width: 600px) 91vw, (max-width: 900px) 600px, (max-width: 1060px) 50vw, (max-width: 1200px) 520px, (max-width: 1400px) 43vw, 600px\" data-recalc-dims=\"1\" \/><\/figure><div class=\"wp-block-media-text__content\">\n<h2 class=\"has-text-color\" style=\"color:#cb2a2a\"><strong>NOUVEAUT\u00c9S COLOR TOUCH&nbsp;<\/strong><\/h2>\n\n\n\n<h2><strong>LA TOUCHE FINALE QUI CHANGE&nbsp;<\/strong> <strong>TOUT DANS LA SALLE DE BAINS&nbsp;<\/strong><\/h2>\n<\/div><\/div>\n\n\n\n<div class=\"wp-block-media-text alignwide has-media-on-the-right is-stacked-on-mobile\" style=\"grid-template-columns:auto 37%\"><figure class=\"wp-block-media-text__media\"><img loading=\"lazy\" width=\"720\" height=\"678\" src=\"https:\/\/i2.wp.com\/batimedianews.com\/live\/wp-content\/uploads\/2025\/10\/image-146.png?resize=720%2C678\" alt=\"\" class=\"wp-image-47600 size-full\" srcset=\"https:\/\/i2.wp.com\/batimedianews.com\/live\/wp-content\/uploads\/2025\/10\/image-146.png?w=782 782w, https:\/\/i2.wp.com\/batimedianews.com\/live\/wp-content\/uploads\/2025\/10\/image-146.png?resize=768%2C722 768w, https:\/\/i2.wp.com\/batimedianews.com\/live\/wp-content\/uploads\/2025\/10\/image-146.png?resize=10%2C10 10w, https:\/\/i2.wp.com\/batimedianews.com\/live\/wp-content\/uploads\/2025\/10\/image-146.png?resize=432%2C407 432w, https:\/\/i2.wp.com\/batimedianews.com\/live\/wp-content\/uploads\/2025\/10\/image-146.png?resize=396%2C373 396w, https:\/\/i2.wp.com\/batimedianews.com\/live\/wp-content\/uploads\/2025\/10\/image-146.png?resize=660%2C621 660w\" sizes=\"(max-width: 600px) 91vw, (max-width: 900px) 600px, (max-width: 1060px) 50vw, (max-width: 1200px) 520px, (max-width: 1400px) 43vw, 600px\" data-recalc-dims=\"1\" \/><\/figure><div class=\"wp-block-media-text__content\">\n<p class=\"has-text-align-justify has-normal-font-size\">On passe du temps \u00e0 imaginer une salle de bains qui nous ressemble, \u00e0 choisir les bonnes mati\u00e8res, les bonnes teintes, celles qui cr\u00e9ent un vrai sentiment de bien-\u00eatre. Alors pourquoi s\u2019arr\u00eater en chemin ? <strong>Avec sa nouvelle collection Color Touch, Wirquin propose d\u2019aller jusqu\u2019au bout de la d\u00e9coration en donnant enfin une vraie place aux \u00e9l\u00e9ments techniques comme les bondes ou les siphons. Ils deviennent ici des \u00e9l\u00e9ments visibles, esth\u00e9tiques et parfaitement coordonn\u00e9s, sans jamais faire l\u2019impasse sur la qualit\u00e9. Finitions haut de gamme, coloris tendance (noir, blanc et dor\u00e9), rev\u00eatement ultra-r\u00e9sistant, innovations pens\u00e9es pour durer&#8230; Wirquin prouve qu\u2019on peut allier design et exigence technique, jusque dans les moindres recoins de la salle de bains.&nbsp;<\/strong><\/p>\n<\/div><\/div>\n\n\n\n<p class=\"has-text-color\" style=\"color:#c62828;font-size:18px\"><strong>Trois teintes ultra-tendance pour sublimer la salle de bains&nbsp;<\/strong><\/p>\n\n\n\n<p class=\"has-text-align-justify\">Parce que la salle de bains s\u2019impose comme une pi\u00e8ce de vie \u00e0 part enti\u00e8re, les finitions techniques m\u00e9ritent elles aussi leur touche d\u00e9co. Avec Color Touch, Wirquin fait entrer le vidage&nbsp; sanitaire dans l\u2019univers du design d\u2019int\u00e9rieur, en d\u00e9clinant ses produits dans trois teintes actuelles soigneusement s\u00e9lectionn\u00e9es pour sublimer tous les styles d\u2019ambiance :&nbsp;<\/p>\n\n\n\n<div class=\"wp-block-media-text alignwide is-stacked-on-mobile\" style=\"grid-template-columns:15% auto\"><figure class=\"wp-block-media-text__media\"><img loading=\"lazy\" width=\"130\" height=\"388\" src=\"https:\/\/i1.wp.com\/batimedianews.com\/live\/wp-content\/uploads\/2025\/10\/image-147.png?resize=130%2C388\" alt=\"\" class=\"wp-image-47601 size-full\" srcset=\"https:\/\/i1.wp.com\/batimedianews.com\/live\/wp-content\/uploads\/2025\/10\/image-147.png?w=130 130w, https:\/\/i1.wp.com\/batimedianews.com\/live\/wp-content\/uploads\/2025\/10\/image-147.png?resize=768%2C2292 768w\" sizes=\"(max-width: 600px) 91vw, (max-width: 900px) 600px, (max-width: 1060px) 50vw, (max-width: 1200px) 520px, (max-width: 1400px) 43vw, 600px\" data-recalc-dims=\"1\" \/><\/figure><div class=\"wp-block-media-text__content\">\n<p class=\"has-medium-font-size\"><strong>Noir mat<\/strong>, intense et graphique, parfait pour une salle de bains contemporaine au caract\u00e8re affirm\u00e9.&nbsp;<\/p>\n\n\n\n<p class=\"has-medium-font-size\"><strong>Dor\u00e9 bross\u00e9, <\/strong>chic et lumineux, pour une atmosph\u00e8re sophistiqu\u00e9e.&nbsp;<\/p>\n\n\n\n<p class=\"has-medium-font-size\"><strong>Blanc pur, <\/strong>sobre et \u00e9pur\u00e9, id\u00e9al dans un esprit minimaliste ou scandinave.&nbsp;<\/p>\n<\/div><\/div>\n\n\n\n<p class=\"has-text-align-justify\">Ces finitions s\u2019inscrivent dans la tendance des mix de mat\u00e9riaux et de contrastes chromatiques, tr\u00e8s pris\u00e9s ces derni\u00e8res ann\u00e9es. Elles permettent une harmonisation subtile avec la robinetterie, les accessoires ou le mobilier.&nbsp;<\/p>\n\n\n\n<p class=\"has-text-align-justify\">C\u00f4t\u00e9 durabilit\u00e9, les finitions dor\u00e9es b\u00e9n\u00e9ficient d\u2019un traitement PVD (Physical Vapor Deposition).&nbsp;<\/p>\n\n\n\n<p class=\"has-text-align-justify\">Ce proc\u00e9d\u00e9 haut de gamme prot\u00e8ge contre les rayures, la corrosion et l\u2019usure, tout en garantissant une excellente tenue face aux produits de nettoyage.&nbsp;<\/p>\n\n\n\n<p class=\"has-text-color\" style=\"color:#c72a2a;font-size:18px\"><strong>Des produits design\u2026 et ultra-techniques&nbsp;<\/strong><\/p>\n\n\n\n<p class=\"has-text-align-justify\">Derri\u00e8re l\u2019\u00e9l\u00e9gance des finitions Color Touch Wirquin se cachent des innovations techniques qui rendent la salle de bains aussi pratique que design, pour les installateurs comme pour les utilisateurs.&nbsp;<\/p>\n\n\n\n<div class=\"wp-block-media-text alignwide is-stacked-on-mobile\" style=\"grid-template-columns:21% auto\"><figure class=\"wp-block-media-text__media\"><img loading=\"lazy\" width=\"452\" height=\"352\" src=\"https:\/\/i1.wp.com\/batimedianews.com\/live\/wp-content\/uploads\/2025\/10\/image-148.png?resize=452%2C352\" alt=\"\" class=\"wp-image-47602 size-full\" srcset=\"https:\/\/i1.wp.com\/batimedianews.com\/live\/wp-content\/uploads\/2025\/10\/image-148.png?w=452 452w, https:\/\/i1.wp.com\/batimedianews.com\/live\/wp-content\/uploads\/2025\/10\/image-148.png?resize=768%2C598 768w, https:\/\/i1.wp.com\/batimedianews.com\/live\/wp-content\/uploads\/2025\/10\/image-148.png?resize=432%2C336 432w, https:\/\/i1.wp.com\/batimedianews.com\/live\/wp-content\/uploads\/2025\/10\/image-148.png?resize=396%2C308 396w\" sizes=\"(max-width: 600px) 91vw, (max-width: 900px) 600px, (max-width: 1060px) 50vw, (max-width: 1200px) 520px, (max-width: 1400px) 43vw, 600px\" data-recalc-dims=\"1\" \/><\/figure><div class=\"wp-block-media-text__content\">\n<p><strong>SLIM+ &#8211; La bonde de douche extraplate&nbsp;<\/strong><\/p>\n\n\n\n<p class=\"has-text-align-justify\">Id\u00e9ale pour les receveurs extraplats, SLIM+ Wirquin se distingue par sa cartouche \u00e0 membrane silicone qui remplace la garde d\u2019eau : fini les mauvaises odeurs, les d\u00e9siphonnages et les fuites. Facile \u00e0 nettoyer, elle offre un d\u00e9bit sup\u00e9rieur aux normes et se d\u00e9cline d\u00e9sormais avec un d\u00f4me esth\u00e9tique dans les teintes de la collection.&nbsp;<\/p>\n<\/div><\/div>\n\n\n\n<div class=\"wp-block-media-text alignwide is-stacked-on-mobile\" style=\"grid-template-columns:21% auto\"><figure class=\"wp-block-media-text__media\"><img loading=\"lazy\" width=\"452\" height=\"398\" src=\"https:\/\/i1.wp.com\/batimedianews.com\/live\/wp-content\/uploads\/2025\/10\/image-149.png?resize=452%2C398\" alt=\"\" class=\"wp-image-47603 size-full\" srcset=\"https:\/\/i1.wp.com\/batimedianews.com\/live\/wp-content\/uploads\/2025\/10\/image-149.png?w=452 452w, https:\/\/i1.wp.com\/batimedianews.com\/live\/wp-content\/uploads\/2025\/10\/image-149.png?resize=768%2C676 768w, https:\/\/i1.wp.com\/batimedianews.com\/live\/wp-content\/uploads\/2025\/10\/image-149.png?resize=10%2C10 10w, https:\/\/i1.wp.com\/batimedianews.com\/live\/wp-content\/uploads\/2025\/10\/image-149.png?resize=432%2C380 432w, https:\/\/i1.wp.com\/batimedianews.com\/live\/wp-content\/uploads\/2025\/10\/image-149.png?resize=396%2C349 396w\" sizes=\"(max-width: 600px) 91vw, (max-width: 900px) 600px, (max-width: 1060px) 50vw, (max-width: 1200px) 520px, (max-width: 1400px) 43vw, 600px\" data-recalc-dims=\"1\" \/><\/figure><div class=\"wp-block-media-text__content\">\n<p><strong>NANO 6.7 &#8211; L\u2019ensemble bonde + siphon ultra-compact&nbsp;<\/strong><\/p>\n\n\n\n<p class=\"has-text-align-justify\">Avec seulement 67 mm sous vasque, NANO 6.7 Wirquin est le plus compact du march\u00e9. Il est dot\u00e9 de la Smart Membrane Technologie et d\u2019un \u00e9crou 1\/4 de tour avec joint surmoul\u00e9 pour une installation rapide et sans aucun risque de fuite. Son clapet design en laiton est \u00e0 retrouver en blanc, noir ou dor\u00e9.&nbsp;<\/p>\n<\/div><\/div>\n\n\n\n<div class=\"wp-block-media-text alignwide is-stacked-on-mobile\" style=\"grid-template-columns:20% auto\"><figure class=\"wp-block-media-text__media\"><img loading=\"lazy\" width=\"452\" height=\"340\" src=\"https:\/\/i0.wp.com\/batimedianews.com\/live\/wp-content\/uploads\/2025\/10\/image-150.png?resize=452%2C340\" alt=\"\" class=\"wp-image-47604 size-full\" srcset=\"https:\/\/i0.wp.com\/batimedianews.com\/live\/wp-content\/uploads\/2025\/10\/image-150.png?w=452 452w, https:\/\/i0.wp.com\/batimedianews.com\/live\/wp-content\/uploads\/2025\/10\/image-150.png?resize=768%2C577 768w, https:\/\/i0.wp.com\/batimedianews.com\/live\/wp-content\/uploads\/2025\/10\/image-150.png?resize=432%2C325 432w, https:\/\/i0.wp.com\/batimedianews.com\/live\/wp-content\/uploads\/2025\/10\/image-150.png?resize=396%2C298 396w\" sizes=\"(max-width: 600px) 91vw, (max-width: 900px) 600px, (max-width: 1060px) 50vw, (max-width: 1200px) 520px, (max-width: 1400px) 43vw, 600px\" data-recalc-dims=\"1\" \/><\/figure><div class=\"wp-block-media-text__content\">\n<p><strong>Bonde universelle de lavabo en laiton&nbsp;<\/strong><\/p>\n\n\n\n<p class=\"has-text-align-justify\">Compatible avec tous les types de vasques &#8211; encastr\u00e9es, pos\u00e9es sur plan ou lavabos avec ou sans trop-plein &#8211; cette nouvelle bonde en laiton Color Touch assure une parfaite \u00e9tanch\u00e9it\u00e9 gr\u00e2ce \u00e0 son corps de bonde 100 % \u00e9tanche.&nbsp;<\/p>\n<\/div><\/div>\n\n\n\n<div class=\"wp-block-media-text alignwide is-stacked-on-mobile\" style=\"grid-template-columns:20% auto\"><figure class=\"wp-block-media-text__media\"><img loading=\"lazy\" width=\"452\" height=\"424\" src=\"https:\/\/i2.wp.com\/batimedianews.com\/live\/wp-content\/uploads\/2025\/10\/image-151.png?resize=452%2C424\" alt=\"\" class=\"wp-image-47605 size-full\" srcset=\"https:\/\/i2.wp.com\/batimedianews.com\/live\/wp-content\/uploads\/2025\/10\/image-151.png?w=452 452w, https:\/\/i2.wp.com\/batimedianews.com\/live\/wp-content\/uploads\/2025\/10\/image-151.png?resize=768%2C720 768w, https:\/\/i2.wp.com\/batimedianews.com\/live\/wp-content\/uploads\/2025\/10\/image-151.png?resize=10%2C10 10w, https:\/\/i2.wp.com\/batimedianews.com\/live\/wp-content\/uploads\/2025\/10\/image-151.png?resize=432%2C405 432w, https:\/\/i2.wp.com\/batimedianews.com\/live\/wp-content\/uploads\/2025\/10\/image-151.png?resize=396%2C371 396w\" sizes=\"(max-width: 600px) 91vw, (max-width: 900px) 600px, (max-width: 1060px) 50vw, (max-width: 1200px) 520px, (max-width: 1400px) 43vw, 600px\" data-recalc-dims=\"1\" \/><\/figure><div class=\"wp-block-media-text__content\">\n<p><strong>LINEIS MINI &#8211; Le siphon design et gain de place&nbsp;<\/strong><\/p>\n\n\n\n<p class=\"has-text-align-justify\">En laiton et r\u00e9glable en hauteur, le siphon \u00e9l\u00e9gant LINEIS MINI Wirquin lib\u00e8re de l\u2019espace sous le lavabo tout en apportant une finition moderne. Fourni avec rosace et sortie murale, il s\u2019inscrit dans une logique de salle de bains fonctionnelle\u2026 et tendance.&nbsp;<\/p>\n\n\n\n<p><strong>Vidage de baignoire \u00e0 c\u00e2ble&nbsp;<\/strong><\/p>\n\n\n\n<p class=\"has-text-align-justify\">Disponible lui aussi en blanc, noir et dor\u00e9, ce vidage complet (bonde, trop-plein 700 mm, siphon orientable) assure une efficacit\u00e9 optimale contre les remont\u00e9es d\u2019odeurs gr\u00e2ce \u00e0 sa garde d\u2019eau de 50 mm.&nbsp;<\/p>\n<\/div><\/div>\n\n\n\n<div class=\"wp-block-media-text alignwide has-media-on-the-right is-stacked-on-mobile\" style=\"grid-template-columns:auto 32%\"><figure class=\"wp-block-media-text__media\"><img loading=\"lazy\" width=\"498\" height=\"438\" src=\"https:\/\/i2.wp.com\/batimedianews.com\/live\/wp-content\/uploads\/2025\/10\/image-152.png?resize=498%2C438\" alt=\"\" class=\"wp-image-47606 size-full\" srcset=\"https:\/\/i2.wp.com\/batimedianews.com\/live\/wp-content\/uploads\/2025\/10\/image-152.png?w=498 498w, https:\/\/i2.wp.com\/batimedianews.com\/live\/wp-content\/uploads\/2025\/10\/image-152.png?resize=768%2C675 768w, https:\/\/i2.wp.com\/batimedianews.com\/live\/wp-content\/uploads\/2025\/10\/image-152.png?resize=10%2C10 10w, https:\/\/i2.wp.com\/batimedianews.com\/live\/wp-content\/uploads\/2025\/10\/image-152.png?resize=432%2C380 432w, https:\/\/i2.wp.com\/batimedianews.com\/live\/wp-content\/uploads\/2025\/10\/image-152.png?resize=396%2C348 396w\" sizes=\"(max-width: 600px) 91vw, (max-width: 900px) 600px, (max-width: 1060px) 50vw, (max-width: 1200px) 520px, (max-width: 1400px) 43vw, 600px\" data-recalc-dims=\"1\" \/><\/figure><div class=\"wp-block-media-text__content\">\n<p class=\"has-text-align-justify has-normal-font-size\">Fra\u00eechement lanc\u00e9e, la collection Color Touch Wirquin s\u2019impose d\u00e9j\u00e0 comme une \u00e9vidence. Pens\u00e9e pour celles et ceux qui soignent chaque d\u00e9tail de leur int\u00e9rieur, elle fait entrer les \u00e9l\u00e9ments techniques dans le champ du design, sans renoncer \u00e0 la performance. <strong>Finitions tendance, qualit\u00e9 durable, installation simplifi\u00e9e\u2026 Color Touch red\u00e9finit les codes de la salle de bains et affirme un nouveau standard, aussi esth\u00e9tique que fonctionnel.<\/strong><\/p>\n<\/div><\/div>\n\n\n\n<div class=\"wp-block-media-text alignwide has-media-on-the-right is-stacked-on-mobile\" style=\"grid-template-columns:auto 39%\"><figure class=\"wp-block-media-text__media\"><img loading=\"lazy\" width=\"720\" height=\"720\" src=\"https:\/\/i2.wp.com\/batimedianews.com\/live\/wp-content\/uploads\/2025\/10\/image-153.png?resize=720%2C720\" alt=\"\" class=\"wp-image-47607 size-full\" srcset=\"https:\/\/i2.wp.com\/batimedianews.com\/live\/wp-content\/uploads\/2025\/10\/image-153.png?resize=1024%2C1024 1024w, https:\/\/i2.wp.com\/batimedianews.com\/live\/wp-content\/uploads\/2025\/10\/image-153.png?resize=600%2C600 600w, https:\/\/i2.wp.com\/batimedianews.com\/live\/wp-content\/uploads\/2025\/10\/image-153.png?resize=300%2C300 300w, https:\/\/i2.wp.com\/batimedianews.com\/live\/wp-content\/uploads\/2025\/10\/image-153.png?resize=1536%2C1536 1536w, https:\/\/i2.wp.com\/batimedianews.com\/live\/wp-content\/uploads\/2025\/10\/image-153.png?resize=2048%2C2048 2048w, https:\/\/i2.wp.com\/batimedianews.com\/live\/wp-content\/uploads\/2025\/10\/image-153.png?resize=10%2C10 10w\" sizes=\"(max-width: 600px) 91vw, (max-width: 900px) 600px, (max-width: 1060px) 50vw, (max-width: 1200px) 520px, (max-width: 1400px) 43vw, 600px\" data-recalc-dims=\"1\" \/><\/figure><div class=\"wp-block-media-text__content\">\n<h2 class=\"has-text-color\" style=\"color:#cb2828\"><strong>NOUVEAU&nbsp;<\/strong><\/h2>\n\n\n\n<h2 class=\"has-text-color\" style=\"color:#cb2828\"><strong>B\u00c2TI-SUPPORT&nbsp;<\/strong><\/h2>\n\n\n\n<h2><strong>CHRONO+&nbsp;<\/strong><\/h2>\n\n\n\n<p class=\"has-text-align-justify has-text-color\" style=\"color:#c92b2b\"><strong>Wirquin pr\u00e9sente sa nouvelle g\u00e9n\u00e9ration de b\u00e2ti-support, dont le mod\u00e8le Chrono+, enti\u00e8rement repens\u00e9e pour offrir plus de rapidit\u00e9, de pr\u00e9cision et de confort d\u2019installation.&nbsp;<\/strong><\/p>\n\n\n\n<p class=\"has-text-align-justify\">D\u00e9velopp\u00e9e en collaboration avec les professionnels, cette nouvelle gamme de b\u00e2ti-support Wirquin offre une structure renforc\u00e9e, un tunnel optimis\u00e9 servant de gabarit de pose, des pieds avec freins et un marquage \u00e0 1 m\u00e8tre pour un positionnement parfait. L\u2019installation et la maintenance sont simplifi\u00e9es gr\u00e2ce \u00e0 une nouvelle plaque de commande avec syst\u00e8me Easy Clip.&nbsp;<\/p>\n<\/div><\/div>\n\n\n\n<div class=\"wp-block-media-text alignwide has-media-on-the-right is-stacked-on-mobile\" style=\"grid-template-columns:auto 43%\"><figure class=\"wp-block-media-text__media\"><img loading=\"lazy\" width=\"720\" height=\"929\" src=\"https:\/\/i0.wp.com\/batimedianews.com\/live\/wp-content\/uploads\/2025\/10\/image-154.png?resize=720%2C929\" alt=\"\" class=\"wp-image-47608 size-full\" srcset=\"https:\/\/i0.wp.com\/batimedianews.com\/live\/wp-content\/uploads\/2025\/10\/image-154.png?w=860 860w, https:\/\/i0.wp.com\/batimedianews.com\/live\/wp-content\/uploads\/2025\/10\/image-154.png?resize=768%2C991 768w, https:\/\/i0.wp.com\/batimedianews.com\/live\/wp-content\/uploads\/2025\/10\/image-154.png?resize=432%2C558 432w, https:\/\/i0.wp.com\/batimedianews.com\/live\/wp-content\/uploads\/2025\/10\/image-154.png?resize=396%2C511 396w, https:\/\/i0.wp.com\/batimedianews.com\/live\/wp-content\/uploads\/2025\/10\/image-154.png?resize=660%2C852 660w\" sizes=\"(max-width: 600px) 91vw, (max-width: 900px) 600px, (max-width: 1060px) 50vw, (max-width: 1200px) 520px, (max-width: 1400px) 43vw, 600px\" data-recalc-dims=\"1\" \/><\/figure><div class=\"wp-block-media-text__content\">\n<div class=\"wp-block-image\"><figure class=\"aligncenter size-full is-resized\"><img loading=\"lazy\" src=\"https:\/\/i0.wp.com\/batimedianews.com\/live\/wp-content\/uploads\/2025\/10\/image-155.png?resize=226%2C183\" alt=\"\" class=\"wp-image-47609\" width=\"226\" height=\"183\" srcset=\"https:\/\/i0.wp.com\/batimedianews.com\/live\/wp-content\/uploads\/2025\/10\/image-155.png?w=484 484w, https:\/\/i0.wp.com\/batimedianews.com\/live\/wp-content\/uploads\/2025\/10\/image-155.png?resize=768%2C625 768w, https:\/\/i0.wp.com\/batimedianews.com\/live\/wp-content\/uploads\/2025\/10\/image-155.png?resize=432%2C352 432w, https:\/\/i0.wp.com\/batimedianews.com\/live\/wp-content\/uploads\/2025\/10\/image-155.png?resize=396%2C322 396w\" sizes=\"(max-width: 600px) 91vw, (max-width: 900px) 600px, (max-width: 1060px) 50vw, (max-width: 1200px) 520px, (max-width: 1400px) 43vw, 600px\" data-recalc-dims=\"1\" \/><\/figure><\/div>\n<\/div><\/div>\n\n\n\n<h2 class=\"has-text-color\" style=\"color:#c72b2b\"><strong>WIRQUIN :&nbsp;<\/strong><\/h2>\n\n\n\n<h2><strong>47 ANS D\u2019\u00c9VOLUTIONS ET D\u2019INNOVATIONS DANS LE DOMAINE DU SANITAIRE&nbsp;<\/strong><\/h2>\n\n\n\n<figure class=\"wp-block-image size-full\"><img loading=\"lazy\" width=\"720\" height=\"876\" src=\"https:\/\/i2.wp.com\/batimedianews.com\/live\/wp-content\/uploads\/2025\/10\/image-156.png?resize=720%2C876\" alt=\"\" class=\"wp-image-47610\" srcset=\"https:\/\/i2.wp.com\/batimedianews.com\/live\/wp-content\/uploads\/2025\/10\/image-156.png?w=746 746w, https:\/\/i2.wp.com\/batimedianews.com\/live\/wp-content\/uploads\/2025\/10\/image-156.png?resize=768%2C934 768w, https:\/\/i2.wp.com\/batimedianews.com\/live\/wp-content\/uploads\/2025\/10\/image-156.png?resize=432%2C526 432w, https:\/\/i2.wp.com\/batimedianews.com\/live\/wp-content\/uploads\/2025\/10\/image-156.png?resize=396%2C482 396w, https:\/\/i2.wp.com\/batimedianews.com\/live\/wp-content\/uploads\/2025\/10\/image-156.png?resize=660%2C803 660w\" sizes=\"(max-width: 600px) 91vw, (max-width: 900px) 600px, (max-width: 1060px) 50vw, (max-width: 1200px) 520px, (max-width: 1400px) 43vw, 600px\" data-recalc-dims=\"1\" \/><\/figure>\n\n\n\n<figure class=\"wp-block-image size-full\"><img loading=\"lazy\" width=\"720\" height=\"741\" src=\"https:\/\/i1.wp.com\/batimedianews.com\/live\/wp-content\/uploads\/2025\/10\/image-157.png?resize=720%2C741\" alt=\"\" class=\"wp-image-47611\" srcset=\"https:\/\/i1.wp.com\/batimedianews.com\/live\/wp-content\/uploads\/2025\/10\/image-157.png?w=746 746w, https:\/\/i1.wp.com\/batimedianews.com\/live\/wp-content\/uploads\/2025\/10\/image-157.png?resize=768%2C790 768w, https:\/\/i1.wp.com\/batimedianews.com\/live\/wp-content\/uploads\/2025\/10\/image-157.png?resize=10%2C10 10w, https:\/\/i1.wp.com\/batimedianews.com\/live\/wp-content\/uploads\/2025\/10\/image-157.png?resize=432%2C445 432w, https:\/\/i1.wp.com\/batimedianews.com\/live\/wp-content\/uploads\/2025\/10\/image-157.png?resize=396%2C408 396w, https:\/\/i1.wp.com\/batimedianews.com\/live\/wp-content\/uploads\/2025\/10\/image-157.png?resize=660%2C679 660w\" sizes=\"(max-width: 600px) 91vw, (max-width: 900px) 600px, (max-width: 1060px) 50vw, (max-width: 1200px) 520px, (max-width: 1400px) 43vw, 600px\" data-recalc-dims=\"1\" \/><\/figure>\n","protected":false},"excerpt":{"rendered":"<p>Fabricant fran\u00e7ais et expert reconnu en \u00e9quipement sanitaire et plomberie, Wirquin groupe familial implant\u00e9 \u00e0 Carquefou pr\u00e8s de Nantes, emploie 860 collaborateurs dans le monde et d\u00e9tient plus de 30 brevets actifs. Chaque produit Wirquin est pens\u00e9 pour offrir un gain de temps, d\u2019espace et de performance, tout en garantissant des installations durables dans les [&hellip;]<\/p>\n","protected":false},"author":41,"featured_media":47612,"comment_status":"open","ping_status":"open","sticky":true,"template":"","format":"standard","meta":{"spay_email":""},"categories":[4,2670,580,1171,499],"tags":[],"jetpack_featured_media_url":"https:\/\/i1.wp.com\/batimedianews.com\/live\/wp-content\/uploads\/2025\/10\/Wirquin-1.jpg?fit=1513%2C825","jetpack_sharing_enabled":true,"jetpack_likes_enabled":true,"jetpack-related-posts":[{"id":47380,"url":"http:\/\/batimedianews.com\/live\/index.php\/2025\/10\/14\/nouveautes-color-touch-wirquin-la-touche-finale-qui-change-tout-dans-la-salle-de-bains\/","url_meta":{"origin":47587,"position":0},"title":"NOUVEAUT\u00c9S COLOR TOUCH WIRQUIN &#8211; La touche finale qui change tout dans la salle de bains","date":"14 octobre 2025","format":false,"excerpt":"On passe du temps \u00e0 imaginer une salle de bains qui nous ressemble, \u00e0 choisir les bonnes mati\u00e8res, les bonnes teintes, celles qui cr\u00e9ent un vrai sentiment de bien-\u00eatre. Alors pourquoi s\u2019arr\u00eater en chemin ? Avec sa nouvelle collection Color Touch, Wirquin propose d\u2019aller jusqu\u2019au bout de la d\u00e9coration en\u2026","rel":"","context":"Dans &quot;Actualit\u00e9 Entreprises&quot;","img":{"alt_text":"","src":"https:\/\/i0.wp.com\/batimedianews.com\/live\/wp-content\/uploads\/2025\/10\/Wirquin.jpg?fit=825%2C825&resize=350%2C200","width":350,"height":200},"classes":[]},{"id":41558,"url":"http:\/\/batimedianews.com\/live\/index.php\/2024\/11\/19\/nouveau-catchy-wirquin-un-filtre-universel-et-eco-responsable-qui-protege-les-canalisations-avec-style\/","url_meta":{"origin":47587,"position":1},"title":"Nouveau catchy WIRQUIN &#8211; Un filtre universel et \u00e9co-responsable qui prot\u00e8ge les canalisations avec style","date":"19 novembre 2024","format":false,"excerpt":"Le nouveau CATCHY de Wirquin est un filtre universel ing\u00e9nieux qui r\u00e9pond \u00e0 un besoin simple mais essentiel dans la maison : prot\u00e9ger les canalisations des cheveux, des r\u00e9sidus alimentaires et autres d\u00e9chets.\u00a0 \u00a0\u00c0 la fois pratique et \u00e9co-responsable, ce nouveau filtre universel, fabriqu\u00e9 avec plus de 50% de silicone\u2026","rel":"","context":"Dans &quot;Actualit\u00e9 Entreprises&quot;","img":{"alt_text":"","src":"https:\/\/i0.wp.com\/batimedianews.com\/live\/wp-content\/uploads\/2024\/11\/Wirquin-1.jpg?fit=825%2C450&resize=350%2C200","width":350,"height":200},"classes":[]},{"id":46334,"url":"http:\/\/batimedianews.com\/live\/index.php\/2025\/09\/03\/innovation-wirquin-marche-du-sanitaire-siphon-blanc-96-wirquin-le-tout-premier-siphon-blanc-a-base-de-matiere-recyclee\/","url_meta":{"origin":47587,"position":2},"title":"INNOVATION WIRQUIN MARCH\u00c9 DU SANITAIRE \/ SIPHON BLANC 96 WIRQUIN &#8211; Le tout premier siphon blanc \u00e0 base de mati\u00e8re recycl\u00e9e","date":"3 septembre 2025","format":false,"excerpt":"Une avanc\u00e9e qui respecte les codes du march\u00e9 sanitaire\u00a0 Dans l\u2019univers du sanitaire, les professionnels comme les particuliers pl\u00e9biscitent historiquement\u00a0des produits blancs, en coh\u00e9rence avec les usages et standards des salles de bains. Or, la g\u00e9n\u00e9ralisation des mat\u00e9riaux recycl\u00e9s dans la fabrication des siphons a, jusqu\u2019ici, conduit la plupart des\u2026","rel":"","context":"Dans &quot;Actualit\u00e9 Entreprises&quot;","img":{"alt_text":"","src":"https:\/\/i2.wp.com\/batimedianews.com\/live\/wp-content\/uploads\/2025\/09\/wirquin.jpg?fit=825%2C825&resize=350%2C200","width":350,"height":200},"classes":[]},{"id":48552,"url":"http:\/\/batimedianews.com\/live\/index.php\/2025\/12\/17\/innovation-marche-du-sanitaire-wirquin-lance-airconnect-le-premier-raccord-wc-2-en-1-qui-draine-et-ventile-les-canalisations\/","url_meta":{"origin":47587,"position":3},"title":"INNOVATION MARCH\u00c9 DU SANITAIRE &#8211; WIRQUIN lance AIRCONNECT\u00ae le premier raccord WC 2-en-1 qui draine et ventile les canalisations","date":"17 d\u00e9cembre 2025","format":false,"excerpt":"La plupart des probl\u00e8mes d\u2019odeurs et de bruit dans les pi\u00e8ces d\u2019eau proviennent d\u2019un manque de ventilation des canalisations. Lorsqu\u2019on tire la chasse, la chute d\u2019eau cr\u00e9e une d\u00e9pression dans la canalisation. Sans entr\u00e9e d\u2019air suffisante, cela provoque gargouillements et remont\u00e9es d\u2019odeurs, surtout si d\u2019autres appareils sanitaires (douche, lavabo\u2026) sont\u2026","rel":"","context":"Dans &quot;Actualit\u00e9 Entreprises&quot;","img":{"alt_text":"","src":"https:\/\/i1.wp.com\/batimedianews.com\/live\/wp-content\/uploads\/2025\/12\/Wirquin.jpg?fit=825%2C825&resize=350%2C200","width":350,"height":200},"classes":[]},{"id":44762,"url":"http:\/\/batimedianews.com\/live\/index.php\/2025\/05\/05\/nouveautes-abattants-wc-thermodur-wirquin-design-confort-et-hygiene\/","url_meta":{"origin":47587,"position":4},"title":"Nouveaut\u00e9s abattants WC thermodur WIRQUIN design, confort et hygi\u00e8ne","date":"5 mai 2025","format":false,"excerpt":"Marque reconnue dans l\u2019univers des \u00e9quipements sanitaires, Wirquin enrichit son offre avec une nouvelle gamme d\u2019abattants WC en Thermodur blanc comprenant 4 mod\u00e8les aux lignes tendances : Fuji, Casablanca, Everest et Disco. Robustes et \u00e9l\u00e9gantes avec leur finition blanc brillant, ces nouveaut\u00e9s modernisent les sanitaires et r\u00e9pondent aux exigences actuelles\u2026","rel":"","context":"Dans &quot;Actualit\u00e9 Entreprises&quot;","img":{"alt_text":"","src":"https:\/\/i0.wp.com\/batimedianews.com\/live\/wp-content\/uploads\/2025\/05\/Wirquin.jpg?fit=825%2C825&resize=350%2C200","width":350,"height":200},"classes":[]},{"id":38702,"url":"http:\/\/batimedianews.com\/live\/index.php\/2024\/07\/09\/wirquin-tour-wirquin-a-la-rencontre-des-installateurs-et-des-professionnels-du-sanitaire\/","url_meta":{"origin":47587,"position":5},"title":"WIRQUIN TOUR &#8211; WIRQUIN \u00e0 la rencontre des installateurs et des professionnels du sanitaire","date":"9 juillet 2024","format":false,"excerpt":"\u00a0Wirquin le sp\u00e9cialiste de l\u2019\u00e9quipement sanitaire et de la plomberie ne cesse d\u2019innover pour r\u00e9pondre aux besoins et aux pr\u00e9occupations des professionnels en qu\u00eate de solutions efficaces et pratiques, pens\u00e9es pour leur faire gagner du temps au quotidien. Fort du succ\u00e8s des pr\u00e9c\u00e9dentes \u00e9ditions, le Wirquin Tour est de retour\u2026","rel":"","context":"Dans &quot;Actualit\u00e9 Entreprises&quot;","img":{"alt_text":"","src":"https:\/\/i0.wp.com\/batimedianews.com\/live\/wp-content\/uploads\/2024\/07\/Wirquin-articles-.jpg?fit=825%2C825&resize=350%2C200","width":350,"height":200},"classes":[]}],"_links":{"self":[{"href":"http:\/\/batimedianews.com\/live\/index.php\/wp-json\/wp\/v2\/posts\/47587"}],"collection":[{"href":"http:\/\/batimedianews.com\/live\/index.php\/wp-json\/wp\/v2\/posts"}],"about":[{"href":"http:\/\/batimedianews.com\/live\/index.php\/wp-json\/wp\/v2\/types\/post"}],"author":[{"embeddable":true,"href":"http:\/\/batimedianews.com\/live\/index.php\/wp-json\/wp\/v2\/users\/41"}],"replies":[{"embeddable":true,"href":"http:\/\/batimedianews.com\/live\/index.php\/wp-json\/wp\/v2\/comments?post=47587"}],"version-history":[{"count":3,"href":"http:\/\/batimedianews.com\/live\/index.php\/wp-json\/wp\/v2\/posts\/47587\/revisions"}],"predecessor-version":[{"id":47615,"href":"http:\/\/batimedianews.com\/live\/index.php\/wp-json\/wp\/v2\/posts\/47587\/revisions\/47615"}],"wp:featuredmedia":[{"embeddable":true,"href":"http:\/\/batimedianews.com\/live\/index.php\/wp-json\/wp\/v2\/media\/47612"}],"wp:attachment":[{"href":"http:\/\/batimedianews.com\/live\/index.php\/wp-json\/wp\/v2\/media?parent=47587"}],"wp:term":[{"taxonomy":"category","embeddable":true,"href":"http:\/\/batimedianews.com\/live\/index.php\/wp-json\/wp\/v2\/categories?post=47587"},{"taxonomy":"post_tag","embeddable":true,"href":"http:\/\/batimedianews.com\/live\/index.php\/wp-json\/wp\/v2\/tags?post=47587"}],"curies":[{"name":"wp","href":"https:\/\/api.w.org\/{rel}","templated":true}]}}