{"id":47628,"date":"2025-10-29T08:27:32","date_gmt":"2025-10-29T07:27:32","guid":{"rendered":"http:\/\/batimedianews.com\/live\/?p=47628"},"modified":"2025-10-29T19:53:25","modified_gmt":"2025-10-29T18:53:25","slug":"viessmann-climate-solutions-france-presente-son-offre-de-services-apres-vente-dediee-au-marche-residentiel-individuel","status":"publish","type":"post","link":"http:\/\/batimedianews.com\/live\/index.php\/2025\/10\/29\/viessmann-climate-solutions-france-presente-son-offre-de-services-apres-vente-dediee-au-marche-residentiel-individuel\/","title":{"rendered":"Viessmann Climate Solutions France pr\u00e9sente son offre de services apr\u00e8s-vente d\u00e9di\u00e9e au march\u00e9 r\u00e9sidentiel individuel."},"content":{"rendered":"\n<p class=\"has-text-align-justify\"><strong>Viessmann Climate Solutions France pr\u00e9sente son offre de services apr\u00e8s-vente d\u00e9di\u00e9e au march\u00e9 r\u00e9sidentiel individuel. Cette initiative vise \u00e0 attirer de nouveaux installateurs et \u00e0 soutenir la performance des membres du r\u00e9seau historique de partenaires Proactif.<\/strong><\/p>\n\n\n\n<p><strong>Rennes Salon Artibat, conf\u00e9rence 22 octobre 2025<\/strong><\/p>\n\n\n\n<p class=\"has-text-align-justify\"><strong><em>\u201c Central dans la satisfaction des clients particuliers, le Service Apr\u00e8s-Vente est au c\u0153ur de la proposition de valeur envers nos clients professionnels \u201c \u2013<\/em><\/strong><\/p>\n\n\n\n<p class=\"has-text-align-justify\"><em>\u00abApr\u00e8s le succ\u00e8s des \u201cProDays en r\u00e9gions favorisant l\u2019int\u00e9gration de nos nouveaux clients professionnels et la satisfaction des utilisateurs finaux, nous visons l\u2019excellence en augmentant notre capacit\u00e9 de soutien sur le terrain, tout en d\u00e9veloppant une nouvelle offre pour nos ProActif. \u00ab\u00a0Nous g\u00e9n\u00e9ralisons l&rsquo;aide au premier montage sur toute notre gamme Pompe \u00e0 Chaleur (PAC) individuelle ou en syst\u00e8me Hybride. Nous imaginons \u00e9largir cela \u00e0 l&rsquo;avenir sur d&rsquo;autres solutions:\u00a0solaire thermique, photovolta\u00efque, solutions de stockage \u00e9lectrique et l&rsquo;ensemble de nos nouveaux produits technologiques&#8230;.\u00a0\u00bb\u00a0\u00a0 L\u2019offre de services int\u00e8gre la maintenance, les extensions de garantie coupl\u00e9es \u00e0 un nouveau contrat de service pour les pros : la Formule \u201cS\u00e9r\u00e9nit\u00e9\u201d \u00bb<\/em> a d\u00e9clar\u00e9 aujourd\u2019hui (22.10.2025) Eric Mougin, Directeur des Services Techniques de Viessmann Climate Solutions pour la France. Viessmann Climate Solutions (VCS) fait partie de Carrier Global Corporation (NYSE : CARR), un fournisseur leader dans le monde connu pour ses solutions intelligentes dans le domaine de l\u2019\u00e9nergie et de la climatisation.<\/p>\n\n\n\n<p class=\"has-text-align-justify\"><em>La qualit\u00e9 du service d\u00e9livr\u00e9e aux particuliers passe par la formation de notre r\u00e9seau Proactif avec l\u2019Acad\u00e9mie Viessmann et un recentrage du r\u00e9seau Partenaire SAV Agr\u00e9\u00e9 sur l\u2019expertise des professionnels, regroup\u00e9s autour d\u2019une charte d\u2019engagement mutuels. <strong>Nous souhaitons des Partenaires SAV Agr\u00e9\u00e9s agissant avec le m\u00eame niveau de comp\u00e9tence qu\u2019un Attach\u00e9 Technique Viessmann.<\/strong> Cela se traduit d\u00e9j\u00e0 dans l\u2019\u00e9volution de nos indicateurs de satisfaction client et la qualit\u00e9 de la relation avec nos Partenaires SAV Agr\u00e9\u00e9s. \u00bb<\/em> a pr\u00e9cis\u00e9 aujourd\u2019hui (22.10.2025) Eric Mougin.<\/p>\n\n\n\n<p class=\"has-text-align-justify\"><em><strong>\u201c La formule S\u00e9r\u00e9nit\u00e9 2 ans, le service tout compris pour les installateurs \u201c<\/strong> &#8211; Elle vient en parall\u00e8le de l\u2019offre de garanties pour les particuliers et couvre tous les aspects : du conseil au montage, \u00e0 la mise en service, jusqu&rsquo;\u00e0 la maintenance et au d\u00e9pannage pendant deux ans. Ce service, qui cible les pompes \u00e0 chaleur air\/eau, air\/air et les ballons thermodynamiques, offre une garantie tranquillit\u00e9 pour l&rsquo;installateur et le client final. Il permet aux professionnels de se concentrer sur l&rsquo;essentiel : la qualit\u00e9 de la relation client, la vente et la pose, tout en s&rsquo;appuyant sur l&rsquo;expertise de Viessmann. La tarification de ce service aux installateurs a re\u00e7u un accueil favorable lors de nos journ\u00e9es de lancement de la saison de chauffe avec nos partenaires.<\/em><\/p>\n\n\n\n<p class=\"has-text-align-justify\"><em>Notre offre comprend plusieurs visites sur site : conseils au montage, mise en service, entretien \u00e0 la fin de la premi\u00e8re ann\u00e9e, et tout d\u00e9pannage de la pompe \u00e0 chaleur Viessmann durant les deux premi\u00e8res ann\u00e9es de vie de l&rsquo;installation. Ces deux premi\u00e8res ann\u00e9es sont critiques pour la durabilit\u00e9 de l&rsquo;installation ainsi que pour la satisfaction du client particulier. \u00bb<\/em> a d\u00e9taill\u00e9 aujourd\u2019hui (22.10.2025) Eric Mougin.<\/p>\n\n\n\n<p class=\"has-text-align-justify\"><em><strong>\u201c Maintenir et d\u00e9velopper la capacit\u00e9 du r\u00e9seau Proactif, en mati\u00e8re de conseil en performance \u00e9nerg\u00e9tique aupr\u00e8s des particuliers est au coeur de nos pr\u00e9occupations\u201d<\/strong> &#8211; Viessmann Renov\u2019 &#8211; Moins d\u2019administratif, plus de chantiers ! s&rsquo;inscrivait d\u00e9j\u00e0 dans cette volont\u00e9 de centrer le r\u00e9seau Proactif sur son r\u00f4le de conseil aupr\u00e8s du particulier et de se centrer ensemble sur les projets \u00e0 forte valeur et non la simple pose de mat\u00e9riel vendu par d\u2019autres. L\u2019extension de l\u2019offre de Services s\u2019inscrit dans cette volont\u00e9 de grandir ensemble, non seulement \u00e9conomiquement mais \u00e0 travers la r\u00e9duction de notre empreinte carbone<\/em>. Indique aujourd\u2019hui (22.10.2025) Beno\u00eet Viard, Directeur Marketing vente du groupe Carrier en France pour toutes ses marques.<\/p>\n\n\n\n<p class=\"has-text-align-justify\"><em><strong>\u201c La digitalisation offre des gains d\u2019efficacit\u00e9 pour se concentrer sur le conseil aupr\u00e8s des clients particuliers\u201d<\/strong> &#8211; Tous nos produits sont connectables et majoritairement connect\u00e9s depuis le d\u00e9but de l\u2019ann\u00e9e. Connectables entre eux pour des syst\u00e8mes performants mais aussi au r\u00e9seau Viessmann, avec le consentement du client particulier, pour une gestion \u00e0 distance de la performance et la pr\u00e9vention d&rsquo;\u00e9ventuels d\u00e9fauts. Les applications <strong>ViGuide \/ ViGuide Pro <\/strong>con\u00e7ues et d\u00e9velopp\u00e9es par Viessmann, permettent le suivi et le diagnostic \u00e0 distance.<\/em><\/p>\n\n\n\n<p class=\"has-text-align-justify\"><em>Cela fiabilise l\u2019analyse des donn\u00e9es, l\u2019aide au d\u00e9pannage et permet l&rsquo;ajustement des param\u00e8tres pour une maintenance optimis\u00e9e. Ces outils digitaux identifient les comportements anormaux du syst\u00e8me, am\u00e9liorant l&rsquo;efficacit\u00e9 et la r\u00e9activit\u00e9 des interventions pour des particuliers toujours satisfaits \u00bb <\/em>pr\u00e9cise Eric Mougin.<\/p>\n\n\n\n<p class=\"has-text-align-justify\"><em><strong>\u201c Les attach\u00e9s techniques Viessmann assurent une relation privil\u00e9gi\u00e9e avec les Partenaires SAV Agr\u00e9\u00e9s de leur territoire : une relation de technicien \u00e0 technicien\u201c<\/strong> &#8211; Ils identifient les nouveaux partenaires SAV et les accompagnent dans leur d\u00e9veloppement et le traitement des probl\u00e9matiques du quotidien. A cela s&rsquo;ajoute une Hot Line d\u00e9di\u00e9e et une visibilit\u00e9 importante sur le site Viessmann.fr pour favoriser leur essor commercial. Bien s\u00fbr, rien n\u2019est acquis et un dialogue de progr\u00e8s est entretenu sous la forme d\u2019audit conjoint document\u00e9 et factuel. Celui-ci peut se traduire par un plan de formation \u00e0 l\u2019Acad\u00e9mie Viessmann et en lien avec l\u2019\u00e9volution de la demande locale. \u00bb \u00bb<\/em> a compl\u00e9t\u00e9 Eric Mougin.<\/p>\n\n\n\n<p><strong>\u00c0 propos de Viessmann Climate Solutions<\/strong><\/p>\n\n\n\n<p class=\"has-text-align-justify\">Fond\u00e9 en 1917 en tant que fabricant de techniques de chauffage, Viessmann Climate Solutions est aujourd&rsquo;hui un fournisseur leader mondial de solutions efficaces et syst\u00e9miques dans le domaine de la climatisation (chauffage, qualit\u00e9 de l&rsquo;eau et de l&rsquo;air) et de l&rsquo;\u00e9nergie. Le portefeuille int\u00e9gr\u00e9 de Viessmann Climate Solutions associe produits et syst\u00e8mes via des plateformes num\u00e9riques et des services continus pour fournir une solution globale de climatisation et \u00e9nerg\u00e9tique, cr\u00e9ant ainsi un environnement fiable, s\u00fbr et de bien-\u00eatre pour les utilisateurs et les utilisatrices. Viessmann Climate Solutions fait partie de Carrier Global Corporation, fournisseur leader mondial de solutions dans le domaine de la climatisation et de l&rsquo;\u00e9nergie qui sont porteuses de sens pour les individus et notre plan\u00e8te et qui traversent les g\u00e9n\u00e9rations.<\/p>\n\n\n\n<p><strong>Annexes<\/strong><\/p>\n\n\n\n<figure class=\"wp-block-image size-full\"><img loading=\"lazy\" width=\"720\" height=\"460\" src=\"https:\/\/i0.wp.com\/batimedianews.com\/live\/wp-content\/uploads\/2025\/10\/image-164.png?resize=720%2C460\" alt=\"\" class=\"wp-image-47629\" srcset=\"https:\/\/i0.wp.com\/batimedianews.com\/live\/wp-content\/uploads\/2025\/10\/image-164.png?w=1020 1020w, https:\/\/i0.wp.com\/batimedianews.com\/live\/wp-content\/uploads\/2025\/10\/image-164.png?resize=768%2C490 768w, https:\/\/i0.wp.com\/batimedianews.com\/live\/wp-content\/uploads\/2025\/10\/image-164.png?resize=432%2C276 432w, https:\/\/i0.wp.com\/batimedianews.com\/live\/wp-content\/uploads\/2025\/10\/image-164.png?resize=396%2C253 396w, https:\/\/i0.wp.com\/batimedianews.com\/live\/wp-content\/uploads\/2025\/10\/image-164.png?resize=660%2C422 660w\" sizes=\"(max-width: 600px) 91vw, (max-width: 900px) 600px, (max-width: 1060px) 50vw, (max-width: 1200px) 520px, (max-width: 1400px) 43vw, 600px\" data-recalc-dims=\"1\" \/><\/figure>\n\n\n\n<p class=\"has-text-align-justify\"><strong>Vue 1<\/strong> : Viessmann Climate Solutions fait partie de Carrier Global Corporation, fournisseur leader mondial de solutions dans le domaine de la climatisation et de l\u2019\u00e9nergie<\/p>\n\n\n\n<figure class=\"wp-block-image size-full\"><img loading=\"lazy\" width=\"720\" height=\"539\" src=\"https:\/\/i2.wp.com\/batimedianews.com\/live\/wp-content\/uploads\/2025\/10\/image-165.png?resize=720%2C539\" alt=\"\" class=\"wp-image-47630\" srcset=\"https:\/\/i2.wp.com\/batimedianews.com\/live\/wp-content\/uploads\/2025\/10\/image-165.png?w=1012 1012w, https:\/\/i2.wp.com\/batimedianews.com\/live\/wp-content\/uploads\/2025\/10\/image-165.png?resize=768%2C575 768w, https:\/\/i2.wp.com\/batimedianews.com\/live\/wp-content\/uploads\/2025\/10\/image-165.png?resize=432%2C324 432w, https:\/\/i2.wp.com\/batimedianews.com\/live\/wp-content\/uploads\/2025\/10\/image-165.png?resize=396%2C297 396w, https:\/\/i2.wp.com\/batimedianews.com\/live\/wp-content\/uploads\/2025\/10\/image-165.png?resize=660%2C494 660w\" sizes=\"(max-width: 600px) 91vw, (max-width: 900px) 600px, (max-width: 1060px) 50vw, (max-width: 1200px) 520px, (max-width: 1400px) 43vw, 600px\" data-recalc-dims=\"1\" \/><\/figure>\n\n\n\n<p><strong>Vue 2<\/strong> : Vues int\u00e9rieures d\u2019un centre de formation Viessmann<\/p>\n\n\n\n<figure class=\"wp-block-image size-full\"><img loading=\"lazy\" width=\"720\" height=\"333\" src=\"https:\/\/i2.wp.com\/batimedianews.com\/live\/wp-content\/uploads\/2025\/10\/image-166.png?resize=720%2C333\" alt=\"\" class=\"wp-image-47631\" srcset=\"https:\/\/i2.wp.com\/batimedianews.com\/live\/wp-content\/uploads\/2025\/10\/image-166.png?w=1420 1420w, https:\/\/i2.wp.com\/batimedianews.com\/live\/wp-content\/uploads\/2025\/10\/image-166.png?resize=768%2C354 768w, https:\/\/i2.wp.com\/batimedianews.com\/live\/wp-content\/uploads\/2025\/10\/image-166.png?resize=432%2C200 432w, https:\/\/i2.wp.com\/batimedianews.com\/live\/wp-content\/uploads\/2025\/10\/image-166.png?resize=396%2C183 396w, https:\/\/i2.wp.com\/batimedianews.com\/live\/wp-content\/uploads\/2025\/10\/image-166.png?resize=1120%2C517 1120w, https:\/\/i2.wp.com\/batimedianews.com\/live\/wp-content\/uploads\/2025\/10\/image-166.png?resize=660%2C305 660w\" sizes=\"(max-width: 600px) 91vw, (max-width: 900px) 600px, (max-width: 1060px) 50vw, (max-width: 1200px) 520px, (max-width: 1400px) 43vw, 600px\" data-recalc-dims=\"1\" \/><\/figure>\n\n\n\n<p><strong>Vue 3<\/strong> : Ecosyst\u00e8me digital One Base \/ ViGuide pour le SAV<\/p>\n\n\n\n<figure class=\"wp-block-image size-full is-resized\"><img loading=\"lazy\" src=\"https:\/\/i1.wp.com\/batimedianews.com\/live\/wp-content\/uploads\/2025\/10\/image-167.png?resize=196%2C195\" alt=\"\" class=\"wp-image-47632\" width=\"196\" height=\"195\" srcset=\"https:\/\/i1.wp.com\/batimedianews.com\/live\/wp-content\/uploads\/2025\/10\/image-167.png?w=308 308w, https:\/\/i1.wp.com\/batimedianews.com\/live\/wp-content\/uploads\/2025\/10\/image-167.png?resize=600%2C600 600w, https:\/\/i1.wp.com\/batimedianews.com\/live\/wp-content\/uploads\/2025\/10\/image-167.png?resize=1024%2C1024 1024w, https:\/\/i1.wp.com\/batimedianews.com\/live\/wp-content\/uploads\/2025\/10\/image-167.png?resize=300%2C300 300w, https:\/\/i1.wp.com\/batimedianews.com\/live\/wp-content\/uploads\/2025\/10\/image-167.png?resize=768%2C763 768w, https:\/\/i1.wp.com\/batimedianews.com\/live\/wp-content\/uploads\/2025\/10\/image-167.png?resize=1536%2C1536 1536w, https:\/\/i1.wp.com\/batimedianews.com\/live\/wp-content\/uploads\/2025\/10\/image-167.png?resize=2048%2C2048 2048w, https:\/\/i1.wp.com\/batimedianews.com\/live\/wp-content\/uploads\/2025\/10\/image-167.png?resize=10%2C10 10w\" sizes=\"(max-width: 600px) 91vw, (max-width: 900px) 600px, (max-width: 1060px) 50vw, (max-width: 1200px) 520px, (max-width: 1400px) 43vw, 600px\" data-recalc-dims=\"1\" \/><\/figure>\n\n\n\n<p><strong>Vue 4 : <\/strong>Logo Partenaire SAV Agr\u00e9\u00e9<\/p>\n\n\n\n<figure class=\"wp-block-image size-full\"><img loading=\"lazy\" width=\"720\" height=\"367\" src=\"https:\/\/i0.wp.com\/batimedianews.com\/live\/wp-content\/uploads\/2025\/10\/image-168.png?resize=720%2C367\" alt=\"\" class=\"wp-image-47633\" srcset=\"https:\/\/i0.wp.com\/batimedianews.com\/live\/wp-content\/uploads\/2025\/10\/image-168.png?w=1382 1382w, https:\/\/i0.wp.com\/batimedianews.com\/live\/wp-content\/uploads\/2025\/10\/image-168.png?resize=768%2C391 768w, https:\/\/i0.wp.com\/batimedianews.com\/live\/wp-content\/uploads\/2025\/10\/image-168.png?resize=432%2C220 432w, https:\/\/i0.wp.com\/batimedianews.com\/live\/wp-content\/uploads\/2025\/10\/image-168.png?resize=396%2C202 396w, https:\/\/i0.wp.com\/batimedianews.com\/live\/wp-content\/uploads\/2025\/10\/image-168.png?resize=1120%2C571 1120w, https:\/\/i0.wp.com\/batimedianews.com\/live\/wp-content\/uploads\/2025\/10\/image-168.png?resize=660%2C336 660w\" sizes=\"(max-width: 600px) 91vw, (max-width: 900px) 600px, (max-width: 1060px) 50vw, (max-width: 1200px) 520px, (max-width: 1400px) 43vw, 600px\" data-recalc-dims=\"1\" \/><\/figure>\n\n\n\n<p><strong>Vue 5<\/strong> : Viessmann R\u00e9nov\u2019<\/p>\n\n\n\n<figure class=\"wp-block-image size-full is-resized\"><img loading=\"lazy\" src=\"https:\/\/i2.wp.com\/batimedianews.com\/live\/wp-content\/uploads\/2025\/10\/image-169.png?resize=257%2C226\" alt=\"\" class=\"wp-image-47634\" width=\"257\" height=\"226\" srcset=\"https:\/\/i2.wp.com\/batimedianews.com\/live\/wp-content\/uploads\/2025\/10\/image-169.png?w=604 604w, https:\/\/i2.wp.com\/batimedianews.com\/live\/wp-content\/uploads\/2025\/10\/image-169.png?resize=768%2C676 768w, https:\/\/i2.wp.com\/batimedianews.com\/live\/wp-content\/uploads\/2025\/10\/image-169.png?resize=10%2C10 10w, https:\/\/i2.wp.com\/batimedianews.com\/live\/wp-content\/uploads\/2025\/10\/image-169.png?resize=432%2C381 432w, https:\/\/i2.wp.com\/batimedianews.com\/live\/wp-content\/uploads\/2025\/10\/image-169.png?resize=396%2C349 396w\" sizes=\"(max-width: 600px) 91vw, (max-width: 900px) 600px, (max-width: 1060px) 50vw, (max-width: 1200px) 520px, (max-width: 1400px) 43vw, 600px\" data-recalc-dims=\"1\" \/><\/figure>\n\n\n\n<p><strong>Vue 6<\/strong> : Logo Formule S\u00e9r\u00e9nit\u00e9<\/p>\n","protected":false},"excerpt":{"rendered":"<p>Viessmann Climate Solutions France pr\u00e9sente son offre de services apr\u00e8s-vente d\u00e9di\u00e9e au march\u00e9 r\u00e9sidentiel individuel. Cette initiative vise \u00e0 attirer de nouveaux installateurs et \u00e0 soutenir la performance des membres du r\u00e9seau historique de partenaires Proactif. Rennes Salon Artibat, conf\u00e9rence 22 octobre 2025 \u201c Central dans la satisfaction des clients particuliers, le Service Apr\u00e8s-Vente est [&hellip;]<\/p>\n","protected":false},"author":41,"featured_media":47636,"comment_status":"open","ping_status":"open","sticky":true,"template":"","format":"standard","meta":{"spay_email":""},"categories":[4],"tags":[],"jetpack_featured_media_url":"https:\/\/i1.wp.com\/batimedianews.com\/live\/wp-content\/uploads\/2025\/10\/Viessmann.jpg?fit=1513%2C825","jetpack_sharing_enabled":true,"jetpack_likes_enabled":true,"jetpack-related-posts":[{"id":45657,"url":"http:\/\/batimedianews.com\/live\/index.php\/2025\/06\/26\/voyage-viessmann-du-18-juin\/","url_meta":{"origin":47628,"position":0},"title":"Viessmann, support \u00e0 la prescription et outils digitaux","date":"26 juin 2025","format":false,"excerpt":"Viessmann Climate Solutions France pr\u00e9sente son organisation de support \u00e0 la prescription d\u00e9di\u00e9e aux march\u00e9s r\u00e9sidentiel collectif et petit tertiaire avec la sp\u00e9cialisation de son acad\u00e9mie de Lieusaint \/Paris et sa cellule PEP (P\u00f4le Etudes & Prescription), ainsi que ses outils digitaux ViGuidePro et le support \u00e0 l\u2019obtention des aides\u2026","rel":"","context":"Dans &quot;Actualit\u00e9 Entreprises&quot;","img":{"alt_text":"","src":"https:\/\/i1.wp.com\/batimedianews.com\/live\/wp-content\/uploads\/2025\/06\/Viessmann.jpg?fit=825%2C825&resize=350%2C200","width":350,"height":200},"classes":[]},{"id":42084,"url":"http:\/\/batimedianews.com\/live\/index.php\/2025\/01\/14\/guillaume-dabrowski-nomme-president-de-viessmann-france-s-a-s-et-viessmann-industrie-france-s-a-s\/","url_meta":{"origin":47628,"position":1},"title":"Guillaume Dabrowski nomm\u00e9 Pr\u00e9sident de Viessmann France S.A.S. et Viessmann Industrie France S.A.S.","date":"14 janvier 2025","format":false,"excerpt":"Guillaume Dabrowski vient d\u2019\u00eatre nomm\u00e9 \u00e0 la pr\u00e9sidence des entit\u00e9s Viessmann France S.A.S. et Viessmann Industrie France S.A.S.\u00a0 Pr\u00e9cisons qu\u2019il assurera \u00e9galement la fonction de Directeur Commercial des diff\u00e9rentes marques dans la zone Sud- Ouest Europe (France, Espagne et Portugal) pour l\u2019activit\u00e9 de distribution commerciale et de services.\u00a0 Fort d\u2019une\u2026","rel":"","context":"Dans &quot;Actualit\u00e9 Entreprises&quot;","img":{"alt_text":"","src":"https:\/\/i1.wp.com\/batimedianews.com\/live\/wp-content\/uploads\/2025\/01\/Viessmann-articles-.jpg?fit=825%2C825&resize=350%2C200","width":350,"height":200},"classes":[]},{"id":12736,"url":"http:\/\/batimedianews.com\/live\/index.php\/2021\/10\/11\/nouveautes-produits-et-services-en-genie-climatique-les-professionnels-font-le-plein-chez-viessmann\/","url_meta":{"origin":47628,"position":2},"title":"Nouveaut\u00e9s produits et services en g\u00e9nie climatique : les professionnels font le plein chez Viessmann","date":"11 octobre 2021","format":false,"excerpt":"Entre lancement de nouveaut\u00e9s en pompes \u00e0 chaleur, chaudi\u00e8res murales gaz auto-adaptatives, capteurs solaires, module thermique d\u2019appartement, Viessmann foisonne d\u2019actualit\u00e9s produits que les professionnels appr\u00e9cieront. Sans compter sur le d\u00e9ploiement de nouvelles interfaces digitales responsives comme Pro-access (v\u00e9ritable assistant digital), Vitoguide (nouvelle application tout-en-un aux multiples fonctionnalit\u00e9s allant de la\u2026","rel":"","context":"Dans &quot;Actualit\u00e9 Entreprises&quot;","img":{"alt_text":"","src":"https:\/\/i1.wp.com\/batimedianews.com\/live\/wp-content\/uploads\/2021\/10\/Viessmann-Article.jpg?fit=512%2C512&resize=350%2C200","width":350,"height":200},"classes":[]},{"id":43765,"url":"http:\/\/batimedianews.com\/live\/index.php\/2025\/03\/24\/viessmann-climate-solutions-presente-sa-strategie-multimarque-pendant-lish-a-francfort\/","url_meta":{"origin":47628,"position":3},"title":"Viessmann Climate Solutions pr\u00e9sente sa strat\u00e9gie multimarque pendant l&rsquo;ISH \u00e0 Francfort","date":"24 mars 2025","format":false,"excerpt":"Photo 1 : Viessmann Climate Solutions fait partie de Carrier Global Corporation, fournisseur leader mondial de solutions dans le domaine de la climatisation et de l\u2019\u00e9nergie.\u00a0 \u25cf Premi\u00e8re mondiale : Viessmann pr\u00e9sente pour la premi\u00e8re fois sa strat\u00e9gie multimarques au salon ISH de Francfort\u00a0\u25cf Le \u00ab Programme System Profi \u00bb\u2026","rel":"","context":"Dans &quot;Actualit\u00e9 Entreprises&quot;","img":{"alt_text":"","src":"https:\/\/i0.wp.com\/batimedianews.com\/live\/wp-content\/uploads\/2025\/03\/Viessmann-articles-.jpg?fit=825%2C825&resize=350%2C200","width":350,"height":200},"classes":[]},{"id":20201,"url":"http:\/\/batimedianews.com\/live\/index.php\/2022\/05\/24\/le-groupe-viessmann-va-investir-1-milliard-deuros-dans-les-pompes-a-chaleur-et-les-solutions-vertes-le-passage-a-des-solutions-integrees-porte-ses-fruits-34-milliards-deuros-de-chiffre-daff\/","url_meta":{"origin":47628,"position":4},"title":"Le groupe Viessmann va investir 1 milliard d&rsquo;euros dans les pompes \u00e0 chaleur et les solutions vertes . Le passage \u00e0 des solutions int\u00e9gr\u00e9es porte ses fruits , 3,4 milliards d&rsquo;Euros de chiffre d&rsquo;affaires en 2021 , Croissance globale +21 % par rapport \u2002 2020  Pompes \u00e0 chaleur avec une forte croissance de +41 %","date":"24 mai 2022","format":false,"excerpt":"\u25cf Un investissement historique : 1 milliard d'euros au cours des trois prochaines ann\u00e9es pour \u00e9tendre l'empreinte manufacturi\u00e8re, les laboratoires de R&D et la gamme d'offres de solutions vertes, en particulier dans le domaine des pompes \u00e0 chaleur, renfor\u00e7ant ainsi l'ind\u00e9pendance \u00e9nerg\u00e9tique g\u00e9opolitique de l'Europe. \u25cf Performances 2021 : Chiffre\u2026","rel":"","context":"Dans &quot;b\u00e2timent auto suffisant&quot;","img":{"alt_text":"","src":"https:\/\/i1.wp.com\/batimedianews.com\/live\/wp-content\/uploads\/2022\/05\/Viessmann-Article.jpg?fit=1080%2C1080&resize=350%2C200","width":350,"height":200},"classes":[]},{"id":9282,"url":"http:\/\/batimedianews.com\/live\/index.php\/2021\/04\/27\/plethore-dactualites-chez-viessmann-entre-evenements-digitaux-internationaux-nouveautes-en-chaudieres-pompes-a-chaleur-et-plateforme-de-services\/","url_meta":{"origin":47628,"position":5},"title":"Pl\u00e9thore d\u2019actualit\u00e9s chez Viessmann : entre \u00e9v\u00e9nements digitaux internationaux, nouveaut\u00e9s en chaudi\u00e8res, pompes \u00e0 chaleur et plateforme de services","date":"27 avril 2021","format":false,"excerpt":"Viessmann f\u00eate l\u2019arriv\u00e9e du printemps 2021 avec un large \u00e9ventail d\u2019actualit\u00e9s et de nouveaut\u00e9s produits et services. Un \u00e9v\u00e9nement digital sans pr\u00e9c\u00e9dent Avec la tenue d\u2019un salon ISH 2021 en format distanciel, le groupe Viessmann avait d\u00e9cid\u00e9 de cr\u00e9er, en parall\u00e8le, un \u00e9v\u00e9nement digital unique via le d\u00e9ploiement en ligne\u2026","rel":"","context":"Dans &quot;Actualit\u00e9 Entreprises&quot;","img":{"alt_text":"","src":"https:\/\/i0.wp.com\/batimedianews.com\/live\/wp-content\/uploads\/2021\/04\/image-143.png?fit=1060%2C638&resize=350%2C200","width":350,"height":200},"classes":[]}],"_links":{"self":[{"href":"http:\/\/batimedianews.com\/live\/index.php\/wp-json\/wp\/v2\/posts\/47628"}],"collection":[{"href":"http:\/\/batimedianews.com\/live\/index.php\/wp-json\/wp\/v2\/posts"}],"about":[{"href":"http:\/\/batimedianews.com\/live\/index.php\/wp-json\/wp\/v2\/types\/post"}],"author":[{"embeddable":true,"href":"http:\/\/batimedianews.com\/live\/index.php\/wp-json\/wp\/v2\/users\/41"}],"replies":[{"embeddable":true,"href":"http:\/\/batimedianews.com\/live\/index.php\/wp-json\/wp\/v2\/comments?post=47628"}],"version-history":[{"count":3,"href":"http:\/\/batimedianews.com\/live\/index.php\/wp-json\/wp\/v2\/posts\/47628\/revisions"}],"predecessor-version":[{"id":47686,"href":"http:\/\/batimedianews.com\/live\/index.php\/wp-json\/wp\/v2\/posts\/47628\/revisions\/47686"}],"wp:featuredmedia":[{"embeddable":true,"href":"http:\/\/batimedianews.com\/live\/index.php\/wp-json\/wp\/v2\/media\/47636"}],"wp:attachment":[{"href":"http:\/\/batimedianews.com\/live\/index.php\/wp-json\/wp\/v2\/media?parent=47628"}],"wp:term":[{"taxonomy":"category","embeddable":true,"href":"http:\/\/batimedianews.com\/live\/index.php\/wp-json\/wp\/v2\/categories?post=47628"},{"taxonomy":"post_tag","embeddable":true,"href":"http:\/\/batimedianews.com\/live\/index.php\/wp-json\/wp\/v2\/tags?post=47628"}],"curies":[{"name":"wp","href":"https:\/\/api.w.org\/{rel}","templated":true}]}}