{"id":47637,"date":"2025-10-29T08:37:43","date_gmt":"2025-10-29T07:37:43","guid":{"rendered":"http:\/\/batimedianews.com\/live\/?p=47637"},"modified":"2025-10-29T08:37:46","modified_gmt":"2025-10-29T07:37:46","slug":"exclusif-sur-le-marche-edycem-lance-la-premiere-canne-a-chape-avec-tuyau-leger-un-outil-innovant-pour-renforcer-la-securite-et-le-confort-sur-les-chantiers","status":"publish","type":"post","link":"http:\/\/batimedianews.com\/live\/index.php\/2025\/10\/29\/exclusif-sur-le-marche-edycem-lance-la-premiere-canne-a-chape-avec-tuyau-leger-un-outil-innovant-pour-renforcer-la-securite-et-le-confort-sur-les-chantiers\/","title":{"rendered":"Exclusif sur le march\u00e9 : EDYCEM lance la premi\u00e8re canne \u00e0 chape avec tuyau l\u00e9ger : un outil innovant pour renforcer la s\u00e9curit\u00e9 et le confort sur les chantiers"},"content":{"rendered":"\n<p class=\"has-text-align-justify\">L\u2019am\u00e9lioration continue des conditions de travail sur les chantiers est l\u2019un des enjeux prioritaires pour le sp\u00e9cialiste du b\u00e9ton EDYCEM. Acteur engag\u00e9, l\u2019industriel a con\u00e7u une <strong>canne \u00e0 chape avec tuyau l\u00e9ger innovante<\/strong>, apr\u00e8s plus d\u2019un an de d\u00e9veloppement en collaboration avec un groupement d\u2019applicateurs. Cet <strong>outil 2 en 1<\/strong>, unique sur le march\u00e9, r\u00e9pond \u00e0 une double probl\u00e9matique rencontr\u00e9e quotidiennement par les chapistes et les chauffeurs : <strong>la s\u00e9curit\u00e9 lors du nettoyage de la pompe et du tuyau, et la p\u00e9nibilit\u00e9 lors du coulage<\/strong>.&nbsp;<\/p>\n\n\n\n<p class=\"has-text-align-center\" style=\"font-size:18px\">&nbsp;<em>\u00ab Elle est le fruit d\u2019un travail collectif ! Nous sommes partis d\u2019une probl\u00e9matique chantier, avons analys\u00e9 la situation \u00e0 risque et \u00e9cout\u00e9 les retours des compagnons. Puis ensemble, nous avons construit une r\u00e9ponse efficace, ergonomique et durable. \u00bb, <\/em>explique Nathanael LEVENEZ, cr\u00e9ateur de la canne \u00e0 chape avec tuyau l\u00e9ger.&nbsp;<\/p>\n\n\n\n<div class=\"wp-block-media-text alignwide has-media-on-the-right is-stacked-on-mobile\" style=\"grid-template-columns:auto 24%\"><figure class=\"wp-block-media-text__media\"><img loading=\"lazy\" width=\"544\" height=\"730\" src=\"https:\/\/i0.wp.com\/batimedianews.com\/live\/wp-content\/uploads\/2025\/10\/image-170.png?resize=544%2C730\" alt=\"\" class=\"wp-image-47638 size-full\" srcset=\"https:\/\/i0.wp.com\/batimedianews.com\/live\/wp-content\/uploads\/2025\/10\/image-170.png?w=544 544w, https:\/\/i0.wp.com\/batimedianews.com\/live\/wp-content\/uploads\/2025\/10\/image-170.png?resize=768%2C1030 768w, https:\/\/i0.wp.com\/batimedianews.com\/live\/wp-content\/uploads\/2025\/10\/image-170.png?resize=432%2C580 432w, https:\/\/i0.wp.com\/batimedianews.com\/live\/wp-content\/uploads\/2025\/10\/image-170.png?resize=396%2C531 396w\" sizes=\"(max-width: 600px) 91vw, (max-width: 900px) 600px, (max-width: 1060px) 50vw, (max-width: 1200px) 520px, (max-width: 1400px) 43vw, 600px\" data-recalc-dims=\"1\" \/><\/figure><div class=\"wp-block-media-text__content\">\n<p class=\"has-text-align-justify\">&nbsp;D\u2019une longueur de 2,5 m, la canne \u00e0 chape EDYCEM se distingue par sa <strong>courbure sp\u00e9cifique en partie haute<\/strong>, permettant un maintien stable et s\u00e9curis\u00e9 sur la t\u00eate de la goulotte du camion. Une fois le tuyau l\u00e9ger fix\u00e9 sur la canne, les professionnels peuvent facilement r\u00e9cup\u00e9rer les surplus de chape dans la toupie ainsi que les eaux de nettoyage. <strong>La garantie d&rsquo;un tuyau ma\u00eetris\u00e9 pour un chantier plus s\u00fbr et propre, sans glissades, chutes ni \u00e9claboussures.<\/strong> Un confort \u00e9galement pour le <strong>chauffeur qui n\u2019a plus \u00e0 maintenir le tuyau durant toute cette phase<\/strong>. Une solution universelle qui allie s\u00e9curit\u00e9, ergonomie et propret\u00e9 du chantier.&nbsp;<\/p>\n\n\n\n<p>Le tuyau, de 10 m et d\u2019un poids de 10 kg, est <strong>cinq fois plus l\u00e9ger qu\u2019un tuyau standard.<\/strong> Lors du coulage de la chape fluide, les compagnons gagnent en <strong>confort de manutention<\/strong>. Gain\u00e9, le tuyau est gage de robustesse et de durabilit\u00e9 dans le temps.&nbsp;<\/p>\n<\/div><\/div>\n\n\n\n<p class=\"has-text-align-center\" style=\"font-size:18px\">&nbsp;<em>\u00ab Le risque z\u00e9ro n\u2019existe pas sur les chantiers, mais chaque innovation qui r\u00e9duit les accidents et les efforts physiques est une avanc\u00e9e majeure. Cette canne \u00e0 chape avec tuyau l\u00e9ger, imagin\u00e9e par EDYCEM, est une r\u00e9ponse concr\u00e8te aux enjeux de s\u00e9curit\u00e9 et de confort au travail pour les compagnons et nos chauffeurs. <strong>Un investissement rentable<\/strong> pour les entreprises, qu\u2019elles soient chapistes ou carreleurs-chapistes, puisque sa<strong> long\u00e9vit\u00e9 est de plusieurs d\u00e9cennies voire \u00e0 vie si l\u2019ensemble est bien entretenu.<\/strong> \u00bb, <\/em>explique Carole REMBAUD, Responsable HSE EDYCEM.&nbsp;<\/p>\n\n\n\n<p class=\"has-medium-font-size\">\u25aa Retour terrain de BATICERAM&nbsp;<\/p>\n\n\n\n<p class=\"has-text-align-justify\">BATICERAM est l\u2019une des entreprises qui fait partie du groupement d\u2019applicateurs ayant collabor\u00e9 au d\u00e9veloppement de la nouvelle canne \u00e0 chape avec tuyau l\u00e9ger EDYCEM. Cr\u00e9\u00e9e en 1995 et reprise en 2024 par Guillaume DUGAST, l\u2019entreprise BATICERAM, compte 18 collaborateurs dont 2 \u00e9quipes de 2 chapistes. Elle est implant\u00e9e \u00e0 G\u00e9tign\u00e9 en Loire Atlantique et intervient dans un rayon de 80 km pour les chapes, sur des march\u00e9s publics (\u00e9coles, cr\u00e8ches, coll\u00e8ges, lyc\u00e9es, m\u00e9diath\u00e8ques\u2026) et priv\u00e9s (logements, bureaux\u2026).&nbsp;<\/p>\n\n\n\n<p class=\"has-text-align-center\" style=\"font-size:18px\"><em>Son dirigeant Guillaume DUGAST souligne \u00ab La canne \u00e0 chape avec tuyau l\u00e9ger EDYCEM n\u2019est pas une solution r\u00e9serv\u00e9e qu\u2019aux gros applicateurs.<strong> Toutes les structures peuvent y trouver un int\u00e9r\u00eat <\/strong>car le confort est optimal du d\u00e9but jusqu\u2019\u00e0 la fin du chantier : manutention des tuyaux, coulage, reprise fin de chape et nettoyage. Elle est <strong>l\u00e9g\u00e8re, peu encombrante, facilement transportable dans un camion et s\u2019adapte \u00e0 tous les supports<\/strong>.&nbsp;<\/em><\/p>\n\n\n\n<p class=\"has-text-align-center\" style=\"font-size:18px\"><em>Nous avons test\u00e9 le prototype et fait remonter nos r\u00e9serves \u00e0 l\u2019\u00e9quipe d\u00e9veloppement d\u2019EDYCEM, notamment le besoin d\u2019all\u00e9ger l\u2019outil. Apr\u00e8s trois mois de recherche, la canne \u00e0 chape avec tuyau l\u00e9ger \u00e9tait pr\u00eate. C\u2019est une solution universelle qui simplifie nos t\u00e2ches r\u00e9p\u00e9titives sur les chantiers. <strong>Apr\u00e8s l\u2019avoir utilis\u00e9e sur environ 10 000 m\u00b2, les retours de mes chapistes sont unanimes : l\u2019essayer c\u2019est l\u2019adopter !<\/strong>&nbsp;<\/em><\/p>\n\n\n\n<div class=\"wp-block-media-text alignwide has-media-on-the-right is-stacked-on-mobile\" style=\"grid-template-columns:auto 23%\"><figure class=\"wp-block-media-text__media\"><img loading=\"lazy\" width=\"536\" height=\"838\" src=\"https:\/\/i2.wp.com\/batimedianews.com\/live\/wp-content\/uploads\/2025\/10\/image-171.png?resize=536%2C838\" alt=\"\" class=\"wp-image-47639 size-full\" srcset=\"https:\/\/i2.wp.com\/batimedianews.com\/live\/wp-content\/uploads\/2025\/10\/image-171.png?w=536 536w, https:\/\/i2.wp.com\/batimedianews.com\/live\/wp-content\/uploads\/2025\/10\/image-171.png?resize=768%2C1200 768w, https:\/\/i2.wp.com\/batimedianews.com\/live\/wp-content\/uploads\/2025\/10\/image-171.png?resize=432%2C675 432w, https:\/\/i2.wp.com\/batimedianews.com\/live\/wp-content\/uploads\/2025\/10\/image-171.png?resize=396%2C619 396w\" sizes=\"(max-width: 600px) 91vw, (max-width: 900px) 600px, (max-width: 1060px) 50vw, (max-width: 1200px) 520px, (max-width: 1400px) 43vw, 600px\" data-recalc-dims=\"1\" \/><\/figure><div class=\"wp-block-media-text__content\">\n<figure class=\"wp-block-image size-full is-resized\"><img loading=\"lazy\" src=\"https:\/\/i1.wp.com\/batimedianews.com\/live\/wp-content\/uploads\/2025\/10\/image-172.png?resize=577%2C455\" alt=\"\" class=\"wp-image-47640\" width=\"577\" height=\"455\" srcset=\"https:\/\/i1.wp.com\/batimedianews.com\/live\/wp-content\/uploads\/2025\/10\/image-172.png?w=994 994w, https:\/\/i1.wp.com\/batimedianews.com\/live\/wp-content\/uploads\/2025\/10\/image-172.png?resize=768%2C605 768w, https:\/\/i1.wp.com\/batimedianews.com\/live\/wp-content\/uploads\/2025\/10\/image-172.png?resize=432%2C341 432w, https:\/\/i1.wp.com\/batimedianews.com\/live\/wp-content\/uploads\/2025\/10\/image-172.png?resize=396%2C312 396w, https:\/\/i1.wp.com\/batimedianews.com\/live\/wp-content\/uploads\/2025\/10\/image-172.png?resize=660%2C521 660w\" sizes=\"(max-width: 600px) 91vw, (max-width: 900px) 600px, (max-width: 1060px) 50vw, (max-width: 1200px) 520px, (max-width: 1400px) 43vw, 600px\" data-recalc-dims=\"1\" \/><\/figure>\n<\/div><\/div>\n\n\n\n<div class=\"wp-block-group has-background\" style=\"background-color:#607ef6\"><div class=\"wp-block-group__inner-container\">\n<p class=\"has-sm-light-primary-color has-text-color has-small-font-size\"><strong>\u00c0 propos d\u2019EDYCEM&nbsp;<\/strong><\/p>\n\n\n\n<p class=\"has-sm-light-primary-color has-text-color has-small-font-size\">Avec 35 centrales \u00e0 B\u00e9ton Pr\u00eat \u00e0 l\u2019Emploi b\u00e9n\u00e9ficiant majoritairement du marquage NF, une plateforme de traitement des granulats et une usine de pr\u00e9fabrication industrielle, EDYCEM offre des produits alliant technicit\u00e9 et esth\u00e9tisme, et couvre un territoire qui s\u2019\u00e9tend de Rennes \u00e0 Arcachon. L\u2019entreprise affirme son attachement historique au m\u00e9tier du b\u00e9ton par son expertise et ses valeurs fondatrices que sont la culture de l\u2019innovation, la proximit\u00e9, le service client et l\u2019esprit d\u2019\u00e9quipe. EDYCEM est l\u2019activit\u00e9 b\u00e9ton d\u2019HERIGE Industries.&nbsp;<\/p>\n<\/div><\/div>\n","protected":false},"excerpt":{"rendered":"<p>L\u2019am\u00e9lioration continue des conditions de travail sur les chantiers est l\u2019un des enjeux prioritaires pour le sp\u00e9cialiste du b\u00e9ton EDYCEM. Acteur engag\u00e9, l\u2019industriel a con\u00e7u une canne \u00e0 chape avec tuyau l\u00e9ger innovante, apr\u00e8s plus d\u2019un an de d\u00e9veloppement en collaboration avec un groupement d\u2019applicateurs. Cet outil 2 en 1, unique sur le march\u00e9, r\u00e9pond [&hellip;]<\/p>\n","protected":false},"author":41,"featured_media":47641,"comment_status":"open","ping_status":"open","sticky":true,"template":"","format":"standard","meta":{"spay_email":""},"categories":[4,519,867,89],"tags":[],"jetpack_featured_media_url":"https:\/\/i0.wp.com\/batimedianews.com\/live\/wp-content\/uploads\/2025\/10\/Edycem.jpg?fit=1513%2C825","jetpack_sharing_enabled":true,"jetpack_likes_enabled":true,"jetpack-related-posts":[{"id":15378,"url":"http:\/\/batimedianews.com\/live\/index.php\/2022\/02\/01\/edycem-bpe-devoile-la-nouvelle-chape-kalkiss-premium\/","url_meta":{"origin":47637,"position":0},"title":"EDYCEM BPE DEVOILE LA NOUVELLE CHAPE KALKISS\u00ae PREMIUM","date":"1 f\u00e9vrier 2022","format":false,"excerpt":"A l\u2019\u00e9coute des besoins terrain des chapistes, EDYCEM BPE enrichit constamment sa gamme de chapes KALKISS\u00ae pour proposer une offre compl\u00e8te con\u00e7ue pour le plus grand nombre d\u2019applications. En t\u00e9moigne le lancement de la version KALKISS\u00ae PREMIUM, sous DTA depuis d\u00e9cembre dernier (13\/21-1492-V1). Destin\u00e9e aux espaces de grande surface, jusqu\u2019\u00e0\u2026","rel":"","context":"Dans &quot;Actualit\u00e9 Entreprises&quot;","img":{"alt_text":"","src":"https:\/\/i0.wp.com\/batimedianews.com\/live\/wp-content\/uploads\/2022\/01\/EDYCEM-Article.jpg?fit=512%2C512&resize=350%2C200","width":350,"height":200},"classes":[]},{"id":34191,"url":"http:\/\/batimedianews.com\/live\/index.php\/2024\/01\/10\/edycem-lance-sa-nouvelle-chape-fluide-kalkiss-hpc-une-reponse-technique-adaptee-aux-projets-classes-u4p3e3c2\/","url_meta":{"origin":47637,"position":1},"title":"EDYCEM lance sa nouvelle chape fluide KALKISS\u00ae HPC  : une r\u00e9ponse technique adapt\u00e9e aux projets classes \u00ab U4P3E3C2 \u00bb","date":"10 janvier 2024","format":false,"excerpt":"\u00a0A l\u2019\u00e9coute des besoins du terrain, EDYCEM, l\u2019activit\u00e9 b\u00e9ton du Groupe HERIGE, enrichit une nouvelle fois sa gamme de chapes fluides KALKISS\u00ae, d\u00e9j\u00e0 compos\u00e9e de trois r\u00e9f\u00e9rences* pour r\u00e9pondre au plus grand nombre d\u2019applications. La nouvelle chape fluide KALKISS\u00ae HPC est destin\u00e9e aux sols int\u00e9rieurs hors planchers chauffants.\u00a0 Sa r\u00e9sistance\u2026","rel":"","context":"Dans &quot;Actualit\u00e9 Entreprises&quot;","img":{"alt_text":"","src":"https:\/\/i2.wp.com\/batimedianews.com\/live\/wp-content\/uploads\/2024\/01\/Edycem.jpg?fit=825%2C825&resize=350%2C200","width":350,"height":200},"classes":[]},{"id":12977,"url":"http:\/\/batimedianews.com\/live\/index.php\/2021\/10\/20\/edycem-bpe-obtient-un-dta-pour-sa-chape-kalkiss-sp-evolution-une-reponse-aux-attentes-des-chapistes-du-reseau-ondaliss-des-sols\/","url_meta":{"origin":47637,"position":2},"title":"EDYCEM BPE OBTIENT UN DTA POUR SA CHAPE KALKISS\u00ae SP \u00c9VOLUTION: UNE R\u00c9PONSE AUX ATTENTES DES CHAPISTES DU RESEAU ONDALISS\u00ae DES SOLS","date":"20 octobre 2021","format":false,"excerpt":"\u00a0ARTIBAT - HALL 10B - STAND G15\u00a0 En qu\u00eate permanente d\u2019innovation pour faciliter le quotidien des professionnels, EDYCEM BPE confirme son positionnement pr\u00e9curseur. D\u00e9j\u00e0 d\u00e9tentrice d\u2019un DTA pour sa chape KALKISS\u00ae SP, l\u2019entreprise a fait \u00e9voluer l\u2019Avis Technique pour r\u00e9pondre \u00e0 la demande terrain des chapistes. Elle vient d\u2019obtenir du\u2026","rel":"","context":"Dans &quot;Actualit\u00e9 Entreprises&quot;","img":{"alt_text":"","src":"https:\/\/i1.wp.com\/batimedianews.com\/live\/wp-content\/uploads\/2021\/10\/EDYCEM-Article-1.jpg?fit=512%2C512&resize=350%2C200","width":350,"height":200},"classes":[]},{"id":177,"url":"http:\/\/batimedianews.com\/live\/index.php\/2018\/10\/03\/edycem-salon-artibat-2018-presentation-des-dernieres-innovations-beton\/","url_meta":{"origin":47637,"position":3},"title":"Edycem- Salon Artibat 2018- pr\u00e9sentation des derni\u00e8res innovations b\u00e9ton","date":"3 octobre 2018","format":false,"excerpt":"Cette \u00e9dition du salon ARTIBAT constituera une vitrine du savoir-faire d\u2019EDYCEM,\u00a0 branche du groupe HERIGE. Elle pr\u00e9sentera ses derni\u00e8res nouveaut\u00e9s en mati\u00e8re de b\u00e9tons, pr\u00eat-\u00e0-l\u2019emploi et pr\u00e9fabriqu\u00e9. EDYCEM BPE L\u2019activit\u00e9 BPE d\u2019EDYCEM est port\u00e9e, depuis plusieurs ann\u00e9es, par un esprit pionnier d\u2019innovation. La chaire de recherche mise en place avec\u2026","rel":"","context":"Dans &quot;Artibat 2018&quot;","img":{"alt_text":"","src":"https:\/\/i2.wp.com\/batimedianews.com\/live\/wp-content\/uploads\/2018\/10\/edycem.jpg?fit=990%2C449&resize=350%2C200","width":350,"height":200},"classes":[]},{"id":43846,"url":"http:\/\/batimedianews.com\/live\/index.php\/2025\/03\/27\/edycem-deploie-un-service-et-des-outils-dedies-a-la-prescription\/","url_meta":{"origin":47637,"position":4},"title":"EDYCEM d\u00e9ploie un service et des outils d\u00e9di\u00e9s \u00e0 la prescription","date":"27 mars 2025","format":false,"excerpt":"Convaincue que les projets doivent \u00eatre trait\u00e9s d\u00e8s la phase de faisabilit\u00e9, EDYCEM s\u2019est structur\u00e9e pour r\u00e9pondre aux besoins sp\u00e9cifiques des ma\u00eetres d\u2019ouvrage, architectes, bureaux d\u2019\u00e9tudes, \u00e9conomistes\u2026 L\u2019activit\u00e9 b\u00e9ton d\u2019HERIGE Industries a ainsi mis en place une \u00e9quipe d\u00e9di\u00e9e \u00e0 la prescription. Pilot\u00e9e par B\u00e9atrice VILA, Directrice Marketing, Communication, Prescription\u2026","rel":"","context":"Dans &quot;Actualit\u00e9 Entreprises&quot;","img":{"alt_text":"","src":"https:\/\/i2.wp.com\/batimedianews.com\/live\/wp-content\/uploads\/2025\/03\/Edycem.jpg?fit=825%2C825&resize=350%2C200","width":350,"height":200},"classes":[]},{"id":49207,"url":"http:\/\/batimedianews.com\/live\/index.php\/2026\/02\/09\/edycem-presente-sa-feuille-de-route-2026-des-investissements-majeurs-au-service-de-la-performance-et-de-la-transition-environnementale\/","url_meta":{"origin":47637,"position":5},"title":"EDYCEM pr\u00e9sente sa feuille de route 2026 &#8211; Des investissements majeurs au service de la performance et de la transition environnementale","date":"9 f\u00e9vrier 2026","format":false,"excerpt":"Acteur industriel de r\u00e9f\u00e9rence dans le Grand Ouest, sp\u00e9cialiste du b\u00e9ton pr\u00eat \u00e0 l\u2019emploi et des produits pr\u00e9fabriqu\u00e9s en b\u00e9ton, EDYCEM, filiale d\u2019HERIGE Industries, pr\u00e9sente sa feuille de route 2026. Inscrite dans la continuit\u00e9 de ses engagements, structur\u00e9s autour de quatre piliers fondateurs \u00ab le progr\u00e8s humain \u00bb, \u00ab l\u2019environnement\u2026","rel":"","context":"Dans &quot;Actualit\u00e9 Entreprises&quot;","img":{"alt_text":"","src":"https:\/\/i2.wp.com\/batimedianews.com\/live\/wp-content\/uploads\/2026\/02\/Edycem.jpg?fit=825%2C825&resize=350%2C200","width":350,"height":200},"classes":[]}],"_links":{"self":[{"href":"http:\/\/batimedianews.com\/live\/index.php\/wp-json\/wp\/v2\/posts\/47637"}],"collection":[{"href":"http:\/\/batimedianews.com\/live\/index.php\/wp-json\/wp\/v2\/posts"}],"about":[{"href":"http:\/\/batimedianews.com\/live\/index.php\/wp-json\/wp\/v2\/types\/post"}],"author":[{"embeddable":true,"href":"http:\/\/batimedianews.com\/live\/index.php\/wp-json\/wp\/v2\/users\/41"}],"replies":[{"embeddable":true,"href":"http:\/\/batimedianews.com\/live\/index.php\/wp-json\/wp\/v2\/comments?post=47637"}],"version-history":[{"count":2,"href":"http:\/\/batimedianews.com\/live\/index.php\/wp-json\/wp\/v2\/posts\/47637\/revisions"}],"predecessor-version":[{"id":47668,"href":"http:\/\/batimedianews.com\/live\/index.php\/wp-json\/wp\/v2\/posts\/47637\/revisions\/47668"}],"wp:featuredmedia":[{"embeddable":true,"href":"http:\/\/batimedianews.com\/live\/index.php\/wp-json\/wp\/v2\/media\/47641"}],"wp:attachment":[{"href":"http:\/\/batimedianews.com\/live\/index.php\/wp-json\/wp\/v2\/media?parent=47637"}],"wp:term":[{"taxonomy":"category","embeddable":true,"href":"http:\/\/batimedianews.com\/live\/index.php\/wp-json\/wp\/v2\/categories?post=47637"},{"taxonomy":"post_tag","embeddable":true,"href":"http:\/\/batimedianews.com\/live\/index.php\/wp-json\/wp\/v2\/tags?post=47637"}],"curies":[{"name":"wp","href":"https:\/\/api.w.org\/{rel}","templated":true}]}}