{"id":48358,"date":"2025-12-15T10:09:17","date_gmt":"2025-12-15T09:09:17","guid":{"rendered":"http:\/\/batimedianews.com\/live\/?p=48358"},"modified":"2025-12-15T10:09:19","modified_gmt":"2025-12-15T09:09:19","slug":"hormann-lance-son-centre-de-formations-habitat-a-gron","status":"publish","type":"post","link":"http:\/\/batimedianews.com\/live\/index.php\/2025\/12\/15\/hormann-lance-son-centre-de-formations-habitat-a-gron\/","title":{"rendered":"H\u00f6rmann lance son Centre de Formations Habitat \u00e0 Gron"},"content":{"rendered":"\n<div class=\"wp-block-media-text alignwide is-stacked-on-mobile\" style=\"grid-template-columns:42% auto\"><figure class=\"wp-block-media-text__media\"><img loading=\"lazy\" width=\"720\" height=\"468\" src=\"https:\/\/i1.wp.com\/batimedianews.com\/live\/wp-content\/uploads\/2025\/12\/image-35.png?resize=720%2C468\" alt=\"\" class=\"wp-image-48359 size-full\" srcset=\"https:\/\/i1.wp.com\/batimedianews.com\/live\/wp-content\/uploads\/2025\/12\/image-35.png?w=892 892w, https:\/\/i1.wp.com\/batimedianews.com\/live\/wp-content\/uploads\/2025\/12\/image-35.png?resize=768%2C499 768w, https:\/\/i1.wp.com\/batimedianews.com\/live\/wp-content\/uploads\/2025\/12\/image-35.png?resize=432%2C281 432w, https:\/\/i1.wp.com\/batimedianews.com\/live\/wp-content\/uploads\/2025\/12\/image-35.png?resize=396%2C257 396w, https:\/\/i1.wp.com\/batimedianews.com\/live\/wp-content\/uploads\/2025\/12\/image-35.png?resize=660%2C429 660w\" sizes=\"(max-width: 600px) 91vw, (max-width: 900px) 600px, (max-width: 1060px) 50vw, (max-width: 1200px) 520px, (max-width: 1400px) 43vw, 600px\" data-recalc-dims=\"1\" \/><\/figure><div class=\"wp-block-media-text__content\">\n<p class=\"has-text-align-justify has-background has-normal-font-size\" style=\"background-color:#eeb054\"><strong>&nbsp;Apr\u00e8s l\u2019ouverture de son Centre de formations Industrie \u00e0 Pusignan en mars 2024, H\u00f6rmann France persiste dans l\u2019accompagnement de la mont\u00e9e en comp\u00e9tence des professionnels. Le leader europ\u00e9en accueille d\u00e9sormais, en plus, au sein de son si\u00e8ge social de Gron, son Centre de formations sp\u00e9cialement d\u00e9volu \u00e0 ses offres Habitat. Certifi\u00e9 Qualiopi, ce nouveau Centre de formations H\u00f6rmann Acad\u00e9mie propose en effet, aux stagiaires professionnels, de parfaire leurs connaissances techniques sur l\u2019offre H\u00f6rmann Habitat en portes de garage, motorisations de porte de garage et motorisations de portails\u2026&nbsp;<\/strong><\/p>\n<\/div><\/div>\n\n\n\n<p class=\"has-text-align-justify\">Ce Centre de formations se compose d\u2019espaces modernes, id\u00e9alement \u00e9quip\u00e9s (\u00e9crans tactiles, PC portables\u2026) sur une surface totale de 135 m2. Privil\u00e9giant coh\u00e9rence p\u00e9dagogique et convivialit\u00e9, les sessions se destinent \u00e0 des groupes d\u2019un maximum de 6 stagiaires (commerciaux mais surtout poseurs ou techniciens concern\u00e9s par la pose et\/ou la programmation des produits H\u00f6rmann).&nbsp;<\/p>\n\n\n\n<div class=\"wp-block-media-text alignwide is-stacked-on-mobile\" style=\"grid-template-columns:20% auto\"><figure class=\"wp-block-media-text__media\"><img loading=\"lazy\" width=\"326\" height=\"394\" src=\"https:\/\/i0.wp.com\/batimedianews.com\/live\/wp-content\/uploads\/2025\/12\/image-36.png?resize=326%2C394\" alt=\"\" class=\"wp-image-48360 size-full\" srcset=\"https:\/\/i0.wp.com\/batimedianews.com\/live\/wp-content\/uploads\/2025\/12\/image-36.png?w=326 326w, https:\/\/i0.wp.com\/batimedianews.com\/live\/wp-content\/uploads\/2025\/12\/image-36.png?resize=768%2C928 768w\" sizes=\"(max-width: 600px) 91vw, (max-width: 900px) 600px, (max-width: 1060px) 50vw, (max-width: 1200px) 520px, (max-width: 1400px) 43vw, 600px\" data-recalc-dims=\"1\" \/><\/figure><div class=\"wp-block-media-text__content\">\n<p class=\"has-text-align-justify has-normal-font-size\">Pour une formation optimale, H\u00f6rmann a fait le choix de conjuguer session th\u00e9orique le matin et atelier pratique l\u2019apr\u00e8s-midi. Soulignons que la partie \u00ab\u00a0pratique\u00a0\u00bb se tient dans un espace d\u00e9volu de 103 m2, afin de proposer des modules qualifiants concrets sur des produits en conditions r\u00e9elles tels que : porte de garage sectionnelle ferrure Z, porte de garage sectionnelle \u00e0 portillon ferrure N, porte de garage lat\u00e9rale, porte de garage enroulable, portail coulissant, portail battant, mais aussi motorisations (ProMatic, SupraMatic, Lin\u00e9aMatic, VersaMatic, Rotamatic) ou encore accessoires (t\u00e9l\u00e9commandes, digicodes, feux clignotants). Notons \u00e9galement qu\u2019H\u00f6rmann met \u00e0 disposition une salle de d\u00e9tente pour les pauses qui permet de prolonger les \u00e9changes conviviaux.&nbsp;<\/p>\n<\/div><\/div>\n\n\n\n<div class=\"wp-block-media-text alignwide is-stacked-on-mobile\" style=\"grid-template-columns:20% auto\"><figure class=\"wp-block-media-text__media\"><img loading=\"lazy\" width=\"298\" height=\"422\" src=\"https:\/\/i1.wp.com\/batimedianews.com\/live\/wp-content\/uploads\/2025\/12\/image-37.png?resize=298%2C422\" alt=\"\" class=\"wp-image-48361 size-full\" srcset=\"https:\/\/i1.wp.com\/batimedianews.com\/live\/wp-content\/uploads\/2025\/12\/image-37.png?w=298 298w, https:\/\/i1.wp.com\/batimedianews.com\/live\/wp-content\/uploads\/2025\/12\/image-37.png?resize=768%2C1087 768w\" sizes=\"(max-width: 600px) 91vw, (max-width: 900px) 600px, (max-width: 1060px) 50vw, (max-width: 1200px) 520px, (max-width: 1400px) 43vw, 600px\" data-recalc-dims=\"1\" \/><\/figure><div class=\"wp-block-media-text__content\">\n<p class=\"has-text-align-justify has-normal-font-size\">Pr\u00e9cisons que ce centre de formations propose 6 modules d\u2019une dur\u00e9e de 8 heures, alternant th\u00e9orie et pratique : \u00ab\u00a0Pose porte de garage sectionnelle ferrure Z et ses motorisations\u00a0\u00bb, \u00ab\u00a0Pose porte de garage sectionnelle ferrure N-L et ses motorisations\u00a0\u00bb, \u00ab\u00a0Pose porte de garage lat\u00e9rale et ses motorisations\u00a0\u00bb, \u00ab\u00a0Pose porte de garage enroulable motoris\u00e9e\u00a0\u00bb, \u00ab\u00a0Motorisations et accessoires de portes de garage\u00a0\u00bb et enfin \u00ab\u00a0Motorisations des portes de garage, portails et accessoires\u00a0\u00bb. Notons, de plus, que pr\u00e8s de 60 sessions sont d\u00e9j\u00e0 planifi\u00e9es sur 2026 et que d\u2019autres modules viendront compl\u00e9ter l\u2019offre des formations en 2026.&nbsp;<\/p>\n<\/div><\/div>\n\n\n\n<p class=\"has-text-align-justify\">Enfin, comme la H\u00f6rmann Acad\u00e9mie est certifi\u00e9e Qualiopi, les stagiaires peuvent faire appel \u00e0 leur OPCO pour la prise en charge financi\u00e8re de leur formation (d\u2019un co\u00fbt de 400 euros HT\/par personne, le d\u00e9jeuner \u00e9tant offert par H\u00f6rmann).&nbsp;<\/p>\n\n\n\n<p class=\"has-text-align-justify has-background has-small-font-size\" style=\"background-color:#d6d9da\">Le groupe H\u00f6rmann est une entreprise en pleine croissance de l\u2019industrie du second \u0153uvre, pr\u00e9sente au niveau international. Nous fabriquons des portes de garage, d\u2019entr\u00e9e, des huisseries, des motorisations, des syst\u00e8mes de contr\u00f4le d\u2019acc\u00e8s et des espaces de rangement pour l\u2019Europe, l\u2019Am\u00e9rique du Nord et l\u2019Asie dans plus de 40 usines hautement sp\u00e9cialis\u00e9es. Nous poss\u00e9dons plus de 100 sites de distribution dans plus de 40 pays et sommes repr\u00e9sent\u00e9s par des entreprises partenaires dans plus de 50 autres pays. Avec ses 6000 employ\u00e9(e)s, notre entreprise 100 % familiale d\u00e9gage un chiffre d\u2019affaires de plus d\u2019un milliard d\u2019euros. Une r\u00e9ussite port\u00e9e par son engagement sans cesse renouvel\u00e9 en faveur de l\u2019innovation, de la qualit\u00e9 et de la proximit\u00e9 client.<\/p>\n","protected":false},"excerpt":{"rendered":"<p>&nbsp;Apr\u00e8s l\u2019ouverture de son Centre de formations Industrie \u00e0 Pusignan en mars 2024, H\u00f6rmann France persiste dans l\u2019accompagnement de la mont\u00e9e en comp\u00e9tence des professionnels. Le leader europ\u00e9en accueille d\u00e9sormais, en plus, au sein de son si\u00e8ge social de Gron, son Centre de formations sp\u00e9cialement d\u00e9volu \u00e0 ses offres Habitat. Certifi\u00e9 Qualiopi, ce nouveau Centre [&hellip;]<\/p>\n","protected":false},"author":41,"featured_media":48363,"comment_status":"open","ping_status":"open","sticky":true,"template":"","format":"standard","meta":{"spay_email":""},"categories":[4,67,73],"tags":[],"jetpack_featured_media_url":"https:\/\/i1.wp.com\/batimedianews.com\/live\/wp-content\/uploads\/2025\/12\/Hormann.jpg?fit=1513%2C825","jetpack_sharing_enabled":true,"jetpack_likes_enabled":true,"jetpack-related-posts":[{"id":24979,"url":"http:\/\/batimedianews.com\/live\/index.php\/2022\/11\/25\/premier-bilan-de-lannee-2022\/","url_meta":{"origin":48358,"position":0},"title":"Premier bilan de l\u2019ann\u00e9e 2022","date":"25 novembre 2022","format":false,"excerpt":"Dressant un premier bilan de l\u2019exercice 2022, Markus Stump, Directeur G\u00e9n\u00e9ral d\u2019H\u00f6rmann France, confirme que la dynamique du march\u00e9 fran\u00e7ais lui permet d\u2019atteindre les objectifs fix\u00e9s, toutes activit\u00e9s confondues, Habitat, Industrie & Services.\u00a0 H\u00f6rmann propose une large gamme de portes d\u2019int\u00e9rieur neutres en carbone. Dans le d\u00e9tail, si l\u2019activit\u00e9 Habitat\u2026","rel":"","context":"Dans &quot;Actualit\u00e9 Entreprises&quot;","img":{"alt_text":"","src":"https:\/\/i1.wp.com\/batimedianews.com\/live\/wp-content\/uploads\/2022\/11\/HORMANN-Article.jpg?fit=1080%2C1080&resize=350%2C200","width":350,"height":200},"classes":[]},{"id":36658,"url":"http:\/\/batimedianews.com\/live\/index.php\/2024\/04\/03\/un-florilege-dinnovations-hormann-dediees-a-lindustrie-au-tertiaire-et-a-la-logistique-qui-se-double-du-lancement-officiel-du-nouveau-centre-de-formations\/","url_meta":{"origin":48358,"position":1},"title":"Un floril\u00e8ge d\u2019innovations H\u00f6rmann d\u00e9di\u00e9es \u00e0 l\u2019industrie, au tertiaire et \u00e0 la logistique qui se double du lancement officiel du nouveau Centre de Formations","date":"3 avril 2024","format":false,"excerpt":"Reconnu des acteurs du tertiaire, de l\u2019industrie et de la logistique, le leader europ\u00e9en H\u00f6rmann d\u00e9voile de nombreuses solutions innovantes pour 2024.\u00a0 Une bonne nouvelle n\u2019arrivant jamais seule, l\u2019industriel propose \u00e0 Pusignan (69), un outil d\u00e9di\u00e9 aux clients partenaires de la marque, professionnels en charge de l\u2019installation et de la\u2026","rel":"","context":"Dans &quot;Actualit\u00e9 Entreprises&quot;","img":{"alt_text":"","src":"https:\/\/i1.wp.com\/batimedianews.com\/live\/wp-content\/uploads\/2024\/04\/Horman.jpg?fit=825%2C825&resize=350%2C200","width":350,"height":200},"classes":[]},{"id":19207,"url":"http:\/\/batimedianews.com\/live\/index.php\/2022\/04\/21\/hormann-et-tubauto-un-engagement-environnement-exemplaire-pour-des-portes-neutres-en-carbone\/","url_meta":{"origin":48358,"position":2},"title":"H\u00f6rmann et Tubauto : un engagement environnement exemplaire pour des portes neutres en carbone","date":"21 avril 2022","format":false,"excerpt":"\u00a0Le Groupe H\u00f6rmann, leader europ\u00e9en dans la fabrication des portes, blocs-portes, huisseries et motorisations pour l\u2019industrie, le tertiaire et l\u2019habitat, s\u2019est engag\u00e9 depuis des ann\u00e9es dans la sauvegarde du climat et de l\u2019environnement. \u00c0 l\u2019heure de la RE2020 et de la r\u00e9duction des \u00e9missions de carbone, H\u00f6rmann est d\u00e9j\u00e0 op\u00e9rationnel\u2026","rel":"","context":"Dans &quot;Actualit\u00e9 Entreprises&quot;","img":{"alt_text":"","src":"https:\/\/i1.wp.com\/batimedianews.com\/live\/wp-content\/uploads\/2022\/04\/Hormann-Article.jpg?fit=1080%2C1080&resize=350%2C200","width":350,"height":200},"classes":[]},{"id":2927,"url":"http:\/\/batimedianews.com\/live\/index.php\/2019\/10\/01\/hormann-france-habitat-nouveautes-de-la-rentree-interview\/","url_meta":{"origin":48358,"position":3},"title":"H\u00f6rmann France habitat &#8211; Nouveaut\u00e9s de la rentr\u00e9e- Interview","date":"1 octobre 2019","format":false,"excerpt":"https:\/\/youtu.be\/QdCs-jryS2c Nicolas MergenthalerChef de March\u00e9 HabitatH\u00f6rmann France","rel":"","context":"Dans &quot;Portails&quot;","img":{"alt_text":"","src":"https:\/\/i2.wp.com\/batimedianews.com\/live\/wp-content\/uploads\/2019\/09\/horman-habitat-videoimage-1.jpg?fit=1018%2C1018&resize=350%2C200","width":350,"height":200},"classes":[]},{"id":3097,"url":"http:\/\/batimedianews.com\/live\/index.php\/2019\/10\/04\/hormann-cote-habitat\/","url_meta":{"origin":48358,"position":4},"title":"H\u00f6rmann c\u00f4t\u00e9 habitat","date":"4 octobre 2019","format":false,"excerpt":"H\u00f6rmann : une nouvelle campagne promotionnelle pour 2019 Comme de tradition, le leader europ\u00e9en H\u00f6rmann initie chaque ann\u00e9e sa grande campagne promotionnelle annuelle. Et 2019 se d\u00e9marque par une largeur de r\u00e9f\u00e9rences impliqu\u00e9es jamais propos\u00e9e pour cet \u00e9v\u00e9nement. Cette promotion H\u00f6rmann 2019 concerne ainsi des solutions en portes d\u2019entr\u00e9es en\u2026","rel":"","context":"Dans &quot;accessibilit\u00e9 Universelle&quot;","img":{"alt_text":"","src":"https:\/\/i0.wp.com\/batimedianews.com\/live\/wp-content\/uploads\/2019\/10\/horm3image.jpg?fit=1094%2C494&resize=350%2C200","width":350,"height":200},"classes":[]},{"id":22769,"url":"http:\/\/batimedianews.com\/live\/index.php\/2022\/09\/07\/thermosafe-decoral-les-nouvelles-portes-dentree-aluminium-hormann-qui-allient-design-securite-et-performances\/","url_meta":{"origin":48358,"position":5},"title":"Thermosafe Decoral : les nouvelles portes d\u2019entr\u00e9e aluminium H\u00f6rmann qui allient design, s\u00e9curit\u00e9 et performances","date":"7 septembre 2022","format":false,"excerpt":"https:\/\/youtu.be\/VFqtejVU790 La porte d\u2019entr\u00e9e ThermoSafe Decoral ici pr\u00e9sent\u00e9e en d\u00e9cor bois de grange est commercialis\u00e9e au prixpublic indicatif \u00e0 partir de 4 062 \u20ac (porte ThermoSafe motif 860, option poign\u00e9e HOE 501 et rosace decylindre RAL 9005 noir, sans parties fixes). Nouvelle d\u00e9monstration de l\u2019esprit d\u2019innovation et du sens pouss\u00e9\u2026","rel":"","context":"Dans &quot;Actualit\u00e9 Entreprises&quot;","img":{"alt_text":"","src":"https:\/\/i1.wp.com\/batimedianews.com\/live\/wp-content\/uploads\/2022\/09\/Hormann-Article.jpg?fit=1080%2C1080&resize=350%2C200","width":350,"height":200},"classes":[]}],"_links":{"self":[{"href":"http:\/\/batimedianews.com\/live\/index.php\/wp-json\/wp\/v2\/posts\/48358"}],"collection":[{"href":"http:\/\/batimedianews.com\/live\/index.php\/wp-json\/wp\/v2\/posts"}],"about":[{"href":"http:\/\/batimedianews.com\/live\/index.php\/wp-json\/wp\/v2\/types\/post"}],"author":[{"embeddable":true,"href":"http:\/\/batimedianews.com\/live\/index.php\/wp-json\/wp\/v2\/users\/41"}],"replies":[{"embeddable":true,"href":"http:\/\/batimedianews.com\/live\/index.php\/wp-json\/wp\/v2\/comments?post=48358"}],"version-history":[{"count":2,"href":"http:\/\/batimedianews.com\/live\/index.php\/wp-json\/wp\/v2\/posts\/48358\/revisions"}],"predecessor-version":[{"id":48495,"href":"http:\/\/batimedianews.com\/live\/index.php\/wp-json\/wp\/v2\/posts\/48358\/revisions\/48495"}],"wp:featuredmedia":[{"embeddable":true,"href":"http:\/\/batimedianews.com\/live\/index.php\/wp-json\/wp\/v2\/media\/48363"}],"wp:attachment":[{"href":"http:\/\/batimedianews.com\/live\/index.php\/wp-json\/wp\/v2\/media?parent=48358"}],"wp:term":[{"taxonomy":"category","embeddable":true,"href":"http:\/\/batimedianews.com\/live\/index.php\/wp-json\/wp\/v2\/categories?post=48358"},{"taxonomy":"post_tag","embeddable":true,"href":"http:\/\/batimedianews.com\/live\/index.php\/wp-json\/wp\/v2\/tags?post=48358"}],"curies":[{"name":"wp","href":"https:\/\/api.w.org\/{rel}","templated":true}]}}