{"id":48513,"date":"2025-12-15T12:10:08","date_gmt":"2025-12-15T11:10:08","guid":{"rendered":"https:\/\/batimedianews.com\/live\/?p=48513"},"modified":"2025-12-15T12:37:50","modified_gmt":"2025-12-15T11:37:50","slug":"carrier-viessmann-une-alliance-mondiale-pour-accelerer-la-transition-energetique","status":"publish","type":"post","link":"http:\/\/batimedianews.com\/live\/index.php\/2025\/12\/15\/carrier-viessmann-une-alliance-mondiale-pour-accelerer-la-transition-energetique\/","title":{"rendered":"Carrier &#038; Viessmann\u2013Une alliance mondiale pour acc\u00e9l\u00e9rer la transition \u00e9nerg\u00e9tique"},"content":{"rendered":"\n<p class=\"is-style-lead\">\u00c0 l\u2019occasion d\u2019Artibat 2025, Batim\u00e9dia Live part \u00e0 la rencontre des industriels, fabricants et acteurs cl\u00e9s du b\u00e2timent pour une s\u00e9rie d\u2019interviews et de reportages tourn\u00e9s au c\u0153ur du salon. Objectif : mettre en lumi\u00e8re les innovations, les d\u00e9marches strat\u00e9giques et les services qui accompagnent la transition \u00e9nerg\u00e9tique et la transformation du secteur. De la strat\u00e9gie d\u2019entreprise \u00e0 la d\u00e9monstration produit, chaque entretien offre un regard privil\u00e9gi\u00e9 sur la cr\u00e9ation de valeur et les nouvelles dynamiques du b\u00e2timent durable. <\/p>\n\n\n\n<p class=\"is-style-lead\">Nous avons r\u00e9alis\u00e9 un reportage sur le salon que nous avons compl\u00e9t\u00e9 par l&rsquo;interview de  Benoit Viard, Directeur marketing op\u00e9rationnel et communication pour les trois marques Carrier, Viessmann et Ciat. <\/p>\n\n\n\n<p class=\"is-style-lead\">Depuis 2023, Viessmann Climate Solutions fait partie du groupe Carrier Global. Cette alliance mondiale r\u00e9unit deux acteurs majeurs de la performance \u00e9nerg\u00e9tique et acc\u00e9l\u00e8re la transition vers des solutions plus durables. En France, Viessmann conserve son identit\u00e9 forte \u2014 innovation, qualit\u00e9, proximit\u00e9 installateurs \u2014 tout en b\u00e9n\u00e9ficiant des synergies du Groupe Carrier. Carrier couvre tous les segments (industrie, infrastructures, data centers, transport\u2026). Viessmann est le pilier r\u00e9sidentiel, collectif et petit tertiaire du groupe. En conclusion, le rapprochement avec Carrier apporte de nouvelles capacit\u00e9s industrielles et technologiques tout en renfor\u00e7ant l\u2019ADN historique de Viessmann : qualit\u00e9, innovation et proximit\u00e9 avec les professionnels du terrain.<\/p>\n\n\n\n<p class=\"is-style-lead\"><\/p>\n\n\n\n<h2>L&rsquo;interview de Benoit VIARD<\/h2>\n\n\n\n<figure class=\"wp-block-embed is-type-video is-provider-youtube wp-block-embed-youtube wp-embed-aspect-16-9 wp-has-aspect-ratio\"><div class=\"wp-block-embed__wrapper\">\n<div class=\"jetpack-video-wrapper\"><iframe loading=\"lazy\" title=\"Carrier &amp; Viessmann\u2013Une alliance mondiale pour acc\u00e9l\u00e9rer la transition \u00e9nerg\u00e9tique\" width=\"720\" height=\"405\" src=\"https:\/\/www.youtube.com\/embed\/jp3JrUSfq04?feature=oembed\" frameborder=\"0\" allow=\"accelerometer; autoplay; clipboard-write; encrypted-media; gyroscope; picture-in-picture; web-share\" referrerpolicy=\"strict-origin-when-cross-origin\" allowfullscreen><\/iframe><\/div>\n<\/div><\/figure>\n\n\n\n<p class=\"is-style-lead\"><\/p>\n\n\n\n<h2>LE REPORTAGE ARTIBAT 2025<\/h2>\n\n\n\n<p class=\"is-style-lead\"><\/p>\n\n\n\n<figure class=\"wp-block-embed is-type-video is-provider-youtube wp-block-embed-youtube wp-embed-aspect-16-9 wp-has-aspect-ratio\"><div class=\"wp-block-embed__wrapper\">\n<div class=\"jetpack-video-wrapper\"><iframe loading=\"lazy\" title=\"Artibat 2025, Viessmann conserve son identit\u00e9 forte \u2014 innovation, qualit\u00e9, proximit\u00e9 installateurs\" width=\"720\" height=\"405\" src=\"https:\/\/www.youtube.com\/embed\/joQKmvwm3iM?feature=oembed\" frameborder=\"0\" allow=\"accelerometer; autoplay; clipboard-write; encrypted-media; gyroscope; picture-in-picture; web-share\" referrerpolicy=\"strict-origin-when-cross-origin\" allowfullscreen><\/iframe><\/div>\n<\/div><\/figure>\n\n\n    <div class=\"bm-article-card\">\n                    <a href=\"http:\/\/batimedianews.com\/live\/index.php\/2025\/11\/07\/actualites-viessmann-climate-solutions-au-salon-artibat-2025\/\"><img width=\"600\" height=\"327\" src=\"https:\/\/i1.wp.com\/batimedianews.com\/live\/wp-content\/uploads\/2025\/11\/Viessmann.jpg?fit=600%2C327\" class=\"attachment-medium size-medium wp-post-image\" alt=\"\" loading=\"lazy\" style=\"margin-bottom:10px;\" srcset=\"https:\/\/i1.wp.com\/batimedianews.com\/live\/wp-content\/uploads\/2025\/11\/Viessmann.jpg?w=1513 1513w, https:\/\/i1.wp.com\/batimedianews.com\/live\/wp-content\/uploads\/2025\/11\/Viessmann.jpg?resize=600%2C327 600w, https:\/\/i1.wp.com\/batimedianews.com\/live\/wp-content\/uploads\/2025\/11\/Viessmann.jpg?resize=1024%2C558 1024w, https:\/\/i1.wp.com\/batimedianews.com\/live\/wp-content\/uploads\/2025\/11\/Viessmann.jpg?resize=768%2C419 768w, https:\/\/i1.wp.com\/batimedianews.com\/live\/wp-content\/uploads\/2025\/11\/Viessmann.jpg?resize=10%2C5 10w, https:\/\/i1.wp.com\/batimedianews.com\/live\/wp-content\/uploads\/2025\/11\/Viessmann.jpg?resize=432%2C236 432w, https:\/\/i1.wp.com\/batimedianews.com\/live\/wp-content\/uploads\/2025\/11\/Viessmann.jpg?resize=396%2C216 396w, https:\/\/i1.wp.com\/batimedianews.com\/live\/wp-content\/uploads\/2025\/11\/Viessmann.jpg?resize=1120%2C611 1120w, https:\/\/i1.wp.com\/batimedianews.com\/live\/wp-content\/uploads\/2025\/11\/Viessmann.jpg?resize=660%2C360 660w, https:\/\/i1.wp.com\/batimedianews.com\/live\/wp-content\/uploads\/2025\/11\/Viessmann.jpg?resize=403%2C220 403w, https:\/\/i1.wp.com\/batimedianews.com\/live\/wp-content\/uploads\/2025\/11\/Viessmann.jpg?w=1440 1440w\" sizes=\"(max-width: 600px) 91vw, (max-width: 900px) 600px, (max-width: 1060px) 50vw, (max-width: 1200px) 520px, (max-width: 1400px) 43vw, 600px\" \/><\/a>\n                <h3><a href=\"http:\/\/batimedianews.com\/live\/index.php\/2025\/11\/07\/actualites-viessmann-climate-solutions-au-salon-artibat-2025\/\">Actualit\u00e9s Viessmann Climate Solutions au Salon Artibat 2025<\/a><\/h3>\n        <p>Profitant de sa participation au Salon Artibat 2025, Viessmann Climate Solutions annonce le lancement commercial de plusieurs innovations produits et le d\u00e9ploiement d\u2019un \u00e9ventail de services techniques d\u00e9di\u00e9s \u00e0 faciliter\u2026<\/p>\n        <p><a href=\"http:\/\/batimedianews.com\/live\/index.php\/2025\/11\/07\/actualites-viessmann-climate-solutions-au-salon-artibat-2025\/\">Lire la suite<\/a><\/p>\n    <\/div>\n    \n","protected":false},"excerpt":{"rendered":"<p>\u00c0 l\u2019occasion d\u2019Artibat 2025, Batim\u00e9dia Live part \u00e0 la rencontre des industriels, fabricants et acteurs cl\u00e9s du b\u00e2timent pour une s\u00e9rie d\u2019interviews et de reportages tourn\u00e9s au c\u0153ur du salon. Objectif : mettre en lumi\u00e8re les innovations, les d\u00e9marches strat\u00e9giques et les services qui accompagnent la transition \u00e9nerg\u00e9tique et la transformation du secteur. De la [&hellip;]<\/p>\n","protected":false},"author":1,"featured_media":48515,"comment_status":"open","ping_status":"open","sticky":true,"template":"","format":"standard","meta":{"spay_email":""},"categories":[2670,554,99,128],"tags":[],"jetpack_featured_media_url":"https:\/\/i1.wp.com\/batimedianews.com\/live\/wp-content\/uploads\/2025\/12\/Viessmann-couv.png?fit=907%2C513","jetpack_sharing_enabled":true,"jetpack_likes_enabled":true,"jetpack-related-posts":[{"id":48229,"url":"http:\/\/batimedianews.com\/live\/index.php\/2025\/11\/27\/james-hardie-fermacell-de-la-facade-au-second-oeuvre-performance-et-vision-densemble-du-batiment\/","url_meta":{"origin":48513,"position":0},"title":"James Hardie &#038; Fermacell \u2013 De la fa\u00e7ade au second \u0153uvre : performance et vision d\u2019ensemble du b\u00e2timent","date":"27 novembre 2025","format":false,"excerpt":"Batim\u00e9dia Live \u2013 Reportage officiel Artibat 2025Une s\u00e9rie \u201cBatim\u00e9dia Live \u2013 Artibat 2025\u201d : rencontres avec les acteurs de l\u2019innovation et de la construction durableReportage r\u00e9alis\u00e9, durant Artibat 2025, en Octobre 2025 par Batim\u00e9dia Interviews par Michel Soufir , Prises de vues Kaouther soufir et Montage Mehdi Benramdane \u00c0 l\u2019occasion\u2026","rel":"","context":"Dans &quot;Actualit\u00e9 Entreprises&quot;","img":{"alt_text":"","src":"https:\/\/i0.wp.com\/batimedianews.com\/live\/wp-content\/uploads\/2025\/11\/James-hardie-couv-video-.png?fit=911%2C512&resize=350%2C200","width":350,"height":200},"classes":[]},{"id":48516,"url":"http:\/\/batimedianews.com\/live\/index.php\/2025\/12\/15\/reportage-batimedialive-sur-artibat-2025-le-tybox-control-thermostat-intelligent-eco-concu-et-conforme-a-la-reglementation-2027\/","url_meta":{"origin":48513,"position":1},"title":"Reportage batimedialive sur Artibat 2025: Le Tybox Control,  thermostat intelligent, \u00e9co-con\u00e7u et conforme \u00e0 la r\u00e9glementation 2027","date":"15 d\u00e9cembre 2025","format":false,"excerpt":"\u00c0 l\u2019occasion d\u2019Artibat 2025, Batim\u00e9dia Live part \u00e0 la rencontre des industriels, fabricants et acteurs cl\u00e9s du b\u00e2timent pour une s\u00e9rie d\u2019interviews et de reportages tourn\u00e9s au c\u0153ur du salon. Objectif : mettre en lumi\u00e8re les innovations, les d\u00e9marches strat\u00e9giques et les services qui accompagnent la transition \u00e9nerg\u00e9tique et la\u2026","rel":"","context":"Dans &quot;Actualit\u00e9 Entreprises&quot;","img":{"alt_text":"","src":"https:\/\/i1.wp.com\/batimedianews.com\/live\/wp-content\/uploads\/2025\/12\/Capture-de\u0301cran-2025-12-15-a\u0300-16.07.55.png?fit=908%2C507&resize=350%2C200","width":350,"height":200},"classes":[]},{"id":48036,"url":"http:\/\/batimedianews.com\/live\/index.php\/2025\/11\/21\/innover-pour-une-performance-durable-comment-nicoll-repense-la-gestion-des-fluides-du-batiment\/","url_meta":{"origin":48513,"position":2},"title":"Innover pour une performance durable : comment Nicoll repense la gestion des fluides du b\u00e2timent","date":"21 novembre 2025","format":false,"excerpt":"Rencontres avec les acteurs de l'innovation et de la construction durable Nous sommes avec Nicoll durant le salon Artibat 2025. Reportage r\u00e9alis\u00e9 en Octobre 2025 par Batim\u00e9dia Interviews par Michel Soufir , Prises de vues Kaouther soufir et Montage Mehdi Benramdane. \u00c0 l\u2019occasion d\u2019Artibat 2025, Batim\u00e9dia Live part \u00e0 la\u2026","rel":"","context":"Dans &quot;Actualit\u00e9 Entreprises&quot;","img":{"alt_text":"","src":"https:\/\/i0.wp.com\/batimedianews.com\/live\/wp-content\/uploads\/2025\/11\/Nicoll-veideo-page-.png?fit=748%2C748&resize=350%2C200","width":350,"height":200},"classes":[]},{"id":48385,"url":"http:\/\/batimedianews.com\/live\/index.php\/2025\/12\/10\/siniat-ursa-complementarite-et-performance-au-service-du-batiment-durable\/","url_meta":{"origin":48513,"position":3},"title":"Siniat &#038; URSA \u2013 Compl\u00e9mentarit\u00e9 et performance au service du b\u00e2timent durable","date":"10 d\u00e9cembre 2025","format":false,"excerpt":"Batim\u00e9dia Live \u2013 Reportage officiel Artibat 2025Une s\u00e9rie \u201cBatim\u00e9dia Live \u2013 Artibat 2025\u201d : rencontres avec les acteurs de l\u2019innovation et de la construction durableReportage r\u00e9alis\u00e9, durant Artibat 2025, en Octobre 2025 par Batim\u00e9diaInterviews par Michel Soufir , Prises de vues Kaouther soufir et Montage Mehdi Benramdane \u00c0 l\u2019occasion d\u2019Artibat\u2026","rel":"","context":"Dans &quot;Actualit\u00e9 Entreprises&quot;","img":{"alt_text":"","src":"https:\/\/i1.wp.com\/batimedianews.com\/live\/wp-content\/uploads\/2025\/12\/SINIAT-URSA.png?fit=810%2C810&resize=350%2C200","width":350,"height":200},"classes":[]},{"id":47710,"url":"http:\/\/batimedianews.com\/live\/index.php\/2025\/11\/01\/lafarge-presente-ses-innovations-bas-carbone-et-digitale-2\/","url_meta":{"origin":48513,"position":4},"title":"Lafarge pr\u00e9sente ses innovations bas carbone et digitale","date":"1 novembre 2025","format":false,"excerpt":"Rencontres avec les acteurs de l'innovation et de la construction durable avec Lafarge durant le salon Artibat 2025 Reportage r\u00e9alis\u00e9 en Octobre 2025 par Batim\u00e9dia \u00c0 l\u2019occasion d\u2019Artibat 2025, Batim\u00e9dia Live part \u00e0 la rencontre des industriels, fabricants et acteurs cl\u00e9s du b\u00e2timent pour une s\u00e9rie d\u2019interviews et de reportages\u2026","rel":"","context":"Dans &quot;__Vid\u00e9os et Tutos&quot;","img":{"alt_text":"","src":"https:\/\/i2.wp.com\/batimedianews.com\/live\/wp-content\/uploads\/2025\/11\/LAFARGE-image-de-couv-.jpg?fit=1080%2C1080&resize=350%2C200","width":350,"height":200},"classes":[]},{"id":48578,"url":"http:\/\/batimedianews.com\/live\/index.php\/2025\/12\/17\/geberit-nouvelle-generation-du-bati-support-duofix-un-grand-classique-revolutionne\/","url_meta":{"origin":48513,"position":5},"title":"Geberit \u2013 Nouvelle g\u00e9n\u00e9ration du b\u00e2ti-support Duofix : un grand classique r\u00e9volutionn\u00e9","date":"17 d\u00e9cembre 2025","format":false,"excerpt":"Batim\u00e9dia Live \u2013 Reportage officiel Artibat 2025 Une s\u00e9rie \u201cBatim\u00e9dia Live \u2013 Artibat 2025\u201d : rencontres avec les acteurs de l\u2019innovation et de la construction durable Reportage r\u00e9alis\u00e9, durant Artibat 2025, en Octobre 2025 par Batim\u00e9dia Interviews par Michel Soufir , Prises de vues Kaouther soufir et Montage Mehdi Benramdane\u2026","rel":"","context":"Dans &quot;Actualit\u00e9 Entreprises&quot;","img":{"alt_text":"","src":"https:\/\/i1.wp.com\/batimedianews.com\/live\/wp-content\/uploads\/2025\/12\/gebErit-couv.jpg?fit=1176%2C654&resize=350%2C200","width":350,"height":200},"classes":[]}],"_links":{"self":[{"href":"http:\/\/batimedianews.com\/live\/index.php\/wp-json\/wp\/v2\/posts\/48513"}],"collection":[{"href":"http:\/\/batimedianews.com\/live\/index.php\/wp-json\/wp\/v2\/posts"}],"about":[{"href":"http:\/\/batimedianews.com\/live\/index.php\/wp-json\/wp\/v2\/types\/post"}],"author":[{"embeddable":true,"href":"http:\/\/batimedianews.com\/live\/index.php\/wp-json\/wp\/v2\/users\/1"}],"replies":[{"embeddable":true,"href":"http:\/\/batimedianews.com\/live\/index.php\/wp-json\/wp\/v2\/comments?post=48513"}],"version-history":[{"count":1,"href":"http:\/\/batimedianews.com\/live\/index.php\/wp-json\/wp\/v2\/posts\/48513\/revisions"}],"predecessor-version":[{"id":48514,"href":"http:\/\/batimedianews.com\/live\/index.php\/wp-json\/wp\/v2\/posts\/48513\/revisions\/48514"}],"wp:featuredmedia":[{"embeddable":true,"href":"http:\/\/batimedianews.com\/live\/index.php\/wp-json\/wp\/v2\/media\/48515"}],"wp:attachment":[{"href":"http:\/\/batimedianews.com\/live\/index.php\/wp-json\/wp\/v2\/media?parent=48513"}],"wp:term":[{"taxonomy":"category","embeddable":true,"href":"http:\/\/batimedianews.com\/live\/index.php\/wp-json\/wp\/v2\/categories?post=48513"},{"taxonomy":"post_tag","embeddable":true,"href":"http:\/\/batimedianews.com\/live\/index.php\/wp-json\/wp\/v2\/tags?post=48513"}],"curies":[{"name":"wp","href":"https:\/\/api.w.org\/{rel}","templated":true}]}}