{"id":48774,"date":"2026-01-21T09:53:28","date_gmt":"2026-01-21T08:53:28","guid":{"rendered":"http:\/\/batimedianews.com\/live\/?p=48774"},"modified":"2026-01-21T09:53:31","modified_gmt":"2026-01-21T08:53:31","slug":"une-invitation-a-vivre-le-plein-air","status":"publish","type":"post","link":"http:\/\/batimedianews.com\/live\/index.php\/2026\/01\/21\/une-invitation-a-vivre-le-plein-air\/","title":{"rendered":"Une invitation \u00e0 vivre le plein air"},"content":{"rendered":"\n<p class=\"has-text-align-justify\"><strong>Pour la marque de design scandinave BOLIA, les espaces ext\u00e9rieurs repr\u00e9sentent un prolongement naturel de l\u2019art de vivre int\u00e9rieur. Fa\u00e7onn\u00e9s par le vent, r\u00e9chauff\u00e9s par le soleil et sublim\u00e9s par le temps, ils deviennent des lieux de respiration, de partage et de pr\u00e9sence. \u00c0 l\u2019approche des beaux jours, les collections ORLANDO O2 OUTDOOR, ARKE OUTDOOR et PATIO OUTDOOR incarnent cette vision \u00e0 travers un mobilier pens\u00e9 pour durer, s\u2019adapter et, surtout, inviter \u00e0 la d\u00e9tente.<\/strong><\/p>\n\n\n\n<p class=\"has-text-align-center\"><strong>ORLANDO O2 OUTDOOR<\/strong><\/p>\n\n\n\n<p class=\"has-text-align-justify\">Aussi accueillant qu\u2019un canap\u00e9 d\u2019int\u00e9rieur, Orlando O2 Outdoor conjugue luxe discret, confort absolu et esprit convivial. Modulable, il s\u2019adapte \u00e0 toutes les configurations \u2013 terrasse, balcon ou jardin \u2013 et accompagne les moments de d\u00e9tente comme les instants de partage.<\/p>\n\n\n\n<p class=\"has-text-align-justify\">Ses modules se combinent librement, tandis que son pouf, dot\u00e9 d\u2019un plateau optionnel, se transforme en repose-pieds ou en surface d\u2019appoint. Fabriqu\u00e9 en Europe \u00e0 partir de mat\u00e9riaux durables de haute qualit\u00e9, Orlando O2 Outdoor r\u00e9siste aux intemp\u00e9ries et aux variations saisonni\u00e8res. Sa housse interchangeable permet de faire \u00e9voluer son style, et ses coussins \u00e0 s\u00e9chage rapide sont con\u00e7us avec un syst\u00e8me d\u2019\u00e9vacuation de l\u2019eau pour un confort durable.<\/p>\n\n\n\n<figure class=\"wp-block-gallery columns-2 is-cropped\"><ul class=\"blocks-gallery-grid\"><li class=\"blocks-gallery-item\"><figure><img loading=\"lazy\" width=\"720\" height=\"720\" src=\"https:\/\/i0.wp.com\/batimedianews.com\/live\/wp-content\/uploads\/2026\/01\/Orlando-Classic-Cushion_SS26.jpg?resize=720%2C720\" alt=\"\" data-id=\"48775\" data-full-url=\"http:\/\/batimedianews.com\/live\/wp-content\/uploads\/2026\/01\/Orlando-Classic-Cushion_SS26-scaled.jpg\" data-link=\"http:\/\/batimedianews.com\/live\/?attachment_id=48775\" class=\"wp-image-48775\" srcset=\"https:\/\/i1.wp.com\/batimedianews.com\/live\/wp-content\/uploads\/2026\/01\/Orlando-Classic-Cushion_SS26-scaled.jpg?resize=1024%2C1024 1024w, https:\/\/i1.wp.com\/batimedianews.com\/live\/wp-content\/uploads\/2026\/01\/Orlando-Classic-Cushion_SS26-scaled.jpg?resize=600%2C600 600w, https:\/\/i1.wp.com\/batimedianews.com\/live\/wp-content\/uploads\/2026\/01\/Orlando-Classic-Cushion_SS26-scaled.jpg?resize=300%2C300 300w, https:\/\/i1.wp.com\/batimedianews.com\/live\/wp-content\/uploads\/2026\/01\/Orlando-Classic-Cushion_SS26-scaled.jpg?resize=1536%2C1536 1536w, https:\/\/i1.wp.com\/batimedianews.com\/live\/wp-content\/uploads\/2026\/01\/Orlando-Classic-Cushion_SS26-scaled.jpg?resize=2048%2C2048 2048w, https:\/\/i1.wp.com\/batimedianews.com\/live\/wp-content\/uploads\/2026\/01\/Orlando-Classic-Cushion_SS26-scaled.jpg?resize=10%2C10 10w, https:\/\/i1.wp.com\/batimedianews.com\/live\/wp-content\/uploads\/2026\/01\/Orlando-Classic-Cushion_SS26-scaled.jpg?w=1440 1440w, https:\/\/i1.wp.com\/batimedianews.com\/live\/wp-content\/uploads\/2026\/01\/Orlando-Classic-Cushion_SS26-scaled.jpg?w=2160 2160w\" sizes=\"(max-width: 600px) 91vw, (max-width: 900px) 600px, (max-width: 1060px) 50vw, (max-width: 1200px) 520px, (max-width: 1400px) 43vw, 600px\" data-recalc-dims=\"1\" \/><figcaption class=\"blocks-gallery-item__caption\">Photography by: Pia Ulin\nRetouch by: Wetouch Imagework<\/figcaption><\/figure><\/li><li class=\"blocks-gallery-item\"><figure><img loading=\"lazy\" width=\"720\" height=\"720\" src=\"https:\/\/i2.wp.com\/batimedianews.com\/live\/wp-content\/uploads\/2026\/01\/Orlando-Classic-Cushion_SS26_1.jpg?resize=720%2C720\" alt=\"\" data-id=\"48776\" data-full-url=\"http:\/\/batimedianews.com\/live\/wp-content\/uploads\/2026\/01\/Orlando-Classic-Cushion_SS26_1-scaled.jpg\" data-link=\"http:\/\/batimedianews.com\/live\/?attachment_id=48776\" class=\"wp-image-48776\" srcset=\"https:\/\/i0.wp.com\/batimedianews.com\/live\/wp-content\/uploads\/2026\/01\/Orlando-Classic-Cushion_SS26_1-scaled.jpg?resize=1024%2C1024 1024w, https:\/\/i0.wp.com\/batimedianews.com\/live\/wp-content\/uploads\/2026\/01\/Orlando-Classic-Cushion_SS26_1-scaled.jpg?resize=600%2C600 600w, https:\/\/i0.wp.com\/batimedianews.com\/live\/wp-content\/uploads\/2026\/01\/Orlando-Classic-Cushion_SS26_1-scaled.jpg?resize=300%2C300 300w, https:\/\/i0.wp.com\/batimedianews.com\/live\/wp-content\/uploads\/2026\/01\/Orlando-Classic-Cushion_SS26_1-scaled.jpg?resize=1536%2C1536 1536w, https:\/\/i0.wp.com\/batimedianews.com\/live\/wp-content\/uploads\/2026\/01\/Orlando-Classic-Cushion_SS26_1-scaled.jpg?resize=2048%2C2048 2048w, https:\/\/i0.wp.com\/batimedianews.com\/live\/wp-content\/uploads\/2026\/01\/Orlando-Classic-Cushion_SS26_1-scaled.jpg?resize=10%2C10 10w, https:\/\/i0.wp.com\/batimedianews.com\/live\/wp-content\/uploads\/2026\/01\/Orlando-Classic-Cushion_SS26_1-scaled.jpg?w=1440 1440w, https:\/\/i0.wp.com\/batimedianews.com\/live\/wp-content\/uploads\/2026\/01\/Orlando-Classic-Cushion_SS26_1-scaled.jpg?w=2160 2160w\" sizes=\"(max-width: 600px) 91vw, (max-width: 900px) 600px, (max-width: 1060px) 50vw, (max-width: 1200px) 520px, (max-width: 1400px) 43vw, 600px\" data-recalc-dims=\"1\" \/><figcaption class=\"blocks-gallery-item__caption\">Photography by: Pia Ulin\nRetouch by: Wetouch Imagework<\/figcaption><\/figure><\/li><\/ul><\/figure>\n\n\n\n<p class=\"has-text-align-center\"><strong>ARKE OUTDOOR<\/strong><\/p>\n\n\n\n<p class=\"has-text-align-justify\">Avec Arke Outdoor, BOLIA transpose le confort d\u2019un v\u00e9ritable salon au coeur du jardin. Sa conception modulaire, ses formes douces et son assise g\u00e9n\u00e9reuse lui permettent de s\u2019int\u00e9grer naturellement \u00e0 tous les espaces ext\u00e9rieurs.<\/p>\n\n\n\n<p class=\"has-text-align-justify\">Les modules s\u2019assemblent \u00e0 l\u2019infini pour cr\u00e9er des configurations sur mesure, tandis que la housse d\u2019ext\u00e9rieur interchangeable facilite l\u2019entretien et prolonge la dur\u00e9e de vie du mobilier. Le passepoil d\u00e9licat qui souligne ses courbes refl\u00e8te un savoir-faire pr\u00e9cis, chaque couture illustrant l\u2019engagement de BOLIA en faveur de la qualit\u00e9 artisanale et d\u2019un design con\u00e7u pour durer.<\/p>\n\n\n\n<figure class=\"wp-block-image size-full\"><img loading=\"lazy\" width=\"720\" height=\"540\" src=\"https:\/\/i2.wp.com\/batimedianews.com\/live\/wp-content\/uploads\/2026\/01\/Arke-Eida-Cape-Coast-Thea-Maya_SS26.jpg?resize=720%2C540\" alt=\"\" class=\"wp-image-48777\" srcset=\"https:\/\/i2.wp.com\/batimedianews.com\/live\/wp-content\/uploads\/2026\/01\/Arke-Eida-Cape-Coast-Thea-Maya_SS26.jpg?w=2107 2107w, https:\/\/i2.wp.com\/batimedianews.com\/live\/wp-content\/uploads\/2026\/01\/Arke-Eida-Cape-Coast-Thea-Maya_SS26.jpg?resize=768%2C576 768w, https:\/\/i2.wp.com\/batimedianews.com\/live\/wp-content\/uploads\/2026\/01\/Arke-Eida-Cape-Coast-Thea-Maya_SS26.jpg?resize=432%2C324 432w, https:\/\/i2.wp.com\/batimedianews.com\/live\/wp-content\/uploads\/2026\/01\/Arke-Eida-Cape-Coast-Thea-Maya_SS26.jpg?resize=396%2C297 396w, https:\/\/i2.wp.com\/batimedianews.com\/live\/wp-content\/uploads\/2026\/01\/Arke-Eida-Cape-Coast-Thea-Maya_SS26.jpg?resize=1120%2C840 1120w, https:\/\/i2.wp.com\/batimedianews.com\/live\/wp-content\/uploads\/2026\/01\/Arke-Eida-Cape-Coast-Thea-Maya_SS26.jpg?resize=660%2C495 660w, https:\/\/i2.wp.com\/batimedianews.com\/live\/wp-content\/uploads\/2026\/01\/Arke-Eida-Cape-Coast-Thea-Maya_SS26.jpg?w=1440 1440w\" sizes=\"(max-width: 600px) 91vw, (max-width: 900px) 600px, (max-width: 1060px) 50vw, (max-width: 1200px) 520px, (max-width: 1400px) 43vw, 600px\" data-recalc-dims=\"1\" \/><figcaption>Photography by: Pia Ulin\nRetouch by: Wetouch Imagework<\/figcaption><\/figure>\n\n\n\n<p class=\"has-text-align-center\"><strong>PATIO OUTDOOR<\/strong><\/p>\n\n\n\n<p class=\"has-text-align-justify\">Inspir\u00e9e par le rythme apaisant de la nature, la collection Patio est pens\u00e9e pour accompagner les saisons et les usages du plein air avec \u00e9l\u00e9gance. Elle r\u00e9unit mobilier de jardin et de salle \u00e0 manger, offrant un cadre propice aussi bien \u00e0 la lecture qu\u2019aux repas partag\u00e9s ou aux instants de calme.<\/p>\n\n\n\n<p class=\"has-text-align-justify\">Les coussins Patio, personnalisables parmi une large s\u00e9lection de tissus d\u2019ext\u00e9rieur, renforcent le confort du canap\u00e9 et invitent \u00e0 prolonger la d\u00e9tente. Le teck massif, non trait\u00e9 et certifi\u00e9 FSC\u00ae, se patine avec le temps pour adopter une \u00e9l\u00e9gante teinte gris argent\u00e9. Un huilage r\u00e9gulier permet de conserver sa chaleureuse couleur brun dor\u00e9.<\/p>\n\n\n\n<figure class=\"wp-block-gallery columns-2 is-cropped\"><ul class=\"blocks-gallery-grid\"><li class=\"blocks-gallery-item\"><figure><img loading=\"lazy\" width=\"720\" height=\"720\" src=\"https:\/\/i0.wp.com\/batimedianews.com\/live\/wp-content\/uploads\/2026\/01\/Patio_SS26_1.jpg?resize=720%2C720\" alt=\"\" data-id=\"48778\" data-full-url=\"http:\/\/batimedianews.com\/live\/wp-content\/uploads\/2026\/01\/Patio_SS26_1-scaled.jpg\" data-link=\"http:\/\/batimedianews.com\/live\/?attachment_id=48778\" class=\"wp-image-48778\" srcset=\"https:\/\/i2.wp.com\/batimedianews.com\/live\/wp-content\/uploads\/2026\/01\/Patio_SS26_1-scaled.jpg?resize=1024%2C1024 1024w, https:\/\/i2.wp.com\/batimedianews.com\/live\/wp-content\/uploads\/2026\/01\/Patio_SS26_1-scaled.jpg?resize=600%2C600 600w, https:\/\/i2.wp.com\/batimedianews.com\/live\/wp-content\/uploads\/2026\/01\/Patio_SS26_1-scaled.jpg?resize=300%2C300 300w, https:\/\/i2.wp.com\/batimedianews.com\/live\/wp-content\/uploads\/2026\/01\/Patio_SS26_1-scaled.jpg?resize=1536%2C1536 1536w, https:\/\/i2.wp.com\/batimedianews.com\/live\/wp-content\/uploads\/2026\/01\/Patio_SS26_1-scaled.jpg?resize=2048%2C2048 2048w, https:\/\/i2.wp.com\/batimedianews.com\/live\/wp-content\/uploads\/2026\/01\/Patio_SS26_1-scaled.jpg?resize=10%2C10 10w, https:\/\/i2.wp.com\/batimedianews.com\/live\/wp-content\/uploads\/2026\/01\/Patio_SS26_1-scaled.jpg?w=1440 1440w, https:\/\/i2.wp.com\/batimedianews.com\/live\/wp-content\/uploads\/2026\/01\/Patio_SS26_1-scaled.jpg?w=2160 2160w\" sizes=\"(max-width: 600px) 91vw, (max-width: 900px) 600px, (max-width: 1060px) 50vw, (max-width: 1200px) 520px, (max-width: 1400px) 43vw, 600px\" data-recalc-dims=\"1\" \/><figcaption class=\"blocks-gallery-item__caption\">Photography by: Pia Ulin\nRetouch by: Wetouch Imagework<\/figcaption><\/figure><\/li><li class=\"blocks-gallery-item\"><figure><img loading=\"lazy\" width=\"720\" height=\"720\" src=\"https:\/\/i2.wp.com\/batimedianews.com\/live\/wp-content\/uploads\/2026\/01\/Patio-Arcs-Classic-Cushion_SS26.jpg?resize=720%2C720\" alt=\"\" data-id=\"48779\" data-full-url=\"http:\/\/batimedianews.com\/live\/wp-content\/uploads\/2026\/01\/Patio-Arcs-Classic-Cushion_SS26-scaled.jpg\" data-link=\"http:\/\/batimedianews.com\/live\/?attachment_id=48779\" class=\"wp-image-48779\" srcset=\"https:\/\/i0.wp.com\/batimedianews.com\/live\/wp-content\/uploads\/2026\/01\/Patio-Arcs-Classic-Cushion_SS26-scaled.jpg?resize=1024%2C1024 1024w, https:\/\/i0.wp.com\/batimedianews.com\/live\/wp-content\/uploads\/2026\/01\/Patio-Arcs-Classic-Cushion_SS26-scaled.jpg?resize=600%2C600 600w, https:\/\/i0.wp.com\/batimedianews.com\/live\/wp-content\/uploads\/2026\/01\/Patio-Arcs-Classic-Cushion_SS26-scaled.jpg?resize=300%2C300 300w, https:\/\/i0.wp.com\/batimedianews.com\/live\/wp-content\/uploads\/2026\/01\/Patio-Arcs-Classic-Cushion_SS26-scaled.jpg?resize=1536%2C1536 1536w, https:\/\/i0.wp.com\/batimedianews.com\/live\/wp-content\/uploads\/2026\/01\/Patio-Arcs-Classic-Cushion_SS26-scaled.jpg?resize=2048%2C2048 2048w, https:\/\/i0.wp.com\/batimedianews.com\/live\/wp-content\/uploads\/2026\/01\/Patio-Arcs-Classic-Cushion_SS26-scaled.jpg?resize=10%2C10 10w, https:\/\/i0.wp.com\/batimedianews.com\/live\/wp-content\/uploads\/2026\/01\/Patio-Arcs-Classic-Cushion_SS26-scaled.jpg?w=1440 1440w, https:\/\/i0.wp.com\/batimedianews.com\/live\/wp-content\/uploads\/2026\/01\/Patio-Arcs-Classic-Cushion_SS26-scaled.jpg?w=2160 2160w\" sizes=\"(max-width: 600px) 91vw, (max-width: 900px) 600px, (max-width: 1060px) 50vw, (max-width: 1200px) 520px, (max-width: 1400px) 43vw, 600px\" data-recalc-dims=\"1\" \/><figcaption class=\"blocks-gallery-item__caption\">Photography by: Pia Ulin\nRetouch by: Wetouch Imagework<\/figcaption><\/figure><\/li><\/ul><\/figure>\n\n\n\n<p class=\"has-text-align-center\"><strong>Des cr\u00e9ations con\u00e7ues pour durer<\/strong><\/p>\n\n\n\n<p class=\"has-text-align-justify\">Garantis 10 ans, les canap\u00e9s d\u2019ext\u00e9rieur BOLIA sont fabriqu\u00e9s en Europe \u00e0 partir de mat\u00e9riaux rigoureusement s\u00e9lectionn\u00e9s. Leurs \u00e9l\u00e9ments de personnalisation permettent de cr\u00e9er des espaces uniques et \u00e9volutifs.<\/p>\n\n\n\n<p class=\"has-text-align-justify\">Les housses amovibles, interchangeables et lavables facilitent l\u2019entretien et prolongent la dur\u00e9e de vie du mobilier, tout en offrant la libert\u00e9 de renouveler les styles au fil des ann\u00e9es. BOLIA fait une fois de plus preuve d\u2019une approche durable, pens\u00e9e pour accompagner les usages et les envies, saison apr\u00e8s saison.<\/p>\n\n\n\n<figure class=\"wp-block-image size-full\"><img loading=\"lazy\" width=\"720\" height=\"540\" src=\"https:\/\/i1.wp.com\/batimedianews.com\/live\/wp-content\/uploads\/2026\/01\/image-61.png?resize=720%2C540\" alt=\"\" class=\"wp-image-48780\" srcset=\"https:\/\/i1.wp.com\/batimedianews.com\/live\/wp-content\/uploads\/2026\/01\/image-61.png?w=2796 2796w, https:\/\/i1.wp.com\/batimedianews.com\/live\/wp-content\/uploads\/2026\/01\/image-61.png?resize=768%2C576 768w, https:\/\/i1.wp.com\/batimedianews.com\/live\/wp-content\/uploads\/2026\/01\/image-61.png?resize=432%2C324 432w, https:\/\/i1.wp.com\/batimedianews.com\/live\/wp-content\/uploads\/2026\/01\/image-61.png?resize=396%2C297 396w, https:\/\/i1.wp.com\/batimedianews.com\/live\/wp-content\/uploads\/2026\/01\/image-61.png?resize=1120%2C840 1120w, https:\/\/i1.wp.com\/batimedianews.com\/live\/wp-content\/uploads\/2026\/01\/image-61.png?resize=660%2C495 660w, https:\/\/i1.wp.com\/batimedianews.com\/live\/wp-content\/uploads\/2026\/01\/image-61.png?w=1440 1440w, https:\/\/i1.wp.com\/batimedianews.com\/live\/wp-content\/uploads\/2026\/01\/image-61.png?w=2160 2160w\" sizes=\"(max-width: 600px) 91vw, (max-width: 900px) 600px, (max-width: 1060px) 50vw, (max-width: 1200px) 520px, (max-width: 1400px) 43vw, 600px\" data-recalc-dims=\"1\" \/><\/figure>\n\n\n\n<p class=\"has-text-align-justify\"><strong>BOLIA est une entreprise de design danoise qui poss\u00e8de 98 boutiques dans les plus grands march\u00e9s d\u2019Europe, ainsi qu\u2019en Australie et \u00e0 Singapour. Avec des boutiques en ligne dans 30 pays et un r\u00e9seau mondial de revendeurs, BOLIA propose son univers de design scandinave aux clients du monde entier.<\/strong><\/p>\n\n\n\n<p class=\"has-text-align-justify\"><strong>Le collectif de design BOLIA se compose de designers internationaux de renomm\u00e9e plan\u00e9taire, qui partagent tous une passion pour la qualit\u00e9 artisanale et le design scandinave intemporel, r\u00e9alis\u00e9 \u00e0 partir des mat\u00e9riaux naturels les plus fins et les plus durables. Le concept cr\u00e9atif de la marque a re\u00e7u plusieurs prix internationaux, notamment le E-commerce Award, le Creative Circle Award, l\u2019European E-tail Awards, et le World Retail Awards.<\/strong><\/p>\n","protected":false},"excerpt":{"rendered":"<p>Pour la marque de design scandinave BOLIA, les espaces ext\u00e9rieurs repr\u00e9sentent un prolongement naturel de l\u2019art de vivre int\u00e9rieur. Fa\u00e7onn\u00e9s par le vent, r\u00e9chauff\u00e9s par le soleil et sublim\u00e9s par le temps, ils deviennent des lieux de respiration, de partage et de pr\u00e9sence. \u00c0 l\u2019approche des beaux jours, les collections ORLANDO O2 OUTDOOR, ARKE OUTDOOR [&hellip;]<\/p>\n","protected":false},"author":41,"featured_media":48782,"comment_status":"open","ping_status":"open","sticky":true,"template":"","format":"standard","meta":{"spay_email":""},"categories":[4,8,676,868],"tags":[],"jetpack_featured_media_url":"https:\/\/i2.wp.com\/batimedianews.com\/live\/wp-content\/uploads\/2026\/01\/Bolia.jpg?fit=1513%2C825","jetpack_sharing_enabled":true,"jetpack_likes_enabled":true,"jetpack-related-posts":[{"id":31644,"url":"http:\/\/batimedianews.com\/live\/index.php\/2023\/10\/03\/5-nouveaux-modeles-de-pergolas-wallis-et-outdoor-design-by-dank-architectes-shine-canyon-carbon-graphite-et-steel-aux-couleurs-de-la-nature\/","url_meta":{"origin":48774,"position":0},"title":"5 nouveaux mod\u00e8les de pergolas Wallis et Outdoor\u00ae design by Dank Architectes : Shine, Canyon, Carbon, Graphite et Steel, aux couleurs de la nature","date":"3 octobre 2023","format":false,"excerpt":"\u00a0Lanc\u00e9e en 2020 par Profils Syst\u00e8mes et aur\u00e9ol\u00e9e du \u00ab coup de coeur de la presse pro 2021 \u00bb lors du dernier salon Equip\u2019Baie, la collection de pergolas aluminium Wallis&Outdoor\u00ae design by Dank Architectes incarne la volont\u00e9 du gammiste tricolore de concevoir des solutions personnalisables, qui se d\u00e9marquent esth\u00e9tiquement tout\u2026","rel":"","context":"Dans &quot;Actualit\u00e9 Entreprises&quot;","img":{"alt_text":"","src":"https:\/\/i2.wp.com\/batimedianews.com\/live\/wp-content\/uploads\/2023\/09\/ProfilsSystemesarticles.jpg?fit=825%2C825&resize=350%2C200","width":350,"height":200},"classes":[]},{"id":42888,"url":"http:\/\/batimedianews.com\/live\/index.php\/2025\/02\/26\/olivier-guillerm-rejoint-ke-outdoor-design-france-en-tant-que-directeur-commercial\/","url_meta":{"origin":48774,"position":1},"title":"Olivier Guillerm rejoint KE Outdoor Design France en tant que Directeur Commercial","date":"26 f\u00e9vrier 2025","format":false,"excerpt":"KE Outdoor Design France, acteur majeur sur le march\u00e9 des stores et des pergolas, annonce la nomination d\u2019Olivier Guillerm au poste de Directeur Commercial depuis le 21 octobre 2024.\u00a0 Professionnel reconnu du secteur, Olivier Guillerm poss\u00e8de plus de 30 ans d\u2019exp\u00e9rience dans la commercialisation de solutions de protection solaire chez\u2026","rel":"","context":"Dans &quot;Actualit\u00e9 Entreprises&quot;","img":{"alt_text":"","src":"https:\/\/i1.wp.com\/batimedianews.com\/live\/wp-content\/uploads\/2025\/02\/Image-articles-.jpg?fit=825%2C825&resize=350%2C200","width":350,"height":200},"classes":[]},{"id":45080,"url":"http:\/\/batimedianews.com\/live\/index.php\/2025\/05\/22\/jakarta-collection-edition-tapis-indoor-outdoor\/","url_meta":{"origin":48774,"position":2},"title":"JAKARTA collection EDITION Tapis Indoor\/ Outdoor","date":"22 mai 2025","format":false,"excerpt":"Jakarta est une nouvelle gamme de tapis Indoor-Outdoor, qui vient compl\u00e9ter l\u2019offre Balsan de tapis sur-mesure EDITION. Destin\u00e9e \u00e0 embellir les terrasses, abords de piscine ou les espaces int\u00e9rieurs ouverts sur l\u2019ext\u00e9rieur, la gamme comporte quatre r\u00e9f\u00e9rences disponibles au format rectangulaire, carr\u00e9 ou rond dans des dimensions sur-mesure pour un\u2026","rel":"","context":"Dans &quot;Actualit\u00e9 Entreprises&quot;","img":{"alt_text":"","src":"https:\/\/i0.wp.com\/batimedianews.com\/live\/wp-content\/uploads\/2025\/05\/Balsan-articles.jpg?fit=825%2C825&resize=350%2C200","width":350,"height":200},"classes":[]},{"id":49732,"url":"http:\/\/batimedianews.com\/live\/index.php\/2026\/03\/17\/eclats-bruts-la-matiere-inspire-trois-nouvelles-pergolas-wallis-et-outdoor-signees-profils-systemes-et-dank-architectes\/","url_meta":{"origin":48774,"position":3},"title":"\u00c9CLATS BRUTS\u00ae : la mati\u00e8re inspire trois nouvelles pergolas Wallis et Outdoor\u00ae sign\u00e9es Profils Syst\u00e8mes et DANK Architectes","date":"17 mars 2026","format":false,"excerpt":"Apr\u00e8s le succ\u00e8s des r\u00e9f\u00e9rences Shine, Canyon ou encore Graphite, cr\u00e9\u00e9es avec la gamme Terra Cigala\u00ae, Profils Syst\u00e8mes et l\u2019agence lyonnaise Dank Architectes poursuivent leur exploration cr\u00e9ative et esth\u00e9tique. Cette ann\u00e9e, la collection de pergolas Wallis&Outdoor\u00ae s\u2019enrichit de trois nouveaux mod\u00e8les exclusifs, Copper, Golden et Interstellar, issus de la toute\u2026","rel":"","context":"Dans &quot;Actualit\u00e9s salons&quot;","img":{"alt_text":"","src":"https:\/\/i0.wp.com\/batimedianews.com\/live\/wp-content\/uploads\/2026\/03\/Profils.jpg?fit=825%2C825&resize=350%2C200","width":350,"height":200},"classes":[]},{"id":15573,"url":"http:\/\/batimedianews.com\/live\/index.php\/2022\/02\/03\/vlaemynck-le-grand-nom-du-mobilier-outdoor-professionnel\/","url_meta":{"origin":48774,"position":4},"title":"VLAEMYNCK Le Grand Nom du Mobilier Outdoor Professionnel","date":"3 f\u00e9vrier 2022","format":false,"excerpt":"EDITO Les espaces ext\u00e9rieurs ont toujours \u00e9t\u00e9 des espaces de libert\u00e9 et de bien-\u00eatre. Des lieux o\u00f9 il fait bon respirer et profiter du paysage. Ces aspirations prennent d\u2019autant plus de sens aujourd\u2019hui, avec des envies de vie au grand air\u2026 d\u2019autant plus appr\u00e9ci\u00e9es que le cadre en est enchanteur\u2026","rel":"","context":"Dans &quot;Actualit\u00e9 Entreprises&quot;","img":{"alt_text":"","src":"https:\/\/i1.wp.com\/batimedianews.com\/live\/wp-content\/uploads\/2022\/02\/VLAEMYNCK-Article.jpg?fit=512%2C512&resize=350%2C200","width":350,"height":200},"classes":[]},{"id":38458,"url":"http:\/\/batimedianews.com\/live\/index.php\/2024\/07\/09\/des-chantiers-100-garantis-avec-la-nouvelle-offre-daccessoires-knauf-zoom-sur-2-solutions-pour-la-construction-seche\/","url_meta":{"origin":48774,"position":5},"title":"Des accessoires Hydro et une gamme compl\u00e8te pour les milieux humides et de nouveaux avis techniques pour Aquapanel Outdoor et les Planchers et Rupteurs thermiques Knauf","date":"9 juillet 2024","format":false,"excerpt":"https:\/\/www.youtube.com\/watch?v=H6GfzU4qikU Interview Knauf Knauf : un partenaire de confiance pour les professionnels\u00a0 \u00a0Avec sa gamme d'accessoires compl\u00e8te et performante, Knauf s'affirme comme un partenaire de confiance pour les n\u00e9goces et les entreprises du b\u00e2timent. Dans sa logique d'accompagnement dans leur quotidien, Knauf r\u00e9organise son offre et renforce la visibilit\u00e9 de\u2026","rel":"","context":"Dans &quot;Actualit\u00e9 Entreprises&quot;","img":{"alt_text":"","src":"https:\/\/i2.wp.com\/batimedianews.com\/live\/wp-content\/uploads\/2024\/06\/Knauf.jpg?fit=825%2C825&resize=350%2C200","width":350,"height":200},"classes":[]}],"_links":{"self":[{"href":"http:\/\/batimedianews.com\/live\/index.php\/wp-json\/wp\/v2\/posts\/48774"}],"collection":[{"href":"http:\/\/batimedianews.com\/live\/index.php\/wp-json\/wp\/v2\/posts"}],"about":[{"href":"http:\/\/batimedianews.com\/live\/index.php\/wp-json\/wp\/v2\/types\/post"}],"author":[{"embeddable":true,"href":"http:\/\/batimedianews.com\/live\/index.php\/wp-json\/wp\/v2\/users\/41"}],"replies":[{"embeddable":true,"href":"http:\/\/batimedianews.com\/live\/index.php\/wp-json\/wp\/v2\/comments?post=48774"}],"version-history":[{"count":2,"href":"http:\/\/batimedianews.com\/live\/index.php\/wp-json\/wp\/v2\/posts\/48774\/revisions"}],"predecessor-version":[{"id":48946,"href":"http:\/\/batimedianews.com\/live\/index.php\/wp-json\/wp\/v2\/posts\/48774\/revisions\/48946"}],"wp:featuredmedia":[{"embeddable":true,"href":"http:\/\/batimedianews.com\/live\/index.php\/wp-json\/wp\/v2\/media\/48782"}],"wp:attachment":[{"href":"http:\/\/batimedianews.com\/live\/index.php\/wp-json\/wp\/v2\/media?parent=48774"}],"wp:term":[{"taxonomy":"category","embeddable":true,"href":"http:\/\/batimedianews.com\/live\/index.php\/wp-json\/wp\/v2\/categories?post=48774"},{"taxonomy":"post_tag","embeddable":true,"href":"http:\/\/batimedianews.com\/live\/index.php\/wp-json\/wp\/v2\/tags?post=48774"}],"curies":[{"name":"wp","href":"https:\/\/api.w.org\/{rel}","templated":true}]}}