{"id":48956,"date":"2026-01-22T09:34:58","date_gmt":"2026-01-22T08:34:58","guid":{"rendered":"http:\/\/batimedianews.com\/live\/?p=48956"},"modified":"2026-01-22T09:35:01","modified_gmt":"2026-01-22T08:35:01","slug":"balustrades-gimm-menuiseries-et-les-menuiseries-francaises-conformes-aux-nouvelles-normes","status":"publish","type":"post","link":"http:\/\/batimedianews.com\/live\/index.php\/2026\/01\/22\/balustrades-gimm-menuiseries-et-les-menuiseries-francaises-conformes-aux-nouvelles-normes\/","title":{"rendered":"Balustrades &#8211; GIMM Menuiseries et Les Menuiseries Fran\u00e7aises conformes aux nouvelles normes"},"content":{"rendered":"\n<p class=\"has-text-align-justify\"><strong>Une nouvelle version de la norme NF P01-012 encadre d\u00e9sormais la conception des balustrades et des garde-corps en France. Elle vise \u00e0 renforcer la s\u00e9curit\u00e9, en particulier la protection des jeunes enfants, en limitant les risques de chute. Applicable au march\u00e9 \u00e0 compter du 1er janvier 2026, cette \u00e9volution r\u00e9glementaire conduit GIMM Menuiseries et Les Menuiseries Fran\u00e7aises \u00e0 annoncer la mise en conformit\u00e9 compl\u00e8te de l\u2019ensemble de leurs gammes de balustrades et de garde-corps.<\/strong><\/p>\n\n\n\n<p class=\"has-text-align-justify\">Gr\u00e2ce \u00e0 une fabrication 100 % fran\u00e7aise et des contr\u00f4les rigoureux, les deux marques proposent aux professionnels du b\u00e2timent des solutions pr\u00eates \u00e0 poser, aussi bien en neuf qu\u2019en r\u00e9novation.<\/p>\n\n\n\n<p class=\"has-text-align-justify\">Cette d\u00e9marche illustre la volont\u00e9 de GIMM Menuiseries et Les Menuiseries Fran\u00e7aises de jouer un r\u00f4le d\u2019industriel de r\u00e9f\u00e9rence, capable d\u2019allier innovation, conformit\u00e9 normative et accompagnement terrain.<\/p>\n\n\n\n<p class=\"has-text-align-justify\">\u00ab<em> La s\u00e9curit\u00e9 ne se discute pas. Notre r\u00f4le d\u2019industriel est d\u2019anticiper les \u00e9volutions normatives pour garantir aux professionnels des solutions fiables, conformes et imm\u00e9diatement op\u00e9rationnelles sur leurs chantiers.<\/em> \u00bb D\u00e9clare J\u00e9r\u00e9my Renault, directeur g\u00e9n\u00e9ral de GIMM Menuiseries et Les Menuiseries Fran\u00e7aises.<\/p>\n\n\n\n<figure class=\"wp-block-image size-large\"><img loading=\"lazy\" width=\"720\" height=\"720\" src=\"https:\/\/i2.wp.com\/batimedianews.com\/live\/wp-content\/uploads\/2026\/01\/image-123.png?resize=720%2C720\" alt=\"\" class=\"wp-image-48961\" srcset=\"https:\/\/i2.wp.com\/batimedianews.com\/live\/wp-content\/uploads\/2026\/01\/image-123.png?resize=1024%2C1024 1024w, https:\/\/i2.wp.com\/batimedianews.com\/live\/wp-content\/uploads\/2026\/01\/image-123.png?resize=600%2C600 600w, https:\/\/i2.wp.com\/batimedianews.com\/live\/wp-content\/uploads\/2026\/01\/image-123.png?resize=300%2C300 300w, https:\/\/i2.wp.com\/batimedianews.com\/live\/wp-content\/uploads\/2026\/01\/image-123.png?resize=1536%2C1536 1536w, https:\/\/i2.wp.com\/batimedianews.com\/live\/wp-content\/uploads\/2026\/01\/image-123.png?resize=2048%2C2048 2048w, https:\/\/i2.wp.com\/batimedianews.com\/live\/wp-content\/uploads\/2026\/01\/image-123.png?resize=10%2C10 10w\" sizes=\"(max-width: 600px) 91vw, (max-width: 900px) 600px, (max-width: 1060px) 50vw, (max-width: 1200px) 520px, (max-width: 1400px) 43vw, 600px\" data-recalc-dims=\"1\" \/><\/figure>\n\n\n\n<figure class=\"wp-block-image size-large\"><img loading=\"lazy\" width=\"720\" height=\"720\" src=\"https:\/\/i2.wp.com\/batimedianews.com\/live\/wp-content\/uploads\/2026\/01\/image-124.png?resize=720%2C720\" alt=\"\" class=\"wp-image-48962\" srcset=\"https:\/\/i2.wp.com\/batimedianews.com\/live\/wp-content\/uploads\/2026\/01\/image-124.png?resize=1024%2C1024 1024w, https:\/\/i2.wp.com\/batimedianews.com\/live\/wp-content\/uploads\/2026\/01\/image-124.png?resize=600%2C600 600w, https:\/\/i2.wp.com\/batimedianews.com\/live\/wp-content\/uploads\/2026\/01\/image-124.png?resize=300%2C300 300w, https:\/\/i2.wp.com\/batimedianews.com\/live\/wp-content\/uploads\/2026\/01\/image-124.png?resize=1536%2C1536 1536w, https:\/\/i2.wp.com\/batimedianews.com\/live\/wp-content\/uploads\/2026\/01\/image-124.png?resize=2048%2C2048 2048w, https:\/\/i2.wp.com\/batimedianews.com\/live\/wp-content\/uploads\/2026\/01\/image-124.png?resize=10%2C10 10w\" sizes=\"(max-width: 600px) 91vw, (max-width: 900px) 600px, (max-width: 1060px) 50vw, (max-width: 1200px) 520px, (max-width: 1400px) 43vw, 600px\" data-recalc-dims=\"1\" \/><\/figure>\n","protected":false},"excerpt":{"rendered":"<p>Une nouvelle version de la norme NF P01-012 encadre d\u00e9sormais la conception des balustrades et des garde-corps en France. Elle vise \u00e0 renforcer la s\u00e9curit\u00e9, en particulier la protection des jeunes enfants, en limitant les risques de chute. Applicable au march\u00e9 \u00e0 compter du 1er janvier 2026, cette \u00e9volution r\u00e9glementaire conduit GIMM Menuiseries et Les [&hellip;]<\/p>\n","protected":false},"author":41,"featured_media":48959,"comment_status":"open","ping_status":"open","sticky":true,"template":"","format":"standard","meta":{"spay_email":""},"categories":[4,8,1862,868,690,2284],"tags":[2706],"jetpack_featured_media_url":"https:\/\/i0.wp.com\/batimedianews.com\/live\/wp-content\/uploads\/2026\/01\/GIMM.jpg?fit=1513%2C825","jetpack_sharing_enabled":true,"jetpack_likes_enabled":true,"jetpack-related-posts":[{"id":10051,"url":"http:\/\/batimedianews.com\/live\/index.php\/2021\/05\/25\/la-qualite-de-lair-preoccupation-croissante-des-francais-myventil-de-gimm-menuiseries-et-les-menuiseries-francaises-la-solution\/","url_meta":{"origin":48956,"position":0},"title":"La qualit\u00e9 de l\u2019air, pr\u00e9occupation croissante des fran\u00e7ais : MYVENTIL de Gimm Menuiseries et Les Menuiseries Fran\u00e7aises : la solution !","date":"25 mai 2021","format":false,"excerpt":"La qualit\u00e9 de l\u2019air int\u00e9rieur est aujourd\u2019hui au coeur des gestes barri\u00e8res. GIMM Menuiseries, la solution globale des menuiseries int\u00e9rieures et ext\u00e9rieures pour le n\u00e9goce, et LES MENUISERIES FRAN\u00c7AISES, sp\u00e9cialistes des menuiseries ext\u00e9rieures et int\u00e9rieures pour les CMistes et les MPistes, proposent MYVENTIL, la fen\u00eatre qui ventile. Elle est l\u2019une\u2026","rel":"","context":"Dans &quot;Actualit\u00e9 Entreprises&quot;","img":{"alt_text":"","src":"https:\/\/i0.wp.com\/batimedianews.com\/live\/wp-content\/uploads\/2021\/05\/GIMM_MenuiseriesFran\u00e7aise-Article.jpg?fit=512%2C512&resize=350%2C200","width":350,"height":200},"classes":[]},{"id":17970,"url":"http:\/\/batimedianews.com\/live\/index.php\/2022\/04\/05\/de-nouveaux-decors-irresistibles-pour-les-portes-de-placard-de-gimm-menuiseries\/","url_meta":{"origin":48956,"position":1},"title":"De nouveaux d\u00e9cors irr\u00e9sistibles pour les portes de placard de GIMM MENUISERIES","date":"5 avril 2022","format":false,"excerpt":"GIMM Menuiseries propose huit nouveaut\u00e9s pour ses portes de placard coulissantes de la gamme Alegra\u00b2. Des d\u00e9cors \u00ab tendance \u00bb, des couleurs incontournables et des finitions subtiles qui vont plaire \u00e0 tous pour un int\u00e9rieur design et styl\u00e9.\u00a0 Elles sont l\u2019atout pour sublimer un int\u00e9rieur : les portes de placard\u2026","rel":"","context":"Dans &quot;Actualit\u00e9 Entreprises&quot;","img":{"alt_text":"","src":"https:\/\/i2.wp.com\/batimedianews.com\/live\/wp-content\/uploads\/2022\/03\/GIMM-Article.jpg?fit=512%2C512&resize=350%2C200","width":350,"height":200},"classes":[]},{"id":38882,"url":"http:\/\/batimedianews.com\/live\/index.php\/2024\/07\/12\/nous-serons-la-et-vous\/","url_meta":{"origin":48956,"position":2},"title":"Nous serons l\u00e0, et vous ?","date":"12 juillet 2024","format":false,"excerpt":"\u00a0Glass Systems de retour au Salon International du B\u00e2timent !\u00a0 Nous sommes ravis d\u2019annoncer que l\u2019\u00e9quipe de Glass Systems participera au salon BATIMAT en septembre prochain. Lors de cet \u00e9v\u00e9nement, nous mettrons en avant notre gamme innovante de garde-corps, r\u00e9pondant \u00e0 la demande croissante des professionnels de la menuiserie et\u2026","rel":"","context":"Dans &quot;Actualit\u00e9 Entreprises&quot;","img":{"alt_text":"","src":"https:\/\/i2.wp.com\/batimedianews.com\/live\/wp-content\/uploads\/2024\/07\/GlassSystem-articles-.jpg?fit=825%2C825&resize=350%2C200","width":350,"height":200},"classes":[]},{"id":16401,"url":"http:\/\/batimedianews.com\/live\/index.php\/2022\/02\/23\/les-tendances-une-entree-lookee-avec-la-nouvelle-gamme-styl-graphic\/","url_meta":{"origin":48956,"position":3},"title":"Les tendances une entr\u00e9e look\u00e9e avec la nouvelle gamme styl graphic","date":"23 f\u00e9vrier 2022","format":false,"excerpt":"Un look styl\u00e9 avec du caract\u00e8re pour la gamme STYL GRAPHIC, les portes aluminium ont tout pour s\u00e9duire. La porte d\u2019entr\u00e9e refl\u00e8te l\u2019identit\u00e9 d\u2019une maison. La premi\u00e8re chose que l\u2019on voit, que l\u2019on touche, que l\u2019on ouvre\u2026 On lui accorde un premier regard, un premier geste. Elle donne le tempo,\u2026","rel":"","context":"Dans &quot;Menuiserie aluminium&quot;","img":{"alt_text":"","src":"https:\/\/i2.wp.com\/batimedianews.com\/live\/wp-content\/uploads\/2022\/02\/GIMM_Menuiseries-Article.jpg?fit=512%2C512&resize=350%2C200","width":350,"height":200},"classes":[]},{"id":9182,"url":"http:\/\/batimedianews.com\/live\/index.php\/2021\/04\/27\/technal-lance-ses-podcasts-histoires-dalu\/","url_meta":{"origin":48956,"position":4},"title":"TECHNAL LANCE SES PODCASTS \u00ab HISTOIRES D\u2019ALU \u00bb","date":"27 avril 2021","format":false,"excerpt":"Fleuron industriel toulousain, TECHNAL est devenu en 60 ans l\u2019une des r\u00e9f\u00e9rences fran\u00e7aises sur le march\u00e9 mondial des menuiseries aluminium premium (fen\u00eatres, baies coulissantes, portes, v\u00e9randas, pergolas, fa\u00e7ades, portails, garde-corps\u2026). Au-del\u00e0 de son esprit visionnaire reconnu en mati\u00e8re de solutions, la marque est \u00e9galement pionni\u00e8re en communication. Qu\u2019il s\u2019agisse des\u2026","rel":"","context":"Dans &quot;Actualit\u00e9 Entreprises&quot;","img":{"alt_text":"","src":"https:\/\/i0.wp.com\/batimedianews.com\/live\/wp-content\/uploads\/2021\/04\/image-84.png?fit=512%2C512&resize=350%2C200","width":350,"height":200},"classes":[]},{"id":42280,"url":"http:\/\/batimedianews.com\/live\/index.php\/2025\/01\/22\/le-snfa-fait-evoluer-la-donnee-environnementale-des-fenetres-en-profiles-aluminium\/","url_meta":{"origin":48956,"position":5},"title":"Le SNFA fait \u00e9voluer la donn\u00e9e environnementale des Fen\u00eatres en profil\u00e9s aluminium","date":"22 janvier 2025","format":false,"excerpt":"Les derni\u00e8res FDES collectives Fen\u00eatres en profil\u00e9s aluminium du SNFA datant de 2019, le SNFA publie leur r\u00e9vision. Apr\u00e8s les efforts de d\u00e9carbonation de la fili\u00e8re, l\u2019organisation professionnelle des menuiseries en profil\u00e9s aluminium met \u00e0 jour ces donn\u00e9es environnementales en tenant compte des \u00e9volutions de la d\u00e9marche de tra\u00e7abilit\u00e9 Alu+C-.\u2026","rel":"","context":"Dans &quot;fen\u00eatres&quot;","img":{"alt_text":"","src":"https:\/\/i1.wp.com\/batimedianews.com\/live\/wp-content\/uploads\/2025\/01\/SNFA-articles-.jpg?fit=825%2C825&resize=350%2C200","width":350,"height":200},"classes":[]}],"_links":{"self":[{"href":"http:\/\/batimedianews.com\/live\/index.php\/wp-json\/wp\/v2\/posts\/48956"}],"collection":[{"href":"http:\/\/batimedianews.com\/live\/index.php\/wp-json\/wp\/v2\/posts"}],"about":[{"href":"http:\/\/batimedianews.com\/live\/index.php\/wp-json\/wp\/v2\/types\/post"}],"author":[{"embeddable":true,"href":"http:\/\/batimedianews.com\/live\/index.php\/wp-json\/wp\/v2\/users\/41"}],"replies":[{"embeddable":true,"href":"http:\/\/batimedianews.com\/live\/index.php\/wp-json\/wp\/v2\/comments?post=48956"}],"version-history":[{"count":3,"href":"http:\/\/batimedianews.com\/live\/index.php\/wp-json\/wp\/v2\/posts\/48956\/revisions"}],"predecessor-version":[{"id":48980,"href":"http:\/\/batimedianews.com\/live\/index.php\/wp-json\/wp\/v2\/posts\/48956\/revisions\/48980"}],"wp:featuredmedia":[{"embeddable":true,"href":"http:\/\/batimedianews.com\/live\/index.php\/wp-json\/wp\/v2\/media\/48959"}],"wp:attachment":[{"href":"http:\/\/batimedianews.com\/live\/index.php\/wp-json\/wp\/v2\/media?parent=48956"}],"wp:term":[{"taxonomy":"category","embeddable":true,"href":"http:\/\/batimedianews.com\/live\/index.php\/wp-json\/wp\/v2\/categories?post=48956"},{"taxonomy":"post_tag","embeddable":true,"href":"http:\/\/batimedianews.com\/live\/index.php\/wp-json\/wp\/v2\/tags?post=48956"}],"curies":[{"name":"wp","href":"https:\/\/api.w.org\/{rel}","templated":true}]}}