{"id":48964,"date":"2026-01-22T09:38:06","date_gmt":"2026-01-22T08:38:06","guid":{"rendered":"http:\/\/batimedianews.com\/live\/?p=48964"},"modified":"2026-01-22T09:38:08","modified_gmt":"2026-01-22T08:38:08","slug":"re-nouveler-la-facade-technal-choisie-pour-donner-une-nouvelle-vie-a-un-immeuble-de-bureaux-a-levallois-perret","status":"publish","type":"post","link":"http:\/\/batimedianews.com\/live\/index.php\/2026\/01\/22\/re-nouveler-la-facade-technal-choisie-pour-donner-une-nouvelle-vie-a-un-immeuble-de-bureaux-a-levallois-perret\/","title":{"rendered":"\u00ab Re-nouveler la fa\u00e7ade \u00bb TECHNAL choisie pour donner une nouvelle vie \u00e0 un immeuble de bureaux \u00e0 LEVALLOIS-PERRET"},"content":{"rendered":"\n<figure class=\"wp-block-image size-full\"><img loading=\"lazy\" width=\"720\" height=\"516\" src=\"https:\/\/i2.wp.com\/batimedianews.com\/live\/wp-content\/uploads\/2026\/01\/image-125.png?resize=720%2C516\" alt=\"\" class=\"wp-image-48965\" srcset=\"https:\/\/i2.wp.com\/batimedianews.com\/live\/wp-content\/uploads\/2026\/01\/image-125.png?w=1556 1556w, https:\/\/i2.wp.com\/batimedianews.com\/live\/wp-content\/uploads\/2026\/01\/image-125.png?resize=768%2C550 768w, https:\/\/i2.wp.com\/batimedianews.com\/live\/wp-content\/uploads\/2026\/01\/image-125.png?resize=432%2C310 432w, https:\/\/i2.wp.com\/batimedianews.com\/live\/wp-content\/uploads\/2026\/01\/image-125.png?resize=396%2C284 396w, https:\/\/i2.wp.com\/batimedianews.com\/live\/wp-content\/uploads\/2026\/01\/image-125.png?resize=1120%2C803 1120w, https:\/\/i2.wp.com\/batimedianews.com\/live\/wp-content\/uploads\/2026\/01\/image-125.png?resize=660%2C473 660w, https:\/\/i2.wp.com\/batimedianews.com\/live\/wp-content\/uploads\/2026\/01\/image-125.png?w=1440 1440w\" sizes=\"(max-width: 600px) 91vw, (max-width: 900px) 600px, (max-width: 1060px) 50vw, (max-width: 1200px) 520px, (max-width: 1400px) 43vw, 600px\" data-recalc-dims=\"1\" \/><figcaption>Cr\u00e9dit photo FOR IMMO&nbsp;<\/figcaption><\/figure>\n\n\n\n<p class=\"has-text-align-justify\">La Providence, entreprise de services fond\u00e9e en 1961 et sp\u00e9cialis\u00e9e dans les m\u00e9tiers de la propret\u00e9 principalement pour l\u2019h\u00f4tellerie, les boutiques de luxe, les si\u00e8ges sociaux, les salles de spectacle\u2026, souhaitait louer de nouveaux bureaux \u00e0 proximit\u00e9 du coeur de Paris pour son si\u00e8ge national. Le ma\u00eetre d\u2019ouvrage FOR IMMO a accompagn\u00e9 La Providence (filiale du Groupe SAMSIC) dans cette recherche. Un immeuble tertiaire de 1 200 m\u00b2, \u00e0 Levallois-Perret, a \u00e9t\u00e9 choisi. Construit dans les ann\u00e9es 1990, le b\u00e2timent n\u00e9cessitait une <strong>r\u00e9novation \u00e9nerg\u00e9tique globale \u00e0 mener dans un budget ma\u00eetris\u00e9 et selon un planning contraint.<\/strong> Le programme pr\u00e9voyait notamment <strong>l\u2019optimisation thermique de la fa\u00e7ade vitr\u00e9e \u00e0 80 %<\/strong>.&nbsp;<\/p>\n\n\n\n<p class=\"has-text-align-justify\">Engag\u00e9 gr\u00e2ce \u00e0 son parcours de la Convention des Entreprises pour le Climat (CEC Ouest), et fort de sa feuille de route 2035, FOR IMMO a abord\u00e9 ces <strong>travaux en site occup\u00e9 avec une approche agile et responsable<\/strong>. Pour les murs-rideaux, il a collabor\u00e9 avec le fabricant-installateur ALU RENNAIS et le gammiste aluminium TECHNAL. Afin de <strong>r\u00e9duire les co\u00fbts, la dur\u00e9e, l\u2019impact carbone du chantier et de ma\u00eetriser la consommation de ressources naturelles<\/strong>, les \u00e9quipes ont d\u00e9velopp\u00e9 une <strong>solution sur-mesure baptis\u00e9e \u00ab RE-NOUVELER LA FA\u00c7ADE \u00bb<\/strong>. Elle permet de <strong>conserver l\u2019ossature primaire porteuse des murs-rideaux et de remplacer uniquement les cadres (fixes et ouvrants)<\/strong>. Ce syst\u00e8me de <strong>r\u00e9emploi in-situ, exclusif sur le march\u00e9, offre une seconde vie aux fa\u00e7ades existantes<\/strong>. Il poss\u00e8de \u00e9galement d\u2019autres avantages pour cet immeuble tertiaire :&nbsp;<\/p>\n\n\n\n<ul><li><strong>L\u2019esth\u00e9tique d\u2019origine est pr\u00e9serv\u00e9e<\/strong> dans le respect des contraintes d\u2019urbanisme (saillie de la fa\u00e7ade) et de l\u2019unit\u00e9 visuelle avec la fa\u00e7ade mitoyenne en \u00ab miroir \u00bb.&nbsp;<\/li><li><strong>Une performance thermique identique \u00e0 un mur-rideau neuf<\/strong> atteignant ici un Uw = 1,35 W\/m\u00b2. K, et sans aucune surcharge structurelle.&nbsp;<\/li><li><strong>Une solution 20 % moins on\u00e9reuse sans travaux lourds<\/strong>.&nbsp;<\/li><li><strong>Une livraison en 5 mois<\/strong> au lieu d\u2019environ 8 mois si la fa\u00e7ade avait \u00e9t\u00e9 d\u00e9pos\u00e9e puis remplac\u00e9e enti\u00e8rement, et un <strong>maintien hors d\u2019eau et hors d\u2019air pendant toute l\u2019op\u00e9ration garantissant les travaux en site occup\u00e9.<\/strong>&nbsp;<\/li><\/ul>\n\n\n\n<p class=\"has-text-align-justify\">ALU RENNAIS est intervenu de d\u00e9cembre 2024 \u00e0 avril 2025. Il a <strong>mis en oeuvre pr\u00e8s de 300 cadres<\/strong> (H. 1 415 x L. 1 340 m (ch\u00e2ssis fixes et \u00e0 l\u2019italienne) ; H. 1 534 x L. 1 462 m et H. 734 x L. 1 335 m (panneaux EDR), soit <strong>environ 450 m\u00b2 de murs-rideaux renouvel\u00e9s<\/strong>. L\u2019ensemble a \u00e9t\u00e9 <strong>valid\u00e9 sans r\u00e9serve par le bureau de contr\u00f4le SOCOTEC<\/strong>, et <strong>l\u2019assurance l\u2019a \u00e9galement homologu\u00e9 en tant que technique courante<\/strong> \u00e9quivalente \u00e0 une construction neuve. Fabriqu\u00e9s en <strong>aluminium Hydro CIRCAL 75R<\/strong> (1,9 kg CO2e\/kg Al. vs la moyenne europ\u00e9enne de 10 kg CO2e\/kg Al.), les profil\u00e9s \u00ab RE-NOUVELER LA FA\u00c7ADE \u00bb ont permis une<strong> \u00e9conomie de 30 tonnes de CO2<\/strong>.&nbsp;<\/p>\n\n\n\n<p class=\"has-text-align-center\">\u00a0\u00bb <em>FOR IMMO avait la volont\u00e9 de montrer qu\u2019il \u00e9tait possible de faire de l\u2019immobilier durable sans que cela co\u00fbte plus cher. En travaillant en synergie avec ALU RENNAIS et TECHNAL, d\u00e8s la phase de conception, nous avons fait de ce projet de r\u00e9novation \u00e0 Levallois-Perret une vraie r\u00e9ussite ! Nous sommes arriv\u00e9s avec un cahier des charges pr\u00e9cis, des d\u00e9lais serr\u00e9s et un budget contraint. Lorsque nous avons <strong>\u00e9tudi\u00e9 l\u2019option d\u2019une fa\u00e7ade neuve, nous nous sommes rapidement rendu compte que ce n\u2019\u00e9tait ni \u00e9conomiquement ni techniquement pertinent :<\/strong> des renforcements structurels \u00e0 pr\u00e9voir, des contraintes d\u2019urbanisme bloquantes du fait de la limite du domaine public, une consommation de carbone nettement plus \u00e9lev\u00e9e\u2026 \u00c0 l\u2019inverse, la<strong> solution sur-mesure \u00ab RE-NOUVELER LA FA\u00c7ADE \u00bb nous a permis d\u2019appliquer ce que nous d\u00e9fendons dans tous nos projets de r\u00e9novation : le bon sens.<\/strong> Conserver ce qui fonctionne, l\u2019am\u00e9liorer et en tirer le maximum de valeur. Nous avons optimis\u00e9 la performance thermique du b\u00e2timent tout en r\u00e9duisant significativement le co\u00fbt de l\u2019op\u00e9ration, en s\u00e9curisant la rentabilit\u00e9 de l\u2019actif et en tenant un calendrier serr\u00e9 alors que La Providence arrivait en fin de bail. Jusqu\u2019alors lorsqu\u2019un ma\u00eetre d\u2019ouvrage souhaitait r\u00e9nover thermiquement les murs-rideaux de son b\u00e2timent, une seule option s\u2019offrait \u00e0 lui sur le march\u00e9 : la d\u00e9pose totale de la structure. Aujourd\u2019hui, cette <strong>approche repr\u00e9sente une v\u00e9ritable r\u00e9volution pour les constructions \u00e0 r\u00e9habiliter<\/strong> et nous \u00e9tudions d\u2019ailleurs d\u00e9j\u00e0 d\u2019autres projets pour reproduire cette d\u00e9marche.<\/em>\u00ab\u00a0, explique Thomas FRIN, Responsable Technique de FOR IMMO.&nbsp;<\/p>\n\n\n\n<figure class=\"wp-block-image size-full\"><img loading=\"lazy\" width=\"720\" height=\"473\" src=\"https:\/\/i0.wp.com\/batimedianews.com\/live\/wp-content\/uploads\/2026\/01\/image-126.png?resize=720%2C473\" alt=\"\" class=\"wp-image-48966\" srcset=\"https:\/\/i0.wp.com\/batimedianews.com\/live\/wp-content\/uploads\/2026\/01\/image-126.png?w=1818 1818w, https:\/\/i0.wp.com\/batimedianews.com\/live\/wp-content\/uploads\/2026\/01\/image-126.png?resize=768%2C504 768w, https:\/\/i0.wp.com\/batimedianews.com\/live\/wp-content\/uploads\/2026\/01\/image-126.png?resize=432%2C284 432w, https:\/\/i0.wp.com\/batimedianews.com\/live\/wp-content\/uploads\/2026\/01\/image-126.png?resize=396%2C260 396w, https:\/\/i0.wp.com\/batimedianews.com\/live\/wp-content\/uploads\/2026\/01\/image-126.png?resize=1120%2C736 1120w, https:\/\/i0.wp.com\/batimedianews.com\/live\/wp-content\/uploads\/2026\/01\/image-126.png?resize=660%2C433 660w, https:\/\/i0.wp.com\/batimedianews.com\/live\/wp-content\/uploads\/2026\/01\/image-126.png?w=1440 1440w\" sizes=\"(max-width: 600px) 91vw, (max-width: 900px) 600px, (max-width: 1060px) 50vw, (max-width: 1200px) 520px, (max-width: 1400px) 43vw, 600px\" data-recalc-dims=\"1\" \/><\/figure>\n\n\n\n<figure class=\"wp-block-image size-full\"><img loading=\"lazy\" width=\"720\" height=\"467\" src=\"https:\/\/i0.wp.com\/batimedianews.com\/live\/wp-content\/uploads\/2026\/01\/image-127.png?resize=720%2C467\" alt=\"\" class=\"wp-image-48967\" srcset=\"https:\/\/i0.wp.com\/batimedianews.com\/live\/wp-content\/uploads\/2026\/01\/image-127.png?w=1818 1818w, https:\/\/i0.wp.com\/batimedianews.com\/live\/wp-content\/uploads\/2026\/01\/image-127.png?resize=768%2C497 768w, https:\/\/i0.wp.com\/batimedianews.com\/live\/wp-content\/uploads\/2026\/01\/image-127.png?resize=432%2C280 432w, https:\/\/i0.wp.com\/batimedianews.com\/live\/wp-content\/uploads\/2026\/01\/image-127.png?resize=396%2C257 396w, https:\/\/i0.wp.com\/batimedianews.com\/live\/wp-content\/uploads\/2026\/01\/image-127.png?resize=1120%2C726 1120w, https:\/\/i0.wp.com\/batimedianews.com\/live\/wp-content\/uploads\/2026\/01\/image-127.png?resize=660%2C428 660w, https:\/\/i0.wp.com\/batimedianews.com\/live\/wp-content\/uploads\/2026\/01\/image-127.png?w=1440 1440w\" sizes=\"(max-width: 600px) 91vw, (max-width: 900px) 600px, (max-width: 1060px) 50vw, (max-width: 1200px) 520px, (max-width: 1400px) 43vw, 600px\" data-recalc-dims=\"1\" \/><\/figure>\n\n\n\n<div class=\"wp-block-media-text alignwide has-media-on-the-right is-stacked-on-mobile\" style=\"grid-template-columns:auto 46%\"><figure class=\"wp-block-media-text__media\"><img loading=\"lazy\" width=\"700\" height=\"574\" src=\"https:\/\/i0.wp.com\/batimedianews.com\/live\/wp-content\/uploads\/2026\/01\/image-128.png?resize=700%2C574\" alt=\"\" class=\"wp-image-48968 size-full\" srcset=\"https:\/\/i0.wp.com\/batimedianews.com\/live\/wp-content\/uploads\/2026\/01\/image-128.png?w=700 700w, https:\/\/i0.wp.com\/batimedianews.com\/live\/wp-content\/uploads\/2026\/01\/image-128.png?resize=768%2C629 768w, https:\/\/i0.wp.com\/batimedianews.com\/live\/wp-content\/uploads\/2026\/01\/image-128.png?resize=432%2C354 432w, https:\/\/i0.wp.com\/batimedianews.com\/live\/wp-content\/uploads\/2026\/01\/image-128.png?resize=396%2C325 396w, https:\/\/i0.wp.com\/batimedianews.com\/live\/wp-content\/uploads\/2026\/01\/image-128.png?resize=660%2C541 660w\" sizes=\"(max-width: 600px) 91vw, (max-width: 900px) 600px, (max-width: 1060px) 50vw, (max-width: 1200px) 520px, (max-width: 1400px) 43vw, 600px\" data-recalc-dims=\"1\" \/><\/figure><div class=\"wp-block-media-text__content\">\n<p class=\"has-sm-dark-primary-color has-text-color\"><strong>\/ Les principes de RE-NOUVELER LA FA\u00c7ADE&nbsp;<\/strong><\/p>\n\n\n\n<p class=\"has-text-align-justify\">La solution sur-mesure <strong>\u00ab RE-NOUVELER LA FA\u00c7ADE \u00bb assure une d\u00e9pose partielle des murs-rideaux simplifiant la r\u00e9habilitation des b\u00e2timents.<\/strong> L\u2019entreprise en charge de l\u2019intervention devra retirer les capots serreurs et les joints, puis d\u00e9poser le vitrage. Ensuite, un <strong>syst\u00e8me exclusif de fixation d\u00e9velopp\u00e9 par TECHNAL<\/strong> sera install\u00e9. Une fois les fixations en place, les \u00e9l\u00e9ments de la nouvelle fa\u00e7ade pourront \u00eatre rapport\u00e9s sur la structure existante faite de montants et traverses : nouveaux vitrages, nouveaux capots serreurs et nouveaux montants\/traverses.&nbsp;<\/p>\n<\/div><\/div>\n\n\n\n<figure class=\"wp-block-image size-full\"><img loading=\"lazy\" width=\"720\" height=\"394\" src=\"https:\/\/i0.wp.com\/batimedianews.com\/live\/wp-content\/uploads\/2026\/01\/image-129.png?resize=720%2C394\" alt=\"\" class=\"wp-image-48969\" srcset=\"https:\/\/i0.wp.com\/batimedianews.com\/live\/wp-content\/uploads\/2026\/01\/image-129.png?w=1538 1538w, https:\/\/i0.wp.com\/batimedianews.com\/live\/wp-content\/uploads\/2026\/01\/image-129.png?resize=768%2C420 768w, https:\/\/i0.wp.com\/batimedianews.com\/live\/wp-content\/uploads\/2026\/01\/image-129.png?resize=432%2C237 432w, https:\/\/i0.wp.com\/batimedianews.com\/live\/wp-content\/uploads\/2026\/01\/image-129.png?resize=396%2C217 396w, https:\/\/i0.wp.com\/batimedianews.com\/live\/wp-content\/uploads\/2026\/01\/image-129.png?resize=1120%2C613 1120w, https:\/\/i0.wp.com\/batimedianews.com\/live\/wp-content\/uploads\/2026\/01\/image-129.png?resize=660%2C361 660w, https:\/\/i0.wp.com\/batimedianews.com\/live\/wp-content\/uploads\/2026\/01\/image-129.png?w=1440 1440w\" sizes=\"(max-width: 600px) 91vw, (max-width: 900px) 600px, (max-width: 1060px) 50vw, (max-width: 1200px) 520px, (max-width: 1400px) 43vw, 600px\" data-recalc-dims=\"1\" \/><\/figure>\n\n\n\n<p class=\"has-text-align-justify\">La solution \u00ab RE-NOUVELER LA FA\u00c7ADE \u00bb est disponible dans diverses applications : de l\u2019aspect grille \u00e0 la fa\u00e7ade lisse avec la solution VEC, en passant par les trames verticales et horizontales. Une collection de capots est propos\u00e9e pour personnaliser l\u2019identit\u00e9 de chaque ouvrage. Ces capots sont disponibles sous diff\u00e9rentes formes, telles que des profils en \u00ab T \u00bb ou en \u00ab U \u00bb, avec des profondeurs comprises entre 17 mm et 100 mm, permettant d\u2019accentuer les lignes g\u00e9om\u00e9triques ou d\u2019adoucir les contours. Des capots plats ou des cr\u00e9ations sur-mesure peuvent \u00eatre r\u00e9alis\u00e9s \u00e0 la demande.&nbsp;<\/p>\n\n\n\n<p class=\"has-text-align-justify has-sm-light-primary-color has-sm-dark-primary-background-color has-text-color has-background\" style=\"font-size:18px\">Avant de d\u00e9buter les travaux, il est essentiel d\u2019analyser la compatibilit\u00e9 de \u00ab RE-NOUVELER LA FA\u00c7ADE \u00bb avec la g\u00e9om\u00e9trie des profil\u00e9s existants, et de valider par un bureau d\u2019\u00e9tudes ind\u00e9pendant l\u2019inertie des montants, les fixations et les efforts d\u2019arrachement des vis de fixation. Ces v\u00e9rifications sont les pr\u00e9requis essentiels \u00e0 la bonne ex\u00e9cution du projet et conditionnent l\u2019ensemble des performances de la fa\u00e7ade. L\u2019Entreprise r\u00e9alisera \u00e9galement tous les autres contr\u00f4les et v\u00e9rifications qu\u2019elle jugera n\u00e9cessaires au regard des sp\u00e9cifications du CCTP et de la configuration du chantier. L\u2019ing\u00e9nieur d\u2019affaires TECHNAL pourra guider les ma\u00eetres d\u2019oeuvre et d\u2019ouvrage avec le concours de l\u2019\u00e9quipe Ing\u00e9nierie Service TECHNAL.&nbsp;<\/p>\n\n\n\n<p class=\"has-sm-dark-primary-color has-text-color\"><strong>\/ Une intervention rapide en site occup\u00e9&nbsp;<\/strong><\/p>\n\n\n\n<p class=\"has-text-align-justify\">Les supports de fa\u00e7ade existants, en aluminium, se sont r\u00e9v\u00e9l\u00e9s \u00eatre encore en bon \u00e9tat. Leur conservation a permis d\u2019\u00e9viter une d\u00e9pose totale et lourde. Ce choix a g\u00e9n\u00e9r\u00e9 un gain de temps majeur (5 mois contre 8 mois) et rendu possible une intervention en site occup\u00e9. Pour ces bureaux, un nouvel am\u00e9nagement int\u00e9rieur a \u00e9t\u00e9 r\u00e9alis\u00e9 mais la solution \u00ab RE-NOUVELER LA FA\u00c7ADE \u00bb permet \u00e9galement, selon les besoins, de conserver intacts les plafonds et les murs. Les co\u00fbts indirects li\u00e9s aux travaux int\u00e9rieurs sont ainsi limit\u00e9s.&nbsp;<\/p>\n\n\n\n<p class=\"has-text-align-center\">\u00a0\u00bb <em>La r\u00e9novation ne doit pas \u00eatre per\u00e7ue comme un frein mais une opportunit\u00e9 ! C\u2019est l\u2019un de nos leitmotivs chez ALU RENNAIS : trouver des solutions novatrices pour aller plus vite et \u00e0 moindre co\u00fbt. Ici, conserver les supports existants a \u00e9t\u00e9 d\u00e9terminant. Les murs-rideaux d\u2019origine, issus du groupe HYDRO, pr\u00e9sentaient des profils tr\u00e8s proches de ceux des gammes TECHNAL. Bien que le mode de fixation diff\u00e9rait, cette compatibilit\u00e9 a permis de concevoir plus ais\u00e9ment des cadres sur-mesure reprenant des joints creux de 18 mm et des ouvrants \u00e9quivalents, tout en les adaptant aux exigences actuelles de performance thermique et d\u2019\u00e9tanch\u00e9it\u00e9. Une attention particuli\u00e8re a \u00e9t\u00e9 port\u00e9e \u00e0 l\u2019alignement esth\u00e9tique, avec des tol\u00e9rances de l\u2019ordre de quelques millim\u00e8tres seulement, y compris sur les parties en d\u00e9bord de fa\u00e7ade. \u00ab\u00a0, <\/em>d\u00e9taille Jean-Luc LESCOP, Directeur du bureau d\u2019\u00e9tudes ALU RENNAIS.&nbsp;<\/p>\n\n\n\n<p class=\"has-text-align-justify\">Afin de s\u00e9curiser la mise en oeuvre de la solution sur-mesure \u00ab RE-NOUVELER LA FA\u00c7ADE \u00bb, des \u00e9tudes approfondies ont \u00e9t\u00e9 men\u00e9es en amont par ALU RENNAIS et TECHNAL, en collaboration avec le bureau d\u2019\u00e9tudes Fa\u00e7ades Joseph Ing\u00e9nierie et le bureau de contr\u00f4le SOCOTEC. Elles ont \u00e9t\u00e9 compl\u00e9t\u00e9es par des <strong>essais sp\u00e9cifiques : tests d\u2019arrachement sur les nouvelles vis fix\u00e9es dans l\u2019ancienne ossature (en atelier), tests AEV sur une trame prototype (sur site)\u2026&nbsp;<\/strong><\/p>\n\n\n\n<p class=\"has-text-align-justify\">La <strong>pose a \u00e9t\u00e9 r\u00e9alis\u00e9e panneau par panneau exclusivement depuis l\u2019ext\u00e9rieur<\/strong>. Une \u00e9quipe de 3 \u00e0 4 poseurs a \u00e9t\u00e9 mobilis\u00e9e sur les deux fa\u00e7ades trait\u00e9es (c\u00f4t\u00e9 rue et cour int\u00e9rieure). Cette organisation a permis aux travaux d\u2019am\u00e9nagement int\u00e9rieur de se poursuivre en parall\u00e8le, optimisant le planning global du chantier. ALU RENNAIS a \u00e9galement habill\u00e9 de t\u00f4les pli\u00e9es en aluminium les \u00e9pines des murs-rideaux c\u00f4t\u00e9 int\u00e9rieur afin d\u2019effacer les nombreux trous faits pour la fixation des anciens stores v\u00e9nitiens.&nbsp;<\/p>\n\n\n\n<figure class=\"wp-block-image size-full\"><img loading=\"lazy\" width=\"720\" height=\"426\" src=\"https:\/\/i2.wp.com\/batimedianews.com\/live\/wp-content\/uploads\/2026\/01\/image-130.png?resize=720%2C426\" alt=\"\" class=\"wp-image-48970\" srcset=\"https:\/\/i2.wp.com\/batimedianews.com\/live\/wp-content\/uploads\/2026\/01\/image-130.png?w=1398 1398w, https:\/\/i2.wp.com\/batimedianews.com\/live\/wp-content\/uploads\/2026\/01\/image-130.png?resize=768%2C454 768w, https:\/\/i2.wp.com\/batimedianews.com\/live\/wp-content\/uploads\/2026\/01\/image-130.png?resize=432%2C256 432w, https:\/\/i2.wp.com\/batimedianews.com\/live\/wp-content\/uploads\/2026\/01\/image-130.png?resize=396%2C235 396w, https:\/\/i2.wp.com\/batimedianews.com\/live\/wp-content\/uploads\/2026\/01\/image-130.png?resize=1120%2C663 1120w, https:\/\/i2.wp.com\/batimedianews.com\/live\/wp-content\/uploads\/2026\/01\/image-130.png?resize=660%2C391 660w\" sizes=\"(max-width: 600px) 91vw, (max-width: 900px) 600px, (max-width: 1060px) 50vw, (max-width: 1200px) 520px, (max-width: 1400px) 43vw, 600px\" data-recalc-dims=\"1\" \/><\/figure>\n\n\n\n<p class=\"has-text-align-center has-sm-dark-primary-color has-text-color has-medium-font-size\"><strong>FICHE CHANTIER&nbsp;<\/strong><\/p>\n\n\n\n<figure class=\"wp-block-image size-full\"><img loading=\"lazy\" width=\"720\" height=\"669\" src=\"https:\/\/i0.wp.com\/batimedianews.com\/live\/wp-content\/uploads\/2026\/01\/image-131.png?resize=720%2C669\" alt=\"\" class=\"wp-image-48971\" srcset=\"https:\/\/i0.wp.com\/batimedianews.com\/live\/wp-content\/uploads\/2026\/01\/image-131.png?w=1024 1024w, https:\/\/i0.wp.com\/batimedianews.com\/live\/wp-content\/uploads\/2026\/01\/image-131.png?resize=768%2C714 768w, https:\/\/i0.wp.com\/batimedianews.com\/live\/wp-content\/uploads\/2026\/01\/image-131.png?resize=10%2C10 10w, https:\/\/i0.wp.com\/batimedianews.com\/live\/wp-content\/uploads\/2026\/01\/image-131.png?resize=432%2C402 432w, https:\/\/i0.wp.com\/batimedianews.com\/live\/wp-content\/uploads\/2026\/01\/image-131.png?resize=396%2C368 396w, https:\/\/i0.wp.com\/batimedianews.com\/live\/wp-content\/uploads\/2026\/01\/image-131.png?resize=660%2C614 660w\" sizes=\"(max-width: 600px) 91vw, (max-width: 900px) 600px, (max-width: 1060px) 50vw, (max-width: 1200px) 520px, (max-width: 1400px) 43vw, 600px\" data-recalc-dims=\"1\" \/><\/figure>\n","protected":false},"excerpt":{"rendered":"<p>La Providence, entreprise de services fond\u00e9e en 1961 et sp\u00e9cialis\u00e9e dans les m\u00e9tiers de la propret\u00e9 principalement pour l\u2019h\u00f4tellerie, les boutiques de luxe, les si\u00e8ges sociaux, les salles de spectacle\u2026, souhaitait louer de nouveaux bureaux \u00e0 proximit\u00e9 du coeur de Paris pour son si\u00e8ge national. Le ma\u00eetre d\u2019ouvrage FOR IMMO a accompagn\u00e9 La Providence (filiale [&hellip;]<\/p>\n","protected":false},"author":41,"featured_media":48972,"comment_status":"open","ping_status":"open","sticky":true,"template":"","format":"standard","meta":{"spay_email":""},"categories":[4,29,1013,690,718,108],"tags":[],"jetpack_featured_media_url":"https:\/\/i1.wp.com\/batimedianews.com\/live\/wp-content\/uploads\/2026\/01\/Technal.jpg?fit=1513%2C825","jetpack_sharing_enabled":true,"jetpack_likes_enabled":true,"jetpack-related-posts":[{"id":24370,"url":"http:\/\/batimedianews.com\/live\/index.php\/2022\/10\/26\/soprema-entreprises-lyon-inaugure-sa-nouvelle-agence-a-genas-69-un-batiment-eco-responsable-vitrine-des-savoir-faire-enveloppe-charpente-et-serrurerie\/","url_meta":{"origin":48964,"position":0},"title":"SOPREMA Entreprises Lyon inaugure sa nouvelle agence \u00e0 Genas (69) : UN B\u00c2TIMENT \u00c9CO-RESPONSABLE, VITRINE DES SAVOIR-FAIRE (ENVELOPPE, CHARPENTE ET SERRURERIE)","date":"26 octobre 2022","format":false,"excerpt":"Cr\u00e9dit photo : G. Perret pour SOPREMA Entreprises Lyon\u00a0 SOPREMA Entreprises vient d\u2019inaugurer, ce vendredi 14 octobre, sa nouvelle agence \u00e0 Genas (69). Ancr\u00e9e sur le territoire depuis plus de 50 ans, l\u2019agence SOPREMA Entreprises Lyon fait peau neuve dans un b\u00e2timent con\u00e7u \u00e0 l\u2019image de la croissance qu\u2019elle conna\u00eet.\u2026","rel":"","context":"Dans &quot;Actualit\u00e9 Entreprises&quot;","img":{"alt_text":"","src":"https:\/\/i1.wp.com\/batimedianews.com\/live\/wp-content\/uploads\/2022\/10\/Soprema-Article.jpg?fit=1080%2C1080&resize=350%2C200","width":350,"height":200},"classes":[]},{"id":20994,"url":"http:\/\/batimedianews.com\/live\/index.php\/2022\/06\/15\/credit-agricole-immobilier-livre-un-immeuble\/","url_meta":{"origin":48964,"position":1},"title":"Cr\u00e9dit Agricole Immobilier livre un immeuble de bureaux de 4200 m\u00b2 \u00e0 Lyon","date":"15 juin 2022","format":false,"excerpt":"Cr\u00e9dit Agricole Immobilier annonce la livraison d'un immeuble de bureaux situ\u00e9 au 18\/24 rue Garibaldi (Lyon 6e) \u00e0 l'Auxiliaire, assureur lyonnais sp\u00e9cialiste du b\u00e2timent et des travaux publics, qui y accueille son nouveau si\u00e8ge social. Construit dans les ann\u00e9es 80, cet immeuble a b\u00e9n\u00e9fici\u00e9 d'une restructuration, d'une r\u00e9habilitation et d'une\u2026","rel":"","context":"Dans &quot;Actualit\u00e9 Entreprises&quot;","img":{"alt_text":"","src":"https:\/\/i2.wp.com\/batimedianews.com\/live\/wp-content\/uploads\/2022\/06\/CAImmobilier-Article.jpg?fit=1080%2C1080&resize=350%2C200","width":350,"height":200},"classes":[]},{"id":11191,"url":"http:\/\/batimedianews.com\/live\/index.php\/2021\/07\/26\/precwood-1400-le-seul-precadre-qui-certifie-la-gestion-de-letancheite-des-menuiseries-dans-les-constructions-bois\/","url_meta":{"origin":48964,"position":2},"title":"PRECWOOD 1400, LE SEUL PR\u00c9CADRE QUI CERTIFIE LA GESTION DE L&rsquo;\u00c9TANCH\u00c9IT\u00c9 DES MENUISERIES DANS LES CONSTRUCTIONS BOIS","date":"26 juillet 2021","format":false,"excerpt":"1ER CHANTIER R\u00c9ALIS\u00c9 : UN IMMEUBLE COMPOS\u00c9 DE 66 LOGEMENTS SOCIAUX ET D\u2019UNE CR\u00c8CHE \u00c0 ISSY-LES-MOULINEAUX\u00a0 \u00a0Cr\u00e9dit photo LOUINEAU - Cyril Badet\u00a0Immeuble 66 logements sociaux et cr\u00e8che - Agence d\u2019architecture Daquin Ferri\u00e8re & Associ\u00e9s\u00a0 Apporteur de solutions sur-mesure, LOUINEAU a d\u00e9velopp\u00e9 et lanc\u00e9 fin 2020 le pr\u00e9cadre PRECWOOD 1400 qui\u2026","rel":"","context":"Dans &quot;Actualit\u00e9 Entreprises&quot;","img":{"alt_text":"","src":"https:\/\/i0.wp.com\/batimedianews.com\/live\/wp-content\/uploads\/2021\/07\/Louineau-Article.jpg?fit=512%2C512&resize=350%2C200","width":350,"height":200},"classes":[]},{"id":28742,"url":"http:\/\/batimedianews.com\/live\/index.php\/2023\/05\/23\/le-systeme-dite-stotherm-brick-habille-le-nouveau-siege-de-lagence-internationale-darchitecture-patriarche\/","url_meta":{"origin":48964,"position":3},"title":"Le syst\u00e8me d\u2019ITE StoTherm Brick habille le nouveau si\u00e8ge de l\u2019agence internationale d\u2019architecture Patriarche","date":"23 mai 2023","format":false,"excerpt":"A Ivry-sur-Seine (94), un immeuble de bureaux s\u2019assure une solution p\u00e9renne et esth\u00e9tique en fa\u00e7ade avec le syst\u00e8me d\u2019ITE StoTherm Brick. Le choix de plaquettes terre cuite moul\u00e9es-main permet une richesse de teintes et de textures qui rend hommage au pass\u00e9 industriel de la ville.\u00a0 \u00a0Nouveau si\u00e8ge de l\u2019agence d\u2019architecture\u2026","rel":"","context":"Dans &quot;Actualit\u00e9 Entreprises&quot;","img":{"alt_text":"","src":"https:\/\/i1.wp.com\/batimedianews.com\/live\/wp-content\/uploads\/2023\/05\/Sto-Article-1.jpg?fit=1080%2C1080&resize=350%2C200","width":350,"height":200},"classes":[]},{"id":3893,"url":"http:\/\/batimedianews.com\/live\/index.php\/2020\/02\/26\/450-precadres-louineau-pour-la-renovation-rapide-dune-residence-etudiante-du-crous-a-limoges\/","url_meta":{"origin":48964,"position":4},"title":"450 PR\u00c9CADRES LOUINEAU POUR LA R\u00c9NOVATION RAPIDE D&rsquo;UNE R\u00c9SIDENCE \u00c9TUDIANTE DU CROUS \u00c0 LIMOGES","date":"26 f\u00e9vrier 2020","format":false,"excerpt":"Construite dans les ann\u00e9es 1970, la r\u00e9sidence \u00e9tudiante Camille Gu\u00e9rin \u00e0 Limoges (87) a connu sa premi\u00e8re r\u00e9novation en 2017. Le CROUS, ma\u00eetrise d\u2019ouvrage du b\u00e2timent, a fait appel \u00e0 l\u2019agence GDV ARCHITECTES URBANISTES pour r\u00e9habiliter totalement ces logements, impliquant une requalification de son enveloppe. Elle a imagin\u00e9 des fa\u00e7ades\u2026","rel":"","context":"Dans &quot;Actualit\u00e9 Entreprises&quot;","img":{"alt_text":"","src":"https:\/\/i0.wp.com\/batimedianews.com\/live\/wp-content\/uploads\/2020\/02\/louineau_image.jpg?fit=1119%2C633&resize=350%2C200","width":350,"height":200},"classes":[]},{"id":20762,"url":"http:\/\/batimedianews.com\/live\/index.php\/2022\/06\/09\/intairieur-le-label-pour-la-qualite-de-lair-interieur-setend-aux-batiments-tertiaires\/","url_meta":{"origin":48964,"position":5},"title":"INTAIRIEUR, le label pour la Qualit\u00e9 de l\u2019Air Int\u00e9rieur s\u2019\u00e9tend aux b\u00e2timents tertiaires.","date":"9 juin 2022","format":false,"excerpt":"Cr\u00e9\u00e9 en novembre 2017, INTAIRIEUR\u00ae, le label pour la qualit\u00e9 de l\u2019air int\u00e9rieur \u00e9tait jusqu\u2019en mai dernier r\u00e9serv\u00e9 aux logements collectifs. Apr\u00e8s avoir lanc\u00e9 en 2021 une version destin\u00e9e \u00e0 la maison individuelle isol\u00e9e, le label continue son d\u00e9veloppement et\u2002\u00e9tend aujourd\u2019hui son champ aux b\u00e2timents tertiaires neufs. INTAIRIEUR\u00ae : Un\u2026","rel":"","context":"Dans &quot;Actualit\u00e9 Entreprises&quot;","img":{"alt_text":"","src":"https:\/\/i0.wp.com\/batimedianews.com\/live\/wp-content\/uploads\/2022\/06\/Intairieur-Article.jpg?fit=1080%2C1080&resize=350%2C200","width":350,"height":200},"classes":[]}],"_links":{"self":[{"href":"http:\/\/batimedianews.com\/live\/index.php\/wp-json\/wp\/v2\/posts\/48964"}],"collection":[{"href":"http:\/\/batimedianews.com\/live\/index.php\/wp-json\/wp\/v2\/posts"}],"about":[{"href":"http:\/\/batimedianews.com\/live\/index.php\/wp-json\/wp\/v2\/types\/post"}],"author":[{"embeddable":true,"href":"http:\/\/batimedianews.com\/live\/index.php\/wp-json\/wp\/v2\/users\/41"}],"replies":[{"embeddable":true,"href":"http:\/\/batimedianews.com\/live\/index.php\/wp-json\/wp\/v2\/comments?post=48964"}],"version-history":[{"count":2,"href":"http:\/\/batimedianews.com\/live\/index.php\/wp-json\/wp\/v2\/posts\/48964\/revisions"}],"predecessor-version":[{"id":48982,"href":"http:\/\/batimedianews.com\/live\/index.php\/wp-json\/wp\/v2\/posts\/48964\/revisions\/48982"}],"wp:featuredmedia":[{"embeddable":true,"href":"http:\/\/batimedianews.com\/live\/index.php\/wp-json\/wp\/v2\/media\/48972"}],"wp:attachment":[{"href":"http:\/\/batimedianews.com\/live\/index.php\/wp-json\/wp\/v2\/media?parent=48964"}],"wp:term":[{"taxonomy":"category","embeddable":true,"href":"http:\/\/batimedianews.com\/live\/index.php\/wp-json\/wp\/v2\/categories?post=48964"},{"taxonomy":"post_tag","embeddable":true,"href":"http:\/\/batimedianews.com\/live\/index.php\/wp-json\/wp\/v2\/tags?post=48964"}],"curies":[{"name":"wp","href":"https:\/\/api.w.org\/{rel}","templated":true}]}}