{"id":49610,"date":"2026-03-17T06:04:11","date_gmt":"2026-03-17T05:04:11","guid":{"rendered":"http:\/\/batimedianews.com\/live\/?p=49610"},"modified":"2026-03-17T06:04:14","modified_gmt":"2026-03-17T05:04:14","slug":"innovations-et-tendances-des-sols-textiles","status":"publish","type":"post","link":"http:\/\/batimedianews.com\/live\/index.php\/2026\/03\/17\/innovations-et-tendances-des-sols-textiles\/","title":{"rendered":"Innovations et tendances des Sols Textiles."},"content":{"rendered":"\n<p class=\"has-text-align-center has-medium-font-size\">Personnalisation, design organique, coloris sophistiqu\u00e9s, durabilit\u00e9 et circularit\u00e9 sont autant d\u2019enjeux pour la fili\u00e8re qui ne cesse de se r\u00e9inventer. Les industriels innovent pour proposer des rev\u00eatements de sols textiles performants, design et inoubliables. Un sol qui cr\u00e9e une \u00e9motion, qui donne une \u00e2me au lieu qu\u2019il habille et qui lui conf\u00e8re une identit\u00e9 unique. <strong>Panorama des derniers coups de coeurs des adh\u00e9rents de l\u2019UFTM.<\/strong><\/p>\n\n\n\n<p class=\"has-text-color has-large-font-size\" style=\"color:#d09c6e\">Forbo Flooring\u2002: <strong>Tessera chroma<\/strong><\/p>\n\n\n\n<figure class=\"wp-block-image size-full\"><img loading=\"lazy\" width=\"720\" height=\"370\" src=\"https:\/\/i0.wp.com\/batimedianews.com\/live\/wp-content\/uploads\/2026\/03\/image-32.png?resize=720%2C370\" alt=\"\" class=\"wp-image-49611\" srcset=\"https:\/\/i0.wp.com\/batimedianews.com\/live\/wp-content\/uploads\/2026\/03\/image-32.png?w=1668 1668w, https:\/\/i0.wp.com\/batimedianews.com\/live\/wp-content\/uploads\/2026\/03\/image-32.png?resize=768%2C395 768w, https:\/\/i0.wp.com\/batimedianews.com\/live\/wp-content\/uploads\/2026\/03\/image-32.png?resize=432%2C222 432w, https:\/\/i0.wp.com\/batimedianews.com\/live\/wp-content\/uploads\/2026\/03\/image-32.png?resize=396%2C204 396w, https:\/\/i0.wp.com\/batimedianews.com\/live\/wp-content\/uploads\/2026\/03\/image-32.png?resize=1120%2C576 1120w, https:\/\/i0.wp.com\/batimedianews.com\/live\/wp-content\/uploads\/2026\/03\/image-32.png?resize=660%2C339 660w, https:\/\/i0.wp.com\/batimedianews.com\/live\/wp-content\/uploads\/2026\/03\/image-32.png?w=1440 1440w\" sizes=\"(max-width: 600px) 91vw, (max-width: 900px) 600px, (max-width: 1060px) 50vw, (max-width: 1200px) 520px, (max-width: 1400px) 43vw, 600px\" data-recalc-dims=\"1\" \/><\/figure>\n\n\n\n<p class=\"has-text-align-justify\">Tessera chroma est une dalle\u2002de\u2002moquette textur\u00e9e qui se distingue par ses couleurs sophistiqu\u00e9es et r\u00e9solument tendances. Inspir\u00e9e par le langage universel\u2002de\u2002la couleur, <strong>Chroma traduit la puret\u00e9, l\u2019intensit\u00e9 et la saturation\u2002des teintes pour offrir un \u00e9quilibre parfait et une polyvalence in\u00e9gal\u00e9e dans tous vos espaces.\u2002<\/strong><\/p>\n\n\n\n<p class=\"has-text-align-justify\"><strong>Tessera chroma est disponible en dalles 50 x 50 cm et propose une palette\u2002de\u200224 couleurs textur\u00e9es<\/strong>, id\u00e9ales pour sublimer et personnaliser les espaces\u2002de\u2002travail. Avec sa surface \u00e0 la texture unique et ses coloris compl\u00e9mentaires, Chroma s\u2019int\u00e8gre parfaitement aux autres gammes Tessera, permettant\u2002de\u2002cr\u00e9er\u2002des calepinages harmonieux, \u00e9l\u00e9gants et parfaitement coordonn\u00e9s.<\/p>\n\n\n\n<p class=\"has-text-align-justify\"><strong>Toujours dans une volont\u00e9 d\u2019\u00e9volution environnementale<\/strong>, Forbo Flooring a am\u00e9lior\u00e9 la construction\u2002de\u2002certaines\u2002de\u2002ses dalles de moquette afin qu\u2019elles soient davantage durables.<\/p>\n\n\n\n<p>Pour ce faire, leur contenu recycl\u00e9 a \u00e9t\u00e9 augment\u00e9 et leur niveau de carbone r\u00e9duit (A1-A3).<\/p>\n\n\n\n<p class=\"has-text-align-justify\">Les collections Tessera b\u00e9n\u00e9ficiant\u2002de\u2002ces am\u00e9liorations\u2002de\u2002durabilit\u00e9 font partie\u2002du concept <strong>Tessera evolve+<\/strong>, r\u00e9pondant toutes aux crit\u00e8res suivants :<\/p>\n\n\n\n<ul><li>\u2022 Moins de 2 kg* CO2 eq\/m<sup>2<\/sup> lors de la phase de fabrication**<\/li><li>\u2022 Plus\u2002de\u200275 %\u2002de\u2002contenu recycl\u00e9<\/li><li>\u2022 100 % d&rsquo;\u00e9nergies renouvelables<\/li><\/ul>\n\n\n\n<p class=\"has-small-font-size\"><em>* Se r\u00e9f\u00e9rer au site Internet Forbo Flooring Systems pour les d\u00e9tails des gammes Tessera.<\/em><\/p>\n\n\n\n<p class=\"has-small-font-size\"><em>** Selon EPD. Pour rappel, seules les FDES font foi en France.<\/em><\/p>\n\n\n\n<p class=\"has-text-color has-large-font-size\" style=\"color:#529cbc\"><strong>La personnalisation<\/strong> nouvelle g\u00e9n\u00e9ration chez Balsan<\/p>\n\n\n\n<figure class=\"wp-block-image size-full\"><img loading=\"lazy\" width=\"720\" height=\"363\" src=\"https:\/\/i1.wp.com\/batimedianews.com\/live\/wp-content\/uploads\/2026\/03\/image-33.png?resize=720%2C363\" alt=\"\" class=\"wp-image-49612\" srcset=\"https:\/\/i1.wp.com\/batimedianews.com\/live\/wp-content\/uploads\/2026\/03\/image-33.png?w=1668 1668w, https:\/\/i1.wp.com\/batimedianews.com\/live\/wp-content\/uploads\/2026\/03\/image-33.png?resize=768%2C387 768w, https:\/\/i1.wp.com\/batimedianews.com\/live\/wp-content\/uploads\/2026\/03\/image-33.png?resize=432%2C218 432w, https:\/\/i1.wp.com\/batimedianews.com\/live\/wp-content\/uploads\/2026\/03\/image-33.png?resize=396%2C200 396w, https:\/\/i1.wp.com\/batimedianews.com\/live\/wp-content\/uploads\/2026\/03\/image-33.png?resize=1120%2C565 1120w, https:\/\/i1.wp.com\/batimedianews.com\/live\/wp-content\/uploads\/2026\/03\/image-33.png?resize=660%2C333 660w, https:\/\/i1.wp.com\/batimedianews.com\/live\/wp-content\/uploads\/2026\/03\/image-33.png?w=1440 1440w\" sizes=\"(max-width: 600px) 91vw, (max-width: 900px) 600px, (max-width: 1060px) 50vw, (max-width: 1200px) 520px, (max-width: 1400px) 43vw, 600px\" data-recalc-dims=\"1\" \/><\/figure>\n\n\n\n<p class=\"has-text-align-justify\"><strong>Balsan pr\u00e9sente Prisma HD une nouvelle machine d\u2019impression digitale haute d\u00e9finition et responsable, offrant des couleurs infinies, une personnalisation sur-mesure et une libert\u00e9 cr\u00e9ative totale.<\/strong><\/p>\n\n\n\n<p class=\"has-medium-font-size\"><strong>Prisma HD c&rsquo;est :<\/strong><\/p>\n\n\n\n<ul><li>\u2022 <strong>Pr\u00e9cision HD des dessins <\/strong>: Une impression digitale haute pr\u00e9cision qui restitue chaque d\u00e9tail avec une qualit\u00e9 uniforme sur toute la largeur, id\u00e9ale m\u00eame pour les motifs g\u00e9om\u00e9triques complexes.<\/li><li><strong>\u2022 Couleurs infinies <\/strong>: Des couleurs pures, intenses et uniformes, compatibles avec tous les nuanciers et un nombre illimit\u00e9 de teintes par design<\/li><li><strong>\u2022 Impression responsable<\/strong> : Un proc\u00e9d\u00e9 \u00e9co-con\u00e7u qui r\u00e9duit l&rsquo;eau et l&rsquo;\u00e9nergie, utilise des encres ultra concentr\u00e9es et fonctionne sans g\u00e9n\u00e9rer de d\u00e9chets.<\/li><li><strong>\u2022 Solution flexible et agile<\/strong> : Une impression directe sur supports lisses ou structur\u00e9s, adapt\u00e9e \u00e0 tous les usages, avec une production continue sans interruption.<\/li><li><strong>\u2022 Personnalisation illimit\u00e9e<\/strong> : Une libert\u00e9 totale de cr\u00e9ation pour combiner couleurs et motifs et imaginer des signatures visuelles uniques pour chaque projet<\/li><\/ul>\n\n\n\n<div class=\"wp-block-media-text alignwide is-stacked-on-mobile\" style=\"grid-template-columns:37% auto\"><figure class=\"wp-block-media-text__media\"><img loading=\"lazy\" width=\"696\" height=\"1144\" src=\"https:\/\/i1.wp.com\/batimedianews.com\/live\/wp-content\/uploads\/2026\/03\/image-34.png?resize=696%2C1144\" alt=\"\" class=\"wp-image-49613 size-full\" srcset=\"https:\/\/i1.wp.com\/batimedianews.com\/live\/wp-content\/uploads\/2026\/03\/image-34.png?w=696 696w, https:\/\/i1.wp.com\/batimedianews.com\/live\/wp-content\/uploads\/2026\/03\/image-34.png?resize=768%2C1262 768w, https:\/\/i1.wp.com\/batimedianews.com\/live\/wp-content\/uploads\/2026\/03\/image-34.png?resize=432%2C710 432w, https:\/\/i1.wp.com\/batimedianews.com\/live\/wp-content\/uploads\/2026\/03\/image-34.png?resize=396%2C651 396w, https:\/\/i1.wp.com\/batimedianews.com\/live\/wp-content\/uploads\/2026\/03\/image-34.png?resize=660%2C1085 660w\" sizes=\"(max-width: 600px) 91vw, (max-width: 900px) 600px, (max-width: 1060px) 50vw, (max-width: 1200px) 520px, (max-width: 1400px) 43vw, 600px\" data-recalc-dims=\"1\" \/><\/figure><div class=\"wp-block-media-text__content\">\n<p class=\"has-text-color has-large-font-size\" style=\"color:#af9474\">Mohawk Group pr\u00e9sente sa collection <strong>New Rudiments<\/strong><\/p>\n\n\n\n<p class=\"has-text-align-justify\"><strong>Rudiments renforce son engagement envers la durabilit\u00e9, en utilisant 90 % de fil recycl\u00e9 et un support plus circulaire.<\/strong> Chaque fibre et chaque couche sont choisies avec soin, cr\u00e9ant une fondation qui perdure, performe et contribue \u00e0 une approche plus responsable des mat\u00e9riaux. C&rsquo;est un pas conscient vers un rev\u00eatement de sol qui soutient les espaces que nous habitons aujourd&rsquo;hui tout en laissant les possibilit\u00e9s ouvertes pour demain. Enracin\u00e9e dans la force tranquille de la pierre, de l&rsquo;argile et du bois, <strong>Rudiments traduit les textures \u00e9l\u00e9mentaires en une collection polyvalente de dalles de moquette<\/strong>. La palette actualis\u00e9e enrichit les variations tonales et les nuances subtiles, permettant aux espaces de s&rsquo;\u00e9couler naturellement et harmonieusement.<\/p>\n\n\n\n<p class=\"has-text-align-justify\">Ces raffinements apportent profondeur, rythme et sens de l&rsquo;\u00e9quilibre, cr\u00e9ant le socle solide sous la croissance o\u00f9 le design, la fonction et le bien-\u00eatre se rencontrent.<\/p>\n\n\n\n<p class=\"has-text-align-justify\"><strong>La collection Rudiments int\u00e8gre d\u00e9sormais EcoFlex\u2122 NXT, un support en polyol\u00e9fine recyclable <\/strong>con\u00e7u pour une durabilit\u00e9, une flexibilit\u00e9 et un avenir plus circulaire.<\/p>\n\n\n\n<p class=\"has-text-align-justify\"><strong>Parall\u00e8lement \u00e0 cette nouvelle base durable, la collection s&rsquo;enrichit de 18 nouvelles couleurs et de 2 nouveaux mod\u00e8les\u2002: Quartz et Tides.<\/strong><\/p>\n<\/div><\/div>\n\n\n\n<p class=\"has-text-color has-large-font-size\" style=\"color:#406888\">modulyss : <strong>Haelo design biophilique<\/strong><\/p>\n\n\n\n<figure class=\"wp-block-image size-full\"><img loading=\"lazy\" width=\"720\" height=\"372\" src=\"https:\/\/i1.wp.com\/batimedianews.com\/live\/wp-content\/uploads\/2026\/03\/image-35.png?resize=720%2C372\" alt=\"\" class=\"wp-image-49614\" srcset=\"https:\/\/i1.wp.com\/batimedianews.com\/live\/wp-content\/uploads\/2026\/03\/image-35.png?w=1324 1324w, https:\/\/i1.wp.com\/batimedianews.com\/live\/wp-content\/uploads\/2026\/03\/image-35.png?resize=768%2C396 768w, https:\/\/i1.wp.com\/batimedianews.com\/live\/wp-content\/uploads\/2026\/03\/image-35.png?resize=432%2C223 432w, https:\/\/i1.wp.com\/batimedianews.com\/live\/wp-content\/uploads\/2026\/03\/image-35.png?resize=396%2C205 396w, https:\/\/i1.wp.com\/batimedianews.com\/live\/wp-content\/uploads\/2026\/03\/image-35.png?resize=1120%2C579 1120w, https:\/\/i1.wp.com\/batimedianews.com\/live\/wp-content\/uploads\/2026\/03\/image-35.png?resize=660%2C341 660w\" sizes=\"(max-width: 600px) 91vw, (max-width: 900px) 600px, (max-width: 1060px) 50vw, (max-width: 1200px) 520px, (max-width: 1400px) 43vw, 600px\" data-recalc-dims=\"1\" \/><\/figure>\n\n\n\n<p class=\"has-text-align-justify\"><strong>Reflets sur l\u2019eau. Jeux chromatiques changeants. Des surfaces qui semblent respirer et \u00e9voluer\u2026 Haelo traduit cette magie biophilique en deux collections de dalles de moquette transformatrices <\/strong>: Ray et Lume. Ray s\u2019exprime \u00e0 travers des motifs organiques, lin\u00e9aires et pointill\u00e9s, tandis que Lume vibre selon un rythme impr\u00e9visible. Toutes deux partagent une palette apaisante de tons chauds et froids, avec des m\u00e9langes sur plusieurs variations de tons qui cr\u00e9ent des transitions douces et parfaitement fluides sous vos pieds.<\/p>\n\n\n\n<p class=\"has-text-align-justify\">Les gammes Ray et Lume sont d\u2019office plac\u00e9es sous le signe de la durabilit\u00e9. <strong>Ces deux collections sont tuft\u00e9es \u00e0 l\u2019aide de Thrive\u00ae matter, un fil en fibre de nylon 6 teinte dans la masse et \u00e0 la faible empreinte carbone sign\u00e9 Universal Fibers.<\/strong><\/p>\n\n\n\n<p class=\"has-text-align-justify\"><strong>Combin\u00e9es \u00e0 un support ecoBACK PLUS, ces dalles de moquette certifi\u00e9es Cradle to Cradle\u00ae Silver 4.0 affichent un potentiel de r\u00e9chauffement plan\u00e9taire minimal.<\/strong> L\u2019id\u00e9al pour les projets o\u00f9 la durabilit\u00e9 est une priorit\u00e9, pas un \u00e0-c\u00f4t\u00e9. <\/p>\n\n\n\n<p class=\"has-text-align-justify has-text-color\" style=\"color:#85a8c6\"><em>Thrive\u00ae matter n\u2019est pas un fil recycl\u00e9 ordinaire. Il s\u2019agit d\u2019un fil en fibre de nylon 6 teinte dans la masse contenant 90 % de mat\u00e9riaux recycl\u00e9s (g\u00e9n\u00e9ralement des d\u00e9chets de pr\u00e9-consommation) r\u00e9cup\u00e9r\u00e9s et reconditionn\u00e9s afin de r\u00e9pondre aux normes ISO 14021 s\u00e9v\u00e8res. Chaque \u00e9tape est trac\u00e9e et test\u00e9e, du polym\u00e8re \u00e0 la fibre finale. Les mati\u00e8res \u00ab hors sp\u00e9cification \u00bb sont captur\u00e9es, nettoy\u00e9es et r\u00e9inject\u00e9es dans la production. Le r\u00e9sultat ? Une empreinte carbone plus faible, sans que la qualit\u00e9 en p\u00e2tisse.<\/em><\/p>\n\n\n\n<p class=\"has-text-color has-large-font-size\" style=\"color:#b87b56\"><strong>Circularit\u00e9 avec Linon Unity<\/strong> chez Tarkett Desso.<\/p>\n\n\n\n<figure class=\"wp-block-image size-full\"><img loading=\"lazy\" width=\"720\" height=\"372\" src=\"https:\/\/i0.wp.com\/batimedianews.com\/live\/wp-content\/uploads\/2026\/03\/image-36.png?resize=720%2C372\" alt=\"\" class=\"wp-image-49615\" srcset=\"https:\/\/i0.wp.com\/batimedianews.com\/live\/wp-content\/uploads\/2026\/03\/image-36.png?w=1324 1324w, https:\/\/i0.wp.com\/batimedianews.com\/live\/wp-content\/uploads\/2026\/03\/image-36.png?resize=768%2C396 768w, https:\/\/i0.wp.com\/batimedianews.com\/live\/wp-content\/uploads\/2026\/03\/image-36.png?resize=432%2C223 432w, https:\/\/i0.wp.com\/batimedianews.com\/live\/wp-content\/uploads\/2026\/03\/image-36.png?resize=396%2C205 396w, https:\/\/i0.wp.com\/batimedianews.com\/live\/wp-content\/uploads\/2026\/03\/image-36.png?resize=1120%2C579 1120w, https:\/\/i0.wp.com\/batimedianews.com\/live\/wp-content\/uploads\/2026\/03\/image-36.png?resize=660%2C341 660w\" sizes=\"(max-width: 600px) 91vw, (max-width: 900px) 600px, (max-width: 1060px) 50vw, (max-width: 1200px) 520px, (max-width: 1400px) 43vw, 600px\" data-recalc-dims=\"1\" \/><\/figure>\n\n\n\n<p class=\"has-text-align-justify\"><strong>La\u2002collection Linon\u2002s\u2019inspire du tissage irr\u00e9gulier et de la texture authentique du lin pour cr\u00e9er des espaces chaleureux et accueillants.<\/strong> Aujourd\u2019hui, les possibilit\u00e9s cr\u00e9atives sont encore plus vastes : Linon et Linon Unity r\u00e9unissent une palette combin\u00e9e de 30 coloris \u2014 neutres, accents et multicolores nuanc\u00e9s \u2014 con\u00e7us pour fonctionner en parfaite harmonie. Cette diversit\u00e9 permet de mixer, associer et composer librement, selon l\u2019identit\u00e9 de chaque projet. Linon Unity \u00e9largit la gamme avec 6 multicolores expressifs, pour une libert\u00e9 cr\u00e9ative totale.<\/p>\n\n\n\n<div class=\"wp-block-media-text alignwide is-stacked-on-mobile\" style=\"grid-template-columns:15% auto\"><figure class=\"wp-block-media-text__media\"><img loading=\"lazy\" width=\"270\" height=\"162\" src=\"https:\/\/i0.wp.com\/batimedianews.com\/live\/wp-content\/uploads\/2026\/03\/image-37.png?resize=270%2C162\" alt=\"\" class=\"wp-image-49616 size-full\" srcset=\"https:\/\/i0.wp.com\/batimedianews.com\/live\/wp-content\/uploads\/2026\/03\/image-37.png?w=270 270w, https:\/\/i0.wp.com\/batimedianews.com\/live\/wp-content\/uploads\/2026\/03\/image-37.png?resize=768%2C460 768w\" sizes=\"(max-width: 600px) 91vw, (max-width: 900px) 600px, (max-width: 1060px) 50vw, (max-width: 1200px) 520px, (max-width: 1400px) 43vw, 600px\" data-recalc-dims=\"1\" \/><\/figure><div class=\"wp-block-media-text__content\">\n<p>L\u2019UFTM (UNION FRAN\u00c7AISE DES TAPIS ET MOQUETTES) R\u00c9UNIT LES ACTEURS DE LA FILI\u00c8RE REV\u00caTEMENTS DE SOL TEXTILES ET D\u00c9FEND LES INT\u00c9R\u00caTS DE LA MOQUETTE.<\/p>\n\n\n\n<p>INFORMER, COMMUNIQUER ET PROMOUVOIR SONT LES AMBITIONS DE L\u2019UFTM, QUI REGROUPE LES PRINCIPAUX FABRICANTS DE MOQUETTE EUROPEENS.<\/p>\n<\/div><\/div>\n\n\n\n<p class=\"has-text-align-justify\"><\/p>\n\n\n\n<p class=\"has-text-align-justify\"><\/p>\n","protected":false},"excerpt":{"rendered":"<p>Personnalisation, design organique, coloris sophistiqu\u00e9s, durabilit\u00e9 et circularit\u00e9 sont autant d\u2019enjeux pour la fili\u00e8re qui ne cesse de se r\u00e9inventer. Les industriels innovent pour proposer des rev\u00eatements de sols textiles performants, design et inoubliables. Un sol qui cr\u00e9e une \u00e9motion, qui donne une \u00e2me au lieu qu\u2019il habille et qui lui conf\u00e8re une identit\u00e9 unique. [&hellip;]<\/p>\n","protected":false},"author":41,"featured_media":49618,"comment_status":"open","ping_status":"open","sticky":true,"template":"","format":"standard","meta":{"spay_email":""},"categories":[4,113,1509,1104],"tags":[],"jetpack_featured_media_url":"https:\/\/i2.wp.com\/batimedianews.com\/live\/wp-content\/uploads\/2026\/03\/UFTM.jpg?fit=1513%2C825","jetpack_sharing_enabled":true,"jetpack_likes_enabled":true,"jetpack-related-posts":[{"id":37518,"url":"http:\/\/batimedianews.com\/live\/index.php\/2024\/05\/28\/forbo-flooring-enrichit-sa-gamme-de-sols-textiles-avec-flotex-advance-et-flotex-colour\/","url_meta":{"origin":49610,"position":0},"title":"FORBO FLOORING enrichit sa gamme de sols textiles avec FLOTEX ADVANCE et FLOTEX COLOUR","date":"28 mai 2024","format":false,"excerpt":"Flotex advance latitude nickel et latitude gull\u00a0 \u00a0Pl\u00e9biscit\u00e9s par les architectes d\u2019int\u00e9rieur comme par les designers, les rev\u00eatements de sol floqu\u00e9s Flotex de Forbo Flooring conjuguent qualit\u00e9s esth\u00e9tiques uniques et b\u00e9n\u00e9fices techniques multiples, induits par leur structure hybride (textile sur un envers PVC) : confort \u00e0 la marche, r\u00e9sistance au\u2026","rel":"","context":"Dans &quot;Actualit\u00e9 Entreprises&quot;","img":{"alt_text":"","src":"https:\/\/i2.wp.com\/batimedianews.com\/live\/wp-content\/uploads\/2024\/05\/Forbo.jpg?fit=825%2C825&resize=350%2C200","width":350,"height":200},"classes":[]},{"id":32958,"url":"http:\/\/batimedianews.com\/live\/index.php\/2023\/11\/13\/les-revetements-textiles-floques-en-pose-100-libre-flotex-next\/","url_meta":{"origin":49610,"position":1},"title":"Les rev\u00eatements textiles floqu\u00e9s en pose 100 % libre : Flotex next","date":"13 novembre 2023","format":false,"excerpt":"\u00a0Forbo Flooring s\u2019est forg\u00e9 une solide r\u00e9putation aupr\u00e8s des agenceurs, architectes d\u2019int\u00e9rieur, porteurs de projets, artisans et entreprises de pose, en tant que leader des rev\u00eatements de sol dont la mise en \u0153uvre ne n\u00e9cessite aucune colle ni adh\u00e9sif. Son concept exclusif Fast Flooring s\u00e9duit \u00e0 la fois d\u2019un point\u2026","rel":"","context":"Dans &quot;Actualit\u00e9 Entreprises&quot;","img":{"alt_text":"","src":"https:\/\/i1.wp.com\/batimedianews.com\/live\/wp-content\/uploads\/2023\/11\/Forbo-Image-articles-.jpg?fit=825%2C825&resize=350%2C200","width":350,"height":200},"classes":[]},{"id":26954,"url":"http:\/\/batimedianews.com\/live\/index.php\/2023\/03\/21\/les-sols-textiles-entre-design-prouesses-technologiques\/","url_meta":{"origin":49610,"position":2},"title":"Les sols textiles, entre design et prouesses technologiques","date":"21 mars 2023","format":false,"excerpt":"Design, engagement environnemental, inspiration nature, voil\u00e0 les fondamentaux des innovations en la mati\u00e8re. Des solutions toujours plus performantes produites par des acteurs engag\u00e9s, afin d\u2019offrir aux usagers un confort optimal. Tour d\u2019horizon avec 4 adh\u00e9rents de l\u2019UFTM mobilis\u00e9s pour le mieux-\u00eatre au quotidien. Shaw Contract lance la collection Shifting Fields\u2026","rel":"","context":"Dans &quot;Actualit\u00e9 Entreprises&quot;","img":{"alt_text":"","src":"https:\/\/i1.wp.com\/batimedianews.com\/live\/wp-content\/uploads\/2023\/03\/UFTM-Article.jpg?fit=1080%2C1080&resize=350%2C200","width":350,"height":200},"classes":[]},{"id":354,"url":"http:\/\/batimedianews.com\/live\/index.php\/2018\/10\/18\/dickson-le-specialiste-made-in-france-des-toiles-de-store-et-du-flooring-tisse-en-textiles-techniques\/","url_meta":{"origin":49610,"position":3},"title":"Dickson, le sp\u00e9cialiste Made in France des toiles de store et du flooring tiss\u00e9 en textiles techniques.","date":"18 octobre 2018","format":false,"excerpt":"180 ans apr\u00e8s sa cr\u00e9ation, Dickson s\u2019impose aujourd\u2019hui comme le leader international en textiles techniques pour l\u2019am\u00e9lioration et la protection de l\u2019habitat, pr\u00e9sent sur les march\u00e9s de la protection solaire (toiles de store), et du rev\u00eatement de sol (flooring en vinyle tiss\u00e9). Dickson Constant c\u2019est \u00e0 ce jour\u00a0: N\u00b01 mondial\u00a0des\u2026","rel":"","context":"Dans &quot;rev\u00eatement&quot;","img":{"alt_text":"","src":"https:\/\/i2.wp.com\/batimedianews.com\/live\/wp-content\/uploads\/2018\/10\/dickson.jpg?fit=618%2C282&resize=350%2C200","width":350,"height":200},"classes":[]},{"id":15864,"url":"http:\/\/batimedianews.com\/live\/index.php\/2022\/02\/10\/ledition-2022-du-catalogue-forbo-flooring-vient-de-paraitre\/","url_meta":{"origin":49610,"position":4},"title":"L\u2019\u00c9DITION 2022 DU CATALOGUE FORBO FLOORING VIENT DE PARA\u00ceTRE !","date":"10 f\u00e9vrier 2022","format":false,"excerpt":"\u00a0En 455 pages, le cr\u00e9ateur de rev\u00eatements de sol souples aussi esth\u00e9tiques que performants fait une nouvelle fois la d\u00e9monstration de l\u2019\u00e9tendue de ses gammes de produits et propose un outil complet, clair et didactique pour orienter les professionnels vers les solutions idoines en fonction des projets d\u2019agencement.\u00a0 Au rang\u2026","rel":"","context":"Dans &quot;Actualit\u00e9 Entreprises&quot;","img":{"alt_text":"","src":"https:\/\/i1.wp.com\/batimedianews.com\/live\/wp-content\/uploads\/2022\/02\/Forbo-Article.jpg?fit=512%2C512&resize=350%2C200","width":350,"height":200},"classes":[]},{"id":17097,"url":"http:\/\/batimedianews.com\/live\/index.php\/2022\/03\/08\/jose-medina-galeote-signe-une-collaboration-design-avec-forbo-flooring\/","url_meta":{"origin":49610,"position":5},"title":"JOS\u00c9 MEDINA GALEOTE signe une collaboration design avec FORBO FLOORING","date":"8 mars 2022","format":false,"excerpt":"\"Amener l\u2019art dans la maison, sur le sol, et le laisser interagir pleinement avec le mobilier et la d\u00e9coration \". Jos\u00e9 Medina Galeote Si Forbo Flooring a d\u00e9j\u00e0\u2002inspir\u00e9 nombre de cr\u00e9ateurs embl\u00e9matiques (comme Philippe Starck, Ettore Sottsass ou encore Tibor Reich), cette nouvelle collaboration avec l\u2019artiste espagnol Jos\u00e9 Medina Galeote\u2026","rel":"","context":"Dans &quot;Actualit\u00e9 Entreprises&quot;","img":{"alt_text":"","src":"https:\/\/i2.wp.com\/batimedianews.com\/live\/wp-content\/uploads\/2022\/03\/Forbo-Article.jpg?fit=512%2C512&resize=350%2C200","width":350,"height":200},"classes":[]}],"_links":{"self":[{"href":"http:\/\/batimedianews.com\/live\/index.php\/wp-json\/wp\/v2\/posts\/49610"}],"collection":[{"href":"http:\/\/batimedianews.com\/live\/index.php\/wp-json\/wp\/v2\/posts"}],"about":[{"href":"http:\/\/batimedianews.com\/live\/index.php\/wp-json\/wp\/v2\/types\/post"}],"author":[{"embeddable":true,"href":"http:\/\/batimedianews.com\/live\/index.php\/wp-json\/wp\/v2\/users\/41"}],"replies":[{"embeddable":true,"href":"http:\/\/batimedianews.com\/live\/index.php\/wp-json\/wp\/v2\/comments?post=49610"}],"version-history":[{"count":2,"href":"http:\/\/batimedianews.com\/live\/index.php\/wp-json\/wp\/v2\/posts\/49610\/revisions"}],"predecessor-version":[{"id":49717,"href":"http:\/\/batimedianews.com\/live\/index.php\/wp-json\/wp\/v2\/posts\/49610\/revisions\/49717"}],"wp:featuredmedia":[{"embeddable":true,"href":"http:\/\/batimedianews.com\/live\/index.php\/wp-json\/wp\/v2\/media\/49618"}],"wp:attachment":[{"href":"http:\/\/batimedianews.com\/live\/index.php\/wp-json\/wp\/v2\/media?parent=49610"}],"wp:term":[{"taxonomy":"category","embeddable":true,"href":"http:\/\/batimedianews.com\/live\/index.php\/wp-json\/wp\/v2\/categories?post=49610"},{"taxonomy":"post_tag","embeddable":true,"href":"http:\/\/batimedianews.com\/live\/index.php\/wp-json\/wp\/v2\/tags?post=49610"}],"curies":[{"name":"wp","href":"https:\/\/api.w.org\/{rel}","templated":true}]}}