{"id":49640,"date":"2026-03-17T06:23:46","date_gmt":"2026-03-17T05:23:46","guid":{"rendered":"http:\/\/batimedianews.com\/live\/?p=49640"},"modified":"2026-03-17T06:23:49","modified_gmt":"2026-03-17T05:23:49","slug":"les-tendances-2026-de-la-ceramique-espagnole-pour-les-amenagements-exterieurs","status":"publish","type":"post","link":"http:\/\/batimedianews.com\/live\/index.php\/2026\/03\/17\/les-tendances-2026-de-la-ceramique-espagnole-pour-les-amenagements-exterieurs\/","title":{"rendered":"Les tendances 2026 de la c\u00e9ramique espagnole pour les am\u00e9nagements ext\u00e9rieurs"},"content":{"rendered":"\n<p class=\"has-text-align-justify\">\u00c0 l\u2019heure o\u00f9 les fronti\u00e8res entre int\u00e9rieur et ext\u00e9rieur s&rsquo;effacent, l&rsquo;industrie c\u00e9ramique espagnole affirme sa position de leader mondial \u00e0 travers une s\u00e9lection de collections embl\u00e9matiques pour les am\u00e9nagements ext\u00e9rieurs. <strong>Tile of Spain<\/strong> met en lumi\u00e8re ses fabricants qui s\u2019attachent \u00e0 marier prouesse technique et esth\u00e9tique pure pour transformer terrasses, piscines et jardins en v\u00e9ritables sanctuaires architecturaux.<\/p>\n\n\n\n<p class=\"has-text-align-justify\">Fabriqu\u00e9 \u00e0 partir d\u2019argiles naturelles et cuit \u00e0 plus de <strong>1200\u00b0C<\/strong>, le gr\u00e8s c\u00e9rame espagnol pr\u00e9sente des performances techniques particuli\u00e8rement adapt\u00e9es aux environnements ext\u00e9rieurs :<\/p>\n\n\n\n<div class=\"wp-block-columns\">\n<div class=\"wp-block-column\" style=\"flex-basis:100%\">\n<div class=\"wp-block-columns\">\n<div class=\"wp-block-column\" style=\"flex-basis:100%\">\n<figure class=\"wp-block-table is-style-stripes\"><table><tbody><tr><td><strong>Faible porosit\u00e9<\/strong><\/td><td>absorption d\u2019eau inf\u00e9rieur ou \u00e9gal \u00e0<strong> 0,5 %<\/strong> (norme EN 14411), garantissant une r\u00e9sistance au gel et aux variations climatiques.<\/td><\/tr><tr><td><strong>R\u00e9sistance \u00e0 l\u2019usure<\/strong><\/td><td>classes <strong>PEI IV \u00e0 V<\/strong> pour les zones \u00e0 fort passage.<\/td><\/tr><tr><td><strong>Stabilit\u00e9 chromatique<\/strong><\/td><td>face aux UV, les pigments min\u00e9raux int\u00e9gr\u00e9s dans la masse conservent leur couleur intacte dans le temps.<\/td><\/tr><tr><td><strong>R\u00e9sistance chimique<\/strong><\/td><td>notamment face au chlore, au sel ou aux produits d\u2019entretien.<\/td><\/tr><tr><td><strong>Propri\u00e9t\u00e9s antid\u00e9rapantes<\/strong><\/td><td>classes <strong>R10 \u00e0 R12<\/strong> selon la norme DIN 51130.<\/td><\/tr><tr><td><strong>Formats techniques adapt\u00e9s<\/strong><\/td><td>dalles <strong>de 20 mm<\/strong> d\u2019\u00e9paisseur permettant la pose sur plots, sur gravier ou sur sable.<\/td><\/tr><\/tbody><\/table><\/figure>\n\n\n\n<figure class=\"wp-block-image size-full\"><img loading=\"lazy\" width=\"720\" height=\"382\" src=\"https:\/\/i0.wp.com\/batimedianews.com\/live\/wp-content\/uploads\/2026\/03\/image-44.png?resize=720%2C382\" alt=\"\" class=\"wp-image-49641\" srcset=\"https:\/\/i0.wp.com\/batimedianews.com\/live\/wp-content\/uploads\/2026\/03\/image-44.png?w=1634 1634w, https:\/\/i0.wp.com\/batimedianews.com\/live\/wp-content\/uploads\/2026\/03\/image-44.png?resize=768%2C407 768w, https:\/\/i0.wp.com\/batimedianews.com\/live\/wp-content\/uploads\/2026\/03\/image-44.png?resize=432%2C229 432w, https:\/\/i0.wp.com\/batimedianews.com\/live\/wp-content\/uploads\/2026\/03\/image-44.png?resize=396%2C210 396w, https:\/\/i0.wp.com\/batimedianews.com\/live\/wp-content\/uploads\/2026\/03\/image-44.png?resize=1120%2C595 1120w, https:\/\/i0.wp.com\/batimedianews.com\/live\/wp-content\/uploads\/2026\/03\/image-44.png?resize=660%2C351 660w, https:\/\/i0.wp.com\/batimedianews.com\/live\/wp-content\/uploads\/2026\/03\/image-44.png?w=1440 1440w\" sizes=\"(max-width: 600px) 91vw, (max-width: 900px) 600px, (max-width: 1060px) 50vw, (max-width: 1200px) 520px, (max-width: 1400px) 43vw, 600px\" data-recalc-dims=\"1\" \/><figcaption>TILE OF SPAIN &#8211; Marque : Saloni<br>Collection : Markthal<br>Formats : 90&#215;90, 60&#215;120, 60&#215;60, 30&#215;90 et 19&#215;90 cm.<br><strong>Cr\u00e9dit photo : TILE OF SPAIN\/Saloni<\/strong><\/figcaption><\/figure>\n\n\n\n<h2><strong>\u00a7 LA CONTINUITE \u00ab IN &amp;OUT \u00bb : L&rsquo;HARMONIE VISUELLE<\/strong><\/h2>\n\n\n\n<p class=\"has-text-align-justify\">L\u2019un des atouts de la c\u00e9ramique espagnole r\u00e9side dans sa capacit\u00e9 \u00e0 offrir une transition naturelle entre les espaces comme entre le salon et la terrasse. Cette fluidit\u00e9 est rendue possible par l&rsquo;utilisation de grands formats, comme les dalles de 90&#215;90 cm, qui invisibilisent les joints et agrandissent visuellement l&rsquo;espace. L&rsquo;innovation va d\u00e9sormais plus loin avec des formats XXL pouvant atteindre 100&#215;275 cm, permettant d&rsquo;habiller les sols et les parois verticales. Cette approche compl\u00e8te cr\u00e9e des espaces qui communiquent, o\u00f9 l&rsquo;\u00e9l\u00e9gance du design int\u00e9rieur s&rsquo;exporte au jardin sans aucune rupture de ton ni de texture, offrant une sensation d\u2019infini.<\/p>\n\n\n\n<figure class=\"wp-block-image size-full\"><img loading=\"lazy\" width=\"720\" height=\"494\" src=\"https:\/\/i0.wp.com\/batimedianews.com\/live\/wp-content\/uploads\/2026\/03\/image-45.png?resize=720%2C494\" alt=\"\" class=\"wp-image-49642\" srcset=\"https:\/\/i0.wp.com\/batimedianews.com\/live\/wp-content\/uploads\/2026\/03\/image-45.png?w=1666 1666w, https:\/\/i0.wp.com\/batimedianews.com\/live\/wp-content\/uploads\/2026\/03\/image-45.png?resize=768%2C526 768w, https:\/\/i0.wp.com\/batimedianews.com\/live\/wp-content\/uploads\/2026\/03\/image-45.png?resize=432%2C296 432w, https:\/\/i0.wp.com\/batimedianews.com\/live\/wp-content\/uploads\/2026\/03\/image-45.png?resize=396%2C271 396w, https:\/\/i0.wp.com\/batimedianews.com\/live\/wp-content\/uploads\/2026\/03\/image-45.png?resize=1120%2C768 1120w, https:\/\/i0.wp.com\/batimedianews.com\/live\/wp-content\/uploads\/2026\/03\/image-45.png?resize=660%2C452 660w, https:\/\/i0.wp.com\/batimedianews.com\/live\/wp-content\/uploads\/2026\/03\/image-45.png?w=1440 1440w\" sizes=\"(max-width: 600px) 91vw, (max-width: 900px) 600px, (max-width: 1060px) 50vw, (max-width: 1200px) 520px, (max-width: 1400px) 43vw, 600px\" data-recalc-dims=\"1\" \/><figcaption>TILE OF SPAIN &#8211; Marque : ProConcept<br>Collection : Aslan<br>Formats 60&#215;60, 60&#215;120, 90&#215;90 et 120&#215;120 cm.<br><strong>Cr\u00e9dit photo : TILE OF SPAIN\/ProConcept<\/strong><\/figcaption><\/figure>\n\n\n\n<div class=\"wp-block-media-text alignwide has-media-on-the-right is-stacked-on-mobile\" style=\"grid-template-columns:auto 38%\"><figure class=\"wp-block-media-text__media\"><img loading=\"lazy\" width=\"720\" height=\"716\" src=\"https:\/\/i1.wp.com\/batimedianews.com\/live\/wp-content\/uploads\/2026\/03\/image-46.png?resize=720%2C716\" alt=\"\" class=\"wp-image-49643 size-full\" srcset=\"https:\/\/i1.wp.com\/batimedianews.com\/live\/wp-content\/uploads\/2026\/03\/image-46.png?w=764 764w, https:\/\/i1.wp.com\/batimedianews.com\/live\/wp-content\/uploads\/2026\/03\/image-46.png?resize=768%2C763 768w, https:\/\/i1.wp.com\/batimedianews.com\/live\/wp-content\/uploads\/2026\/03\/image-46.png?resize=10%2C10 10w, https:\/\/i1.wp.com\/batimedianews.com\/live\/wp-content\/uploads\/2026\/03\/image-46.png?resize=432%2C430 432w, https:\/\/i1.wp.com\/batimedianews.com\/live\/wp-content\/uploads\/2026\/03\/image-46.png?resize=396%2C394 396w, https:\/\/i1.wp.com\/batimedianews.com\/live\/wp-content\/uploads\/2026\/03\/image-46.png?resize=660%2C657 660w\" sizes=\"(max-width: 600px) 91vw, (max-width: 900px) 600px, (max-width: 1060px) 50vw, (max-width: 1200px) 520px, (max-width: 1400px) 43vw, 600px\" data-recalc-dims=\"1\" \/><\/figure><div class=\"wp-block-media-text__content\">\n<h2><strong>\u00a7 ENTRE ARCHITECTURE ET PAYSAGE<\/strong><\/h2>\n\n\n\n<p class=\"has-text-align-justify\">La c\u00e9ramique espagnole offre une grande vari\u00e9t\u00e9 d\u2019effets de mati\u00e8re (pierre naturelle, b\u00e9ton, bois ou travertin) permettant de s\u2019int\u00e9grer harmonieusement dans diff\u00e9rents styles architecturaux.<\/p>\n\n\n\n<p class=\"has-text-align-justify\">Les industriels proposent \u00e9galement des syst\u00e8mes compl\u00e9mentaires permettant aux architectes et paysagistes de cr\u00e9er des projets complets.<\/p>\n\n\n\n<p>Ils incluent :<\/p>\n\n\n\n<p>\u2022 des margelles de piscine,<\/p>\n\n\n\n<p>\u2022 des marches et nez de marche,<\/p>\n\n\n\n<p>\u2022 des pi\u00e8ces sp\u00e9ciales pour angles et finitions,<\/p>\n\n\n\n<p>\u2022 des \u00e9l\u00e9ments de fa\u00e7ade ventil\u00e9e.<\/p>\n<\/div><\/div>\n<\/div>\n<\/div>\n<\/div>\n<\/div>\n\n\n\n<p class=\"has-text-align-justify\">Cette modularit\u00e9 permet aux architectes et paysagistes de cr\u00e9er des projets complets, o\u00f9 les sols, escaliers et volumes ext\u00e9rieurs font qu\u2019un avec leur environnement.<\/p>\n\n\n\n<figure class=\"wp-block-image size-full\"><img loading=\"lazy\" width=\"720\" height=\"505\" src=\"https:\/\/i2.wp.com\/batimedianews.com\/live\/wp-content\/uploads\/2026\/03\/image-47.png?resize=720%2C505\" alt=\"\" class=\"wp-image-49644\" srcset=\"https:\/\/i2.wp.com\/batimedianews.com\/live\/wp-content\/uploads\/2026\/03\/image-47.png?w=1600 1600w, https:\/\/i2.wp.com\/batimedianews.com\/live\/wp-content\/uploads\/2026\/03\/image-47.png?resize=768%2C538 768w, https:\/\/i2.wp.com\/batimedianews.com\/live\/wp-content\/uploads\/2026\/03\/image-47.png?resize=432%2C303 432w, https:\/\/i2.wp.com\/batimedianews.com\/live\/wp-content\/uploads\/2026\/03\/image-47.png?resize=396%2C278 396w, https:\/\/i2.wp.com\/batimedianews.com\/live\/wp-content\/uploads\/2026\/03\/image-47.png?resize=1120%2C785 1120w, https:\/\/i2.wp.com\/batimedianews.com\/live\/wp-content\/uploads\/2026\/03\/image-47.png?resize=660%2C463 660w, https:\/\/i2.wp.com\/batimedianews.com\/live\/wp-content\/uploads\/2026\/03\/image-47.png?w=1440 1440w\" sizes=\"(max-width: 600px) 91vw, (max-width: 900px) 600px, (max-width: 1060px) 50vw, (max-width: 1200px) 520px, (max-width: 1400px) 43vw, 600px\" data-recalc-dims=\"1\" \/><figcaption>TILE OF SPAIN &#8211; Marque : Gres Arag\u00f3n<br>Collection : Selene<br>Formats : 60&#215;120 et 120&#215;120 cm.<br><strong>Cr\u00e9dit photo : TILE OF SPAIN\/Gres Arag\u00f3n<\/strong><\/figcaption><\/figure>\n\n\n\n<h2><strong>\u00a7 L&rsquo;ESSENCE DE LA NATURE, LA PERFORMANCE EN PLUS<\/strong><\/h2>\n\n\n\n<p class=\"has-text-align-justify\">Gr\u00e2ce aux technologies d&rsquo;impression num\u00e9rique haute d\u00e9finition, la c\u00e9ramique espagnole parvient d\u00e9sormais \u00e0 capturer l&rsquo;\u00e2me profonde des mat\u00e9riaux naturels, de la texture brute de l&rsquo;ardoise aux nuances des pierres volcaniques. Cependant, l\u00e0 o\u00f9 la nature pr\u00e9sente des fragilit\u00e9s, la c\u00e9ramique offre une sensation d\u2019invuln\u00e9rabilit\u00e9. Ces rev\u00eatements pr\u00e9sentent une porosit\u00e9 quasi nulle, avec un taux d&rsquo;absorption d&rsquo;eau inf\u00e9rieur \u00e0 0,5 %, ce qui les rend totalement insensibles aux cycles de gel, aux taches de graisse ou \u00e0 l&rsquo;usure du temps. Cette performance s&rsquo;\u00e9tend aux cr\u00e9ations plus chromatiques, comme les mosa\u00efques en verre recycl\u00e9, dont les reflets aquatiques profonds restent immuables face aux rayons UV et aux produits de traitement.<\/p>\n\n\n\n<figure class=\"wp-block-gallery columns-2 is-cropped\"><ul class=\"blocks-gallery-grid\"><li class=\"blocks-gallery-item\"><figure><img loading=\"lazy\" width=\"720\" height=\"720\" src=\"https:\/\/i2.wp.com\/batimedianews.com\/live\/wp-content\/uploads\/2026\/03\/TileOfSpainPhoto5.jpg?resize=720%2C720\" alt=\"\" data-id=\"49645\" data-full-url=\"http:\/\/batimedianews.com\/live\/wp-content\/uploads\/2026\/03\/TileOfSpainPhoto5.jpg\" data-link=\"http:\/\/batimedianews.com\/live\/?attachment_id=49645\" class=\"wp-image-49645\" srcset=\"https:\/\/i2.wp.com\/batimedianews.com\/live\/wp-content\/uploads\/2026\/03\/TileOfSpainPhoto5.jpg?resize=1024%2C1024 1024w, https:\/\/i2.wp.com\/batimedianews.com\/live\/wp-content\/uploads\/2026\/03\/TileOfSpainPhoto5.jpg?resize=600%2C600 600w, https:\/\/i2.wp.com\/batimedianews.com\/live\/wp-content\/uploads\/2026\/03\/TileOfSpainPhoto5.jpg?resize=300%2C300 300w, https:\/\/i2.wp.com\/batimedianews.com\/live\/wp-content\/uploads\/2026\/03\/TileOfSpainPhoto5.jpg?resize=1536%2C1536 1536w, https:\/\/i2.wp.com\/batimedianews.com\/live\/wp-content\/uploads\/2026\/03\/TileOfSpainPhoto5.jpg?resize=2048%2C2048 2048w, https:\/\/i2.wp.com\/batimedianews.com\/live\/wp-content\/uploads\/2026\/03\/TileOfSpainPhoto5.jpg?resize=10%2C10 10w\" sizes=\"(max-width: 600px) 91vw, (max-width: 900px) 600px, (max-width: 1060px) 50vw, (max-width: 1200px) 520px, (max-width: 1400px) 43vw, 600px\" data-recalc-dims=\"1\" \/><figcaption class=\"blocks-gallery-item__caption\">TILE OF SPAIN &#8211; Marque : Undefasa<br>Collection : Slate origin<br>Formats : 6&#215;120, 60&#215;60 et 30&#215;60 cm.<br><strong>Cr\u00e9dit photo : TILE OF SPAIN\/Undefasa<\/strong><\/figcaption><\/figure><\/li><li class=\"blocks-gallery-item\"><figure><img loading=\"lazy\" width=\"720\" height=\"720\" src=\"https:\/\/i1.wp.com\/batimedianews.com\/live\/wp-content\/uploads\/2026\/03\/TileOfSpainPhoto6.jpg?resize=720%2C720\" alt=\"\" data-id=\"49646\" data-full-url=\"http:\/\/batimedianews.com\/live\/wp-content\/uploads\/2026\/03\/TileOfSpainPhoto6.jpg\" data-link=\"http:\/\/batimedianews.com\/live\/?attachment_id=49646\" class=\"wp-image-49646\" srcset=\"https:\/\/i1.wp.com\/batimedianews.com\/live\/wp-content\/uploads\/2026\/03\/TileOfSpainPhoto6.jpg?resize=1024%2C1024 1024w, https:\/\/i1.wp.com\/batimedianews.com\/live\/wp-content\/uploads\/2026\/03\/TileOfSpainPhoto6.jpg?resize=600%2C600 600w, https:\/\/i1.wp.com\/batimedianews.com\/live\/wp-content\/uploads\/2026\/03\/TileOfSpainPhoto6.jpg?resize=300%2C300 300w, https:\/\/i1.wp.com\/batimedianews.com\/live\/wp-content\/uploads\/2026\/03\/TileOfSpainPhoto6.jpg?resize=1536%2C1536 1536w, https:\/\/i1.wp.com\/batimedianews.com\/live\/wp-content\/uploads\/2026\/03\/TileOfSpainPhoto6.jpg?resize=2048%2C2048 2048w, https:\/\/i1.wp.com\/batimedianews.com\/live\/wp-content\/uploads\/2026\/03\/TileOfSpainPhoto6.jpg?resize=10%2C10 10w\" sizes=\"(max-width: 600px) 91vw, (max-width: 900px) 600px, (max-width: 1060px) 50vw, (max-width: 1200px) 520px, (max-width: 1400px) 43vw, 600px\" data-recalc-dims=\"1\" \/><figcaption class=\"blocks-gallery-item__caption\">TILE OF SPAIN &#8211; Marque : Cifre Cer\u00e1mica<br>Collection : Sinai<br>Formats : 60&#215;120, 60x120x2, 60x60x2, 33,3&#215;33,3,<br>30&#215;60 et 15&#215;15 cm.<br><strong>Cr\u00e9dit photo : TILE OF SPAIN\/Cifre Cer\u00e1mica<\/strong><\/figcaption><\/figure><\/li><\/ul><\/figure>\n\n\n\n<p class=\"has-text-align-justify has-small-font-size\">TILE OF SPAIN est le porte-parole international de l\u2019ASCER qui soutient, d\u00e9fend et promeut l&rsquo;industrie de rev\u00eatements sols et murs en c\u00e9ramique espagnole. Le si\u00e8ge est implant\u00e9 \u00e0 Castell\u00f3n de la Plana, coeur historique de l\u2019industrie de la c\u00e9ramique en Espagne. Elle r\u00e9unit 110 adh\u00e9rents, soit 95 % de la production sectorielle.<\/p>\n\n\n\n<p><\/p>\n","protected":false},"excerpt":{"rendered":"<p>\u00c0 l\u2019heure o\u00f9 les fronti\u00e8res entre int\u00e9rieur et ext\u00e9rieur s&rsquo;effacent, l&rsquo;industrie c\u00e9ramique espagnole affirme sa position de leader mondial \u00e0 travers une s\u00e9lection de collections embl\u00e9matiques pour les am\u00e9nagements ext\u00e9rieurs. Tile of Spain met en lumi\u00e8re ses fabricants qui s\u2019attachent \u00e0 marier prouesse technique et esth\u00e9tique pure pour transformer terrasses, piscines et jardins en v\u00e9ritables [&hellip;]<\/p>\n","protected":false},"author":41,"featured_media":49648,"comment_status":"open","ping_status":"open","sticky":true,"template":"","format":"standard","meta":{"spay_email":""},"categories":[4,1223],"tags":[],"jetpack_featured_media_url":"https:\/\/i1.wp.com\/batimedianews.com\/live\/wp-content\/uploads\/2026\/03\/TileOfSpain.jpg?fit=1513%2C825","jetpack_sharing_enabled":true,"jetpack_likes_enabled":true,"jetpack-related-posts":[{"id":36521,"url":"http:\/\/batimedianews.com\/live\/index.php\/2024\/03\/28\/les-tendances-de-la-ceramique-pour-les-amenagements-exterieurs-les-industriels-espagnols-repoussent-les-frontieres\/","url_meta":{"origin":49640,"position":0},"title":"Les tendances de la c\u00e9ramique pour les am\u00e9nagements ext\u00e9rieurs : Les industriels espagnols repoussent les fronti\u00e8res !","date":"28 mars 2024","format":false,"excerpt":"La c\u00e9ramique espagnole est l\u2019un des plus anciens mat\u00e9riaux au monde qui pr\u00e9sente des qualit\u00e9s intrins\u00e8ques id\u00e9ales pour l\u2019int\u00e9rieur mais aussi l\u2019ext\u00e9rieur : solide, r\u00e9sistant, durable, esth\u00e9tique, facile d\u2019entretien et hygi\u00e9nique. Embellir son ext\u00e9rieur est devenu un crit\u00e8re essentiel pour nombre de personnes qui voient en leur jardin, terrasse ou\u2026","rel":"","context":"Dans &quot;Actualit\u00e9 Entreprises&quot;","img":{"alt_text":"","src":"https:\/\/i2.wp.com\/batimedianews.com\/live\/wp-content\/uploads\/2024\/03\/TileOfSpain.articlejpg.jpg?fit=825%2C825&resize=350%2C200","width":350,"height":200},"classes":[]},{"id":43673,"url":"http:\/\/batimedianews.com\/live\/index.php\/2025\/03\/20\/les-tendances-de-la-ceramique-pour-les-amenagements-exterieurs-place-a-la-nature-a-leffacement-des-frontieres-et-a-la-personnalisation\/","url_meta":{"origin":49640,"position":1},"title":"Les tendances de la c\u00e9ramique pour les am\u00e9nagements ext\u00e9rieurs : Place \u00e0  la nature, \u00e0 l\u2019effacement des fronti\u00e8res et \u00e0 la personnalisation","date":"20 mars 2025","format":false,"excerpt":"TILE OF SPAIN - Marque : Onix MosaicoCollection : Hex XLFormat : 51,6 mm.Cr\u00e9dit photo : TILE OF SPAIN\/ONIX MOSAICO Les industriels espagnols, r\u00e9unis au sein de l\u2019ASCER, pr\u00e9sentent pour TILE OF SPAIN les tendances de la c\u00e9ramique d\u00e9di\u00e9es aux am\u00e9nagements ext\u00e9rieurs. Un mariage r\u00e9ussi entre durabilit\u00e9, esth\u00e9tisme et fonctionnalit\u00e9.\u2026","rel":"","context":"Dans &quot;Actualit\u00e9 Entreprises&quot;","img":{"alt_text":"","src":"https:\/\/i0.wp.com\/batimedianews.com\/live\/wp-content\/uploads\/2025\/03\/TileOfSpain.jpg?fit=825%2C825&resize=350%2C200","width":350,"height":200},"classes":[]},{"id":10099,"url":"http:\/\/batimedianews.com\/live\/index.php\/2021\/05\/27\/amenagements-exterieurs-tile-of-spain-livre-sa-selection-coup-de-coeur-pour-des-sols-en-ceramique-espagnole\/","url_meta":{"origin":49640,"position":2},"title":"AM\u00c9NAGEMENTS EXT\u00c9RIEURS : TILE OF SPAIN LIVRE SA S\u00c9LECTION COUP DE COEUR POUR DES SOLS EN C\u00c9RAMIQUE ESPAGNOLE","date":"27 mai 2021","format":false,"excerpt":"Cours, patios, jardins, terrasses, porches, rooftops\u2026, deviennent les prolongements naturels des espaces int\u00e9rieurs et le th\u00e9\u00e2tre de l\u2019expression architecturale d\u2019un b\u00e2timent. Atout charme, ils refl\u00e8tent la personnalit\u00e9 d\u2019une maison dans laquelle les rev\u00eatements en c\u00e9ramique espagnole expriment leur signature esth\u00e9tique et technique. TILE OF SPAIN* propose une s\u00e9lection de nouvelles\u2026","rel":"","context":"Dans &quot;Actualit\u00e9 Entreprises&quot;","img":{"alt_text":"","src":"https:\/\/i1.wp.com\/batimedianews.com\/live\/wp-content\/uploads\/2021\/05\/Tile-Of-Spain-Article.jpg?fit=512%2C512&resize=350%2C200","width":350,"height":200},"classes":[]},{"id":16992,"url":"http:\/\/batimedianews.com\/live\/index.php\/2022\/03\/08\/amenagement-exterieurs-tile-of-spain-propose-des-tendances-coups-de-coeur-en-ceramique-espagnole\/","url_meta":{"origin":49640,"position":3},"title":"Am\u00e9nagement ext\u00e9rieurs : TILE OF SPAIN propose des tendances  \u00ab coups de c\u0153ur \u00bb en c\u00e9ramique espagnole","date":"8 mars 2022","format":false,"excerpt":"Quel carrelage choisir pour ses all\u00e9es de jardin, les abords de la piscine, pour le rev\u00eatement de la terrasse ou tout simplement pour le balcon ? Cette \u00e9tape de l\u2019am\u00e9nagement ext\u00e9rieur figure parmi les plus importantes. Il doit correspondre aux envies d\u00e9coratives, s\u2019harmoniser avec l\u2019environnement existant, \u00eatre r\u00e9sistant au climat\u2026","rel":"","context":"Dans &quot;Actualit\u00e9 Entreprises&quot;","img":{"alt_text":"","src":"https:\/\/i1.wp.com\/batimedianews.com\/live\/wp-content\/uploads\/2022\/03\/TileofSpain-Article.jpg?fit=512%2C512&resize=350%2C200","width":350,"height":200},"classes":[]},{"id":13984,"url":"http:\/\/batimedianews.com\/live\/index.php\/2021\/12\/02\/quand-la-ceramique-espagnole-se-met-au-service-de-la-ville\/","url_meta":{"origin":49640,"position":4},"title":"QUAND LA C\u00c9RAMIQUE ESPAGNOLE SE MET AU SERVICE DE LA VILLE","date":"2 d\u00e9cembre 2021","format":false,"excerpt":"\u00ab De la c\u00e9ramique dans votre ville \u00bb, tel est le leitmotiv du nouveau site https:\/\/kerapolis-ceramic.com\/home-fr. Avec la participation* de TILE OF SPAIN, qui promeut l'industrie de rev\u00eatements sols et murs en c\u00e9ramique espagnole, il est con\u00e7u tel un guide complet et ludique \u00e0 parcourir. Cet outil constitue une source\u2026","rel":"","context":"Dans &quot;Actualit\u00e9 Entreprises&quot;","img":{"alt_text":"","src":"https:\/\/i1.wp.com\/batimedianews.com\/live\/wp-content\/uploads\/2021\/11\/TileofSpain-Article.jpg?fit=512%2C512&resize=350%2C200","width":350,"height":200},"classes":[]},{"id":37463,"url":"http:\/\/batimedianews.com\/live\/index.php\/2024\/05\/28\/la-ceramique-espagnole-sinvite-aussi-en-facade\/","url_meta":{"origin":49640,"position":5},"title":"La c\u00e9ramique espagnole s\u2019invite aussi en fa\u00e7ade","date":"28 mai 2024","format":false,"excerpt":"TILE OF SPAIN a pr\u00e9sent\u00e9 lors du CEVISAMA 2024, rendez-vous incontournable des aficionados du carrelage, des solutions pour habiller les fa\u00e7ades des b\u00e2timents tertiaires, des logements collectifs et des maisons individuelles. Robuste, ce mat\u00e9riau a une dur\u00e9e de vie estim\u00e9e \u00e0 50 ans, son impact environnemental est ainsi r\u00e9duit. A\u2026","rel":"","context":"Dans &quot;Actualit\u00e9 Entreprises&quot;","img":{"alt_text":"","src":"https:\/\/i0.wp.com\/batimedianews.com\/live\/wp-content\/uploads\/2024\/05\/TileOfSpain-1.jpg?fit=825%2C825&resize=350%2C200","width":350,"height":200},"classes":[]}],"_links":{"self":[{"href":"http:\/\/batimedianews.com\/live\/index.php\/wp-json\/wp\/v2\/posts\/49640"}],"collection":[{"href":"http:\/\/batimedianews.com\/live\/index.php\/wp-json\/wp\/v2\/posts"}],"about":[{"href":"http:\/\/batimedianews.com\/live\/index.php\/wp-json\/wp\/v2\/types\/post"}],"author":[{"embeddable":true,"href":"http:\/\/batimedianews.com\/live\/index.php\/wp-json\/wp\/v2\/users\/41"}],"replies":[{"embeddable":true,"href":"http:\/\/batimedianews.com\/live\/index.php\/wp-json\/wp\/v2\/comments?post=49640"}],"version-history":[{"count":2,"href":"http:\/\/batimedianews.com\/live\/index.php\/wp-json\/wp\/v2\/posts\/49640\/revisions"}],"predecessor-version":[{"id":49727,"href":"http:\/\/batimedianews.com\/live\/index.php\/wp-json\/wp\/v2\/posts\/49640\/revisions\/49727"}],"wp:featuredmedia":[{"embeddable":true,"href":"http:\/\/batimedianews.com\/live\/index.php\/wp-json\/wp\/v2\/media\/49648"}],"wp:attachment":[{"href":"http:\/\/batimedianews.com\/live\/index.php\/wp-json\/wp\/v2\/media?parent=49640"}],"wp:term":[{"taxonomy":"category","embeddable":true,"href":"http:\/\/batimedianews.com\/live\/index.php\/wp-json\/wp\/v2\/categories?post=49640"},{"taxonomy":"post_tag","embeddable":true,"href":"http:\/\/batimedianews.com\/live\/index.php\/wp-json\/wp\/v2\/tags?post=49640"}],"curies":[{"name":"wp","href":"https:\/\/api.w.org\/{rel}","templated":true}]}}