{"id":49649,"date":"2026-03-16T09:48:55","date_gmt":"2026-03-16T08:48:55","guid":{"rendered":"http:\/\/batimedianews.com\/live\/?p=49649"},"modified":"2026-03-16T09:48:58","modified_gmt":"2026-03-16T08:48:58","slug":"personnalisation-et-liberte-de-design-accrues-warema-elargit-sa-gamme-de-cadres-coulissants-pour-les-systemes-de-toit-lamaxa","status":"publish","type":"post","link":"http:\/\/batimedianews.com\/live\/index.php\/2026\/03\/16\/personnalisation-et-liberte-de-design-accrues-warema-elargit-sa-gamme-de-cadres-coulissants-pour-les-systemes-de-toit-lamaxa\/","title":{"rendered":"Personnalisation et libert\u00e9 de design accrues &#8211; Warema \u00e9largit sa gamme de cadres coulissants pour les syst\u00e8mes de toit Lamaxa"},"content":{"rendered":"\n<p class=\"has-text-align-justify\"><strong>Les demandes de toits de terrasse cubiques de grande qualit\u00e9 avec lamelles mobiles en aluminium, store toile ext\u00e9rieur r\u00e9tractable ou surface vitr\u00e9e ne diminuent pas \u2013 surtout dans le segment premium. Parall\u00e8lement, les d\u00e9sirs de personnalisation au niveau de l&rsquo;\u00e9quipement sont de plus en plus importants. Pour satisfaire \u00e0 ces exigences, Warema agrandit la gamme d&rsquo;accessoires et d&rsquo;\u00e9quipements de ses syst\u00e8mes de toit Lamaxa en y ajoutant des options de pose. Les cadres coulissants vari\u00e9s offrent encore plus de diversit\u00e9 en termes de design, d&rsquo;individualit\u00e9 et de confort dans l&rsquo;espace ext\u00e9rieur.&nbsp;<\/strong><\/p>\n\n\n\n<p><strong>Volets coulissants : panneaux de lamelles orientables et d\u00e9cors design \u00e9l\u00e9gants&nbsp;<\/strong><\/p>\n\n\n\n<p class=\"has-text-align-justify\">La gamme de volets coulissants enti\u00e8rement optimis\u00e9e combine une protection efficace contre les regards, le soleil et les intemp\u00e9ries, et offre un grand nombre de nouveaut\u00e9s. En plus des versions fixes, des battants sont d\u00e9sormais \u00e9galement disponibles avec des panneaux de lamelles orientables. Ces derniers se composent de deux zones r\u00e9glables s\u00e9par\u00e9ment par battant pour permettre une coh\u00e9sion parfaitement coordonn\u00e9e de lumi\u00e8re et d&rsquo;ombre ainsi que d&rsquo;espace ouvert et de sph\u00e8re priv\u00e9e. De m\u00eame, l&rsquo;aspect technique a \u00e9galement \u00e9t\u00e9 am\u00e9lior\u00e9 de mani\u00e8re coh\u00e9rente. Un rail au sol sans obstacle convainc par une hauteur de seuil r\u00e9duite, avec seulement 15 millim\u00e8tres. Des patins autor\u00e9glables compensent automatiquement les inclinaisons du sol, ce qui facilite consid\u00e9rablement la pose. D&rsquo;autres mesures d&rsquo;optimisation, telles que des rails faciles \u00e0 poser, des verrous \u00e0 levier pour la s\u00e9curisation du positionnement, une fonction d&rsquo;entra\u00eenement en option et des tampons de but\u00e9e pour une fermeture amortie, assurent une am\u00e9lioration sensible en termes de manipulation. Les volets coulissants peuvent \u00eatre r\u00e9alis\u00e9s avec des largeurs de battant allant jusqu&rsquo;\u00e0 1 600 millim\u00e8tres et des hauteurs maximales de 3 100 millim\u00e8tres \u2013 des dimensions adapt\u00e9es, notamment pour les installations de grande taille.&nbsp;<\/p>\n\n\n\n<p class=\"has-text-align-justify\">Les volets coulissants offrent en outre de nouvelles options au niveau de l&rsquo;agencement. Par exemple, gr\u00e2ce aux d\u00e9cors design \u00e9l\u00e9gants pour les lamelles en aluminium : avec une s\u00e9lection de six motifs bois et rouille authentiques, ils allient un aspect naturel \u00e0 une fonctionnalit\u00e9 durable. Les surfaces sont faciles d&rsquo;entretien, r\u00e9sistantes aux UV et aux intemp\u00e9ries, et durables. Pour offrir une libert\u00e9 d&rsquo;agencement suppl\u00e9mentaire, les volets coulissants sont disponibles en plus, en fonction des souhaits de la client\u00e8le, dans les couleurs RAL et DB du monde des couleurs Warema ainsi que dans une finition noble en bois massif avec du fr\u00eane thermotrait\u00e9, un mat\u00e9riau naturel particuli\u00e8rement r\u00e9sistant en raison d&rsquo;un traitement thermique, et donc pratique pour une utilisation \u00e0 l&rsquo;ext\u00e9rieur.&nbsp;<\/p>\n\n\n\n<p><strong>Syst\u00e8me coulissant en verre : une technologie \u00e9prouv\u00e9e et de nouvelles possibilit\u00e9s de configuration&nbsp;<\/strong><\/p>\n\n\n\n<p class=\"has-text-align-justify\">Les \u00e9l\u00e9ments en verre verticaux cr\u00e9ent un jeu \u00e9quilibr\u00e9 de transparence et de protection contre les regards. Des mat\u00e9riaux de grande qualit\u00e9, une m\u00e9canique pr\u00e9cise et des d\u00e9tails sophistiqu\u00e9s assurent une exp\u00e9rience outdoor de grande qualit\u00e9. Un point fort particuli\u00e8rement attrayant est la version encadr\u00e9e avec des profil\u00e9s en aluminium et des joints-brosses haut de gamme, qui s\u00e9duisent visuellement tout en prot\u00e9geant efficacement contre les courants d&rsquo;air et les insectes. Des syst\u00e8mes \u00e0 coulisses flexibles \u00e0 plusieurs niveaux de voie permettent de cr\u00e9er des sc\u00e9narios d&rsquo;ouverture sur mesure, en accord avec l&rsquo;architecture et l&rsquo;utilisation. Le profil\u00e9 de raccordement au mur lat\u00e9ral assure des raccords propres \u00e0 la construction et offre de multiples options de verrouillage. Un dispositif anti-levage est disponible en option pour les sites expos\u00e9s au vent. Encore une autre option : le verre feuillet\u00e9 de s\u00e9curit\u00e9 avec test de stockage \u00e0 chaud pour minimiser le risque de casse spontan\u00e9e, en particulier pour les hauteurs de pose sup\u00e9rieures et les terrasses de toit de grande taille.&nbsp;<\/p>\n\n\n\n<p><strong>Nouvelle pi\u00e8ce Outdoor Living haut de gamme&nbsp;<\/strong><\/p>\n\n\n\n<p class=\"has-text-align-justify\">Les nouveaux volets coulissants et le syst\u00e8me coulissant en verre optimis\u00e9 rendent les syst\u00e8mes de toit Lamaxa de Warema encore plus flexibles, confortables et individuels. La combinaison de mat\u00e9riaux de grande qualit\u00e9, d&rsquo;une m\u00e9canique pr\u00e9cise et de multiples options de design offre aux planificateurs, revendeurs sp\u00e9cialis\u00e9s et utilisateurs de nombreuses possibilit\u00e9s pour \u00e9tendre l&rsquo;espace d&rsquo;habitation vers l&rsquo;ext\u00e9rieur \u2013 avec des atouts fonctionnels, esth\u00e9tiques et haut de gamme.&nbsp;<\/p>\n\n\n\n<p class=\"has-small-font-size\"><strong><em>Mention concernant l&rsquo;utilisation des images :&nbsp;<\/em><\/strong><\/p>\n\n\n\n<p class=\"has-text-align-justify has-small-font-size\">L&rsquo;utilisation d&rsquo;images non modifi\u00e9es est autoris\u00e9e uniquement dans le cadre du communiqu\u00e9 de presse respectif et exclusivement en vue de r\u00e9aliser des reportages r\u00e9dactionnels sur les produits de la soci\u00e9t\u00e9 WAREMA, et non \u00e0 des fins publicitaires. Veuillez utiliser la mention \u00ab copyright WAREMA \u00bb comme indication correcte de la source. Un exemplaire justificatif num\u00e9rique sera demand\u00e9.&nbsp;<\/p>\n\n\n\n<div class=\"wp-block-media-text alignwide is-stacked-on-mobile\" style=\"grid-template-columns:31% auto\"><figure class=\"wp-block-media-text__media\"><img loading=\"lazy\" width=\"662\" height=\"484\" src=\"https:\/\/i1.wp.com\/batimedianews.com\/live\/wp-content\/uploads\/2026\/03\/image-48.png?resize=662%2C484\" alt=\"\" class=\"wp-image-49650 size-full\" srcset=\"https:\/\/i1.wp.com\/batimedianews.com\/live\/wp-content\/uploads\/2026\/03\/image-48.png?w=662 662w, https:\/\/i1.wp.com\/batimedianews.com\/live\/wp-content\/uploads\/2026\/03\/image-48.png?resize=768%2C561 768w, https:\/\/i1.wp.com\/batimedianews.com\/live\/wp-content\/uploads\/2026\/03\/image-48.png?resize=432%2C316 432w, https:\/\/i1.wp.com\/batimedianews.com\/live\/wp-content\/uploads\/2026\/03\/image-48.png?resize=396%2C290 396w, https:\/\/i1.wp.com\/batimedianews.com\/live\/wp-content\/uploads\/2026\/03\/image-48.png?resize=660%2C483 660w\" sizes=\"(max-width: 600px) 91vw, (max-width: 900px) 600px, (max-width: 1060px) 50vw, (max-width: 1200px) 520px, (max-width: 1400px) 43vw, 600px\" data-recalc-dims=\"1\" \/><\/figure><div class=\"wp-block-media-text__content\">\n<p>Nouveaux dans la gamme : des battants avec des panneaux de lamelles orientables offrent, gr\u00e2ce \u00e0 deux zones r\u00e9glables s\u00e9par\u00e9ment par battant, un jeu pr\u00e9cis d&rsquo;ouverture, de lumi\u00e8re, d&rsquo;ombre et d&rsquo;intimit\u00e9.&nbsp; <\/p>\n\n\n\n<p>(Image n\u00b0 D\u00e9tail 10023328)&nbsp;<\/p>\n<\/div><\/div>\n\n\n\n<div class=\"wp-block-media-text alignwide is-stacked-on-mobile\" style=\"grid-template-columns:31% auto\"><figure class=\"wp-block-media-text__media\"><img loading=\"lazy\" width=\"662\" height=\"434\" src=\"https:\/\/i1.wp.com\/batimedianews.com\/live\/wp-content\/uploads\/2026\/03\/image-49.png?resize=662%2C434\" alt=\"\" class=\"wp-image-49651 size-full\" srcset=\"https:\/\/i1.wp.com\/batimedianews.com\/live\/wp-content\/uploads\/2026\/03\/image-49.png?w=662 662w, https:\/\/i1.wp.com\/batimedianews.com\/live\/wp-content\/uploads\/2026\/03\/image-49.png?resize=768%2C503 768w, https:\/\/i1.wp.com\/batimedianews.com\/live\/wp-content\/uploads\/2026\/03\/image-49.png?resize=432%2C283 432w, https:\/\/i1.wp.com\/batimedianews.com\/live\/wp-content\/uploads\/2026\/03\/image-49.png?resize=396%2C260 396w, https:\/\/i1.wp.com\/batimedianews.com\/live\/wp-content\/uploads\/2026\/03\/image-49.png?resize=660%2C433 660w\" sizes=\"(max-width: 600px) 91vw, (max-width: 900px) 600px, (max-width: 1060px) 50vw, (max-width: 1200px) 520px, (max-width: 1400px) 43vw, 600px\" data-recalc-dims=\"1\" \/><\/figure><div class=\"wp-block-media-text__content\">\n<p>Un rail au sol sans obstacle convainc par une hauteur de seuil r\u00e9duite, avec seulement 15 millim\u00e8tres. Des patins autor\u00e9glables compensent automatiquement les inclinaisons du sol, ce qui facilite consid\u00e9rablement la pose.&nbsp; <\/p>\n\n\n\n<p>(Image n\u00b0 10024012)&nbsp;<\/p>\n<\/div><\/div>\n\n\n\n<div class=\"wp-block-media-text alignwide is-stacked-on-mobile\" style=\"grid-template-columns:31% auto\"><figure class=\"wp-block-media-text__media\"><img loading=\"lazy\" width=\"662\" height=\"434\" src=\"https:\/\/i1.wp.com\/batimedianews.com\/live\/wp-content\/uploads\/2026\/03\/image-50.png?resize=662%2C434\" alt=\"\" class=\"wp-image-49652 size-full\" srcset=\"https:\/\/i1.wp.com\/batimedianews.com\/live\/wp-content\/uploads\/2026\/03\/image-50.png?w=662 662w, https:\/\/i1.wp.com\/batimedianews.com\/live\/wp-content\/uploads\/2026\/03\/image-50.png?resize=768%2C503 768w, https:\/\/i1.wp.com\/batimedianews.com\/live\/wp-content\/uploads\/2026\/03\/image-50.png?resize=432%2C283 432w, https:\/\/i1.wp.com\/batimedianews.com\/live\/wp-content\/uploads\/2026\/03\/image-50.png?resize=396%2C260 396w, https:\/\/i1.wp.com\/batimedianews.com\/live\/wp-content\/uploads\/2026\/03\/image-50.png?resize=660%2C433 660w\" sizes=\"(max-width: 600px) 91vw, (max-width: 900px) 600px, (max-width: 1060px) 50vw, (max-width: 1200px) 520px, (max-width: 1400px) 43vw, 600px\" data-recalc-dims=\"1\" \/><\/figure><div class=\"wp-block-media-text__content\">\n<p>Le nouveau syst\u00e8me coulissant en verre assure une transparence et une protection flexibles gr\u00e2ce \u00e0 une m\u00e9canique pr\u00e9cise et \u00e0 des lignes \u00e9pur\u00e9es.&nbsp; (Image n\u00b0 10023394)<\/p>\n<\/div><\/div>\n\n\n\n<div class=\"wp-block-media-text alignwide is-stacked-on-mobile\" style=\"grid-template-columns:31% auto\"><figure class=\"wp-block-media-text__media\"><img loading=\"lazy\" width=\"662\" height=\"434\" src=\"https:\/\/i2.wp.com\/batimedianews.com\/live\/wp-content\/uploads\/2026\/03\/image-51.png?resize=662%2C434\" alt=\"\" class=\"wp-image-49653 size-full\" srcset=\"https:\/\/i2.wp.com\/batimedianews.com\/live\/wp-content\/uploads\/2026\/03\/image-51.png?w=662 662w, https:\/\/i2.wp.com\/batimedianews.com\/live\/wp-content\/uploads\/2026\/03\/image-51.png?resize=768%2C503 768w, https:\/\/i2.wp.com\/batimedianews.com\/live\/wp-content\/uploads\/2026\/03\/image-51.png?resize=432%2C283 432w, https:\/\/i2.wp.com\/batimedianews.com\/live\/wp-content\/uploads\/2026\/03\/image-51.png?resize=396%2C260 396w, https:\/\/i2.wp.com\/batimedianews.com\/live\/wp-content\/uploads\/2026\/03\/image-51.png?resize=660%2C433 660w\" sizes=\"(max-width: 600px) 91vw, (max-width: 900px) 600px, (max-width: 1060px) 50vw, (max-width: 1200px) 520px, (max-width: 1400px) 43vw, 600px\" data-recalc-dims=\"1\" \/><\/figure><div class=\"wp-block-media-text__content\">\n<p>Des syst\u00e8mes \u00e0 coulisses \u00e0 plusieurs voies permettent de cr\u00e9er des sc\u00e9narios d&rsquo;ouverture sur mesure pour des limites de construction \u00e9tendues, en accord avec l&rsquo;architecture et l&rsquo;utilisation.&nbsp; <\/p>\n\n\n\n<p>(Image n\u00b0 10023384)&nbsp;<\/p>\n<\/div><\/div>\n\n\n\n<div class=\"wp-block-media-text alignwide is-stacked-on-mobile\" style=\"grid-template-columns:31% auto\"><figure class=\"wp-block-media-text__media\"><img loading=\"lazy\" width=\"662\" height=\"436\" src=\"https:\/\/i1.wp.com\/batimedianews.com\/live\/wp-content\/uploads\/2026\/03\/image-52.png?resize=662%2C436\" alt=\"\" class=\"wp-image-49654 size-full\" srcset=\"https:\/\/i1.wp.com\/batimedianews.com\/live\/wp-content\/uploads\/2026\/03\/image-52.png?w=662 662w, https:\/\/i1.wp.com\/batimedianews.com\/live\/wp-content\/uploads\/2026\/03\/image-52.png?resize=768%2C505 768w, https:\/\/i1.wp.com\/batimedianews.com\/live\/wp-content\/uploads\/2026\/03\/image-52.png?resize=432%2C285 432w, https:\/\/i1.wp.com\/batimedianews.com\/live\/wp-content\/uploads\/2026\/03\/image-52.png?resize=396%2C261 396w, https:\/\/i1.wp.com\/batimedianews.com\/live\/wp-content\/uploads\/2026\/03\/image-52.png?resize=660%2C435 660w\" sizes=\"(max-width: 600px) 91vw, (max-width: 900px) 600px, (max-width: 1060px) 50vw, (max-width: 1200px) 520px, (max-width: 1400px) 43vw, 600px\" data-recalc-dims=\"1\" \/><\/figure><div class=\"wp-block-media-text__content\">\n<p>Les profil\u00e9s de cadre thermolaqu\u00e9s permettent une int\u00e9gration particuli\u00e8rement propre au b\u00e2timent. Cette nouvelle version standard permet des variantes de verrouillage suppl\u00e9mentaires, parfaitement coordonn\u00e9es en termes de design et de confort.&nbsp;<\/p>\n\n\n\n<p>(Image n\u00b0 10023385)&nbsp;<\/p>\n<\/div><\/div>\n\n\n\n<p class=\"has-medium-font-size\"><strong>Warema Renkhoff SE&nbsp;<\/strong><\/p>\n\n\n\n<p class=\"has-text-align-justify\"><em>Warema, le gestionnaire de la lumi\u00e8re du soleil et la marque fondatrice du Warema Group est le leader europ\u00e9en en mati\u00e8re de protections solaires techniques. L&rsquo;entreprise familiale fond\u00e9e en 1955 est le fournisseur d&rsquo;une gamme compl\u00e8te de protection solaire ext\u00e9rieure intelligente ainsi que de syst\u00e8mes de commande intelligents. Les produits de grande qualit\u00e9 et au design exceptionnel du sp\u00e9cialiste en protection solaire de la ville allemande de Marktheidenfeld sont individuels, ambitieux et sophistiqu\u00e9s. L&rsquo;entreprise soutient les ma\u00eetres d&rsquo;ouvrage et les planificateurs sur tout le processus de planification. Les solutions sp\u00e9cifiques au client de Warema permettent ainsi de cr\u00e9er des espaces Outdoor Living particuliers et un climat ambiant agr\u00e9able dans les b\u00e2timents.&nbsp;<\/em><\/p>\n\n\n\n<p class=\"has-text-align-justify\"><em>Les protections solaires contribuent par ailleurs \u00e0 r\u00e9duire les co\u00fbts \u00e9nerg\u00e9tiques et les \u00e9missions de CO<\/em>\u2082<em>. Cela correspond \u00e0 l&rsquo;exigence d&rsquo;agir consciemment pour l&rsquo;environnement et les \u00eatres humains \u2013 selon le principe directeur de l&rsquo;ensemble du groupe : r\u00e9duire, investir, innover.&nbsp;<\/em><\/p>\n\n\n\n<p class=\"has-text-align-justify\"><em>D&rsquo;autres marques d\u00e9pos\u00e9es appartiennent au Warema Group et \u00e0 ses plus de 5 000 collaborateurs \u00e0 travers le monde : Caravita fait partie des fabricants r\u00e9put\u00e9s de parasols et de voiles d&rsquo;ombrage de grande qualit\u00e9. Anwis est le sp\u00e9cialiste d&rsquo;Europe de l&rsquo;Est pour la protection solaire int\u00e9rieure et ext\u00e9rieure. Par ailleurs, le Warema Group est \u00e9galement pr\u00e9sent sur le march\u00e9 de la plasturgie et du g\u00e9nie m\u00e9canique.&nbsp;<\/em><\/p>\n\n\n\n<p><\/p>\n","protected":false},"excerpt":{"rendered":"<p>Les demandes de toits de terrasse cubiques de grande qualit\u00e9 avec lamelles mobiles en aluminium, store toile ext\u00e9rieur r\u00e9tractable ou surface vitr\u00e9e ne diminuent pas \u2013 surtout dans le segment premium. Parall\u00e8lement, les d\u00e9sirs de personnalisation au niveau de l&rsquo;\u00e9quipement sont de plus en plus importants. Pour satisfaire \u00e0 ces exigences, Warema agrandit la gamme [&hellip;]<\/p>\n","protected":false},"author":41,"featured_media":49655,"comment_status":"open","ping_status":"open","sticky":true,"template":"","format":"standard","meta":{"spay_email":""},"categories":[4],"tags":[2712],"jetpack_featured_media_url":"https:\/\/i0.wp.com\/batimedianews.com\/live\/wp-content\/uploads\/2026\/03\/warema.jpg?fit=1513%2C825","jetpack_sharing_enabled":true,"jetpack_likes_enabled":true,"jetpack-related-posts":[{"id":10339,"url":"http:\/\/batimedianews.com\/live\/index.php\/2021\/06\/10\/eclisse-equipe-un-loft-perche-sur-les-toits-de-paris\/","url_meta":{"origin":49649,"position":0},"title":"Eclisse \u00e9quipe un loft \u00ab perch\u00e9 \u00bb sur les toits de Paris","date":"10 juin 2021","format":false,"excerpt":"Paris, 18e, quartier des Abesses : un nouvel habitat est n\u00e9 en 2020 sur le toit d\u2019un immeuble existant. Dans le cadre d\u2019un chantier de r\u00e9habilitation, un loft sur-mesure et sa terrasse v\u00e9g\u00e9talis\u00e9e sont apparus m\u00ealant confort int\u00e9rieur & ext\u00e9rieur. Le cabinet ACG et l\u2019agence Mariebey ont r\u00e9alis\u00e9 ce nouveau\u2026","rel":"","context":"Dans &quot;Actualit\u00e9 Entreprises&quot;","img":{"alt_text":"","src":"https:\/\/i1.wp.com\/batimedianews.com\/live\/wp-content\/uploads\/2021\/06\/Eclisse-Article.jpg?fit=512%2C512&resize=350%2C200","width":350,"height":200},"classes":[]},{"id":24723,"url":"http:\/\/batimedianews.com\/live\/index.php\/2022\/11\/15\/toitures-terrasses-vitrees-conforme-au-decret-du-30-mars-2022\/","url_meta":{"origin":49649,"position":1},"title":"Toitures terrasses vitr\u00e9es conformes au d\u00e9cret du 30 Mars 2022 &#8211; Salon EquipH\u2002tel &#8211; Stand C77 pavillon 7.3","date":"15 novembre 2022","format":false,"excerpt":"Le march\u00e9 des extensions est en pleine croissance. La th\u00e9matique du confort et du bien-\u00eatre poussent les maitres d\u2019ouvrages \u00e0 investir dans la cr\u00e9ation des espaces recevant du public confortables, modulables, ouverts sur l\u2019ext\u00e9rieur et utilisables toute l\u2019ann\u00e9e. Le d\u00e9r\u00e8glement climatique et le co\u00fbt de l\u2019\u00e9nergie s\u2019imposent \u00e0 nous avec\u2026","rel":"","context":"Dans &quot;Actualit\u00e9 Entreprises&quot;","img":{"alt_text":"","src":"https:\/\/i2.wp.com\/batimedianews.com\/live\/wp-content\/uploads\/2022\/11\/Solarlux-Article.jpg?fit=1080%2C1080&resize=350%2C200","width":350,"height":200},"classes":[]},{"id":24629,"url":"http:\/\/batimedianews.com\/live\/index.php\/2022\/11\/07\/solarlux-a-equiphotel-2022-toitures-terrasses-vitrees-conformes-au-decret-du-30-mars-2022\/","url_meta":{"origin":49649,"position":2},"title":"Solarlux \u00e0 EquipH\u00f4tel 2022: TOITURES TERRASSES VITR\u00c9ES CONFORMES AU D\u00c9CRET DU 30 MARS 2022","date":"7 novembre 2022","format":false,"excerpt":"Salon EquipH\u00f4tel - Stand C77 pavillon 7.3 Le march\u00e9 des extensions est en pleine croissance. La th\u00e9matique du confort et du bien-\u00eatre poussent les maitres d\u2019ouvrages \u00e0 investir dans la cr\u00e9ation des espaces recevant du public confortables, modulables, ouverts sur l\u2019ext\u00e9rieur et utilisables toute l\u2019ann\u00e9e. Le d\u00e9r\u00e8glement climatique et le\u2026","rel":"","context":"Dans &quot;toiture&quot;","img":{"alt_text":"","src":"https:\/\/i2.wp.com\/batimedianews.com\/live\/wp-content\/uploads\/2022\/11\/solarlux_equiphotel_article-1-scaled.jpg?fit=1200%2C1200&resize=350%2C200","width":350,"height":200},"classes":[]},{"id":41650,"url":"http:\/\/batimedianews.com\/live\/index.php\/2024\/11\/26\/ehret-optimise-lart-de-lombrage-exterieur-avec-ses-panneaux-coulissants-en-bois-et-son-nouveau-guidage-adaptatif\/","url_meta":{"origin":49649,"position":3},"title":"EHRET optimise l\u2019art de l\u2019ombrage ext\u00e9rieur avec ses panneaux coulissants en bois et son nouveau guidage adaptatif","date":"26 novembre 2024","format":false,"excerpt":"\u00a0EHRET d\u00e9voile sa gamme NATURE, comprenant des panneaux coulissants \u00e0 lamelles bois pour pergola, con\u00e7us pour conjuguer \u00e9l\u00e9gance et fonctionnalit\u00e9.\u00a0 Ces panneaux apportent \u00e0 la pergola une touche de style tout en cr\u00e9ant une ambiance agr\u00e9able et intime.\u00a0 Parmi ses atouts, cette gamme int\u00e8gre un nouveau syst\u00e8me de guidage bas\u2026","rel":"","context":"Dans &quot;Batimaison&quot;","img":{"alt_text":"","src":"https:\/\/i2.wp.com\/batimedianews.com\/live\/wp-content\/uploads\/2024\/11\/EHRET-articles-.jpg?fit=825%2C825&resize=350%2C200","width":350,"height":200},"classes":[]},{"id":24696,"url":"http:\/\/batimedianews.com\/live\/index.php\/2022\/11\/14\/renosoft-le-volet-roulant-electrique-design-et-compact-special-renovation-signe-franciaflex\/","url_meta":{"origin":49649,"position":4},"title":"RENOsoft, le volet roulant \u00e9lectrique design et compact \u00ab\u00a0sp\u00e9cial r\u00e9novation \u00a0\u00bb sign\u00e9 FRANCIAFLEX","date":"14 novembre 2022","format":false,"excerpt":"R\u00e9novation, remplacement ou modification, quelle que soit la configuration, le volet roulant \u00e9lectrique RENOsoft\u00ae s'adapte techniquement et esth\u00e9tiquement \u00e0 tout type de fa\u00e7ade En droite ligne avec les hautes qualit\u00e9s thermiques des diff\u00e9rents volets roulants propos\u00e9s par l'industriel fran\u00e7ais Franciaflex, RENOsoft\u00ae est l'atout design de la gamme. Barri\u00e8re contre le\u2026","rel":"","context":"Dans &quot;Actualit\u00e9 Entreprises&quot;","img":{"alt_text":"","src":"https:\/\/i0.wp.com\/batimedianews.com\/live\/wp-content\/uploads\/2022\/11\/Franciaflex-Article.jpg?fit=1080%2C1080&resize=350%2C200","width":350,"height":200},"classes":[]},{"id":49818,"url":"http:\/\/batimedianews.com\/live\/index.php\/2026\/03\/23\/automatisation-de-protection-solaire-knx-tout-en-un\/","url_meta":{"origin":49649,"position":5},"title":"Automatisation de protection solaire KNX tout en un","date":"23 mars 2026","format":false,"excerpt":"Des composants Warema adapt\u00e9s pour une planification fluide, une mise en service simple et un fonctionnement s\u00fbr\u00a0 L'automatisation de protection solaire KNX doit r\u00e9pondre de nos jours \u00e0 une multiplicit\u00e9 d'exigences : une s\u00e9curit\u00e9 de planification \u00e9lev\u00e9e, un haut niveau de fonctionnalit\u00e9s, une s\u00e9curit\u00e9 informatique av\u00e9r\u00e9e et un fonctionnement fiable,\u2026","rel":"","context":"Dans &quot;Actualit\u00e9 Entreprises&quot;","img":{"alt_text":"","src":"https:\/\/i1.wp.com\/batimedianews.com\/live\/wp-content\/uploads\/2026\/03\/warema-4.jpg?fit=825%2C825&resize=350%2C200","width":350,"height":200},"classes":[]}],"_links":{"self":[{"href":"http:\/\/batimedianews.com\/live\/index.php\/wp-json\/wp\/v2\/posts\/49649"}],"collection":[{"href":"http:\/\/batimedianews.com\/live\/index.php\/wp-json\/wp\/v2\/posts"}],"about":[{"href":"http:\/\/batimedianews.com\/live\/index.php\/wp-json\/wp\/v2\/types\/post"}],"author":[{"embeddable":true,"href":"http:\/\/batimedianews.com\/live\/index.php\/wp-json\/wp\/v2\/users\/41"}],"replies":[{"embeddable":true,"href":"http:\/\/batimedianews.com\/live\/index.php\/wp-json\/wp\/v2\/comments?post=49649"}],"version-history":[{"count":2,"href":"http:\/\/batimedianews.com\/live\/index.php\/wp-json\/wp\/v2\/posts\/49649\/revisions"}],"predecessor-version":[{"id":49698,"href":"http:\/\/batimedianews.com\/live\/index.php\/wp-json\/wp\/v2\/posts\/49649\/revisions\/49698"}],"wp:featuredmedia":[{"embeddable":true,"href":"http:\/\/batimedianews.com\/live\/index.php\/wp-json\/wp\/v2\/media\/49655"}],"wp:attachment":[{"href":"http:\/\/batimedianews.com\/live\/index.php\/wp-json\/wp\/v2\/media?parent=49649"}],"wp:term":[{"taxonomy":"category","embeddable":true,"href":"http:\/\/batimedianews.com\/live\/index.php\/wp-json\/wp\/v2\/categories?post=49649"},{"taxonomy":"post_tag","embeddable":true,"href":"http:\/\/batimedianews.com\/live\/index.php\/wp-json\/wp\/v2\/tags?post=49649"}],"curies":[{"name":"wp","href":"https:\/\/api.w.org\/{rel}","templated":true}]}}