{"id":49663,"date":"2026-03-16T09:43:42","date_gmt":"2026-03-16T08:43:42","guid":{"rendered":"http:\/\/batimedianews.com\/live\/?p=49663"},"modified":"2026-03-16T09:43:45","modified_gmt":"2026-03-16T08:43:45","slug":"souligner-le-caractere-de-chaque-maison-nouvelles-teintes-bois-et-minerales-pour-les-portails-prefalu","status":"publish","type":"post","link":"http:\/\/batimedianews.com\/live\/index.php\/2026\/03\/16\/souligner-le-caractere-de-chaque-maison-nouvelles-teintes-bois-et-minerales-pour-les-portails-prefalu\/","title":{"rendered":"Souligner le caract\u00e8re de chaque maison &#8211; Nouvelles teintes bois et min\u00e9rales pour les portails Pr\u00e9falu"},"content":{"rendered":"\n<div class=\"wp-block-media-text alignwide has-media-on-the-right is-stacked-on-mobile\" style=\"grid-template-columns:auto 39%\"><figure class=\"wp-block-media-text__media\"><img loading=\"lazy\" width=\"684\" height=\"714\" src=\"https:\/\/i1.wp.com\/batimedianews.com\/live\/wp-content\/uploads\/2026\/03\/image-53.png?resize=684%2C714\" alt=\"\" class=\"wp-image-49664 size-full\" srcset=\"https:\/\/i1.wp.com\/batimedianews.com\/live\/wp-content\/uploads\/2026\/03\/image-53.png?w=684 684w, https:\/\/i1.wp.com\/batimedianews.com\/live\/wp-content\/uploads\/2026\/03\/image-53.png?resize=768%2C801 768w, https:\/\/i1.wp.com\/batimedianews.com\/live\/wp-content\/uploads\/2026\/03\/image-53.png?resize=10%2C10 10w, https:\/\/i1.wp.com\/batimedianews.com\/live\/wp-content\/uploads\/2026\/03\/image-53.png?resize=432%2C451 432w, https:\/\/i1.wp.com\/batimedianews.com\/live\/wp-content\/uploads\/2026\/03\/image-53.png?resize=396%2C413 396w, https:\/\/i1.wp.com\/batimedianews.com\/live\/wp-content\/uploads\/2026\/03\/image-53.png?resize=660%2C689 660w\" sizes=\"(max-width: 600px) 91vw, (max-width: 900px) 600px, (max-width: 1060px) 50vw, (max-width: 1200px) 520px, (max-width: 1400px) 43vw, 600px\" data-recalc-dims=\"1\" \/><\/figure><div class=\"wp-block-media-text__content\">\n<p><strong>Une nouvelle palette de nuances qui capture la beaut\u00e9 brute de la nature.<\/strong><\/p>\n\n\n\n<p class=\"has-text-align-justify\">Pr\u00e9falu enrichit sa gamme de portails S\u00e9duction avec de nouvelles teintes. Sp\u00e9cialement con\u00e7ues pour les mod\u00e8les Soufri\u00e8re et Aragats, elles sont inspir\u00e9es par les \u00e9l\u00e9ments naturels. Au total, Pr\u00e9falu propose 9 nouvelles nuances qui capturent la beaut\u00e9 brute de la nature :<\/p>\n\n\n\n<ul><li>\u2022 Les Min\u00e9rales : Min\u00e9ral cendr\u00e9, Min\u00e9ral gris\u00e9 et Min\u00e9ral blanchi \u2014 des nuances douces et textur\u00e9es qui \u00e9voquent la pierre naturelle et jouent avec la lumi\u00e8re pour un rendu subtil et contemporain.<\/li><li>\u2022 Les Bois Scandinaves : Bois gris\u00e9, Bois blanchi et Bois fum\u00e9 \u2014 des teintes claires, \u00e9pur\u00e9es, directement inspir\u00e9es de l\u2019univers nordique, id\u00e9ales pour cr\u00e9er une atmosph\u00e8re zen et moderne.<\/li><li>\u2022 Les Bois Authentiques : Pin, Ch\u00eane clair et Ch\u00eane dor\u00e9 \u2014 des finitions chaleureuses qui rappellent les essences traditionnelles et apportent une touche de naturel aux fa\u00e7ades intemporelles.<\/li><\/ul>\n\n\n\n<p class=\"has-text-align-justify\">Afin d\u2019offrir une belle coh\u00e9rence esth\u00e9tique, l\u2019encadrement du portail reste personnalisable parmi une large s\u00e9lection de teintes RAL. Cette combinaison entre textures naturelles et cadre contemporain permet de cr\u00e9er des portails uniques, qui s\u2019int\u00e8grent \u00e0 l\u2019architecture et au caract\u00e8re de chaque maison.<\/p>\n<\/div><\/div>\n\n\n\n<div class=\"wp-block-media-text alignwide has-media-on-the-right is-stacked-on-mobile\" style=\"grid-template-columns:auto 42%\"><figure class=\"wp-block-media-text__media\"><img loading=\"lazy\" width=\"684\" height=\"714\" src=\"https:\/\/i2.wp.com\/batimedianews.com\/live\/wp-content\/uploads\/2026\/03\/image-54.png?resize=684%2C714\" alt=\"\" class=\"wp-image-49665 size-full\" srcset=\"https:\/\/i2.wp.com\/batimedianews.com\/live\/wp-content\/uploads\/2026\/03\/image-54.png?w=684 684w, https:\/\/i2.wp.com\/batimedianews.com\/live\/wp-content\/uploads\/2026\/03\/image-54.png?resize=768%2C801 768w, https:\/\/i2.wp.com\/batimedianews.com\/live\/wp-content\/uploads\/2026\/03\/image-54.png?resize=10%2C10 10w, https:\/\/i2.wp.com\/batimedianews.com\/live\/wp-content\/uploads\/2026\/03\/image-54.png?resize=432%2C451 432w, https:\/\/i2.wp.com\/batimedianews.com\/live\/wp-content\/uploads\/2026\/03\/image-54.png?resize=396%2C413 396w, https:\/\/i2.wp.com\/batimedianews.com\/live\/wp-content\/uploads\/2026\/03\/image-54.png?resize=660%2C689 660w\" sizes=\"(max-width: 600px) 91vw, (max-width: 900px) 600px, (max-width: 1060px) 50vw, (max-width: 1200px) 520px, (max-width: 1400px) 43vw, 600px\" data-recalc-dims=\"1\" \/><\/figure><div class=\"wp-block-media-text__content\">\n<p><strong>Pr\u00e9falu, le sp\u00e9cialiste du portail en aluminium en France<\/strong><\/p>\n\n\n\n<p class=\"has-text-align-justify\">Cr\u00e9\u00e9e en 2002, Pr\u00e9falu s\u2019est impos\u00e9e comme un acteur incontournable du portail en aluminium en France. Depuis son site de production situ\u00e9 \u00e0 Mornant, en Rh\u00f4ne-Alpes, la marque con\u00e7oit, fabrique et assemble l\u2019ensemble de ses portails, cl\u00f4tures et portillons.<\/p>\n\n\n\n<p class=\"has-text-align-justify\">Son bureau d\u2019\u00e9tudes int\u00e9gr\u00e9 imagine des solutions durables et \u00e9volutives, avec un objectif fort : garantir des produits fiables, esth\u00e9tiques et enti\u00e8rement personnalis\u00e9s.<\/p>\n\n\n\n<p class=\"has-text-align-justify\">Chaque portail est r\u00e9alis\u00e9 sur mesure, \u00e0 partir de profil\u00e9s en aluminium extrud\u00e9 et thermolaqu\u00e9, pour une robustesse et une tenue dans le temps exemplaires. Les nombreuses options disponibles \u2014 couleurs, finitions, remplissages, accessoires \u2014 permettent de composer un portail parfaitement adapt\u00e9 \u00e0 chaque projet, qu\u2019il soit traditionnel ou r\u00e9solument contemporain.<\/p>\n\n\n\n<p class=\"has-text-align-justify\">Pr\u00e9falu propose \u00e9galement la motorisation sur toutes les configurations, y compris les portails battants aux contraintes atypiques, afin d\u2019offrir un confort d\u2019usage optimal sans compromis sur le design.<\/p>\n<\/div><\/div>\n","protected":false},"excerpt":{"rendered":"<p>Une nouvelle palette de nuances qui capture la beaut\u00e9 brute de la nature. Pr\u00e9falu enrichit sa gamme de portails S\u00e9duction avec de nouvelles teintes. Sp\u00e9cialement con\u00e7ues pour les mod\u00e8les Soufri\u00e8re et Aragats, elles sont inspir\u00e9es par les \u00e9l\u00e9ments naturels. Au total, Pr\u00e9falu propose 9 nouvelles nuances qui capturent la beaut\u00e9 brute de la nature : [&hellip;]<\/p>\n","protected":false},"author":41,"featured_media":49666,"comment_status":"open","ping_status":"open","sticky":true,"template":"","format":"standard","meta":{"spay_email":""},"categories":[4,868,100],"tags":[],"jetpack_featured_media_url":"https:\/\/i2.wp.com\/batimedianews.com\/live\/wp-content\/uploads\/2026\/03\/Prefalu.jpg?fit=1513%2C825","jetpack_sharing_enabled":true,"jetpack_likes_enabled":true,"jetpack-related-posts":[{"id":20973,"url":"http:\/\/batimedianews.com\/live\/index.php\/2022\/06\/15\/fabemi-terrasse-et-amp-jardin-quand-dallage-rime-avec-plage\/","url_meta":{"origin":49663,"position":0},"title":"Fabemi Terrasse  et amp ; Jardin Quand dallage rime avec plage","date":"15 juin 2022","format":false,"excerpt":"Le soleil s\u2019installe, les jours s\u2019\u00e9tirent, les vacances d\u2019\u00e9t\u00e9 approchent\u2026 et les piscines reprennent du service. Les particuliers et les paysagistes qui projettent de construire un bassin se tourneront naturellement vers CARR\u00c9 D\u2019ARC, marque du groupe Fabemi, dont l\u2019offre vari\u00e9e en dallages et margelles comblera leurs attentes. Les plages de\u2026","rel":"","context":"Dans &quot;Actualit\u00e9 Entreprises&quot;","img":{"alt_text":"","src":"https:\/\/i1.wp.com\/batimedianews.com\/live\/wp-content\/uploads\/2022\/06\/Fabemi-Article.jpg?fit=1080%2C1080&resize=350%2C200","width":350,"height":200},"classes":[]},{"id":42882,"url":"http:\/\/batimedianews.com\/live\/index.php\/2025\/02\/13\/enduits-mineraux-de-facade-weber-devoile-sa-nouvelle-gamme-de-120-couleurs-les-nuancees\/","url_meta":{"origin":49663,"position":1},"title":"Enduits min\u00e9raux de fa\u00e7ade : WEBER d\u00e9voile sa nouvelle gamme de 120 couleurs, les nuanc\u00e9es","date":"13 f\u00e9vrier 2025","format":false,"excerpt":"En 2025, Weber op\u00e8re une refonte de sa gamme de couleurs des enduits min\u00e9raux, initialement lanc\u00e9e il y a dix ans. Afin de r\u00e9pondre de mani\u00e8re optimale aux attentes de ses clients ainsi qu\u2019aux tendances architecturales actuelles et futures, Weber, en collaboration avec l\u2019agence Nacarat Color Design1, experte en couleurs,\u2026","rel":"","context":"Dans &quot;Actualit\u00e9 Entreprises&quot;","img":{"alt_text":"","src":"https:\/\/i1.wp.com\/batimedianews.com\/live\/wp-content\/uploads\/2025\/02\/Weber.jpg?fit=825%2C825&resize=350%2C200","width":350,"height":200},"classes":[]},{"id":44625,"url":"http:\/\/batimedianews.com\/live\/index.php\/2025\/05\/07\/dallages-et-margelles-fabemi-subliment-les-espaces-exterieurs\/","url_meta":{"origin":49663,"position":2},"title":"Dallages et margelles Fabemi subliment les espaces ext\u00e9rieurs","date":"7 mai 2025","format":false,"excerpt":"L\u2019am\u00e9nagement de terrasses et pourtours de piscine mise sur l\u2019esth\u00e9tique et le fonctionnel pour transformer chaque ext\u00e9rieur en un espace de d\u00e9tente et de convivialit\u00e9. Un v\u00e9ritable d\u00e9fi, relev\u00e9 avec art et technique par Fabemi dont les dallages, margelles et accessoires en b\u00e9ton offrent des solutions vari\u00e9es, adapt\u00e9es \u00e0 tous\u2026","rel":"","context":"Dans &quot;Actualit\u00e9 Entreprises&quot;","img":{"alt_text":"","src":"https:\/\/i2.wp.com\/batimedianews.com\/live\/wp-content\/uploads\/2025\/04\/Fabemi.jpg?fit=825%2C825&resize=350%2C200","width":350,"height":200},"classes":[]},{"id":28576,"url":"http:\/\/batimedianews.com\/live\/index.php\/2023\/05\/15\/graphite-le-nouveau-coloris-des-facades-3d-equitone-linea\/","url_meta":{"origin":49663,"position":3},"title":"Graphite le nouveau coloris des fa\u00e7ades 3D EQUITONE [linea]","date":"15 mai 2023","format":false,"excerpt":"EQUITONE \u00e9largit sa gamme [linea] avec une couleur graphite intemporelle et moderne. De nouvelles perspectives pour des fa\u00e7ades versatiles Dessin\u00e9 par les architectes et cr\u00e9\u00e9s par des experts, EQUITONE [linea] est un mat\u00e9riau de fa\u00e7ade unique, dont la surface rainur\u00e9e cr\u00e9e un effet lenticulaire qui varie avec le rythme du\u2026","rel":"","context":"Dans &quot;Actualit\u00e9 Entreprises&quot;","img":{"alt_text":"","src":"https:\/\/i0.wp.com\/batimedianews.com\/live\/wp-content\/uploads\/2023\/05\/Equitone-Article.jpg?fit=1080%2C1080&resize=350%2C200","width":350,"height":200},"classes":[]},{"id":49732,"url":"http:\/\/batimedianews.com\/live\/index.php\/2026\/03\/17\/eclats-bruts-la-matiere-inspire-trois-nouvelles-pergolas-wallis-et-outdoor-signees-profils-systemes-et-dank-architectes\/","url_meta":{"origin":49663,"position":4},"title":"\u00c9CLATS BRUTS\u00ae : la mati\u00e8re inspire trois nouvelles pergolas Wallis et Outdoor\u00ae sign\u00e9es Profils Syst\u00e8mes et DANK Architectes","date":"17 mars 2026","format":false,"excerpt":"Apr\u00e8s le succ\u00e8s des r\u00e9f\u00e9rences Shine, Canyon ou encore Graphite, cr\u00e9\u00e9es avec la gamme Terra Cigala\u00ae, Profils Syst\u00e8mes et l\u2019agence lyonnaise Dank Architectes poursuivent leur exploration cr\u00e9ative et esth\u00e9tique. Cette ann\u00e9e, la collection de pergolas Wallis&Outdoor\u00ae s\u2019enrichit de trois nouveaux mod\u00e8les exclusifs, Copper, Golden et Interstellar, issus de la toute\u2026","rel":"","context":"Dans &quot;Actualit\u00e9s salons&quot;","img":{"alt_text":"","src":"https:\/\/i0.wp.com\/batimedianews.com\/live\/wp-content\/uploads\/2026\/03\/Profils.jpg?fit=825%2C825&resize=350%2C200","width":350,"height":200},"classes":[]},{"id":40907,"url":"http:\/\/batimedianews.com\/live\/index.php\/2024\/10\/25\/nouveau-coulis-mineral-chryso-mineralis-pour-des-sols-decoratifs-de-faible-epaisseur\/","url_meta":{"origin":49663,"position":5},"title":"Nouveau coulis min\u00e9ral CHRYSO\u00ae Mineralis pour des sols d\u00e9coratifs de faible \u00e9paisseur","date":"25 octobre 2024","format":false,"excerpt":"\u00a0CHRYSO (Saint-Gobain Chimie de la Construction) lance CHRYSO\u00aeMineralis, son coulis autonivelant con\u00e7u pour la r\u00e9alisation de sols de faible \u00e9paisseur, d\u2019aspect min\u00e9ral et uniforme. Rapide \u00e0 mettre en \u0153uvre, le proc\u00e9d\u00e9 CHRYSO\u00aeMineralis s\u2019applique en int\u00e9rieur, pour les chantiers neufs ou de r\u00e9novation. Afin de r\u00e9pondre aux souhaits des architectes et\u2026","rel":"","context":"Dans &quot;Actualit\u00e9 Entreprises&quot;","img":{"alt_text":"","src":"https:\/\/i2.wp.com\/batimedianews.com\/live\/wp-content\/uploads\/2024\/10\/chryso-articles-1-1.jpg?fit=825%2C825&resize=350%2C200","width":350,"height":200},"classes":[]}],"_links":{"self":[{"href":"http:\/\/batimedianews.com\/live\/index.php\/wp-json\/wp\/v2\/posts\/49663"}],"collection":[{"href":"http:\/\/batimedianews.com\/live\/index.php\/wp-json\/wp\/v2\/posts"}],"about":[{"href":"http:\/\/batimedianews.com\/live\/index.php\/wp-json\/wp\/v2\/types\/post"}],"author":[{"embeddable":true,"href":"http:\/\/batimedianews.com\/live\/index.php\/wp-json\/wp\/v2\/users\/41"}],"replies":[{"embeddable":true,"href":"http:\/\/batimedianews.com\/live\/index.php\/wp-json\/wp\/v2\/comments?post=49663"}],"version-history":[{"count":2,"href":"http:\/\/batimedianews.com\/live\/index.php\/wp-json\/wp\/v2\/posts\/49663\/revisions"}],"predecessor-version":[{"id":49694,"href":"http:\/\/batimedianews.com\/live\/index.php\/wp-json\/wp\/v2\/posts\/49663\/revisions\/49694"}],"wp:featuredmedia":[{"embeddable":true,"href":"http:\/\/batimedianews.com\/live\/index.php\/wp-json\/wp\/v2\/media\/49666"}],"wp:attachment":[{"href":"http:\/\/batimedianews.com\/live\/index.php\/wp-json\/wp\/v2\/media?parent=49663"}],"wp:term":[{"taxonomy":"category","embeddable":true,"href":"http:\/\/batimedianews.com\/live\/index.php\/wp-json\/wp\/v2\/categories?post=49663"},{"taxonomy":"post_tag","embeddable":true,"href":"http:\/\/batimedianews.com\/live\/index.php\/wp-json\/wp\/v2\/tags?post=49663"}],"curies":[{"name":"wp","href":"https:\/\/api.w.org\/{rel}","templated":true}]}}