{"id":49668,"date":"2026-03-16T09:41:05","date_gmt":"2026-03-16T08:41:05","guid":{"rendered":"http:\/\/batimedianews.com\/live\/?p=49668"},"modified":"2026-03-16T09:41:08","modified_gmt":"2026-03-16T08:41:08","slug":"lecole-superieure-du-bois-renforce-son-role-central-au-coeur-de-la-filiere-foret-bois-avec-la-nomination-daurelie-tricoire-a-la-direction-de-letablissement","status":"publish","type":"post","link":"http:\/\/batimedianews.com\/live\/index.php\/2026\/03\/16\/lecole-superieure-du-bois-renforce-son-role-central-au-coeur-de-la-filiere-foret-bois-avec-la-nomination-daurelie-tricoire-a-la-direction-de-letablissement\/","title":{"rendered":"L\u2019\u00c9cole sup\u00e9rieure du bois renforce son r\u00f4le central au c\u0153ur de la fili\u00e8re for\u00eat-bois avec la nomination d\u2019Aur\u00e9lie Tricoire \u00e0 la direction de l\u2019\u00e9tablissement"},"content":{"rendered":"\n<p class=\"has-text-align-justify\"><em>Nantes, le 09\/03\/2026 \u2013 Le Conseil d\u2019Administration de l\u2019\u00c9cole sup\u00e9rieure du bois annonce la nomination d\u2019Aur\u00e9lie Tricoire au poste de directrice de l\u2019\u00e9tablissement. Elle souhaite continuer \u00e0 ancrer l\u2019\u00e9cole dans le biotope professionnel de la fili\u00e8re for\u00eat-bois.&nbsp;&nbsp;<\/em><\/p>\n\n\n\n<figure class=\"wp-block-image size-full\"><img loading=\"lazy\" width=\"720\" height=\"720\" src=\"https:\/\/i2.wp.com\/batimedianews.com\/live\/wp-content\/uploads\/2026\/03\/Aurelie-Tricoire-directrice-de-l_Ecole-Superieure-du-Bois_Sinesis\u00a9-scaled.jpg?resize=720%2C720\" alt=\"\" class=\"wp-image-49669\" srcset=\"https:\/\/i2.wp.com\/batimedianews.com\/live\/wp-content\/uploads\/2026\/03\/Aurelie-Tricoire-directrice-de-l_Ecole-Superieure-du-Bois_Sinesis\u00a9-scaled.jpg?w=2560 2560w, https:\/\/i2.wp.com\/batimedianews.com\/live\/wp-content\/uploads\/2026\/03\/Aurelie-Tricoire-directrice-de-l_Ecole-Superieure-du-Bois_Sinesis\u00a9-scaled.jpg?resize=600%2C600 600w, https:\/\/i2.wp.com\/batimedianews.com\/live\/wp-content\/uploads\/2026\/03\/Aurelie-Tricoire-directrice-de-l_Ecole-Superieure-du-Bois_Sinesis\u00a9-scaled.jpg?resize=1024%2C1024 1024w, https:\/\/i2.wp.com\/batimedianews.com\/live\/wp-content\/uploads\/2026\/03\/Aurelie-Tricoire-directrice-de-l_Ecole-Superieure-du-Bois_Sinesis\u00a9-scaled.jpg?resize=300%2C300 300w, https:\/\/i2.wp.com\/batimedianews.com\/live\/wp-content\/uploads\/2026\/03\/Aurelie-Tricoire-directrice-de-l_Ecole-Superieure-du-Bois_Sinesis\u00a9-scaled.jpg?resize=1536%2C1536 1536w, https:\/\/i2.wp.com\/batimedianews.com\/live\/wp-content\/uploads\/2026\/03\/Aurelie-Tricoire-directrice-de-l_Ecole-Superieure-du-Bois_Sinesis\u00a9-scaled.jpg?resize=2048%2C2048 2048w, https:\/\/i2.wp.com\/batimedianews.com\/live\/wp-content\/uploads\/2026\/03\/Aurelie-Tricoire-directrice-de-l_Ecole-Superieure-du-Bois_Sinesis\u00a9-scaled.jpg?resize=10%2C10 10w, https:\/\/i2.wp.com\/batimedianews.com\/live\/wp-content\/uploads\/2026\/03\/Aurelie-Tricoire-directrice-de-l_Ecole-Superieure-du-Bois_Sinesis\u00a9-scaled.jpg?w=1440 1440w, https:\/\/i2.wp.com\/batimedianews.com\/live\/wp-content\/uploads\/2026\/03\/Aurelie-Tricoire-directrice-de-l_Ecole-Superieure-du-Bois_Sinesis\u00a9-scaled.jpg?w=2160 2160w\" sizes=\"(max-width: 600px) 91vw, (max-width: 900px) 600px, (max-width: 1060px) 50vw, (max-width: 1200px) 520px, (max-width: 1400px) 43vw, 600px\" data-recalc-dims=\"1\" \/><\/figure>\n\n\n\n<p class=\"has-text-align-justify\">La nomination d\u2019Aur\u00e9lie Tricoire comme directrice de l\u2019\u00c9cole sup\u00e9rieure du bois s\u2019inscrit dans un contexte de renouvellement des g\u00e9n\u00e9rations dans la fili\u00e8re for\u00eat-bois. Celle-ci compte pr\u00e8s de 393 000 emplois directs (\u00e9quivalent temps plein) et 62&nbsp;000 emplois indirects en France*. La moyenne d\u2019\u00e2ge de la fili\u00e8re, avec 32 % des acteurs qui ont plus de 50 ans, est plus \u00e9lev\u00e9e que dans la moyenne de tous les autres domaines**. Il est donc n\u00e9cessaire de former les professionnels de demain. Les \u00e9coles qui pr\u00e9parent aux m\u00e9tiers du bois sont de ce fait en premi\u00e8re ligne pour relever ce challenge d\u2019attractivit\u00e9 de la fili\u00e8re.&nbsp;<\/p>\n\n\n\n<p class=\"has-text-align-justify\">Depuis 92 ans, l\u2019\u00c9cole sup\u00e9rieure du bois forme aux m\u00e9tiers de la construction bois et de la production bois -avec une dominante autour des mat\u00e9riaux biosourc\u00e9s et de la d\u00e9carbonation-, aux m\u00e9tiers de la gestion foresti\u00e8re ainsi qu\u2019\u00e0 la commercialisation de produits \u00e0 base de bois. Ses campus se trouvent \u00e0 Nantes, Lyon et Bordeaux. Son rayonnement est international. L\u2019\u00c9cole sup\u00e9rieure du bois dispose \u00e9galement d\u2019un laboratoire de recherche et d\u00e9veloppement qui permet des avanc\u00e9es technologiques capitales pour l\u2019avenir, et vient \u00e9galement en appui aux entreprises de la fili\u00e8re. Labellis\u00e9e EESPIG, l\u2019\u00e9cole est reconnue d\u2019int\u00e9r\u00eat g\u00e9n\u00e9ral.&nbsp;<\/p>\n\n\n\n<p><strong>Aur\u00e9lie Tricoire nomm\u00e9e directrice de l\u2019\u00c9cole sup\u00e9rieure du bois<\/strong><\/p>\n\n\n\n<p class=\"has-text-align-justify\">L\u2019\u00e9cole cr\u00e9e des liens forts entre les \u00e9tudiants, les professionnels de la fili\u00e8re et les institutions ext\u00e9rieures. C\u2019est dans cette optique que le Conseil d\u2019Administration de l\u2019\u00c9cole sup\u00e9rieure du bois officialise la nomination d\u2019Aur\u00e9lie Tricoire en tant que directrice de l\u2019\u00e9tablissement d\u2019enseignement sup\u00e9rieur et de recherche.&nbsp;Au cours de sa carri\u00e8re, Aur\u00e9lie Tricoire a exp\u00e9riment\u00e9 plusieurs des champs de comp\u00e9tences de l\u2019\u00c9cole sup\u00e9rieure du bois. En effet, elle a \u00e9t\u00e9 enseignante-chercheuse de 2003 \u00e0 2010, et ses travaux portaient sur la place de la recherche scientifique dans l\u2019action publique. Elle a ensuite rejoint le Centre Scientifique et Technique du B\u00e2timent (CSTB).&nbsp;\u00ab&nbsp;<em>Au CSTB, mes recherches portaient sur les usages de l&rsquo;\u00e9nergie dans les b\u00e2timents, et l\u2019impact des innovations sur la cha\u00eene de valeur. Cela m\u2019a permis d\u2019\u00eatre sur le terrain et de comprendre les enjeux des usagers et des entreprises du BTP<\/em>.&nbsp;\u00bb, explique Aur\u00e9lie Tricoire, nouvelle directrice de l\u2019\u00c9cole sup\u00e9rieure du bois.&nbsp;<\/p>\n\n\n\n<p class=\"has-text-align-justify\"><strong>Aur\u00e9lie Tricoire, \u00e0 la crois\u00e9e de la sociologie, de l\u2019environnement et du b\u00e2timent<\/strong><\/p>\n\n\n\n<p class=\"has-text-align-justify\">Au sein du CSTB elle a ensuite \u00e9volu\u00e9 vers le poste de responsable commerciale. A travers les diff\u00e9rentes prestations commercialis\u00e9es, elle a pu mettre en avant le mod\u00e8le durable avec notamment la v\u00e9g\u00e9talisation, l\u2019usage des mat\u00e9riaux biosourc\u00e9s, la qualit\u00e9 de l&rsquo;air int\u00e9rieur, les \u00eelots de chaleur urbains, ou encore de la gestion des ressources. \u00ab&nbsp;<em>Je mettais \u00e0 profit ma formation acad\u00e9mique en sociologie, et mon&nbsp;<\/em>Executive MBA<em>pour \u00e9couter les clients et leur proposer une solution vraiment adapt\u00e9e \u00e0 leurs besoins tr\u00e8s sp\u00e9cifiques et bien souvent multidimensionnels. Je sais que cette comp\u00e9tence me sera pr\u00e9cieuse au sein de&nbsp;l\u2019\u00c9cole sup\u00e9rieure du bois pour r\u00e9pondre aux enjeux d\u2019attractivit\u00e9 et de d\u00e9carbonation de la fili\u00e8re, tout en \u00e9tant \u00e0 l\u2019\u00e9coute des collaborateurs et des \u00e9l\u00e8ves.<\/em>&nbsp;\u00bb, poursuit-elle. Ayant int\u00e9gr\u00e9 ensuite Engie Solutions en 2023 en tant que directrice commerciale pour les r\u00e9seaux de chaleur urbains de Bretagne et des Pays de la Loire, elle manageait 8 personnes pr\u00e9sentes sur 3 sites. Son approche terrain, ses connaissances des enjeux de la fili\u00e8re b\u00e2timent, et sa capacit\u00e9 \u00e0 conduire des projets complexes aux multiples acteurs, seront de s\u00e9rieux atouts pour d\u00e9velopper l\u2019\u00c9cole sup\u00e9rieure du bois.&nbsp;<\/p>\n\n\n\n<p><strong>Aur\u00e9lie Tricoire, une directrice tourn\u00e9e vers le dialogue et le rayonnement de l\u2019\u00c9cole sup\u00e9rieure du bois<\/strong><\/p>\n\n\n\n<p class=\"has-text-align-justify\">Ainsi, elle qui a toujours eu \u00e0 trouver des solutions et \u00e0 faire dialoguer ensemble des acteurs parfois \u00e9loign\u00e9s, est vue comme une ressource pr\u00e9cieuse pour r\u00e9pondre aux enjeux de l\u2019\u00c9cole sup\u00e9rieure du bois. \u00ab&nbsp;<em>Je suis convaincue de pouvoir contribuer aux ramifications de l\u2019\u00e9cole tant aupr\u00e8s des \u00e9l\u00e8ves que des acteurs de la fili\u00e8re et des institutions publiques. Quand j\u2019ai d\u00e9couvert les travaux de l\u2019\u00c9cole sup\u00e9rieure du bois, je me suis imm\u00e9diatement reconnue dans l\u2019approche durable. Je remarque aussi les initiatives autour de l\u2019inclusion, de la f\u00e9minisation, ou encore du soutien aux \u00e9tudiants avec la cr\u00e9ation du fonds de dotation&nbsp;<\/em>Easier studies<em>. Pour s\u2019ouvrir sur tous ces points, c\u2019est que l\u2019\u00e9cole a confiance en elle. Et je sais qu\u2019ensemble, nous pourrons continuer \u00e0 faire rayonner les jeunes pousses dans la fili\u00e8re, tout en restant des acteurs incontournables du changement.<\/em>&nbsp;\u00bb, conclut Aur\u00e9lie Tricoire, des id\u00e9es plein la t\u00eate. L\u2019\u00e9cole a d\u00e9j\u00e0 pour ambition d\u2019ouvrir de nouvelles formations dans les ann\u00e9es \u00e0 venir comme un Bachelor en gestion foresti\u00e8re et un cycle pr\u00e9paratoire int\u00e9gr\u00e9.&nbsp;<\/p>\n\n\n\n<p class=\"has-small-font-size\">*source&nbsp;: Fibois France<\/p>\n\n\n\n<p class=\"has-small-font-size\">**source&nbsp;: INSEE 2021<\/p>\n\n\n\n<p><strong>A propos de l\u2019\u00c9cole sup\u00e9rieure du bois&nbsp;:&nbsp;<\/strong><\/p>\n\n\n\n<p class=\"has-text-align-justify\">Depuis 1934, l&rsquo;\u00c9cole sup\u00e9rieure du bois forme des sp\u00e9cialistes du bois, agiles et engag\u00e9s. Ses ing\u00e9nieurs et techniciens s&rsquo;attachent \u00e0 transformer le monde et ses usages, en ma\u00eetrisant les subtilit\u00e9s d&rsquo;un mat\u00e9riau noble et renouvelable, qui rel\u00e8ve les d\u00e9fis de l&rsquo;ing\u00e9nierie et de la recherche, d&rsquo;aujourd&rsquo;hui et de demain.<\/p>\n\n\n\n<p class=\"has-text-align-justify\">L&rsquo;\u00c9cole sup\u00e9rieure du bois forme chaque ann\u00e9e 500 \u00e9l\u00e8ves aux enjeux et \u00e0 la science du bois, pour des d\u00e9bouch\u00e9s foisonnants dans les secteurs de la ressource, du commerce, de l&rsquo;industrie et de la construction bois.<\/p>\n\n\n\n<p class=\"has-text-align-justify\">Ses formations Ing\u00e9nieur et BTS sont propos\u00e9es \u00e0 Nantes, et son Bachelor en sciences et ing\u00e9nierie des mat\u00e9riaux biosourc\u00e9s est propos\u00e9 \u00e0 Nantes et Lyon.<\/p>\n\n\n\n<p class=\"has-text-align-justify\">L\u02bc\u00c9cole sup\u00e9rieure du bois poss\u00e8de la qualification EESPIG (\u00c9tablissement d&rsquo;enseignement sup\u00e9rieur priv\u00e9 d&rsquo;int\u00e9r\u00eat g\u00e9n\u00e9ral), qui t\u00e9moigne de son engagement \u00e9thique et responsable dans sa mission \u00e9ducative.<\/p>\n\n\n\n<p class=\"has-text-align-justify\">L\u2019\u00c9cole sup\u00e9rieure du bois est membre de la Conf\u00e9rence des Grandes \u00c9coles (CGE), de la F\u00e9d\u00e9ration des \u00c9tablissements d\u2019Enseignement Sup\u00e9rieur \u00e0 Int\u00e9r\u00eat Collectif (FESIC), de Campus France, de l\u2019Agence Universitaire de la Francophonie (AUF).<\/p>\n\n\n\n<p><strong>A propos d\u2019Aur\u00e9lie Tricoire, directrice de l\u2019\u00c9cole sup\u00e9rieure du bois&nbsp;:&nbsp;<\/strong><\/p>\n\n\n\n<p class=\"has-text-align-justify\">Apr\u00e8s un&nbsp;<strong>Master Recherche<\/strong>&nbsp;\u00e0 Sciences Po Paris, portant sur les n\u00e9gociations du 6<sup>e<\/sup>&nbsp;PCRDT (programme-cadre de recherche et d\u00e9veloppement technologique) qui est la politique de recherche et d\u00e9veloppement de l&rsquo;Union Europ\u00e9enne, Aur\u00e9lie Tricoire a obtenu en&nbsp;<strong>2008<\/strong>&nbsp;un&nbsp;<strong>Doctorat de sociologie<\/strong>&nbsp;\u00e0 l\u2019Universit\u00e9 de Toulouse.<\/p>\n\n\n\n<p class=\"has-text-align-justify\">Sa Th\u00e8se portait sur l&rsquo;action publique et les pratiques scientifiques (projet europ\u00e9en avec une comparaison vis-\u00e0-vis des Etats-Unis). Elle avait obtenu un financement CIFRE qui est l\u2019\u00e9quivalent du principe de l\u2019alternance mais pour une th\u00e8se. Elle avait d\u00e9j\u00e0 la volont\u00e9 de mener de front enjeux acad\u00e9miques et r\u00e9alit\u00e9 de l&rsquo;entreprise. Pendant sa th\u00e8se elle avait donc une fonction d&rsquo;enseignement \u00e0 l&rsquo;universit\u00e9 et \u00e9tait aussi consultante dans un cabinet de conseil en politique de recherche et d&rsquo;innovation&nbsp;: Technopolis France.<\/p>\n\n\n\n<p>Elle a ax\u00e9 son post-Doctorat \u00e0 Sciences Po Paris sur les carri\u00e8res des enseignants chercheurs en physique.&nbsp;<\/p>\n\n\n\n<p class=\"has-text-align-justify\">Elle rejoint le&nbsp;<strong>CSTB (Centre Scientifique et Technique du B\u00e2timent) en 2010<\/strong>&nbsp;en qualit\u00e9 de chercheuse sur les usages de l&rsquo;\u00e9nergie dans les b\u00e2timents, et l\u2019impact des innovations sur la cha\u00eene de valeur.&nbsp;<\/p>\n\n\n\n<p class=\"has-text-align-justify\">Elle a obtenu en&nbsp;<strong>2017 un&nbsp;<em>Executive MBA<\/em>&nbsp;\u00e0 HEC Paris, avec une Majeure Innovation et Entreprenariat<\/strong>, afin de prendre la fonction de responsable commerciale au sein du CSTB. Elle avait pour mission de d\u00e9velopper la commercialisation de prestations de Recherche &amp; D\u00e9veloppement, d&rsquo;\u00c9ditions-Formation, de Certification et d&rsquo;Essais pour des clients des secteurs de l&rsquo;Energie, de l&rsquo;Eau et du Chauffage Ventilation Climatisation. V\u00e9g\u00e9talisation, usage des mat\u00e9riaux biosourc\u00e9s, qualit\u00e9 de l&rsquo;air int\u00e9rieur, \u00eelots de chaleur urbains, gestion des ressources (notamment de l&rsquo;eau) \u00e9taient son quotidien. Ses clients allaient de la<\/p>\n\n\n\n<p>TPE ou start-up fran\u00e7aise au groupe international.<\/p>\n\n\n\n<p class=\"has-text-align-justify\">C\u2019est en&nbsp;<strong>2023<\/strong>&nbsp;qu\u2019elle a pris le poste de&nbsp;<strong>Directrice commerciale pour les R\u00e9seaux de chaleur urbains de Bretagne et Pays de la Loire chez Engie Solutions<\/strong>. Un poste exigeant puisqu\u2019il fallait synchroniser les enjeux hydrauliques et de production des r\u00e9seaux de chaleur, avec les travaux (voiries) et les calendriers des clients \u00e0 raccorder et des collectivit\u00e9s (\u00e9lections, politique de la ville,&nbsp;<em>etc.<\/em>). Son \u00e9quipe \u00e9tait compos\u00e9e de 8 personnes r\u00e9parties sur 3 sites distincts.&nbsp;Le&nbsp;<strong>12 f\u00e9vrier 2026<\/strong>, le Conseil d\u2019Administration de&nbsp;<strong>l\u2019\u00c9cole sup\u00e9rieure du bois<\/strong>&nbsp;officialise sa prise de poste en tant que&nbsp;<strong>directrice<\/strong>.<\/p>\n","protected":false},"excerpt":{"rendered":"<p>Nantes, le 09\/03\/2026 \u2013 Le Conseil d\u2019Administration de l\u2019\u00c9cole sup\u00e9rieure du bois annonce la nomination d\u2019Aur\u00e9lie Tricoire au poste de directrice de l\u2019\u00e9tablissement. Elle souhaite continuer \u00e0 ancrer l\u2019\u00e9cole dans le biotope professionnel de la fili\u00e8re for\u00eat-bois.&nbsp;&nbsp; La nomination d\u2019Aur\u00e9lie Tricoire comme directrice de l\u2019\u00c9cole sup\u00e9rieure du bois s\u2019inscrit dans un contexte de renouvellement des [&hellip;]<\/p>\n","protected":false},"author":41,"featured_media":49670,"comment_status":"open","ping_status":"open","sticky":true,"template":"","format":"standard","meta":{"spay_email":""},"categories":[4,24,673,88],"tags":[],"jetpack_featured_media_url":"https:\/\/i0.wp.com\/batimedianews.com\/live\/wp-content\/uploads\/2026\/03\/esb.jpg?fit=1513%2C825","jetpack_sharing_enabled":true,"jetpack_likes_enabled":true,"jetpack-related-posts":[{"id":12515,"url":"http:\/\/batimedianews.com\/live\/index.php\/2021\/10\/07\/nomination-dominique-weber-nomme-vice-president-du-comite-strategique-de-filiere-bois\/","url_meta":{"origin":49668,"position":0},"title":"NOMINATION: DOMINIQUE WEBER NOMM\u00c9 VICE-PR\u00c9SIDENT DU COMIT\u00c9 STRAT\u00c9GIQUE DE FILI\u00c8RE BOIS","date":"7 octobre 2021","format":false,"excerpt":"\u00a0 \u00a0Dominique Weber, 62 ans, vient d\u2019\u00eatre nomm\u00e9 vice-Pr\u00e9sident du Comit\u00e9 Strat\u00e9gique de Fili\u00e8re Bois (CSF Bois) lors de la r\u00e9union du bureau du Comit\u00e9 du 22 septembre. Cette nomination pr\u00e9figure la transmission de la pr\u00e9sidence, qui aura lieu dans quelques mois, et facilitera ainsi la transition.\u00a0 Le Pr\u00e9sident du\u2026","rel":"","context":"Dans &quot;Actualit\u00e9 Entreprises&quot;","img":{"alt_text":"","src":"https:\/\/i0.wp.com\/batimedianews.com\/live\/wp-content\/uploads\/2021\/10\/FiliereBois-Article.jpg?fit=512%2C512&resize=350%2C200","width":350,"height":200},"classes":[]},{"id":18213,"url":"http:\/\/batimedianews.com\/live\/index.php\/2022\/04\/04\/journee-internationale-des-forets-du-21-mars\/","url_meta":{"origin":49668,"position":1},"title":"Journ\u00e9e internationale des for\u00eats du 21 Mars","date":"4 avril 2022","format":false,"excerpt":"LA FILI\u00c8RE FOR\u00caT-BOIS AGIT POUR SENSIBILISER LES CANDIDATS \u00c0 LA PR\u00c9SIDENTIELLE \u00c0 SON IMPORTANCE POUR LA D\u00c9CARBONATION ET LA SOUVERAINET\u00c9 \u00c9CONOMIQUE DE LA FRANCE\u00a0 \u00a0La Journ\u00e9e Internationale des For\u00eats a lieu chaque ann\u00e9e le 21 mars. Cette ann\u00e9e, la fili\u00e8re For\u00eat-Bois le rappelle de fa\u00e7on originale aux candidats \u00e0 la\u2026","rel":"","context":"Dans &quot;Actualit\u00e9 Entreprises&quot;","img":{"alt_text":"","src":"https:\/\/i1.wp.com\/batimedianews.com\/live\/wp-content\/uploads\/2022\/03\/FiliereBois-Article.jpg?fit=512%2C512&resize=350%2C200","width":350,"height":200},"classes":[]},{"id":42229,"url":"http:\/\/batimedianews.com\/live\/index.php\/2025\/01\/21\/sarah-laroussi-personnalite-engagee-de-la-filiere-foret-bois-francaise-fait-son-entree-dans-le-prestigieux-classement-les-100-qui-font-la-ville\/","url_meta":{"origin":49668,"position":2},"title":"Sarah Laroussi, personnalit\u00e9 engag\u00e9e de la fili\u00e8re for\u00eat bois fran\u00e7aise fait son entr\u00e9e dans le prestigieux classement \u00ab Les 100 qui font la ville \u00bb","date":"21 janvier 2025","format":false,"excerpt":"Directrice g\u00e9n\u00e9rale du Comit\u00e9 National pour le D\u00e9veloppement du Bois (CNDB), Sarah Laroussi s\u2019affiche au palmar\u00e8s 2025 des \u00ab 100 qui font la ville \u00bb. Aux c\u00f4t\u00e9s d\u2019architectes, urbanistes et paysagistes confirm\u00e9s, jeunes concepteurs, op\u00e9rateurs chevronn\u00e9s, conseillers en innovation, d\u00e9fricheurs de concepts, promoteurs agiles, \u00e9lus investis\u2026 le jury de la\u2026","rel":"","context":"Dans &quot;Actualit\u00e9 Entreprises&quot;","img":{"alt_text":"","src":"https:\/\/i2.wp.com\/batimedianews.com\/live\/wp-content\/uploads\/2025\/01\/SNTB-articles-.jpg?fit=825%2C825&resize=350%2C200","width":350,"height":200},"classes":[]},{"id":17983,"url":"http:\/\/batimedianews.com\/live\/index.php\/2022\/04\/05\/campus-bois-enstib-epinal-14-21-mai-2022\/","url_meta":{"origin":49668,"position":3},"title":"Campus bois ENSTIB &#8211; \u00c9PINAL 14 &#8211; 21 mai 2022","date":"5 avril 2022","format":false,"excerpt":"DANS LA FOR\u00caT... Les D\u00e9fis du Bois 3.0 b\u00e9n\u00e9ficient du soutien de la Ville d\u2019\u00c9pinal, la Communaut\u00e9 d\u2019Agglom\u00e9ration d\u2019\u00c9pinal, du Conseil D\u00e9partemental des Vosges, de la R\u00e9gion Grand Est et de nombreux partenaires publics et priv\u00e9s.\u00a0 LES D\u00c9FIS DU BOIS 3.0 7E \u00c9DITION DE LA VERSION 3.0 DES D\u00c9FIS C\u2019est\u2026","rel":"","context":"Dans &quot;Actualit\u00e9 Entreprises&quot;","img":{"alt_text":"","src":"https:\/\/i1.wp.com\/batimedianews.com\/live\/wp-content\/uploads\/2022\/03\/DefisBois-Article.jpg?fit=512%2C512&resize=350%2C200","width":350,"height":200},"classes":[]},{"id":9799,"url":"http:\/\/batimedianews.com\/live\/index.php\/2021\/05\/17\/re2020-moment-charniere-pour-la-filiere-bois-francaise\/","url_meta":{"origin":49668,"position":4},"title":"RE2020 : MOMENT CHARNI\u00c8RE POUR LA FILI\u00c8RE BOIS FRAN\u00c7AISE","date":"17 mai 2021","format":false,"excerpt":"LES FRAN\u00c7AIS PL\u00c9BISCITENT LE BOIS DANS LE SECTEUR DU B\u00c2TIMENT POUR DIMINUER L\u2019EMPREINTE CARBONE DES CONSTRUCTIONS\u00a0 Le bois a un r\u00f4le essentiel \u00e0 jouer dans la r\u00e9duction de l\u2019empreinte carbone des b\u00e2timents et ce sont les Fran\u00e7ais eux-m\u00eames qui le disent ! D\u2019apr\u00e8s la r\u00e9cente enqu\u00eate men\u00e9e par CSA pour\u2026","rel":"","context":"Dans &quot;Actualit\u00e9 Entreprises&quot;","img":{"alt_text":"","src":"https:\/\/i2.wp.com\/batimedianews.com\/live\/wp-content\/uploads\/2021\/05\/Fili\u00e8reBois-Article.jpg?fit=512%2C512&resize=350%2C200","width":350,"height":200},"classes":[]},{"id":16210,"url":"http:\/\/batimedianews.com\/live\/index.php\/2022\/02\/21\/francoise-van-de-ven-elue-presidente-de-lassociation-technique-internationale-du-bois-tropical\/","url_meta":{"origin":49668,"position":5},"title":"FRAN\u00c7OISE VAN DE VEN, ELUE PRESIDENTE  DE L\u2019ASSOCIATION TECHNIQUE INTERNATIONALE DU BOIS TROPICAL","date":"21 f\u00e9vrier 2022","format":false,"excerpt":"Paris, le 10 f\u00e9vrier 2022 \u2013 Le 28 janvier 2022, l\u2019Assembl\u00e9e G\u00e9n\u00e9rale des membres de l\u2019Association Technique Internationale du Bois Tropical (ATIBT) a ent\u00e9rin\u00e9 le vote du Conseil d\u2019administration confirmant l\u2019\u00e9lection de Fran\u00e7oise Van de Ven en tant que Pr\u00e9sidente. Elue pour deux ans, elle remplace M. Olman Serrano, dont\u2026","rel":"","context":"Dans &quot;Actualit\u00e9 Entreprises&quot;","img":{"alt_text":"","src":"https:\/\/i0.wp.com\/batimedianews.com\/live\/wp-content\/uploads\/2022\/02\/atibt-Article.jpg?fit=512%2C512&resize=350%2C200","width":350,"height":200},"classes":[]}],"_links":{"self":[{"href":"http:\/\/batimedianews.com\/live\/index.php\/wp-json\/wp\/v2\/posts\/49668"}],"collection":[{"href":"http:\/\/batimedianews.com\/live\/index.php\/wp-json\/wp\/v2\/posts"}],"about":[{"href":"http:\/\/batimedianews.com\/live\/index.php\/wp-json\/wp\/v2\/types\/post"}],"author":[{"embeddable":true,"href":"http:\/\/batimedianews.com\/live\/index.php\/wp-json\/wp\/v2\/users\/41"}],"replies":[{"embeddable":true,"href":"http:\/\/batimedianews.com\/live\/index.php\/wp-json\/wp\/v2\/comments?post=49668"}],"version-history":[{"count":3,"href":"http:\/\/batimedianews.com\/live\/index.php\/wp-json\/wp\/v2\/posts\/49668\/revisions"}],"predecessor-version":[{"id":49692,"href":"http:\/\/batimedianews.com\/live\/index.php\/wp-json\/wp\/v2\/posts\/49668\/revisions\/49692"}],"wp:featuredmedia":[{"embeddable":true,"href":"http:\/\/batimedianews.com\/live\/index.php\/wp-json\/wp\/v2\/media\/49670"}],"wp:attachment":[{"href":"http:\/\/batimedianews.com\/live\/index.php\/wp-json\/wp\/v2\/media?parent=49668"}],"wp:term":[{"taxonomy":"category","embeddable":true,"href":"http:\/\/batimedianews.com\/live\/index.php\/wp-json\/wp\/v2\/categories?post=49668"},{"taxonomy":"post_tag","embeddable":true,"href":"http:\/\/batimedianews.com\/live\/index.php\/wp-json\/wp\/v2\/tags?post=49668"}],"curies":[{"name":"wp","href":"https:\/\/api.w.org\/{rel}","templated":true}]}}