{"id":49682,"date":"2026-03-16T09:35:43","date_gmt":"2026-03-16T08:35:43","guid":{"rendered":"http:\/\/batimedianews.com\/live\/?p=49682"},"modified":"2026-03-16T09:35:45","modified_gmt":"2026-03-16T08:35:45","slug":"knauf-danoline-visona-unity-3-la-nouvelle-dalle-de-plafond-platre-demontable-exclusive-et-singuliere","status":"publish","type":"post","link":"http:\/\/batimedianews.com\/live\/index.php\/2026\/03\/16\/knauf-danoline-visona-unity-3-la-nouvelle-dalle-de-plafond-platre-demontable-exclusive-et-singuliere\/","title":{"rendered":"KNAUF DANOLINE VISONA UNITY 3 : la nouvelle dalle de plafond pl\u00e2tre d\u00e9montable, exclusive et singuli\u00e8re"},"content":{"rendered":"\n<p class=\"has-text-align-justify\"><strong>Depuis une dizaine d\u2019ann\u00e9es, Knauf Danoline ne cesse d\u2019enrichir de nouveaux d\u00e9cors sa gamme de dalles perfor\u00e9es Unity destin\u00e9es \u00e0 la r\u00e9alisation de plafonds acoustiques pl\u00e2tre d\u00e9montables.&nbsp;<\/strong><\/p>\n\n\n\n<p class=\"has-text-align-justify\"><strong>Devenues de v\u00e9ritables r\u00e9f\u00e9rences, les dalles Unity et leurs diff\u00e9rents d\u00e9cors se d\u00e9marquent par leurs perforations au plus proche des bords, ce qui leur conf\u00e8re une esth\u00e9tique unique mais aussi de hautes performances acoustiques.&nbsp;<\/strong><\/p>\n\n\n\n<p class=\"has-text-align-justify\"><strong>Afin de toujours mieux r\u00e9pondre aux attentes des prescripteurs, Knauf Danoline cr\u00e9e Visona Unity 3, une nouvelle dalle au format rectangulaire et aux perforations carr\u00e9es. Cette nouveaut\u00e9 fait aussi, comme d\u00e9sormais l\u2019ensemble de la gamme Unity, la part belle au pl\u00e2tre recycl\u00e9. Ces dalles int\u00e8grent en effet jusqu&rsquo;\u00e0 28 % de mati\u00e8re recycl\u00e9e (vs 18 % auparavant &#8211; hors r\u00e9introduction des chutes de production) et sont recyclables.&nbsp;<\/strong><\/p>\n\n\n\n<figure class=\"wp-block-image size-full\"><img loading=\"lazy\" width=\"690\" height=\"416\" src=\"https:\/\/i1.wp.com\/batimedianews.com\/live\/wp-content\/uploads\/2026\/03\/image-60.png?resize=690%2C416\" alt=\"\" class=\"wp-image-49683\" srcset=\"https:\/\/i1.wp.com\/batimedianews.com\/live\/wp-content\/uploads\/2026\/03\/image-60.png?w=690 690w, https:\/\/i1.wp.com\/batimedianews.com\/live\/wp-content\/uploads\/2026\/03\/image-60.png?resize=768%2C463 768w, https:\/\/i1.wp.com\/batimedianews.com\/live\/wp-content\/uploads\/2026\/03\/image-60.png?resize=432%2C260 432w, https:\/\/i1.wp.com\/batimedianews.com\/live\/wp-content\/uploads\/2026\/03\/image-60.png?resize=396%2C239 396w, https:\/\/i1.wp.com\/batimedianews.com\/live\/wp-content\/uploads\/2026\/03\/image-60.png?resize=660%2C398 660w\" sizes=\"(max-width: 600px) 91vw, (max-width: 900px) 600px, (max-width: 1060px) 50vw, (max-width: 1200px) 520px, (max-width: 1400px) 43vw, 600px\" data-recalc-dims=\"1\" \/><\/figure>\n\n\n\n<p>&nbsp;<strong>Knauf Danoline Visona Unity 3 : l\u2019alliance du style et des performances<\/strong><\/p>\n\n\n\n<p class=\"has-text-align-justify\">La nouvelle dalle Knauf Danoline Visona Unity 3 se destine plus particuli\u00e8rement aux plafonds d\u00e9montables des locaux int\u00e9rieurs class\u00e9s EA-EB-EB+P des b\u00e2timents tertiaires, ERP de toutes cat\u00e9gories ou encore IGH.&nbsp;<\/p>\n\n\n\n<p class=\"has-text-align-justify\">Avec sa forme rectangulaire (400 x 1200 x 12,5 mm), son bord longitudinal \u00e0 l\u2019aspect joint creux et son bord transversal minimaliste continu, la dalle Knauf Danoline Visona Unity 3 est une solution exclusive et singuli\u00e8re. Le format et les performations carr\u00e9es Unity 3 (3,5 x 3,5 mm), au plus proche des bords, constituent de v\u00e9ritables atouts pour la <strong>cr\u00e9ativit\u00e9 architecturale. <\/strong>Visona Unity 3 s\u2019impose en parti pris d\u2019une esth\u00e9tique continue, combinant <strong>lin\u00e9arit\u00e9 <\/strong>et <strong>aspect monolithique <\/strong>homog\u00e8ne.&nbsp;<\/p>\n\n\n\n<p class=\"has-text-align-justify\">Con\u00e7ue \u00e0 partir de pl\u00e2tre (un mat\u00e9riau noble et g\u00e9o-sourc\u00e9) contre-fac\u00e9 d\u2019un voile en fibre de verre, la dalle Knauf Danoline Visona Unity 3 arbore une face rev\u00eatue d\u2019une peinture acrylique en finition blanche RAL 9003.&nbsp;<\/p>\n\n\n\n<p class=\"has-text-align-justify\">Gr\u00e2ce \u00e0 la bonne absorption acoustique due \u00e0 la valeur d\u2019absorption intrins\u00e8que du mat\u00e9riau pl\u00e2tre et \u00e0 un taux de perforation \u00e9lev\u00e9 (17,2 %), Knauf Danoline Visona Unity 3 revendique d\u2019appr\u00e9ciables performances acoustiques. Celles-ci sont ainsi de \u03b1w = 0,80 (L) avec pl\u00e9num 200 mm, sans laine min\u00e9rale et de \u03b1w = 0,90 (L) avec pl\u00e9num 200 mm + laine min\u00e9rale 50 mm. Cette efficacit\u00e9 acoustique \u00e9lev\u00e9e permet de r\u00e9pondre aux d\u00e9fis fonctionnels de chaque espace de vie ou de travail selon les projets.&nbsp;<\/p>\n\n\n\n<figure class=\"wp-block-image size-full\"><img loading=\"lazy\" width=\"720\" height=\"474\" src=\"https:\/\/i1.wp.com\/batimedianews.com\/live\/wp-content\/uploads\/2026\/03\/image-61.png?resize=720%2C474\" alt=\"\" class=\"wp-image-49684\" srcset=\"https:\/\/i1.wp.com\/batimedianews.com\/live\/wp-content\/uploads\/2026\/03\/image-61.png?w=1106 1106w, https:\/\/i1.wp.com\/batimedianews.com\/live\/wp-content\/uploads\/2026\/03\/image-61.png?resize=768%2C505 768w, https:\/\/i1.wp.com\/batimedianews.com\/live\/wp-content\/uploads\/2026\/03\/image-61.png?resize=432%2C284 432w, https:\/\/i1.wp.com\/batimedianews.com\/live\/wp-content\/uploads\/2026\/03\/image-61.png?resize=396%2C261 396w, https:\/\/i1.wp.com\/batimedianews.com\/live\/wp-content\/uploads\/2026\/03\/image-61.png?resize=660%2C434 660w\" sizes=\"(max-width: 600px) 91vw, (max-width: 900px) 600px, (max-width: 1060px) 50vw, (max-width: 1200px) 520px, (max-width: 1400px) 43vw, 600px\" data-recalc-dims=\"1\" \/><\/figure>\n\n\n\n<div class=\"wp-block-media-text alignwide is-stacked-on-mobile\" style=\"grid-template-columns:25% auto\"><figure class=\"wp-block-media-text__media\"><img loading=\"lazy\" width=\"364\" height=\"542\" src=\"https:\/\/i1.wp.com\/batimedianews.com\/live\/wp-content\/uploads\/2026\/03\/image-62.png?resize=364%2C542\" alt=\"\" class=\"wp-image-49685 size-full\" srcset=\"https:\/\/i1.wp.com\/batimedianews.com\/live\/wp-content\/uploads\/2026\/03\/image-62.png?w=364 364w, https:\/\/i1.wp.com\/batimedianews.com\/live\/wp-content\/uploads\/2026\/03\/image-62.png?resize=768%2C1143 768w\" sizes=\"(max-width: 600px) 91vw, (max-width: 900px) 600px, (max-width: 1060px) 50vw, (max-width: 1200px) 520px, (max-width: 1400px) 43vw, 600px\" data-recalc-dims=\"1\" \/><\/figure><div class=\"wp-block-media-text__content\">\n<p class=\"has-normal-font-size\"><strong>Knauf Danoline Visona Unity 3 : facilit\u00e9 de mise en oeuvre et d\u2019entretien&nbsp;<\/strong><\/p>\n\n\n\n<p class=\"has-text-align-justify\">Le syst\u00e8me Knauf Danoline Visona Unity 3 ne n\u00e9cessite aucune entretoise et permet une d\u00e9montabilit\u00e9 parfaite. Il se veut facile et rapide \u00e0 poser gr\u00e2ce \u00e0 son nouveau syst\u00e8me d\u2019ossature (primaire \u201cmain runner\u201d et secondaire T24) tout en ayant la particularit\u00e9 de pouvoir aligner ou non les dalles entre elles.&nbsp;<\/p>\n\n\n\n<p class=\"has-text-align-justify\">Class\u00e9es A+ pour la qualit\u00e9 de l\u2019air int\u00e9rieur et de r\u00e9action au feu A2-s1, d0, <strong>les dalles Knauf Danoline Visona Unity 3 sont une nouvelle solution \u00e0 l\u2019esth\u00e9tique singuli\u00e8re et \u00e0 l\u2019acoustique de pointe pour les conceptions les plus exigeantes de locaux int\u00e9rieurs.&nbsp;<\/strong><\/p>\n<\/div><\/div>\n\n\n\n<p class=\"has-text-align-justify has-background has-small-font-size\" style=\"background-color:#dee2e4\"><strong>A propos de Knauf : <\/strong>sp\u00e9cialiste de l\u2019isolation et de l\u2019am\u00e9nagement int\u00e9rieur, Knauf met son expertise au service des professionnels afin de leur proposer une offre compl\u00e8te de solutions dont l\u2019excellence et les performances techniques sont reconnues. Producteur de plaques de pl\u00e2tre, de panneaux isolants en polystyr\u00e8ne expans\u00e9, polyur\u00e9thane, laine de bois et fibres biosourc\u00e9es, Knauf propose une gamme de produits innovante, en phase avec les \u00e9volutions du secteur de la construction et r\u00e9pondant aux enjeux des b\u00e2timents de demain.&nbsp;<\/p>\n","protected":false},"excerpt":{"rendered":"<p>Depuis une dizaine d\u2019ann\u00e9es, Knauf Danoline ne cesse d\u2019enrichir de nouveaux d\u00e9cors sa gamme de dalles perfor\u00e9es Unity destin\u00e9es \u00e0 la r\u00e9alisation de plafonds acoustiques pl\u00e2tre d\u00e9montables.&nbsp; Devenues de v\u00e9ritables r\u00e9f\u00e9rences, les dalles Unity et leurs diff\u00e9rents d\u00e9cors se d\u00e9marquent par leurs perforations au plus proche des bords, ce qui leur conf\u00e8re une esth\u00e9tique unique [&hellip;]<\/p>\n","protected":false},"author":41,"featured_media":49686,"comment_status":"open","ping_status":"open","sticky":true,"template":"","format":"standard","meta":{"spay_email":""},"categories":[4,49,862,94],"tags":[],"jetpack_featured_media_url":"https:\/\/i1.wp.com\/batimedianews.com\/live\/wp-content\/uploads\/2026\/03\/Knauf.jpg?fit=1513%2C825","jetpack_sharing_enabled":true,"jetpack_likes_enabled":true,"jetpack-related-posts":[{"id":28398,"url":"http:\/\/batimedianews.com\/live\/index.php\/2023\/05\/04\/danoloft-la-nouvelle-dalle-de-platre-signee-knauf-pour-des-plafonds-acoustiques-tres-simples-a-poser\/","url_meta":{"origin":49682,"position":0},"title":"DANOloft\u00ae, la nouvelle dalle de pl\u00e2tre sign\u00e9e KNAUF , pour des plafonds acoustiques tr\u00e8s simples \u00e0 poser !","date":"4 mai 2023","format":false,"excerpt":"En neuf comme en r\u00e9novation, les dalles DANOloft\u00ae, pr\u00eates \u00e0 poser, sont faciles \u00e0 mettre en oeuvre sur ossature bois ou ossature m\u00e9tallique. DANOloft\u00ae est un nouveau syst\u00e8me de dalles de pl\u00e2tre pr\u00eates \u00e0 poser. Viss\u00e9es directement sur une ossature non apparente, sans enduit, ni peinture \u00e0 r\u00e9aliser, les dalles\u2026","rel":"","context":"Dans &quot;Acoustique&quot;","img":{"alt_text":"","src":"https:\/\/i1.wp.com\/batimedianews.com\/live\/wp-content\/uploads\/2023\/05\/Knauf-Article.jpg?fit=1080%2C1080&resize=350%2C200","width":350,"height":200},"classes":[]},{"id":13347,"url":"http:\/\/batimedianews.com\/live\/index.php\/2021\/11\/10\/amf-thermatex-varioline-motif-personnaliser-a-100-son-plafond-via-limpression-numerique\/","url_meta":{"origin":49682,"position":1},"title":"AMF THERMATEX\u00ae Varioline Motif : Personnaliser \u00e0 100 % son plafond via l\u2019impression num\u00e9rique","date":"10 novembre 2021","format":false,"excerpt":"\u00a0Le leitmotiv du sp\u00e9cialiste des plafonds multi-mat\u00e9riaux KNAUF CEILING SOLUTIONS : concr\u00e9tiser les d\u00e9sirs cr\u00e9atifs des prescripteurs ! Sa gamme design AMF THERMATEX\u00ae Varioline Motif illustre une nouvelle fois cet engagement. Totalement personnalisable, cette dalle min\u00e9rale, rev\u00eatue d\u2019un voile de verre non-tiss\u00e9 acoustique, devient le terrain artistique de l\u2019architecte. Esquisse\u2026","rel":"","context":"Dans &quot;Actualit\u00e9 Entreprises&quot;","img":{"alt_text":"","src":"https:\/\/i2.wp.com\/batimedianews.com\/live\/wp-content\/uploads\/2021\/10\/Knauf-Article.jpg?fit=512%2C512&resize=350%2C200","width":350,"height":200},"classes":[]},{"id":8482,"url":"http:\/\/batimedianews.com\/live\/index.php\/2021\/04\/30\/les-solutions-plafonds-metal-de-knauf-armstrong-une-gamme-contemporaine-complete-pour-repondre-a-chaque-desir-creatif\/","url_meta":{"origin":49682,"position":2},"title":"Les solutions plafonds M\u00c9TAL de KNAUF ARMSTRONG : Une gamme contemporaine compl\u00e8te pour r\u00e9pondre \u00e0 chaque d\u00e9sir cr\u00e9atif","date":"30 avril 2021","format":false,"excerpt":"KNAUF ARMSTRONG, marque de KNAUF CEILING SOLUTIONS, est reconnue pour son offre de plafonds multi-mat\u00e9riaux. En t\u00e9moigne sa gamme compl\u00e8te M\u00c9TAL, r\u00e9solument moderne, tendance et gage de performances acoustiques*. D\u00e9di\u00e9e aux march\u00e9s de la construction et de la r\u00e9novation, elle se d\u00e9cline en trois solutions design, chacune au style affirm\u00e9\u2026","rel":"","context":"Dans &quot;Actualit\u00e9 Entreprises&quot;","img":{"alt_text":"","src":"https:\/\/i2.wp.com\/batimedianews.com\/live\/wp-content\/uploads\/2021\/02\/image-141.png?fit=796%2C548&resize=350%2C200","width":350,"height":200},"classes":[]},{"id":33880,"url":"http:\/\/batimedianews.com\/live\/index.php\/2023\/12\/14\/knauf-ceiling-solutions-lance-sa-nouvelle-dalle-de-plafond-scalacoustic-quand-economique-rime-avec-acoustique-et-esthetique\/","url_meta":{"origin":49682,"position":3},"title":"KNAUF CEILING SOLUTIONS lance sa nouvelle dalle de plafond SCALACOUSTIC : quand \u00e9conomique rime avec acoustique et esth\u00e9tique","date":"14 d\u00e9cembre 2023","format":false,"excerpt":"\u00a0Qu\u2019il s\u2019agisse de construction ou de r\u00e9novation, lorsqu\u2019il faut entreprendre des travaux, le premier enjeu des ma\u00eetres d\u2019\u0153uvre et d\u2019ouvrage est le respect du budget. D\u2019autant plus vrai dans le public, o\u00f9 les enveloppes tendent \u00e0 se r\u00e9duire. Pour r\u00e9pondre \u00e0 cette probl\u00e9matique du march\u00e9, les industriels doivent imaginer des\u2026","rel":"","context":"Dans &quot;Acoustique&quot;","img":{"alt_text":"","src":"https:\/\/i2.wp.com\/batimedianews.com\/live\/wp-content\/uploads\/2023\/12\/Knauf-Ceiling-Image-articles-.jpg?fit=825%2C825&resize=350%2C200","width":350,"height":200},"classes":[]},{"id":43037,"url":"http:\/\/batimedianews.com\/live\/index.php\/2025\/02\/19\/topiq-alpha-de-knauf-ceiling-solutions-une-nouvelle-gamme-de-plafonds-acoustiques-plus-blanche-et-plus-lisse\/","url_meta":{"origin":49682,"position":4},"title":"TOPIQ\u00ae Alpha de Knauf Ceiling Solutions : Une nouvelle gamme de plafonds acoustiques plus blanche et plus lisse","date":"19 f\u00e9vrier 2025","format":false,"excerpt":"\u00a0Knauf Ceiling Solutions, sp\u00e9cialiste des plafonds acoustiques, poursuit ses d\u00e9veloppements produits avec le lancement de TOPIQ\u00ae Alpha. Le nom de cette nouvelle gamme min\u00e9rale lamin\u00e9e en laine de roche (soft) fait r\u00e9f\u00e9rence \u00e0 son haut niveau d\u2019absorption acoustique (classe A - coefficient \u03b1w 1.00 en 20 mm et 0.95 en\u2026","rel":"","context":"Dans &quot;Acoustique&quot;","img":{"alt_text":"","src":"https:\/\/i1.wp.com\/batimedianews.com\/live\/wp-content\/uploads\/2025\/02\/KnaufCeiling-1.jpg?fit=825%2C825&resize=350%2C200","width":350,"height":200},"classes":[]},{"id":25680,"url":"http:\/\/batimedianews.com\/live\/index.php\/2023\/01\/26\/nouvelles-dalles-triangulaires-metal-creative-modularite-et-couleurs-pour-faconner-ses-projets-plafonds-a-linfini\/","url_meta":{"origin":49682,"position":5},"title":"Nouvelles dalles triangulaires METAL Creative : Modularit\u00e9 et couleurs pour fa\u00e7onner ses projets plafonds \u00e0 l\u2019infini","date":"26 janvier 2023","format":false,"excerpt":"Offrir des possibilit\u00e9s illimit\u00e9es aux architectes et designers tout en simplifiant la mise en oeuvre de l\u2019entreprise est depuis toujours le leitmotiv de Knauf Ceiling Solutions. Lanc\u00e9es en janvier, les nouvelles dalles triangulaires METAL Creative ont \u00e9t\u00e9 con\u00e7ues dans cet esprit. Leur forme, conjugu\u00e9e \u00e0 la nouvelle palette de couleurs\u2026","rel":"","context":"Dans &quot;Actualit\u00e9 Entreprises&quot;","img":{"alt_text":"","src":"https:\/\/i2.wp.com\/batimedianews.com\/live\/wp-content\/uploads\/2023\/01\/KnaufCeiling-Article.jpg?fit=1080%2C1080&resize=350%2C200","width":350,"height":200},"classes":[]}],"_links":{"self":[{"href":"http:\/\/batimedianews.com\/live\/index.php\/wp-json\/wp\/v2\/posts\/49682"}],"collection":[{"href":"http:\/\/batimedianews.com\/live\/index.php\/wp-json\/wp\/v2\/posts"}],"about":[{"href":"http:\/\/batimedianews.com\/live\/index.php\/wp-json\/wp\/v2\/types\/post"}],"author":[{"embeddable":true,"href":"http:\/\/batimedianews.com\/live\/index.php\/wp-json\/wp\/v2\/users\/41"}],"replies":[{"embeddable":true,"href":"http:\/\/batimedianews.com\/live\/index.php\/wp-json\/wp\/v2\/comments?post=49682"}],"version-history":[{"count":2,"href":"http:\/\/batimedianews.com\/live\/index.php\/wp-json\/wp\/v2\/posts\/49682\/revisions"}],"predecessor-version":[{"id":49688,"href":"http:\/\/batimedianews.com\/live\/index.php\/wp-json\/wp\/v2\/posts\/49682\/revisions\/49688"}],"wp:featuredmedia":[{"embeddable":true,"href":"http:\/\/batimedianews.com\/live\/index.php\/wp-json\/wp\/v2\/media\/49686"}],"wp:attachment":[{"href":"http:\/\/batimedianews.com\/live\/index.php\/wp-json\/wp\/v2\/media?parent=49682"}],"wp:term":[{"taxonomy":"category","embeddable":true,"href":"http:\/\/batimedianews.com\/live\/index.php\/wp-json\/wp\/v2\/categories?post=49682"},{"taxonomy":"post_tag","embeddable":true,"href":"http:\/\/batimedianews.com\/live\/index.php\/wp-json\/wp\/v2\/tags?post=49682"}],"curies":[{"name":"wp","href":"https:\/\/api.w.org\/{rel}","templated":true}]}}