{"id":49732,"date":"2026-03-17T14:34:10","date_gmt":"2026-03-17T13:34:10","guid":{"rendered":"http:\/\/batimedianews.com\/live\/?p=49732"},"modified":"2026-03-17T14:34:13","modified_gmt":"2026-03-17T13:34:13","slug":"eclats-bruts-la-matiere-inspire-trois-nouvelles-pergolas-wallis-et-outdoor-signees-profils-systemes-et-dank-architectes","status":"publish","type":"post","link":"http:\/\/batimedianews.com\/live\/index.php\/2026\/03\/17\/eclats-bruts-la-matiere-inspire-trois-nouvelles-pergolas-wallis-et-outdoor-signees-profils-systemes-et-dank-architectes\/","title":{"rendered":"\u00c9CLATS BRUTS\u00ae : la mati\u00e8re inspire trois nouvelles pergolas Wallis et Outdoor\u00ae sign\u00e9es Profils Syst\u00e8mes et DANK Architectes"},"content":{"rendered":"\n<p class=\"has-text-align-justify\"><strong>Apr\u00e8s le succ\u00e8s des r\u00e9f\u00e9rences Shine, Canyon ou encore Graphite, cr\u00e9\u00e9es avec la gamme Terra Cigala\u00ae, Profils Syst\u00e8mes et l\u2019agence lyonnaise Dank Architectes poursuivent leur exploration cr\u00e9ative et esth\u00e9tique. Cette ann\u00e9e, la collection de pergolas Wallis&amp;Outdoor\u00ae s\u2019enrichit de trois nouveaux mod\u00e8les exclusifs, Copper, Golden et Interstellar, issus de la toute derni\u00e8re gamme de laquage \u00c9CLATS BRUTS\u00ae, lanc\u00e9e en avril 2025. Ces cr\u00e9ations in\u00e9dites marient l\u2019aspect sauvage de la nature \u00e0 l\u2019\u00e9l\u00e9gance des m\u00e9taux pr\u00e9cieux et \u00e0 la profondeur du ciel nocturne, donnant vie \u00e0 des univers chromatiques d\u2019une grande intensit\u00e9 \u00e9motionnelle.<\/strong><\/p>\n\n\n\n<figure class=\"wp-block-image size-full\"><img loading=\"lazy\" width=\"720\" height=\"395\" src=\"https:\/\/i0.wp.com\/batimedianews.com\/live\/wp-content\/uploads\/2026\/03\/image-70.png?resize=720%2C395\" alt=\"\" class=\"wp-image-49733\" srcset=\"https:\/\/i0.wp.com\/batimedianews.com\/live\/wp-content\/uploads\/2026\/03\/image-70.png?w=1054 1054w, https:\/\/i0.wp.com\/batimedianews.com\/live\/wp-content\/uploads\/2026\/03\/image-70.png?resize=768%2C421 768w, https:\/\/i0.wp.com\/batimedianews.com\/live\/wp-content\/uploads\/2026\/03\/image-70.png?resize=432%2C237 432w, https:\/\/i0.wp.com\/batimedianews.com\/live\/wp-content\/uploads\/2026\/03\/image-70.png?resize=396%2C217 396w, https:\/\/i0.wp.com\/batimedianews.com\/live\/wp-content\/uploads\/2026\/03\/image-70.png?resize=660%2C362 660w\" sizes=\"(max-width: 600px) 91vw, (max-width: 900px) 600px, (max-width: 1060px) 50vw, (max-width: 1200px) 520px, (max-width: 1400px) 43vw, 600px\" data-recalc-dims=\"1\" \/><figcaption>Pergola bioclimatique Wallis&amp;Outdoor\u00ae<br>design by Dank Architectes, mod\u00e8le<br>Golden, r\u00e9alisation sur-mesure<\/figcaption><\/figure>\n\n\n\n<p class=\"has-medium-font-size\">Une exp\u00e9rience sensorielle de mati\u00e8re et de lumi\u00e8re<\/p>\n\n\n\n<p class=\"has-text-align-justify\">Faire de sa terrasse un espace de vie \u00e9volutif, capable de changer d\u2019\u00e2me au fil de la lumi\u00e8re et des saisons, est au c\u0153ur de la collaboration iconique Profils Syst\u00e8mes &amp; Dank Architectes. Avec <strong>Copper, Golden<\/strong> et <strong>Interstellar<\/strong>, Profils Syst\u00e8mes propose non seulement une protection solaire efficace, mais \u00e9galement une signature architecturale unique.<\/p>\n\n\n\n<p class=\"has-text-align-justify\">Ces nouvelles r\u00e9f\u00e9rences issues du nuancier Eclats Bruts\u00ae reposent sur le concept \u00ab nuance, contraste et combinatoire \u00bb, o\u00f9 des teintes de structure sobres dialoguent avec des lames aux reflets vibrants pour cr\u00e9er des effets de volume, de profondeur comme de texture. Chaque mod\u00e8le offre une immersion unique, o\u00f9 la lumi\u00e8re devient un \u00e9l\u00e9ment de composition \u00e0 part enti\u00e8re.<\/p>\n\n\n\n<p class=\"has-text-align-justify\"><strong>Copper<\/strong> exprime une \u00e9nergie organique et un retour aux mati\u00e8res brutes, \u00e9voquant la terre, les \u00e9pices et le feu. Il repose sur un contraste puissant entre un brun-rouge profond et des \u00e9clats orang\u00e9s lumineux, cr\u00e9ant une ambiance chaleureuse, id\u00e9alement propice aux instants de partage.<\/p>\n\n\n\n<p class=\"has-text-align-justify\">Golden, quant \u00e0 lui, incarne une s\u00e9r\u00e9nit\u00e9 solaire inspir\u00e9e par les horizons d\u00e9sertiques et les reflets du soleil sur l\u2019eau. Il combine des gris chauds \u00e0 l\u2019\u00e9clat subtil de l\u2019or, pour diffuser une lumi\u00e8re douce et apaisante invitant au calme, \u00e0 la contemplation et au bien-\u00eatre.<\/p>\n\n\n\n<p class=\"has-text-align-justify\">Enfin, <strong>Interstellar<\/strong> rend hommage \u00e0 l\u2019\u00e9l\u00e9gance du cosmos et au myst\u00e8re de la nuit. Il m\u00eale gris profonds et touches paillet\u00e9es, \u00e9voquant la poussi\u00e8re de roche et les \u00e9toiles, pour un rendu sophistiqu\u00e9, contemporain et intemporel.<\/p>\n\n\n\n<figure class=\"wp-block-image size-full\"><img loading=\"lazy\" width=\"720\" height=\"322\" src=\"https:\/\/i2.wp.com\/batimedianews.com\/live\/wp-content\/uploads\/2026\/03\/image-71.png?resize=720%2C322\" alt=\"\" class=\"wp-image-49734\" srcset=\"https:\/\/i2.wp.com\/batimedianews.com\/live\/wp-content\/uploads\/2026\/03\/image-71.png?w=1104 1104w, https:\/\/i2.wp.com\/batimedianews.com\/live\/wp-content\/uploads\/2026\/03\/image-71.png?resize=768%2C343 768w, https:\/\/i2.wp.com\/batimedianews.com\/live\/wp-content\/uploads\/2026\/03\/image-71.png?resize=432%2C193 432w, https:\/\/i2.wp.com\/batimedianews.com\/live\/wp-content\/uploads\/2026\/03\/image-71.png?resize=396%2C177 396w, https:\/\/i2.wp.com\/batimedianews.com\/live\/wp-content\/uploads\/2026\/03\/image-71.png?resize=660%2C295 660w\" sizes=\"(max-width: 600px) 91vw, (max-width: 900px) 600px, (max-width: 1060px) 50vw, (max-width: 1200px) 520px, (max-width: 1400px) 43vw, 600px\" data-recalc-dims=\"1\" \/><\/figure>\n\n\n\n<figure class=\"wp-block-image size-full\"><img loading=\"lazy\" width=\"720\" height=\"269\" src=\"https:\/\/i2.wp.com\/batimedianews.com\/live\/wp-content\/uploads\/2026\/03\/image-72.png?resize=720%2C269\" alt=\"\" class=\"wp-image-49735\" srcset=\"https:\/\/i2.wp.com\/batimedianews.com\/live\/wp-content\/uploads\/2026\/03\/image-72.png?w=1136 1136w, https:\/\/i2.wp.com\/batimedianews.com\/live\/wp-content\/uploads\/2026\/03\/image-72.png?resize=768%2C286 768w, https:\/\/i2.wp.com\/batimedianews.com\/live\/wp-content\/uploads\/2026\/03\/image-72.png?resize=432%2C161 432w, https:\/\/i2.wp.com\/batimedianews.com\/live\/wp-content\/uploads\/2026\/03\/image-72.png?resize=396%2C148 396w, https:\/\/i2.wp.com\/batimedianews.com\/live\/wp-content\/uploads\/2026\/03\/image-72.png?resize=1120%2C418 1120w, https:\/\/i2.wp.com\/batimedianews.com\/live\/wp-content\/uploads\/2026\/03\/image-72.png?resize=660%2C246 660w\" sizes=\"(max-width: 600px) 91vw, (max-width: 900px) 600px, (max-width: 1060px) 50vw, (max-width: 1200px) 520px, (max-width: 1400px) 43vw, 600px\" data-recalc-dims=\"1\" \/><\/figure>\n\n\n\n<figure class=\"wp-block-image size-full\"><img loading=\"lazy\" width=\"720\" height=\"269\" src=\"https:\/\/i0.wp.com\/batimedianews.com\/live\/wp-content\/uploads\/2026\/03\/image-73.png?resize=720%2C269\" alt=\"\" class=\"wp-image-49736\" srcset=\"https:\/\/i0.wp.com\/batimedianews.com\/live\/wp-content\/uploads\/2026\/03\/image-73.png?w=1136 1136w, https:\/\/i0.wp.com\/batimedianews.com\/live\/wp-content\/uploads\/2026\/03\/image-73.png?resize=768%2C286 768w, https:\/\/i0.wp.com\/batimedianews.com\/live\/wp-content\/uploads\/2026\/03\/image-73.png?resize=432%2C161 432w, https:\/\/i0.wp.com\/batimedianews.com\/live\/wp-content\/uploads\/2026\/03\/image-73.png?resize=396%2C148 396w, https:\/\/i0.wp.com\/batimedianews.com\/live\/wp-content\/uploads\/2026\/03\/image-73.png?resize=1120%2C418 1120w, https:\/\/i0.wp.com\/batimedianews.com\/live\/wp-content\/uploads\/2026\/03\/image-73.png?resize=660%2C246 660w\" sizes=\"(max-width: 600px) 91vw, (max-width: 900px) 600px, (max-width: 1060px) 50vw, (max-width: 1200px) 520px, (max-width: 1400px) 43vw, 600px\" data-recalc-dims=\"1\" \/><\/figure>\n\n\n\n<p class=\"has-medium-font-size\">Performances et excellence industrielle fran\u00e7aise<\/p>\n\n\n\n<p class=\"has-text-align-justify\">Au-del\u00e0 de l\u2019esth\u00e9tique, ces nouveaux mod\u00e8les b\u00e9n\u00e9ficient de l\u2019ADN technique de la gamme Wallis&amp;Outdoor\u00ae sign\u00e9e Profils Syst\u00e8mes. Leur conception bioclimatique garantit une circulation naturelle de l\u2019air et des lames orientables jusqu\u2019\u00e0 125\u00b0, pour assurer un confort thermique optimal en toute saison. Homologu\u00e9es par le CSTB, les pergolas Wallis&amp;Outdoor\u00ae int\u00e8grent une \u00e9vacuation des eaux de pluie discr\u00e8te et fiable, tout en r\u00e9sistant \u00e0 des vents jusqu\u2019\u00e0 238 km\/h. Elles b\u00e9n\u00e9ficient \u00e9galement d\u2019un laquage Qualicoat classe 2, avec une tenue de teinte garantie jusqu\u2019\u00e0 25 ans, gage de p\u00e9rennit\u00e9. L\u2019ensemble s\u2019inscrit dans une d\u00e9marche \u00e9co-responsable, avec conception et fabrication 100 % fran\u00e7aises, au sein d\u2019un processus de production respectueux de l\u2019environnement.<\/p>\n\n\n\n<p class=\"has-medium-font-size\">Une collaboration cr\u00e9ative de longue date<\/p>\n\n\n\n<p class=\"has-text-align-justify\"><strong>Depuis plus de dix ans, Profils Syst\u00e8mes et Dank Architectes partagent une vision commune fond\u00e9e sur le minimalisme, l\u2019innovation, la recherche de sens et la volont\u00e9 de bousculer les codes de la pergola traditionnelle. Ensemble, ils transforment chaque projet r\u00e9sidentiel ou tertiaire en une exp\u00e9rience sensorielle, o\u00f9 design, mati\u00e8re et lumi\u00e8re dialoguent pour cr\u00e9er des espaces ext\u00e9rieurs uniques.<\/strong><\/p>\n\n\n\n<div class=\"wp-block-media-text alignwide is-stacked-on-mobile\" style=\"grid-template-columns:25% auto\"><figure class=\"wp-block-media-text__media\"><img loading=\"lazy\" width=\"342\" height=\"424\" src=\"https:\/\/i0.wp.com\/batimedianews.com\/live\/wp-content\/uploads\/2026\/03\/image-74.png?resize=342%2C424\" alt=\"\" class=\"wp-image-49737 size-full\" srcset=\"https:\/\/i0.wp.com\/batimedianews.com\/live\/wp-content\/uploads\/2026\/03\/image-74.png?w=342 342w, https:\/\/i0.wp.com\/batimedianews.com\/live\/wp-content\/uploads\/2026\/03\/image-74.png?resize=768%2C952 768w\" sizes=\"(max-width: 600px) 91vw, (max-width: 900px) 600px, (max-width: 1060px) 50vw, (max-width: 1200px) 520px, (max-width: 1400px) 43vw, 600px\" data-recalc-dims=\"1\" \/><\/figure><div class=\"wp-block-media-text__content\">\n<p class=\"has-text-color has-medium-font-size\" style=\"color:#a39605\"><strong>Thibaut Chanut,<\/strong><\/p>\n\n\n\n<p class=\"has-medium-font-size\">Dank Architectes<\/p>\n\n\n\n<p class=\"has-text-align-justify\"><em>Six ans apr\u00e8s son lancement, le succ\u00e8s de la collection exclusive de pergolas personnalisables \u201cby Dank\u201d ne se d\u00e9ment pas, j\u2019en suis tr\u00e8s heureux. Dans ce milieu, les innovations sont rares, souvent timides ; le moins que l\u2019on puisse dire, c\u2019est que Profils Syst\u00e8mes continue de d\u00e9ployer d\u2019importants efforts pour se r\u00e9inventer sans cesse, en construisant l\u2019image d\u2019un acteur singulier, qui marque chaque ann\u00e9e le secteur tout entier de son audace et fait valeur d\u2019exemple, selon moi, aupr\u00e8s de tous ceux qui cherchent \u00e0 donner \u00e0 leur projet une forme d\u2019incarnation sensible, une v\u00e9ritable identit\u00e9.<\/em><\/p>\n\n\n\n<p class=\"has-text-align-justify\"><em>C\u2019est donc avec beaucoup d\u2019enthousiasme que je me suis empar\u00e9 de la toute nouvelle palette de peintures \u201c\u00c9clats Bruts\u201d pour proposer \u00e0 notre concept de pergolas in\u00e9dites trois nouveaux mod\u00e8les. Copper, Golden et Interstellar explorent chacun des univers diff\u00e9rents, dans des ambiances de tr\u00e8s haute intensit\u00e9. Au-del\u00e0 des couleurs min\u00e9rales mises en avant dans ce nuancier, ce sont surtout les effets de mati\u00e8re associ\u00e9s de m\u00eame que les \u00e9clats iris\u00e9s qui fascinent et transcendent les effets de lumi\u00e8re. Une fois install\u00e9 sous le tablier de lames, l\u2019exp\u00e9rience est tout bonnement incroyable. \u00bb<\/em><\/p>\n<\/div><\/div>\n\n\n\n<p><\/p>\n","protected":false},"excerpt":{"rendered":"<p>Apr\u00e8s le succ\u00e8s des r\u00e9f\u00e9rences Shine, Canyon ou encore Graphite, cr\u00e9\u00e9es avec la gamme Terra Cigala\u00ae, Profils Syst\u00e8mes et l\u2019agence lyonnaise Dank Architectes poursuivent leur exploration cr\u00e9ative et esth\u00e9tique. Cette ann\u00e9e, la collection de pergolas Wallis&amp;Outdoor\u00ae s\u2019enrichit de trois nouveaux mod\u00e8les exclusifs, Copper, Golden et Interstellar, issus de la toute derni\u00e8re gamme de laquage \u00c9CLATS [&hellip;]<\/p>\n","protected":false},"author":41,"featured_media":49738,"comment_status":"open","ping_status":"open","sticky":true,"template":"","format":"standard","meta":{"spay_email":""},"categories":[5,8,1256,868,530],"tags":[],"jetpack_featured_media_url":"https:\/\/i0.wp.com\/batimedianews.com\/live\/wp-content\/uploads\/2026\/03\/Profils.jpg?fit=1513%2C825","jetpack_sharing_enabled":true,"jetpack_likes_enabled":true,"jetpack-related-posts":[{"id":31644,"url":"http:\/\/batimedianews.com\/live\/index.php\/2023\/10\/03\/5-nouveaux-modeles-de-pergolas-wallis-et-outdoor-design-by-dank-architectes-shine-canyon-carbon-graphite-et-steel-aux-couleurs-de-la-nature\/","url_meta":{"origin":49732,"position":0},"title":"5 nouveaux mod\u00e8les de pergolas Wallis et Outdoor\u00ae design by Dank Architectes : Shine, Canyon, Carbon, Graphite et Steel, aux couleurs de la nature","date":"3 octobre 2023","format":false,"excerpt":"\u00a0Lanc\u00e9e en 2020 par Profils Syst\u00e8mes et aur\u00e9ol\u00e9e du \u00ab coup de coeur de la presse pro 2021 \u00bb lors du dernier salon Equip\u2019Baie, la collection de pergolas aluminium Wallis&Outdoor\u00ae design by Dank Architectes incarne la volont\u00e9 du gammiste tricolore de concevoir des solutions personnalisables, qui se d\u00e9marquent esth\u00e9tiquement tout\u2026","rel":"","context":"Dans &quot;Actualit\u00e9 Entreprises&quot;","img":{"alt_text":"","src":"https:\/\/i2.wp.com\/batimedianews.com\/live\/wp-content\/uploads\/2023\/09\/ProfilsSystemesarticles.jpg?fit=825%2C825&resize=350%2C200","width":350,"height":200},"classes":[]},{"id":46115,"url":"http:\/\/batimedianews.com\/live\/index.php\/2025\/07\/29\/profils-systemes-en-force-a-artibat-2025-avec-trois-de-ses-fabricants-certifies\/","url_meta":{"origin":49732,"position":1},"title":"Profils Syst\u00e8mes en force \u00e0 Artibat 2025 avec trois de ses Fabricants Certifi\u00e9s","date":"29 juillet 2025","format":false,"excerpt":"\u00c0 l\u2019occasion du prochain salon Artibat (22 au 24 octobre), Profils Syst\u00e8mes met en lumi\u00e8re le dynamisme et l\u2019expertise de trois membres de son r\u00e9seau Fabricants Certifi\u00e9s : Aluglass, Goplast et Menuiseries Helleux. Ces partenaires de confiance valoriseront, sur leur stand respectif, des solutions innovantes et sur-mesure con\u00e7ues \u00e0 partir\u2026","rel":"","context":"Dans &quot;Actualit\u00e9 Entreprises&quot;","img":{"alt_text":"","src":"https:\/\/i2.wp.com\/batimedianews.com\/live\/wp-content\/uploads\/2025\/07\/Profils.jpg?fit=825%2C825&resize=350%2C200","width":350,"height":200},"classes":[]},{"id":46821,"url":"http:\/\/batimedianews.com\/live\/index.php\/2025\/09\/25\/profils-systemes-en-force-a-artibat-2025-avec-trois-de-ses-fabricants-certifies-2\/","url_meta":{"origin":49732,"position":2},"title":"Profils Syst\u00e8mes en force \u00e0 Artibat 2025 avec trois de ses Fabricants Certifi\u00e9s","date":"25 septembre 2025","format":false,"excerpt":"\u00c0 l\u2019occasion du prochain salon Artibat (22 au 24 octobre), Profils Syst\u00e8mes met en lumi\u00e8re le dynamisme et l\u2019expertise de trois membres de son r\u00e9seau Fabricants Certifi\u00e9s : Aluglass, Goplast et Menuiseries Helleux. Ces partenaires de confiance valoriseront, sur leur stand respectif, des solutions innovantes et sur-mesure con\u00e7ues \u00e0 partir\u2026","rel":"","context":"Dans &quot;Actualit\u00e9 Entreprises&quot;","img":{"alt_text":"","src":"https:\/\/i2.wp.com\/batimedianews.com\/live\/wp-content\/uploads\/2025\/09\/ProfilsSysteme.jpg?fit=825%2C825&resize=350%2C200","width":350,"height":200},"classes":[]},{"id":28301,"url":"http:\/\/batimedianews.com\/live\/index.php\/2023\/05\/03\/renson-bau-munchen-hall-b1-stand-101\/","url_meta":{"origin":49732,"position":3},"title":"Renson &#8211; BAU M\u00fcnchen &#8211; Hall B1 stand 101","date":"3 mai 2023","format":false,"excerpt":"\u00a0BARDAGE\u00a0 NOUVEAU Linarte Cone: nouveau profil de bardage conique\u00a0 PROTECTION SOLAIRE\u00a0 \u2022 NOUVEAU Fixscreen Minimal Solar: le store en avant-corps alim\u00e9nt\u00e9 par \u00e9nergie solaire le plus plat\u00a0 \u2022 Fixscreen Minimal: toujours une solution\u00a0 \u2022 Fixscreen Minimal Curtain Wall 50\u00a0 UN EXTERIEUR ELEGANT ET CONFORTABLE\u00a0 Des styles de design inspirants et\u2026","rel":"","context":"Dans &quot;Actualit\u00e9 Entreprises&quot;","img":{"alt_text":"","src":"https:\/\/i1.wp.com\/batimedianews.com\/live\/wp-content\/uploads\/2023\/04\/Renson-Article.jpg?fit=1080%2C1080&resize=350%2C200","width":350,"height":200},"classes":[]},{"id":33150,"url":"http:\/\/batimedianews.com\/live\/index.php\/2023\/11\/21\/poignees-aluminium-mandurah-pour-menuiseries-exterieures-un-concept-unique-developpe-avec-le-designer-patrick-veillet\/","url_meta":{"origin":49732,"position":4},"title":"Poign\u00e9es aluminium Mandurah\u00ae pour menuiseries ext\u00e9rieures : Un concept unique d\u00e9velopp\u00e9 avec le designer Patrick Veillet","date":"21 novembre 2023","format":false,"excerpt":"Toujours fid\u00e8le \u00e0 une recherche esth\u00e9tique arm\u00e9e, valorisant notamment le sur-mesure et les solutions personnalisables, Profils Syst\u00e8mes, sp\u00e9cialiste de la menuiserie aluminium depuis plus de 35 ans, sait s\u2019entourer de v\u00e9ritables cr\u00e9ateurs. Le succ\u00e8s de ses pergolas Wallis&Outdoor\u00ae design by Dank Architectes.t\u00e9moigne que les collaborations se r\u00e9v\u00e8lent fructueuses, en l\u2019occurrence\u2026","rel":"","context":"Dans &quot;Actualit\u00e9 Entreprises&quot;","img":{"alt_text":"","src":"https:\/\/i0.wp.com\/batimedianews.com\/live\/wp-content\/uploads\/2023\/11\/Image-articles-1-1.jpg?fit=825%2C825&resize=350%2C200","width":350,"height":200},"classes":[]},{"id":48349,"url":"http:\/\/batimedianews.com\/live\/index.php\/2025\/12\/11\/a-benodet-une-terrasse-pensee-pour-le-climat-breton-devient-un-atout-architectural\/","url_meta":{"origin":49732,"position":5},"title":"\u00c0 B\u00e9nodet, une terrasse pens\u00e9e pour le climat breton devient un atout architectural","date":"11 d\u00e9cembre 2025","format":false,"excerpt":"Un nouvel art de vivre face \u00e0 l\u2019oc\u00e9an Sur la plage du Trez, \u00e0 B\u00e9nodet, le restaurant Le Sans Souci entame une nouvelle page de son histoire. Longtemps expos\u00e9 aux al\u00e9as du climat breton, son vaste ext\u00e9rieur s\u2019est transform\u00e9 en un espace chaleureux, accueillant et utilisable en toute saison. \u00c0\u2026","rel":"","context":"Dans &quot;Actualit\u00e9 Entreprises&quot;","img":{"alt_text":"","src":"https:\/\/i0.wp.com\/batimedianews.com\/live\/wp-content\/uploads\/2025\/12\/KE.jpg?fit=825%2C825&resize=350%2C200","width":350,"height":200},"classes":[]}],"_links":{"self":[{"href":"http:\/\/batimedianews.com\/live\/index.php\/wp-json\/wp\/v2\/posts\/49732"}],"collection":[{"href":"http:\/\/batimedianews.com\/live\/index.php\/wp-json\/wp\/v2\/posts"}],"about":[{"href":"http:\/\/batimedianews.com\/live\/index.php\/wp-json\/wp\/v2\/types\/post"}],"author":[{"embeddable":true,"href":"http:\/\/batimedianews.com\/live\/index.php\/wp-json\/wp\/v2\/users\/41"}],"replies":[{"embeddable":true,"href":"http:\/\/batimedianews.com\/live\/index.php\/wp-json\/wp\/v2\/comments?post=49732"}],"version-history":[{"count":2,"href":"http:\/\/batimedianews.com\/live\/index.php\/wp-json\/wp\/v2\/posts\/49732\/revisions"}],"predecessor-version":[{"id":49746,"href":"http:\/\/batimedianews.com\/live\/index.php\/wp-json\/wp\/v2\/posts\/49732\/revisions\/49746"}],"wp:featuredmedia":[{"embeddable":true,"href":"http:\/\/batimedianews.com\/live\/index.php\/wp-json\/wp\/v2\/media\/49738"}],"wp:attachment":[{"href":"http:\/\/batimedianews.com\/live\/index.php\/wp-json\/wp\/v2\/media?parent=49732"}],"wp:term":[{"taxonomy":"category","embeddable":true,"href":"http:\/\/batimedianews.com\/live\/index.php\/wp-json\/wp\/v2\/categories?post=49732"},{"taxonomy":"post_tag","embeddable":true,"href":"http:\/\/batimedianews.com\/live\/index.php\/wp-json\/wp\/v2\/tags?post=49732"}],"curies":[{"name":"wp","href":"https:\/\/api.w.org\/{rel}","templated":true}]}}