{"id":524,"date":"2018-11-12T08:30:50","date_gmt":"2018-11-12T07:30:50","guid":{"rendered":"http:\/\/batimedialive.com\/?p=524"},"modified":"2019-08-19T19:34:14","modified_gmt":"2019-08-19T17:34:14","slug":"pour-la-journee-mondiale-des-toilettes-2018-sfa-et-kinedo-sengagent-avec-une-villa-en-urgence","status":"publish","type":"post","link":"http:\/\/batimedianews.com\/live\/index.php\/2018\/11\/12\/pour-la-journee-mondiale-des-toilettes-2018-sfa-et-kinedo-sengagent-avec-une-villa-en-urgence\/","title":{"rendered":"Pour la Journ\u00e9e Mondiale des Toilettes 2018, SFA et Kinedo s\u2019engagent avec \u201cUne Villa en Urgence\u201d"},"content":{"rendered":"<p>Depuis 2011, \u00e0 l\u2019occasion de la Journ\u00e9e Mondiale des Toilettes, SFA soutient&nbsp;activement le d\u00e9veloppement de moyens sanitaires partout sur la plan\u00e8te. Et&nbsp;2018 ne d\u00e9roge pas \u00e0 la politique de l\u2019inventeur du Sanibroyeur\u00ae : en effet,&nbsp;apr\u00e8s le Cambodge puis le S\u00e9n\u00e9gal, SFA sera accompagn\u00e9 pour cette \u00e9dition&nbsp;2018 de Kinedo, pour un engagement sur l\u2019Hexagone en faveur des sans-abri.<br \/>\nUne d\u00e9marche sur le territoire national qui s\u2019inscrit pleinement dans la politique&nbsp;RSE de ses deux soci\u00e9t\u00e9s industrielles du Groupe SFA.<\/p>\n<h2><span style=\"color:#008000;\">SFA et Kinedo :&nbsp;engag\u00e9s pour les sans-abri fran\u00e7ais<\/span><\/h2>\n<p>SFA et Kinedo entament un partenariat avec l\u2019association&nbsp;reconnue d\u2019int\u00e9r\u00eat g\u00e9n\u00e9ral Une Villa en Urgence.<br \/>\nLe projet de cette association repose sur le triptyque de l\u2019\u00e9cologie,&nbsp;l\u2019insertion et la solidarit\u00e9 afin de cr\u00e9er un habitat pour les&nbsp;personnes en situation d\u2019urgence de logement : les mineurs isol\u00e9s,&nbsp;les femmes en situation de d\u00e9tresse ou encore les sans-abri.<br \/>\nUne Villa en Urgence acquiert ainsi d\u2019anciennes remorques de&nbsp;camions frigorifiques pour les transformer en 3 semaines dans des&nbsp;ateliers d\u2019insertion et les mettre ensuite \u00e0 disposition de sans-abri&nbsp;&nbsp;(un camion am\u00e9nag\u00e9 peut ainsi accueillir entre 6 et 12 couchages&nbsp;avec tout le n\u00e9cessaire pour y vivre, ou au moins, y dormir pour&nbsp;un co\u00fbt m\u00e9dian de 27.000 euros).<br \/>\nParfaitement \u00e9tanches et isol\u00e9s, facilement d\u00e9montables et&nbsp;transportables, ces h\u00e9bergements sont ensuite confi\u00e9s \u00e0 des&nbsp;associations partenaires assurant de mani\u00e8re p\u00e9renne les relations&nbsp;avec les mairies mais aussi la gestion des emplacements, nuit\u00e9s,<br \/>\nentretien, conformit\u00e9 s\u00e9curit\u00e9 incendie&#8230; Pr\u00e9cisons \u00e0 ce titre que la&nbsp;ville de Paris a d\u00e9j\u00e0 exprim\u00e9 son int\u00e9r\u00eat et que les villes de Nantes,&nbsp;Bordeaux, Lille ou encore Gen\u00e8ve&nbsp; \u00e9tudient le projet avec attention.<br \/>\nEn plus d\u2019une donation financi\u00e8re sur la plateforme de crowdfunding&nbsp;solidaire Les Petites Pierres, don qui sera d\u2019ailleurs abond\u00e9 par le&nbsp;fond Qualitel, SFA et Kinedo offrent \u00e9galement du mat\u00e9riel pour&nbsp;l\u2019\u00e9quipement de futures remorques recycl\u00e9es en logement permettant&nbsp;l\u2019indispensable confort qu\u2019offre une salle de bains compl\u00e8te.<\/p>\n","protected":false},"excerpt":{"rendered":"<p>Depuis 2011, \u00e0 l\u2019occasion de la Journ\u00e9e Mondiale des Toilettes, SFA soutient&nbsp;activement le d\u00e9veloppement de moyens sanitaires partout sur la plan\u00e8te. Et&nbsp;2018 ne d\u00e9roge pas \u00e0 la politique de l\u2019inventeur du Sanibroyeur\u00ae : en effet,&nbsp;apr\u00e8s le Cambodge puis le S\u00e9n\u00e9gal, SFA sera accompagn\u00e9 pour cette \u00e9dition&nbsp;2018 de Kinedo, pour un engagement sur l\u2019Hexagone en faveur [&hellip;]<\/p>\n","protected":false},"author":2,"featured_media":1868,"comment_status":"open","ping_status":"open","sticky":false,"template":"","format":"standard","meta":{"spay_email":""},"categories":[4],"tags":[],"jetpack_featured_media_url":"https:\/\/i0.wp.com\/batimedianews.com\/live\/wp-content\/uploads\/2019\/08\/sfa.jpg?fit=1550%2C780","jetpack_sharing_enabled":true,"jetpack_likes_enabled":true,"jetpack-related-posts":[{"id":13664,"url":"http:\/\/batimedianews.com\/live\/index.php\/2021\/11\/08\/journee-mondiale-des-toilettes-sfa-et-kinedo-reiterent-pour-la-4eme-annee-consecutive-leur-soutien-a-une-villa-en-urgence\/","url_meta":{"origin":524,"position":0},"title":"Journ\u00e9e Mondiale des Toilettes : SFA et Kinedo r\u00e9it\u00e8rent pour la 4\u00e8me ann\u00e9e cons\u00e9cutive leur soutien \u00e0 \u201cUne Villa en Urgence\u201d","date":"8 novembre 2021","format":false,"excerpt":"\u00c0 l\u2019occasion de la Journ\u00e9e Mondiale des Toilettes, le 19 Octobre, SFA et Kinedo confirment leur engagement aux c\u00f4t\u00e9s de l\u2019association reconnue d\u2019int\u00e9r\u00eat g\u00e9n\u00e9ral \u201cUne Villa en Urgence\u201d, cr\u00e9\u00e9e en 2017. Cette ann\u00e9e, SFA et KINEDO mettent \u00e0 disposition 12 nouveaux lots (compos\u00e9s de 12 Sanidouche, 12 Sanicompact 43 et\u2026","rel":"","context":"Dans &quot;Actualit\u00e9 Entreprises&quot;","img":{"alt_text":"","src":"https:\/\/i1.wp.com\/batimedianews.com\/live\/wp-content\/uploads\/2021\/11\/Kinedo-Article.jpg?fit=512%2C512&resize=350%2C200","width":350,"height":200},"classes":[]},{"id":5347,"url":"http:\/\/batimedianews.com\/live\/index.php\/2020\/07\/17\/le-groupe-sfa-rachete-le-fabricant-italien-de-receveurs-de-douche-format-et-renforce-sa-marque-kinedo\/","url_meta":{"origin":524,"position":1},"title":"Le groupe SFA rach\u00e8te le fabricant italien de receveurs de douche Format et renforce sa marque Kinedo","date":"17 juillet 2020","format":false,"excerpt":"Le mod\u00e8le Ardesia Plus, derni\u00e8re g\u00e9n\u00e9ration de receveur de douche Format Le groupe SFA, leader sur le march\u00e9 de la douche avec sa marque Kinedo, vient d\u2019acqu\u00e9rir 100 % de Format s.r.l., une soci\u00e9t\u00e9 italienne leader dans la production de receveurs de douche en solid surface et gelcoat. Forte de\u2026","rel":"","context":"Dans &quot;Actualit\u00e9 Entreprises&quot;","img":{"alt_text":"","src":"https:\/\/i1.wp.com\/batimedianews.com\/live\/wp-content\/uploads\/2020\/07\/k_image.jpg?fit=933%2C539&resize=350%2C200","width":350,"height":200},"classes":[]},{"id":6584,"url":"http:\/\/batimedianews.com\/live\/index.php\/2020\/11\/04\/le-groupe-sfa-impulse-une-nouvelle-dynamique-a-son-offre-balneo\/","url_meta":{"origin":524,"position":2},"title":"Le Groupe SFA impulse une nouvelle dynamique \u00e0 son offre baln\u00e9o","date":"4 novembre 2020","format":false,"excerpt":"Avec sa marque Grandform, le Groupe SFA s\u2019est impos\u00e9 depuis plus de 40 ans comme acteur fran\u00e7ais r\u00e9f\u00e9rent et innovant sur le march\u00e9 de la baln\u00e9o, avec nombre d\u2019innovations technologiques qui ont su accompagner et d\u00e9velopper ce march\u00e9 et celui du bien-\u00eatre. Parall\u00e8lement, l\u2019expertise de Kinedo, autre marque du Groupe\u2026","rel":"","context":"Dans &quot;accessibilit\u00e9 Universelle&quot;","img":{"alt_text":"","src":"https:\/\/i1.wp.com\/batimedianews.com\/live\/wp-content\/uploads\/2020\/11\/kinedo1.jpg?fit=1034%2C613&resize=350%2C200","width":350,"height":200},"classes":[]},{"id":48131,"url":"http:\/\/batimedianews.com\/live\/index.php\/2025\/11\/25\/19-novembre-journee-mondiale-des-toilettes-le-groupe-sfa-se-mobilise-a-nouveau\/","url_meta":{"origin":524,"position":3},"title":"19 novembre, Journ\u00e9e Mondiale des Toilettes : le Groupe SFA se mobilise \u00e0 nouveau","date":"25 novembre 2025","format":false,"excerpt":"Fid\u00e8le \u00e0 son engagement en faveur de l\u2019acc\u00e8s \u00e0 l\u2019assainissement pour tous, le Groupe SFA comm\u00e9more depuis plusieurs ann\u00e9es la Journ\u00e9e Mondiale des Toilettes (19 novembre) \u00e0 travers le parrainage d\u2019actions solidaires dans le monde entier.\u00a0 Apr\u00e8s des initiatives en France (2011, 2018, 2019), au Cambodge (2016), au S\u00e9n\u00e9gal (2017),\u2026","rel":"","context":"Dans &quot;Actualit\u00e9 Entreprises&quot;","img":{"alt_text":"","src":"https:\/\/i0.wp.com\/batimedianews.com\/live\/wp-content\/uploads\/2025\/11\/SFA.jpg?fit=825%2C825&resize=350%2C200","width":350,"height":200},"classes":[]},{"id":15726,"url":"http:\/\/batimedianews.com\/live\/index.php\/2022\/02\/08\/la-capeb-et-kinedo-sassocient-pour-promouvoir-des-technologies-sanitaires-innovantes-aupres-des-entreprises-artisanales-du-btp\/","url_meta":{"origin":524,"position":4},"title":"La CAPEB et KINEDO s&rsquo;associent pour promouvoir des technologies sanitaires innovantes aupr\u00e8s des entreprises artisanales du BTP","date":"8 f\u00e9vrier 2022","format":false,"excerpt":"Paris, le 1er\u00a0f\u00e9vrier 2022\u00a0\u2013LaConf\u00e9d\u00e9ration de l'Artisanat et des Petites Entreprises du B\u00e2timent\u00a0(CAPEB),\u00a0via sa filiale B\u00e9ranger D\u00e9veloppement, et\u00a0KINEDO\u00a0Aqua production\u00a0(Groupe SFA),\u00a0leader majeur dans la fabrication de douches et am\u00e9nagements de la salle de bains, ont sign\u00e9 un partenariat pour accompagner les entreprises artisanales du b\u00e2timent dans la promotion de solutions de salle\u2026","rel":"","context":"Dans &quot;Actualit\u00e9 Entreprises&quot;","img":{"alt_text":"","src":"https:\/\/i0.wp.com\/batimedianews.com\/live\/wp-content\/uploads\/2022\/02\/CAPEB_Kinedo-Article.jpg?fit=512%2C512&resize=350%2C200","width":350,"height":200},"classes":[]},{"id":17859,"url":"http:\/\/batimedianews.com\/live\/index.php\/2022\/03\/29\/journee-mondiale-de-leau-2022-le-groupe-sfa-reitere-une-fois-de-plus-son-soutien-a-la-fondation-planet-water\/","url_meta":{"origin":524,"position":5},"title":"Journ\u00e9e Mondiale de l\u2019Eau 2022 : le Groupe SFA r\u00e9it\u00e8re une fois de plus son soutien \u00e0 la fondation Planet Water","date":"29 mars 2022","format":false,"excerpt":"Depuis 1993, \u00e0 l\u2019initiative de l\u2019ONU, la Journ\u00e9e Mondiale de l\u2019Eau c\u00e9l\u00e8bre, chaque 22 mars, cette ressource essentielle en sensibilisant le plus grand nombre \u00e0 l\u2019enjeu sanitaire de sa gestion.\u00a0 La COVID-19 a notamment fait prendre conscience de l\u2019urgence de donner \u00e0 tous la possibilit\u00e9 de se laver correctement les\u2026","rel":"","context":"Dans &quot;Actualit\u00e9 Entreprises&quot;","img":{"alt_text":"","src":"https:\/\/i0.wp.com\/batimedianews.com\/live\/wp-content\/uploads\/2022\/03\/SFA-Article.png?fit=512%2C512&resize=350%2C200","width":350,"height":200},"classes":[]}],"_links":{"self":[{"href":"http:\/\/batimedianews.com\/live\/index.php\/wp-json\/wp\/v2\/posts\/524"}],"collection":[{"href":"http:\/\/batimedianews.com\/live\/index.php\/wp-json\/wp\/v2\/posts"}],"about":[{"href":"http:\/\/batimedianews.com\/live\/index.php\/wp-json\/wp\/v2\/types\/post"}],"author":[{"embeddable":true,"href":"http:\/\/batimedianews.com\/live\/index.php\/wp-json\/wp\/v2\/users\/2"}],"replies":[{"embeddable":true,"href":"http:\/\/batimedianews.com\/live\/index.php\/wp-json\/wp\/v2\/comments?post=524"}],"version-history":[{"count":1,"href":"http:\/\/batimedianews.com\/live\/index.php\/wp-json\/wp\/v2\/posts\/524\/revisions"}],"predecessor-version":[{"id":2522,"href":"http:\/\/batimedianews.com\/live\/index.php\/wp-json\/wp\/v2\/posts\/524\/revisions\/2522"}],"wp:featuredmedia":[{"embeddable":true,"href":"http:\/\/batimedianews.com\/live\/index.php\/wp-json\/wp\/v2\/media\/1868"}],"wp:attachment":[{"href":"http:\/\/batimedianews.com\/live\/index.php\/wp-json\/wp\/v2\/media?parent=524"}],"wp:term":[{"taxonomy":"category","embeddable":true,"href":"http:\/\/batimedianews.com\/live\/index.php\/wp-json\/wp\/v2\/categories?post=524"},{"taxonomy":"post_tag","embeddable":true,"href":"http:\/\/batimedianews.com\/live\/index.php\/wp-json\/wp\/v2\/tags?post=524"}],"curies":[{"name":"wp","href":"https:\/\/api.w.org\/{rel}","templated":true}]}}