{"id":529,"date":"2018-11-13T12:17:23","date_gmt":"2018-11-13T11:17:23","guid":{"rendered":"http:\/\/batimedialive.com\/?p=529"},"modified":"2019-08-19T19:26:40","modified_gmt":"2019-08-19T17:26:40","slug":"nouveau-guide-objectif-fibre-raccordement-des-services-generaux","status":"publish","type":"post","link":"http:\/\/batimedianews.com\/live\/index.php\/2018\/11\/13\/nouveau-guide-objectif-fibre-raccordement-des-services-generaux\/","title":{"rendered":"Nouveau guide\u00a0Objectif\u00a0Fibre\u00a0:\u00a0raccordement des services g\u00e9n\u00e9raux"},"content":{"rendered":"<p>Ce nouveau&nbsp;guide pratique,&nbsp;d\u00e9di\u00e9&nbsp;au&nbsp;raccordement des services g\u00e9n\u00e9raux&nbsp;d&rsquo;un&nbsp; immeuble&nbsp;\u00e0 un r\u00e9seau en fibre optique mutualis\u00e9 dans les constructions neuves,&nbsp;a \u00e9t\u00e9 pr\u00e9sent\u00e9 \u00e0 l&rsquo;occasion d&rsquo;un&nbsp;colloque le&nbsp;12&nbsp;novembre 2018&nbsp;rassemblant les acteurs de la fili\u00e8re d&rsquo;excellence fibre optique.<br \/>\nCe 8\u00e8me&nbsp;guide a vocation&nbsp;\u00e0&nbsp;aider les professionnels&nbsp;\u00e0 s&rsquo;approprier&nbsp;les bonnes&nbsp; pratiques&nbsp;s&rsquo;appliquant&nbsp;\u00e0&nbsp;la construction d&rsquo;un r\u00e9seau optique de qualit\u00e9&nbsp;dans&nbsp;les projets immobiliers d&rsquo;habitation ou professionnels (y compris&nbsp;les lotissements et les zones d&rsquo;activit\u00e9s).<br \/>\nIl&nbsp;vise&nbsp;\u00e0&nbsp;apporter des&nbsp;r\u00e9ponses op\u00e9rationnelles au principe de d\u00e9mat\u00e9rialisation du traitement de certains services g\u00e9n\u00e9raux&nbsp;(services dits \u00e0 l&rsquo;immeuble r\u00e9partis sur une ing\u00e9nierie filaire et ou radio garante de la distribution de services&nbsp;muti-usages&nbsp;au sein des parties communes)&nbsp;et de leur raccordement au r\u00e9seau optique mutualis\u00e9&nbsp;(FttH), en s&rsquo;appuyant&nbsp;sur les normes et la r\u00e8glementation en vigueur.&nbsp;Ce guide pratiqueapporte des solutions concr\u00e8tes notamment&nbsp;d\u00e8s lors que les nouveaux immeubles ne seront plus raccord\u00e9s sur paire sym\u00e9trique en cuivre.<br \/>\nCe&nbsp;document de&nbsp;r\u00e9f\u00e9rence&nbsp;s&rsquo;adresse&nbsp;\u00e0&nbsp;toutes les&nbsp;entreprises qui mettent en&nbsp;\u0153uvre ce type de raccordement.&nbsp;Il&nbsp;contribue&nbsp;\u00e0&nbsp;mieux&nbsp;d\u00e9finir&nbsp;les obligations des ma\u00eetres d&rsquo;ouvrage et&nbsp;d&rsquo;\u0153uvre,&nbsp;ainsi qu&rsquo;\u00e0 promouvoir&nbsp;une installation standardis\u00e9e.<br \/>\nObjectif fibre offre&nbsp;une nouvelle fois,&nbsp;avec ce guide de port\u00e9e nationale,&nbsp;un&nbsp;cadre technique commun, stable et coh\u00e9rent&nbsp;pour&nbsp;tous les acteurs qui d\u00e9ploient&nbsp;la fibre.&nbsp;Accessible librement sur le site d&rsquo;Objectif fibre (<a href=\"http:\/\/www.objectif-fibre.fr\/\" target=\"_blank\" rel=\"noopener noreferrer\">www.objectif-fibre.fr<\/a>),&nbsp;il est aujourd&rsquo;hui une source&nbsp;incontournable qui s&rsquo;adresse \u00e0 tout l&rsquo;\u00e9cosyst\u00e8me du THD.<br \/>\nMarc LEBLANC, Pr\u00e9sident d&rsquo;Objectif fibre souligne&nbsp;: \u00ab&nbsp;Fruit d&rsquo;un important travail de concertation associant lotisseurs, promoteurs, constructeurs, donneurs d&rsquo;ordres, installateurs,&nbsp;\u00e9quipementiers, int\u00e9grateurs, op\u00e9rateurs, centres de formations et le r\u00e9gulateur, le pr\u00e9sent fascicule sur le raccordement d&rsquo;\u00e9quipements de collecte de services g\u00e9n\u00e9raux&nbsp;\u00e0&nbsp;un r\u00e9seau en fibre optique mutualis\u00e9&nbsp;contribuera \u00e0 accro\u00eetre la qualit\u00e9 et l&rsquo;homog\u00e9n\u00e9it\u00e9 des&nbsp;d\u00e9ploiements fibre&nbsp;et donc \u00e0 garantir leur p\u00e9rennit\u00e9.&nbsp;\u00bb<br \/>\n**<br \/>\nObjectif Fibre est une plateforme de travail qui vise \u00e0&nbsp;identifier et lever les freins op\u00e9rationnels&nbsp;au&nbsp;d\u00e9ploiement massif de la fibre optique. Elle est compos\u00e9e de&nbsp;:<\/p>\n<ul type=\"disc\">\n<li>la F\u00e9d\u00e9ration des Entreprises de G\u00e9nie Electrique et Energ\u00e9tique (FFIE),<\/li>\n<li>la F\u00e9d\u00e9ration Fran\u00e7aise des T\u00e9l\u00e9coms (FFT\u00e9l\u00e9coms),<\/li>\n<li>la F\u00e9d\u00e9ration des&nbsp;Industries Electriques, Electroniques et de Communication (FIEEC),<\/li>\n<li>la F\u00e9d\u00e9ration&nbsp;des entreprises partenaires des territoires connect\u00e9s&nbsp;(INFRANUM),<\/li>\n<li>et le Syndicat des Entreprises de G\u00e9nie Electrique et Climatique (SERCE).<\/li>\n<\/ul>\n<p>&nbsp;<\/p>\n","protected":false},"excerpt":{"rendered":"<p>Ce nouveau&nbsp;guide pratique,&nbsp;d\u00e9di\u00e9&nbsp;au&nbsp;raccordement des services g\u00e9n\u00e9raux&nbsp;d&rsquo;un&nbsp; immeuble&nbsp;\u00e0 un r\u00e9seau en fibre optique mutualis\u00e9 dans les constructions neuves,&nbsp;a \u00e9t\u00e9 pr\u00e9sent\u00e9 \u00e0 l&rsquo;occasion d&rsquo;un&nbsp;colloque le&nbsp;12&nbsp;novembre 2018&nbsp;rassemblant les acteurs de la fili\u00e8re d&rsquo;excellence fibre optique. Ce 8\u00e8me&nbsp;guide a vocation&nbsp;\u00e0&nbsp;aider les professionnels&nbsp;\u00e0 s&rsquo;approprier&nbsp;les bonnes&nbsp; pratiques&nbsp;s&rsquo;appliquant&nbsp;\u00e0&nbsp;la construction d&rsquo;un r\u00e9seau optique de qualit\u00e9&nbsp;dans&nbsp;les projets immobiliers d&rsquo;habitation ou professionnels (y compris&nbsp;les lotissements [&hellip;]<\/p>\n","protected":false},"author":2,"featured_media":1854,"comment_status":"open","ping_status":"open","sticky":false,"template":"","format":"standard","meta":{"spay_email":""},"categories":[4,65],"tags":[324],"jetpack_featured_media_url":"https:\/\/i0.wp.com\/batimedianews.com\/live\/wp-content\/uploads\/2019\/08\/objectiffibre2.jpg?fit=1729%2C960","jetpack_sharing_enabled":true,"jetpack_likes_enabled":true,"jetpack-related-posts":[{"id":15348,"url":"http:\/\/batimedianews.com\/live\/index.php\/2022\/01\/31\/rosenberger-osi-va-devenir-un-nouveau-membre-du-projet-gaia-x-et-rejoint-leco-association\/","url_meta":{"origin":529,"position":0},"title":"Rosenberger OSI va devenir un nouveau membre du projet GAIA-X et rejoint l&rsquo;\u00e9co-association","date":"31 janvier 2022","format":false,"excerpt":"Le sp\u00e9cialiste du c\u00e2blage participe au projet European Cloud en 2022. Augsbourg, le 25 janvier 2022 - Rosenberger Optical Solutions & Infrastructure (Rosenberger OSI), sp\u00e9cialiste des connexions en fibre optique, des solutions de c\u00e2blage et des services d'infrastructure, annonce que de nouvelles coop\u00e9rations et adh\u00e9sions d'envergure ont \u00e9t\u00e9 adopt\u00e9es au\u2026","rel":"","context":"Dans &quot;Actualit\u00e9 Entreprises&quot;","img":{"alt_text":"","src":"https:\/\/i1.wp.com\/batimedianews.com\/live\/wp-content\/uploads\/2022\/01\/Rosenberger-Article.jpg?fit=512%2C512&resize=350%2C200","width":350,"height":200},"classes":[]},{"id":19717,"url":"http:\/\/batimedianews.com\/live\/index.php\/2022\/05\/09\/guide-knauf-isolation-sous-enduit-une-lecture-simplifiee-de-la-reglementation-pour-prescrire-et-poser-en-toute-serenite\/","url_meta":{"origin":529,"position":1},"title":"Guide KNAUF ISOLATION sous enduit : une lecture simplifi\u00e9e de la r\u00e9glementation pour prescrire et poser en toute s\u00e9r\u00e9nit\u00e9","date":"9 mai 2022","format":false,"excerpt":"Fid\u00e8le \u00e0 sa volont\u00e9 d\u2019accompagner au quotidien les acteurs de la construction notamment dans l\u2019\u00e9volution des r\u00e9glementations, Knauf vient d\u2019\u00e9diter un tout nouveau guide technique pour l\u2019isolation par l\u2019ext\u00e9rieur sous enduit des fa\u00e7ades. Ce document de 60 pages facilite la compr\u00e9hension des r\u00e9centes \u00e9volutions r\u00e8glementaires pour la protection des personnes\u2026","rel":"","context":"Dans &quot;Actualit\u00e9 Entreprises&quot;","img":{"alt_text":"","src":"https:\/\/i0.wp.com\/batimedianews.com\/live\/wp-content\/uploads\/2022\/05\/Knauf-Article.jpg?fit=1080%2C1080&resize=350%2C200","width":350,"height":200},"classes":[]},{"id":19913,"url":"http:\/\/batimedianews.com\/live\/index.php\/2022\/05\/10\/vm-renforce-son-programme-eco-solutions-avec-son-offre-en-isolation-biosourcee-pour-la-construction-et-la-renovation\/","url_meta":{"origin":529,"position":2},"title":"VM renforce son programme  : \u00e9co solutions , avec son offre en isolation biosourc\u00e9e pour la construction et la r\u00e9novation","date":"10 mai 2022","format":false,"excerpt":"En 2021, VM, activit\u00e9 n\u00e9goce du groupe HERIGE, lan\u00e7ait son programme \u00ab \u00e9cosolutions \u00bb, d\u00e9di\u00e9 \u00e0 aider les artisans dans la r\u00e9novation \u00e9nerg\u00e9tique. En 2022, VM \u00e9largit son offre et fait entrer dans ses points de vente une nouvelle gamme d\u2019isolants biosourc\u00e9s. Il confirme ainsi son ambition d\u2019accompagner la r\u00e9novation\u2026","rel":"","context":"Dans &quot;Actualit\u00e9 Entreprises&quot;","img":{"alt_text":"","src":"https:\/\/i2.wp.com\/batimedianews.com\/live\/wp-content\/uploads\/2022\/05\/VM-Article.jpg?fit=1080%2C1080&resize=350%2C200","width":350,"height":200},"classes":[]},{"id":45393,"url":"http:\/\/batimedianews.com\/live\/index.php\/2025\/06\/17\/le-synad-devoile-son-nouveau-site-internet-une-vitrine-modernisee-au-service-de-la-construction-durable\/","url_meta":{"origin":529,"position":3},"title":"Le SYNAD d\u00e9voile son nouveau site internet : une vitrine modernis\u00e9e au service de la construction durable","date":"17 juin 2025","format":false,"excerpt":"Le SYNAD (Syndicat national des adjuvants pour b\u00e9tons et mortiers), syndicat associ\u00e9 de la f\u00e9d\u00e9ration professionnelle UNICEM, annonce la mise en ligne de son tout nouveau site internet, con\u00e7u pour valoriser l\u2019engagement de la fili\u00e8re en faveur de la construction durable et de l\u2019\u00e9conomie circulaire. Pens\u00e9 comme un outil de\u2026","rel":"","context":"Dans &quot;Actualit\u00e9 Entreprises&quot;","img":{"alt_text":"","src":"https:\/\/i2.wp.com\/batimedianews.com\/live\/wp-content\/uploads\/2025\/06\/UNICEM_SYNAD-1.jpg?fit=825%2C825&resize=350%2C200","width":350,"height":200},"classes":[]},{"id":18612,"url":"http:\/\/batimedianews.com\/live\/index.php\/2022\/04\/06\/batir-durable-nouveau-catalogue-materiaux-naturels-isolation-de-france-materiaux\/","url_meta":{"origin":529,"position":4},"title":"B\u00e2tir durable : Nouveau catalogue mat\u00e9riaux naturels ISOLATION de France Mat\u00e9riaux","date":"6 avril 2022","format":false,"excerpt":"Alliant confort d\u2019hiver, confort d\u2019\u00e9t\u00e9 et faible empreinte carbone, les isolants biosourc\u00e9s sont port\u00e9s par la RE 2020 et sont de plus en plus utilis\u00e9s dans la construction et la r\u00e9novation durable des b\u00e2timents.\u00a0 Pour pr\u00e9senter son offre sur cette famille de produits, France Mat\u00e9riaux, groupement national de n\u00e9goces en\u2026","rel":"","context":"Dans &quot;accompagnement&quot;","img":{"alt_text":"","src":"https:\/\/i1.wp.com\/batimedianews.com\/live\/wp-content\/uploads\/2022\/04\/France-materiaux-Article.jpg?fit=512%2C512&resize=350%2C200","width":350,"height":200},"classes":[]},{"id":25202,"url":"http:\/\/batimedianews.com\/live\/index.php\/2022\/12\/12\/knauf-renforce-sa-relation-clients-avec-toujours-plus-de-services-et-de-digitalisation\/","url_meta":{"origin":529,"position":5},"title":"KNAUF renforce sa relation clients avec toujours plus de services et de digitalisation","date":"12 d\u00e9cembre 2022","format":false,"excerpt":"La digitalisation enrichit la relation clients Soci\u00e9t\u00e9 familiale fond\u00e9e en 1932, le Groupe Knauf est le premier producteur mondial de plaques de pl\u00e2tre, avec 40 000 collaborateurs, 304 usines r\u00e9parties dans plus de 90 pays, pour un chiffre d\u2019affaires de 12,6 milliards d\u2019euros en 2021. En France, le Groupe est\u2026","rel":"","context":"Dans &quot;Actualit\u00e9 Entreprises&quot;","img":{"alt_text":"","src":"https:\/\/i2.wp.com\/batimedianews.com\/live\/wp-content\/uploads\/2022\/12\/Knauf-Article.jpg?fit=1080%2C1080&resize=350%2C200","width":350,"height":200},"classes":[]}],"_links":{"self":[{"href":"http:\/\/batimedianews.com\/live\/index.php\/wp-json\/wp\/v2\/posts\/529"}],"collection":[{"href":"http:\/\/batimedianews.com\/live\/index.php\/wp-json\/wp\/v2\/posts"}],"about":[{"href":"http:\/\/batimedianews.com\/live\/index.php\/wp-json\/wp\/v2\/types\/post"}],"author":[{"embeddable":true,"href":"http:\/\/batimedianews.com\/live\/index.php\/wp-json\/wp\/v2\/users\/2"}],"replies":[{"embeddable":true,"href":"http:\/\/batimedianews.com\/live\/index.php\/wp-json\/wp\/v2\/comments?post=529"}],"version-history":[{"count":1,"href":"http:\/\/batimedianews.com\/live\/index.php\/wp-json\/wp\/v2\/posts\/529\/revisions"}],"predecessor-version":[{"id":2521,"href":"http:\/\/batimedianews.com\/live\/index.php\/wp-json\/wp\/v2\/posts\/529\/revisions\/2521"}],"wp:featuredmedia":[{"embeddable":true,"href":"http:\/\/batimedianews.com\/live\/index.php\/wp-json\/wp\/v2\/media\/1854"}],"wp:attachment":[{"href":"http:\/\/batimedianews.com\/live\/index.php\/wp-json\/wp\/v2\/media?parent=529"}],"wp:term":[{"taxonomy":"category","embeddable":true,"href":"http:\/\/batimedianews.com\/live\/index.php\/wp-json\/wp\/v2\/categories?post=529"},{"taxonomy":"post_tag","embeddable":true,"href":"http:\/\/batimedianews.com\/live\/index.php\/wp-json\/wp\/v2\/tags?post=529"}],"curies":[{"name":"wp","href":"https:\/\/api.w.org\/{rel}","templated":true}]}}