{"id":5470,"date":"2020-07-20T10:34:47","date_gmt":"2020-07-20T08:34:47","guid":{"rendered":"http:\/\/batimedianews.com\/live\/?p=5470"},"modified":"2021-10-20T14:46:07","modified_gmt":"2021-10-20T12:46:07","slug":"plaque-de-platre-placo-phonique-se-creer-un-havre-de-tranquillite","status":"publish","type":"post","link":"http:\/\/batimedianews.com\/live\/index.php\/2020\/07\/20\/plaque-de-platre-placo-phonique-se-creer-un-havre-de-tranquillite\/","title":{"rendered":"PLAQUE DE PL\u00c2TRE PLACO\u00ae PHONIQUE : SE CR\u00c9ER UN HAVRE DE TRANQUILLIT\u00c9"},"content":{"rendered":"\n<div class=\"wp-block-image\"><figure class=\"alignright is-resized\"><img loading=\"lazy\" src=\"https:\/\/i0.wp.com\/batimedianews.com\/live\/wp-content\/uploads\/2020\/07\/image-91.png?resize=294%2C208\" alt=\"\" class=\"wp-image-5473\" width=\"294\" height=\"208\" srcset=\"https:\/\/i0.wp.com\/batimedianews.com\/live\/wp-content\/uploads\/2020\/07\/image-91.png?w=720 720w, https:\/\/i0.wp.com\/batimedianews.com\/live\/wp-content\/uploads\/2020\/07\/image-91.png?resize=300%2C213 300w, https:\/\/i0.wp.com\/batimedianews.com\/live\/wp-content\/uploads\/2020\/07\/image-91.png?resize=10%2C7 10w, https:\/\/i0.wp.com\/batimedianews.com\/live\/wp-content\/uploads\/2020\/07\/image-91.png?resize=432%2C306 432w, https:\/\/i0.wp.com\/batimedianews.com\/live\/wp-content\/uploads\/2020\/07\/image-91.png?resize=396%2C281 396w, https:\/\/i0.wp.com\/batimedianews.com\/live\/wp-content\/uploads\/2020\/07\/image-91.png?resize=660%2C468 660w, https:\/\/i0.wp.com\/batimedianews.com\/live\/wp-content\/uploads\/2020\/07\/image-91.png?resize=311%2C220 311w\" sizes=\"(max-width: 600px) 91vw, (max-width: 900px) 600px, (max-width: 1060px) 50vw, (max-width: 1200px) 520px, (max-width: 1400px) 43vw, 600px\" data-recalc-dims=\"1\" \/><\/figure><\/div>\n\n\n\n<p style=\"text-align:justify\">Regarder un film sur le <em>home cin\u00e9ma <\/em>ou profiter d\u2019un fond musical pendant que b\u00e9b\u00e9 dort, passer l\u2019aspirateur dans le salon alors que son enfant fait ses devoirs dans la cuisine, concilier espaces de jeux les mercredis et bureau pour le t\u00e9l\u00e9travail, laisser tourner le lave-linge dans le cellier durant les heures creuses nocturnes\u2026 Pr\u00e9server la tranquillit\u00e9 au sein du cocon familial constitue un enjeu essentiel, le jour comme la nuit. Avec pour promesse le confort int\u00e9rieur de l\u2019habitat, PLACO\u00ae invite \u00e0 d\u00e9couvrir ou re-d\u00e9couvrir sa plaque de pl\u00e2tre \u00ab coup de coeur \u00bb PLACO\u00ae PHONIQUE destin\u00e9e \u00e0 <strong>l\u2019isolation acoustique des cloisons, plafonds et doublages<\/strong>.&nbsp;<\/p>\n\n\n\n<p style=\"text-align:justify\">Elle <strong>divise par deux le bruit per\u00e7u d\u2019une pi\u00e8ce \u00e0 l\u2019autre<\/strong>, avec un affaiblissement acoustique de +3dB en comparaison \u00e0 une plaque standard. Une performance atteinte gr\u00e2ce \u00e0 <strong>un coeur de plaque \u00e0 haute densit\u00e9, d\u00e9velopp\u00e9 exclusivement par PLACO\u00ae<\/strong>. Sa structure cristalline de gypse sp\u00e9cifique <strong>amortit les bruits, sans alt\u00e9rer les performances m\u00e9caniques de la plaque<\/strong>. Chaque pi\u00e8ce de vie devient ainsi un havre de paix.&nbsp;<\/p>\n\n\n\n<p style=\"text-align:justify\">&nbsp;<strong>[LE CONSEIL PLACO\u00ae] <\/strong><\/p>\n\n\n\n<p style=\"text-align:justify\"><strong>Pour la r\u00e9novation et notamment les petits espaces, la sous-couche acoustique PLACO\u00ae PHONIQUE permet de pr\u00e9server l\u2019espace disponible sans perdre en performances<\/strong>. Sa faible \u00e9paisseur (\u2248 13mm &#8211; sous-couche + plaque) agit comme un r\u00e9silient acoustique entre le support et la plaque. Elle dissipe l\u2019\u00e9nergie par effet de cisaillement, entra\u00eenant un amortissement des vibrations acoustiques de la paroi support. Selon le support existant, <strong>elle ajoute un gain de 2dB.&nbsp;<\/strong><\/p>\n\n\n\n<div class=\"wp-block-image\"><figure class=\"aligncenter is-resized\"><img loading=\"lazy\" src=\"https:\/\/i2.wp.com\/batimedianews.com\/live\/wp-content\/uploads\/2020\/07\/image-92.png?resize=455%2C323\" alt=\"\" class=\"wp-image-5474\" width=\"455\" height=\"323\" srcset=\"https:\/\/i2.wp.com\/batimedianews.com\/live\/wp-content\/uploads\/2020\/07\/image-92.png?w=824 824w, https:\/\/i2.wp.com\/batimedianews.com\/live\/wp-content\/uploads\/2020\/07\/image-92.png?resize=300%2C213 300w, https:\/\/i2.wp.com\/batimedianews.com\/live\/wp-content\/uploads\/2020\/07\/image-92.png?resize=768%2C546 768w, https:\/\/i2.wp.com\/batimedianews.com\/live\/wp-content\/uploads\/2020\/07\/image-92.png?resize=10%2C7 10w, https:\/\/i2.wp.com\/batimedianews.com\/live\/wp-content\/uploads\/2020\/07\/image-92.png?resize=432%2C307 432w, https:\/\/i2.wp.com\/batimedianews.com\/live\/wp-content\/uploads\/2020\/07\/image-92.png?resize=396%2C282 396w, https:\/\/i2.wp.com\/batimedianews.com\/live\/wp-content\/uploads\/2020\/07\/image-92.png?resize=660%2C469 660w, https:\/\/i2.wp.com\/batimedianews.com\/live\/wp-content\/uploads\/2020\/07\/image-92.png?resize=309%2C220 309w\" sizes=\"(max-width: 600px) 91vw, (max-width: 900px) 600px, (max-width: 1060px) 50vw, (max-width: 1200px) 520px, (max-width: 1400px) 43vw, 600px\" data-recalc-dims=\"1\" \/><\/figure><\/div>\n\n\n\n<div class=\"wp-block-image\"><figure class=\"aligncenter is-resized\"><img loading=\"lazy\" src=\"https:\/\/i0.wp.com\/batimedianews.com\/live\/wp-content\/uploads\/2020\/07\/image-93.png?resize=461%2C326\" alt=\"\" class=\"wp-image-5475\" width=\"461\" height=\"326\" srcset=\"https:\/\/i0.wp.com\/batimedianews.com\/live\/wp-content\/uploads\/2020\/07\/image-93.png?resize=300%2C213 300w, https:\/\/i0.wp.com\/batimedianews.com\/live\/wp-content\/uploads\/2020\/07\/image-93.png?resize=10%2C7 10w, https:\/\/i0.wp.com\/batimedianews.com\/live\/wp-content\/uploads\/2020\/07\/image-93.png?resize=309%2C220 309w\" sizes=\"(max-width: 600px) 91vw, (max-width: 900px) 600px, (max-width: 1060px) 50vw, (max-width: 1200px) 520px, (max-width: 1400px) 43vw, 600px\" data-recalc-dims=\"1\" \/><\/figure><\/div>\n\n\n\n<p style=\"text-align:justify\" class=\"has-small-font-size\">&nbsp;<strong>\u00c0 propos de PLACO\u00ae&nbsp;<\/strong><\/p>\n\n\n\n<p style=\"text-align:justify\" class=\"has-small-font-size\">Placo\u00ae est le leader fran\u00e7ais du confort int\u00e9rieur, engag\u00e9 dans le d\u00e9veloppement de solutions r\u00e9pondant aux enjeux de l\u2019habitat durable. Depuis sa cr\u00e9ation en 1946, l\u2019entreprise s\u2019affirme comme le partenaire de r\u00e9f\u00e9rence des acteurs du b\u00e2timent, gr\u00e2ce \u00e0 la qualit\u00e9 de ses produits \u00e0 base de pl\u00e2tre. Placo\u00ae adapte en permanence son offre, ses techniques et ses services aux nouveaux usages et contraintes de ses utilisateurs. De la plaque de pl\u00e2tre qui a fait son succ\u00e8s \u00e0 la technologie Habito\u00ae qui r\u00e9siste aux chocs de tous les jours et facilite la fixation de tous types de charges, ses solutions r\u00e9pondent aux exigences des particuliers et professionnels : confort et sant\u00e9 des occupants, facilit\u00e9 d\u2019utilisation et respect de l\u2019environnement. Placo\u00ae compte plus de 1 250 collaborateurs r\u00e9partis sur 13 sites en France, dont son si\u00e8ge francilien, un centre de recherche et d\u00e9veloppement, 4 sites industriels et 7 carri\u00e8res de gypse. L\u2019entreprise fait partie du groupe Saint-Gobain, leader mondial de l\u2019habitat. www.placo.fr&nbsp;<\/p>\n","protected":false},"excerpt":{"rendered":"<p>Regarder un film sur le home cin\u00e9ma ou profiter d\u2019un fond musical pendant que b\u00e9b\u00e9 dort, passer l\u2019aspirateur dans le salon alors que son enfant fait ses devoirs dans la cuisine, concilier espaces de jeux les mercredis et bureau pour le t\u00e9l\u00e9travail, laisser tourner le lave-linge dans le cellier durant les heures creuses nocturnes\u2026 Pr\u00e9server [&hellip;]<\/p>\n","protected":false},"author":41,"featured_media":5472,"comment_status":"open","ping_status":"open","sticky":false,"template":"","format":"standard","meta":{"spay_email":""},"categories":[3,4,97,98],"tags":[],"jetpack_featured_media_url":"https:\/\/i1.wp.com\/batimedianews.com\/live\/wp-content\/uploads\/2020\/07\/image-90.png?fit=1716%2C588","jetpack_sharing_enabled":true,"jetpack_likes_enabled":true,"jetpack-related-posts":[{"id":41936,"url":"http:\/\/batimedianews.com\/live\/index.php\/2024\/12\/17\/la-plaque-de-platre-placo-multiconforts-laureate-aux-chantiers-de-linnovation-2024-du-pole-habitat-ffb\/","url_meta":{"origin":5470,"position":0},"title":"La plaque de pl\u00e2tre \u00ab Placo\u00ae Multiconforts \u00bb laur\u00e9ate aux Chantiers de l\u2019Innovation 2024 du P\u00f4le Habitat FFB","date":"17 d\u00e9cembre 2024","format":false,"excerpt":"\u00a0A l\u2019occasion du S\u00e9minaire Technique annuel du P\u00f4le Habitat FFB, Placo\u00ae a re\u00e7u la m\u00e9daille d\u2019or au concours Chantiers de l\u2019Innovation 2024. C\u2019est sa plaque de pl\u00e2tre Placo\u00ae Multiconforts, pr\u00e9sent\u00e9e en partenariat avec le Groupe Mas Provence, qui a \u00e9t\u00e9 distingu\u00e9e. Cette solution a \u00e9t\u00e9 d\u00e9velopp\u00e9e en r\u00e9ponse \u00e0 la\u2026","rel":"","context":"Dans &quot;Actualit\u00e9 Entreprises&quot;","img":{"alt_text":"","src":"https:\/\/i2.wp.com\/batimedianews.com\/live\/wp-content\/uploads\/2024\/12\/Placo.jpg?fit=825%2C825&resize=350%2C200","width":350,"height":200},"classes":[]},{"id":12968,"url":"http:\/\/batimedianews.com\/live\/index.php\/2021\/10\/20\/placo-et-isonat-sassocient-pour-proposer-des-systemes-de-cloisons-et-contre-cloisons-avec-isolants-biosources\/","url_meta":{"origin":5470,"position":1},"title":"PLACO\u00ae ET ISONAT S\u2019ASSOCIENT POUR PROPOSER DES SYSTEMES DE CLOISONS ET CONTRE-CLOISONS AVEC ISOLANTS BIOSOURCES","date":"20 octobre 2021","format":false,"excerpt":"\u00a0Au fil des ann\u00e9es, les solutions biosourc\u00e9es s\u2019imposent comme une alternative durable, de plus en plus pl\u00e9biscit\u00e9es dans le b\u00e2timent. Au-del\u00e0 d\u2019une tendance, boost\u00e9e par l\u2019arriv\u00e9e de la RE 2020, c\u2019est un v\u00e9ritable engagement en faveur d\u2019une d\u00e9marche de construction et de r\u00e9novation plus responsable. \u00c0 l\u2019\u00e9coute des \u00e9volutions et\u2026","rel":"","context":"Dans &quot;Actualit\u00e9 Entreprises&quot;","img":{"alt_text":"","src":"https:\/\/i1.wp.com\/batimedianews.com\/live\/wp-content\/uploads\/2021\/10\/Placo_Isonat-Article.jpg?fit=512%2C512&resize=350%2C200","width":350,"height":200},"classes":[]},{"id":29090,"url":"http:\/\/batimedianews.com\/live\/index.php\/2023\/06\/05\/placo-lance-la-nouvelle-plaque-de-platre-placomulticonforts-une-combinaison-davantages-pensee-pour-repondre-a-de-multiples-situations-quelle-que-soit-la-piece-a-vi\/","url_meta":{"origin":5470,"position":2},"title":"Placo\u00ae lance la nouvelle plaque de pl\u00e2tre \u00abPlaco\u00aeMulticonforts\u00bb : Une combinaison d\u2019avantages, pens\u00e9e pour r\u00e9pondre \u00e0 de multiples situations, quelle que soit la pi\u00e8ce \u00e0 vivre","date":"5 juin 2023","format":false,"excerpt":"\u00a0\u00abChoisir de ne pas choisir\u00bb, voil\u00e0 la promesse que Placo\u00ae fait \u00e0 ses clients \u00e0 travers le d\u00e9veloppement et la commercialisation, d\u00e8s le mois de juin, de la nouvelle plaque de pl\u00e2tre \u00abPlaco\u00ae Multiconforts\u00bb. Cette nouvelle plaque a \u00e9t\u00e9 d\u00e9velopp\u00e9e en r\u00e9ponse \u00e0 la demande croissante des artisans de disposer\u2026","rel":"","context":"Dans &quot;Actualit\u00e9 Entreprises&quot;","img":{"alt_text":"","src":"https:\/\/i1.wp.com\/batimedianews.com\/live\/wp-content\/uploads\/2023\/06\/Placo-Article.jpg?fit=1080%2C1080&resize=350%2C200","width":350,"height":200},"classes":[]},{"id":682,"url":"http:\/\/batimedianews.com\/live\/index.php\/2018\/12\/12\/placo-place-lartisan-au-coeu-r-de-sa-nouvelle-campagne-fier-de-mon-savoir-faire\/","url_meta":{"origin":5470,"position":3},"title":"PLACO\u00ae PLACE L\u2019ARTISAN AU COEUR DE SA NOUVELLE CAMPAGNE \u00ab FIER DE MON SAVOIR-FAIRE \u00bb","date":"12 d\u00e9cembre 2018","format":false,"excerpt":"\u00c0 l\u2019\u00e9coute des clients artisans et entreprises plaquistes, PLACO\u00ae a pour ambition de valoriser leurs m\u00e9tiers et simplifier leur quotidien. A travers la campagne nationale exclusive \u00ab Fier de mon savoir-faire \u00bb, le sp\u00e9cialiste du confort int\u00e9rieur s\u2019engage \u00e0 apporter de la valeur ajout\u00e9e au savoir-faire des faiseurs d\u2019art, en\u2026","rel":"","context":"Dans &quot;Plaque&quot;","img":{"alt_text":"","src":"https:\/\/i2.wp.com\/batimedianews.com\/live\/wp-content\/uploads\/2019\/08\/placo-1.jpg?fit=577%2C768&resize=350%2C200","width":350,"height":200},"classes":[]},{"id":1479,"url":"http:\/\/batimedianews.com\/live\/index.php\/2019\/07\/29\/marquage-des-plaques-de-platre-placo-recycling-au-service-des-artisans\/","url_meta":{"origin":5470,"position":4},"title":"MARQUAGE DES PLAQUES DE PL\u00c2TRE : PLACO\u00ae RECYCLING AU SERVICE DES ARTISANS","date":"29 juillet 2019","format":false,"excerpt":"Depuis de nombreuses ann\u00e9es, les plaques de pl\u00e2tre\u00a0PLACO\u00ae int\u00e8grent, lors de leur\u00a0 fabrication, de la mati\u00e8re\u00a0recycl\u00e9e, tout en pr\u00e9servant leurs performances. Dans la lign\u00e9e de ses engagements pionniers en\u00a0mati\u00e8re d\u2019\u00e9conomie circulaire, PLACO\u00ae appose, depuis\u00a0f\u00e9vrier 2019, la mention \u00ab Recycl\u00e9e et recyclable avec\u00a0PLACO\u00ae RECYCLING \u00bb sur 80 % de sa production\u2026","rel":"","context":"Dans &quot;Actualit\u00e9 Entreprises&quot;","img":{"alt_text":"","src":"https:\/\/i1.wp.com\/batimedianews.com\/live\/wp-content\/uploads\/2019\/08\/placo.jpg?fit=699%2C525&resize=350%2C200","width":350,"height":200},"classes":[]},{"id":9921,"url":"http:\/\/batimedianews.com\/live\/index.php\/2021\/05\/20\/placo-lance-sa-nouvelle-application-le-compagnon-placo\/","url_meta":{"origin":5470,"position":5},"title":"PLACO\u00ae LANCE SA NOUVELLE APPLICATION \u00ab LE COMPAGNON PLACO\u00ae \u00bb","date":"20 mai 2021","format":false,"excerpt":"Le contexte actuel a fait de l\u2019habitat une v\u00e9ritable valeur refuge, amenant les m\u00e9nages fran\u00e7ais \u00e0 effectuer des travaux de r\u00e9novation pour optimiser leurs espaces de vie. Les aides \u00e0 la r\u00e9novation, et notamment France Relance ou encore MaPrimR\u00e9nov\u2019, renforcent cette tendance qui combine vertueusement confort, \u00e9cologie et \u00e9conomies. Placo\u00ae\u2026","rel":"","context":"Dans &quot;Batimaison&quot;","img":{"alt_text":"","src":"https:\/\/i1.wp.com\/batimedianews.com\/live\/wp-content\/uploads\/2021\/05\/Placo-Article.jpg?fit=512%2C512&resize=350%2C200","width":350,"height":200},"classes":[]}],"_links":{"self":[{"href":"http:\/\/batimedianews.com\/live\/index.php\/wp-json\/wp\/v2\/posts\/5470"}],"collection":[{"href":"http:\/\/batimedianews.com\/live\/index.php\/wp-json\/wp\/v2\/posts"}],"about":[{"href":"http:\/\/batimedianews.com\/live\/index.php\/wp-json\/wp\/v2\/types\/post"}],"author":[{"embeddable":true,"href":"http:\/\/batimedianews.com\/live\/index.php\/wp-json\/wp\/v2\/users\/41"}],"replies":[{"embeddable":true,"href":"http:\/\/batimedianews.com\/live\/index.php\/wp-json\/wp\/v2\/comments?post=5470"}],"version-history":[{"count":7,"href":"http:\/\/batimedianews.com\/live\/index.php\/wp-json\/wp\/v2\/posts\/5470\/revisions"}],"predecessor-version":[{"id":5510,"href":"http:\/\/batimedianews.com\/live\/index.php\/wp-json\/wp\/v2\/posts\/5470\/revisions\/5510"}],"wp:featuredmedia":[{"embeddable":true,"href":"http:\/\/batimedianews.com\/live\/index.php\/wp-json\/wp\/v2\/media\/5472"}],"wp:attachment":[{"href":"http:\/\/batimedianews.com\/live\/index.php\/wp-json\/wp\/v2\/media?parent=5470"}],"wp:term":[{"taxonomy":"category","embeddable":true,"href":"http:\/\/batimedianews.com\/live\/index.php\/wp-json\/wp\/v2\/categories?post=5470"},{"taxonomy":"post_tag","embeddable":true,"href":"http:\/\/batimedianews.com\/live\/index.php\/wp-json\/wp\/v2\/tags?post=5470"}],"curies":[{"name":"wp","href":"https:\/\/api.w.org\/{rel}","templated":true}]}}