{"id":5875,"date":"2020-09-02T14:27:58","date_gmt":"2020-09-02T12:27:58","guid":{"rendered":"http:\/\/batimedianews.com\/live\/?p=5875"},"modified":"2021-10-20T14:45:35","modified_gmt":"2021-10-20T12:45:35","slug":"2020-molinel-vetements-professionnels-vers-de-nouveaux-horizons","status":"publish","type":"post","link":"http:\/\/batimedianews.com\/live\/index.php\/2020\/09\/02\/2020-molinel-vetements-professionnels-vers-de-nouveaux-horizons\/","title":{"rendered":"2020 MOLINEL V\u00caTEMENTS PROFESSIONNELS. # VERS DE NOUVEAUX HORIZONS"},"content":{"rendered":"\n<p style=\"text-align:justify\" class=\"has-medium-font-size\"><strong>LES EPI MOLINEL D\u00c9DI\u00c9S AUX ENVIRONNEMENTS EXTR\u00caMES&nbsp;<\/strong><\/p>\n\n\n\n<p style=\"text-align:justify\">Expert des v\u00eatements et \u00e9quipements de protection depuis 1845, MOLINEL place l\u2019innovation au coeur du d\u00e9veloppement de son offre produits destin\u00e9s aux professionnels : artisans, ouvriers du b\u00e2timent et des travaux publics, agents de voirie et d\u2019entretien d\u2019espaces verts, logisticiens, transporteurs\u2026 Ses collections d\u00e9di\u00e9es aux environnements extr\u00eames illustrent son \u00e9tat d\u2019esprit : <strong>proposer \u00ab LA \u00bb solution selon le type de m\u00e9tier et les risques auxquels le porteur est expos\u00e9 sans faire l\u2019impasse sur le style et le confort<\/strong>. Tissus int\u00e9grant les \u00e9volutions techniques \u00e0 la pointe pour toujours plus de performance et de protection, ergonomie des lignes afin de faciliter les mouvements ardus\u2026 sont autant de d\u00e9tails pens\u00e9s avec soin pour les professionnels devant faire face quotidiennement aux :&nbsp;<\/p>\n\n\n\n<p style=\"text-align:justify\">&#8211; <strong>dangers multiples en simultan\u00e9 <\/strong>(\u00e9claboussures de produits chimiques, arcs \u00e9lectriques, flammes, charges \u00e9lectrostatiques, poussi\u00e8re ou gaz explosif\u2026) avec les collections compl\u00e9mentaires <strong>TECHPROTECT, MULTIRISQUES INVICT 5S+, <\/strong>et <strong>SAFELINE HV pour les porteurs qui doivent \u00eatre visibles<\/strong>,&nbsp;<\/p>\n\n\n\n<p style=\"text-align:justify\">&#8211; <strong>temp\u00e9ratures caniculaires en ext\u00e9rieur <\/strong>gr\u00e2ce aux <strong>tee-shirts manches courtes et longues LUKLIGHT MAILLE HV <\/strong>et <strong>PULS EXPLORE<\/strong>, et <strong>temp\u00e9ratures n\u00e9gatives <\/strong>avec la <strong>parka 3 en 1 LUKLIGHT INTEMP\u00c9RIES HV,&nbsp;<\/strong><\/p>\n\n\n\n<p style=\"text-align:justify\">&#8211; <strong>sollicitations extr\u00eames des v\u00eatements <\/strong>(travail \u00e0 genoux, port de ferraillerie sur les \u00e9paules<strong>, <\/strong>manipulation de gravats\u2026) en se dotant des mod\u00e8les <strong>OUTFORCE ELITE<\/strong>.&nbsp;<\/p>\n\n\n\n<figure class=\"wp-block-image\"><img loading=\"lazy\" width=\"720\" height=\"437\" src=\"https:\/\/i1.wp.com\/batimedianews.com\/live\/wp-content\/uploads\/2020\/09\/image-16.png?resize=720%2C437\" alt=\"\" class=\"wp-image-5878\" srcset=\"https:\/\/i1.wp.com\/batimedianews.com\/live\/wp-content\/uploads\/2020\/09\/image-16.png?resize=1024%2C621 1024w, https:\/\/i1.wp.com\/batimedianews.com\/live\/wp-content\/uploads\/2020\/09\/image-16.png?resize=300%2C182 300w, https:\/\/i1.wp.com\/batimedianews.com\/live\/wp-content\/uploads\/2020\/09\/image-16.png?resize=768%2C466 768w, https:\/\/i1.wp.com\/batimedianews.com\/live\/wp-content\/uploads\/2020\/09\/image-16.png?resize=10%2C6 10w, https:\/\/i1.wp.com\/batimedianews.com\/live\/wp-content\/uploads\/2020\/09\/image-16.png?resize=432%2C262 432w, https:\/\/i1.wp.com\/batimedianews.com\/live\/wp-content\/uploads\/2020\/09\/image-16.png?resize=396%2C240 396w, https:\/\/i1.wp.com\/batimedianews.com\/live\/wp-content\/uploads\/2020\/09\/image-16.png?resize=660%2C400 660w, https:\/\/i1.wp.com\/batimedianews.com\/live\/wp-content\/uploads\/2020\/09\/image-16.png?resize=363%2C220 363w, https:\/\/i1.wp.com\/batimedianews.com\/live\/wp-content\/uploads\/2020\/09\/image-16.png?w=1108 1108w\" sizes=\"(max-width: 600px) 91vw, (max-width: 900px) 600px, (max-width: 1060px) 50vw, (max-width: 1200px) 520px, (max-width: 1400px) 43vw, 600px\" data-recalc-dims=\"1\" \/><\/figure>\n\n\n\n<p style=\"text-align:justify\" class=\"has-medium-font-size\"><strong>DANGERS EN SIMULTAN\u00c9&nbsp;<\/strong><\/p>\n\n\n\n<p style=\"text-align:justify\">Dans l\u2019<strong>industrie lourde, la p\u00e9trochimie ou les sites class\u00e9s SEVESO<\/strong>, les professionnels peuvent \u00eatre expos\u00e9s \u00e0 de multiples dangers. Pour les prot\u00e9ger efficacement, MOLINEL a d\u00e9velopp\u00e9 <strong>trois collections polyvalentes et compl\u00e9mentaires, \u00ab TECHPROTECT \u00bb, \u00ab MULTIRISQUES INVICT 5S+ \u00bb et \u00ab SAFELINE HV \u00bb <\/strong>qui <strong>r\u00e9pondent aux exigences de cinq normes <\/strong>:&nbsp;<\/p>\n\n\n\n<p style=\"text-align:justify\">&#8211; EN ISO 11611 : 2007 &#8211; A1+A2 CLASSE 1 pour le <strong>soudage et les techniques connexes<\/strong>,&nbsp;<\/p>\n\n\n\n<p style=\"text-align:justify\">&#8211; EN ISO 11612 : 2008 &#8211; A1, A2, B1, C1, E1\/E3 selon la collection, F1 <strong>contre la chaleur et les flammes<\/strong>,&nbsp;<\/p>\n\n\n\n<p style=\"text-align:justify\">&#8211; EN 13034+A1 : 2009 TYPE 6 <strong>contre les produits chimiques anti-acides<\/strong>,&nbsp;<\/p>\n\n\n\n<p style=\"text-align:justify\">&#8211; EN 1149-5 : 2008 <strong>pour des propri\u00e9t\u00e9s \u00e9lectrostatiques<\/strong>,&nbsp;<\/p>\n\n\n\n<p style=\"text-align:justify\">&#8211; IEC 61482-2 : 2009 CLASSE1 <strong>contre les dangers thermiques d\u2019un arc \u00e9lectrique<\/strong>.&nbsp;<\/p>\n\n\n\n<p style=\"text-align:justify\">Elles conviennent \u00e9galement aux <strong>zones ATEX, <\/strong>ATmosph\u00e8res EXplosives poussi\u00e8re 21 et 22, et gaz 1 et 2 groupe A.&nbsp;<\/p>\n\n\n\n<div class=\"wp-block-image\"><figure class=\"alignleft is-resized\"><img loading=\"lazy\" src=\"https:\/\/i0.wp.com\/batimedianews.com\/live\/wp-content\/uploads\/2020\/09\/image-17.png?resize=116%2C187\" alt=\"\" class=\"wp-image-5879\" width=\"116\" height=\"187\" srcset=\"https:\/\/i0.wp.com\/batimedianews.com\/live\/wp-content\/uploads\/2020\/09\/image-17.png?w=250 250w, https:\/\/i0.wp.com\/batimedianews.com\/live\/wp-content\/uploads\/2020\/09\/image-17.png?resize=187%2C300 187w, https:\/\/i0.wp.com\/batimedianews.com\/live\/wp-content\/uploads\/2020\/09\/image-17.png?resize=6%2C10 6w, https:\/\/i0.wp.com\/batimedianews.com\/live\/wp-content\/uploads\/2020\/09\/image-17.png?resize=137%2C220 137w\" sizes=\"(max-width: 600px) 91vw, (max-width: 900px) 600px, (max-width: 1060px) 50vw, (max-width: 1200px) 520px, (max-width: 1400px) 43vw, 600px\" data-recalc-dims=\"1\" \/><\/figure><\/div>\n\n\n\n<ul><li><strong>TECHPROTECT<\/strong>&nbsp;<\/li><\/ul>\n\n\n\n<p style=\"text-align:justify\">Les manches de la veste, et des combinaisons classique et Quick ne comportent pas de revers, et leurs poches ext\u00e9rieures (\u00e9galement pour le pantalon) sont recouvertes de grands rabats pour une protection optimale. Les pressions en plastique ont \u00e9t\u00e9 test\u00e9es pour r\u00e9sister \u00e0 une temp\u00e9rature de 180\u00b0C (+\/-5\u00b0). Les mod\u00e8les sont propos\u00e9s en <strong>bleu navy uni ou avec bandes r\u00e9tro-r\u00e9fl\u00e9chissantes<\/strong>, et s\u2019habillent de surpiq\u00fbres grises. Confortables, ils sont fabriqu\u00e9s \u00e0 partir de 75 % de coton, 24 % de polyester et 1 % de fibre anti-statique. L\u00e9gers, ils se distinguent par un <strong>grammage de tissu de 300 g\/m2<\/strong>.&nbsp;<\/p>\n\n\n\n<div class=\"wp-block-image\"><figure class=\"alignright is-resized\"><img loading=\"lazy\" src=\"https:\/\/i2.wp.com\/batimedianews.com\/live\/wp-content\/uploads\/2020\/09\/image-18.png?resize=193%2C337\" alt=\"\" class=\"wp-image-5880\" width=\"193\" height=\"337\" srcset=\"https:\/\/i2.wp.com\/batimedianews.com\/live\/wp-content\/uploads\/2020\/09\/image-18.png?w=250 250w, https:\/\/i2.wp.com\/batimedianews.com\/live\/wp-content\/uploads\/2020\/09\/image-18.png?resize=172%2C300 172w, https:\/\/i2.wp.com\/batimedianews.com\/live\/wp-content\/uploads\/2020\/09\/image-18.png?resize=6%2C10 6w, https:\/\/i2.wp.com\/batimedianews.com\/live\/wp-content\/uploads\/2020\/09\/image-18.png?resize=126%2C220 126w\" sizes=\"(max-width: 600px) 91vw, (max-width: 900px) 600px, (max-width: 1060px) 50vw, (max-width: 1200px) 520px, (max-width: 1400px) 43vw, 600px\" data-recalc-dims=\"1\" \/><\/figure><\/div>\n\n\n\n<ul><li> <strong>MULTIRISQUES INVICT 5S+&nbsp;<\/strong><\/li><\/ul>\n\n\n\n<p style=\"text-align:justify\">Pour la norme EN ISO 11 612 : 2008 contre la chaleur et les flammes, <strong>l\u2019indice E de cette collection atteint 3, soit le plus important niveau pour la protection face aux projections de fonte en fusion <\/strong>(fonderies, sid\u00e9rurgies\u2026). Elle est \u00e9galement <strong>certifi\u00e9e selon le r\u00e9f\u00e9rentiel ELECTROSTATIC &#8211; INERIS pour les environnements ATEX<\/strong>.&nbsp;<\/p>\n\n\n\n<p style=\"text-align:justify\">Pour \u00e9viter que les liquides chimiques entrent en contact avec la peau, un empi\u00e8cement couvre les mains, les poches sont recouvertes d\u2019un rabat, la veste tombe sur les reins, et le col est montant. Les pressions et le fil aramide ont \u00e9t\u00e9 s\u00e9lectionn\u00e9s pour r\u00e9sister au feu. Les passants sur la poitrine permettent de disposer des d\u00e9tecteurs de gaz. INVICT 5S+ se d\u00e9cline en <strong>veste, pantalon et combinaison<\/strong>, dans les <strong>coloris bleu marine et gris<\/strong>. Le logo et les surpiq\u00fbres de couleur orange apportent une touche subtile de peps \u00e0 ces v\u00eatements. Son tissu se compose \u00e0 75 % de coton, 24 % de polyester et 1 % d\u2019anti-statique (375 g\/m\u00b2).&nbsp;<\/p>\n\n\n\n<div class=\"wp-block-image\"><figure class=\"alignleft is-resized\"><img loading=\"lazy\" src=\"https:\/\/i0.wp.com\/batimedianews.com\/live\/wp-content\/uploads\/2020\/09\/image-19.png?resize=169%2C295\" alt=\"\" class=\"wp-image-5881\" width=\"169\" height=\"295\" srcset=\"https:\/\/i0.wp.com\/batimedianews.com\/live\/wp-content\/uploads\/2020\/09\/image-19.png?w=250 250w, https:\/\/i0.wp.com\/batimedianews.com\/live\/wp-content\/uploads\/2020\/09\/image-19.png?resize=172%2C300 172w, https:\/\/i0.wp.com\/batimedianews.com\/live\/wp-content\/uploads\/2020\/09\/image-19.png?resize=6%2C10 6w, https:\/\/i0.wp.com\/batimedianews.com\/live\/wp-content\/uploads\/2020\/09\/image-19.png?resize=126%2C220 126w\" sizes=\"(max-width: 600px) 91vw, (max-width: 900px) 600px, (max-width: 1060px) 50vw, (max-width: 1200px) 520px, (max-width: 1400px) 43vw, 600px\" data-recalc-dims=\"1\" \/><\/figure><\/div>\n\n\n\n<ul><li><strong>SAFELINE HV<\/strong><\/li><\/ul>\n\n\n\n<p style=\"text-align:justify\">Pour celles et ceux expos\u00e9s \u00e0 ces multiples risques mais dans des environnements o\u00f9 ils ont <strong>besoin d\u2019\u00eatre vus<\/strong>, comme par exemple sur les plateformes p\u00e9trochimiques, MOLINEL propose la collection <strong>haute visibilit\u00e9 SAFELINE HV (norme EN ISO 20471+A1 : 2016 haute visibilit\u00e9)<\/strong>. Disponibles en trois coloris, <strong>jaune fluo\/navy ; orange fluo\/navy et rouge fluo\/charbon<\/strong>, la veste-blouson, le pantalon et la combinaison Quick permettent aux porteurs d\u2019etre facilemet identifi\u00e9s, de pr\u00eat comme de loin, et quelles que soient les conditions m\u00e9t\u00e9orologiques. Les empi\u00e8cements contrast\u00e9s sur les cot\u00e9s accentuent le style look\u00e9 et offrent un effet cintr\u00e9 esth\u00e9tique. Le choix d\u2019un tissu fonc\u00e9, sur le bas et l\u2019arri\u00e8re des jambes, rend le mod\u00e8le moins salissant.&nbsp;<\/p>\n\n\n\n<p style=\"text-align:justify\" class=\"has-medium-font-size\"><strong>TEMP\u00c9RATURES CANICULAIRES OU N\u00c9GATIVES&nbsp;<\/strong><\/p>\n\n\n\n<div class=\"wp-block-image\"><figure class=\"alignright is-resized\"><img loading=\"lazy\" src=\"https:\/\/i2.wp.com\/batimedianews.com\/live\/wp-content\/uploads\/2020\/09\/image-20.png?resize=238%2C358\" alt=\"\" class=\"wp-image-5882\" width=\"238\" height=\"358\" srcset=\"https:\/\/i2.wp.com\/batimedianews.com\/live\/wp-content\/uploads\/2020\/09\/image-20.png?w=290 290w, https:\/\/i2.wp.com\/batimedianews.com\/live\/wp-content\/uploads\/2020\/09\/image-20.png?resize=200%2C300 200w, https:\/\/i2.wp.com\/batimedianews.com\/live\/wp-content\/uploads\/2020\/09\/image-20.png?resize=7%2C10 7w, https:\/\/i2.wp.com\/batimedianews.com\/live\/wp-content\/uploads\/2020\/09\/image-20.png?resize=146%2C220 146w\" sizes=\"(max-width: 600px) 91vw, (max-width: 900px) 600px, (max-width: 1060px) 50vw, (max-width: 1200px) 520px, (max-width: 1400px) 43vw, 600px\" data-recalc-dims=\"1\" \/><\/figure><\/div>\n\n\n\n<ul><li><strong>LUKLIGHT MAILLE HV<\/strong><\/li><\/ul>\n\n\n\n<p style=\"text-align:justify\">Les agents de voirie, d\u2019autoroutes et d\u2019entretien d\u2019espaces verts, les ripeurs, les grutiers\u2026 travaillent en ext\u00e9rieur et sont soumis aux al\u00e9as de la m\u00e9t\u00e9o. Pour <strong>faire face aux \u00e9pisodes caniculaires<\/strong>, de plus en plus fr\u00e9quents, MOLINEL propose les <strong>tee-shirts manches courtes et longues LUKLIGHT MAILLE HV<\/strong>. Leur tissu haute visibilit\u00e9, rigoureusement s\u00e9lectionn\u00e9, poss\u00e8de de multiples atouts. La maille fluorescente est l\u00e9g\u00e8re (155 g\/m\u00b2) et 100 % polyester double face alv\u00e9ol\u00e9e garantissant une <strong>respirabilit\u00e9 maximale <\/strong>et <strong>une aisance dans tous les gestes du quotidien<\/strong>. Elle b\u00e9n\u00e9ficie \u00e9galement d\u2019un <strong>traitement antibact\u00e9rien <\/strong>qui inhibe la croissance des microbes tout en pr\u00e9servant l\u2019\u00e9quilibre de la flore \u00e9pidermique. Afin de prot\u00e9ger les professionnels des coups de soleil ou des effets n\u00e9fastes d&rsquo;une exposition excessive aux rayons UV, ces deux mod\u00e8les se distinguent par leur <strong>indice de protection UPF40+<\/strong>.&nbsp;<\/p>\n\n\n\n<div class=\"wp-block-image\"><figure class=\"alignleft is-resized\"><img loading=\"lazy\" src=\"https:\/\/i1.wp.com\/batimedianews.com\/live\/wp-content\/uploads\/2020\/09\/image-21.png?resize=208%2C274\" alt=\"\" class=\"wp-image-5883\" width=\"208\" height=\"274\" srcset=\"https:\/\/i1.wp.com\/batimedianews.com\/live\/wp-content\/uploads\/2020\/09\/image-21.png?w=332 332w, https:\/\/i1.wp.com\/batimedianews.com\/live\/wp-content\/uploads\/2020\/09\/image-21.png?resize=227%2C300 227w, https:\/\/i1.wp.com\/batimedianews.com\/live\/wp-content\/uploads\/2020\/09\/image-21.png?resize=8%2C10 8w, https:\/\/i1.wp.com\/batimedianews.com\/live\/wp-content\/uploads\/2020\/09\/image-21.png?resize=167%2C220 167w\" sizes=\"(max-width: 600px) 91vw, (max-width: 900px) 600px, (max-width: 1060px) 50vw, (max-width: 1200px) 520px, (max-width: 1400px) 43vw, 600px\" data-recalc-dims=\"1\" \/><\/figure><\/div>\n\n\n\n<ul><li> <strong>TEE-SHIRT PULS EXPLORE&nbsp;<\/strong><\/li><\/ul>\n\n\n\n<p style=\"text-align:justify\">Un mod\u00e8le manches longues avec <strong>protection UV <\/strong>a \u00e9t\u00e9 con\u00e7u pour prot\u00e9ger du soleil les professionnels du b\u00e2timent qui travaillent \u00e0 l\u2019ext\u00e9rieur : couvreurs, ma\u00e7ons, bardeurs\u2026 <strong>Son tissu 55 % coton et 45 % Natura\u00ae polyester (185 gr\/m) est gage de respirabilit\u00e9 <\/strong>m\u00eame lorsque les temp\u00e9ratures avoisinent les 30\u00b0C. Il est disponible en gris et rouge selon les pr\u00e9f\u00e9rences de chacun.&nbsp;<\/p>\n\n\n\n<div class=\"wp-block-image\"><figure class=\"alignright is-resized\"><img loading=\"lazy\" src=\"https:\/\/i1.wp.com\/batimedianews.com\/live\/wp-content\/uploads\/2020\/09\/image-22.png?resize=210%2C215\" alt=\"\" class=\"wp-image-5884\" width=\"210\" height=\"215\" srcset=\"https:\/\/i1.wp.com\/batimedianews.com\/live\/wp-content\/uploads\/2020\/09\/image-22.png?w=352 352w, https:\/\/i1.wp.com\/batimedianews.com\/live\/wp-content\/uploads\/2020\/09\/image-22.png?resize=293%2C300 293w, https:\/\/i1.wp.com\/batimedianews.com\/live\/wp-content\/uploads\/2020\/09\/image-22.png?resize=10%2C10 10w, https:\/\/i1.wp.com\/batimedianews.com\/live\/wp-content\/uploads\/2020\/09\/image-22.png?resize=215%2C220 215w\" sizes=\"(max-width: 600px) 91vw, (max-width: 900px) 600px, (max-width: 1060px) 50vw, (max-width: 1200px) 520px, (max-width: 1400px) 43vw, 600px\" data-recalc-dims=\"1\" \/><\/figure><\/div>\n\n\n\n<ul><li><strong>LUKLIGHT INTEMP\u00c9RIES HV&nbsp;<\/strong><\/li><\/ul>\n\n\n\n<p style=\"text-align:justify\">Lorsque les temp\u00e9ratures sont basses ou n\u00e9gatives, qu\u2019il pleut, qu\u2019il neige ou qu\u2019il vente, la <strong>parka 3 en 1 LUKLIGHT INTEMP\u00c9RIES HV <\/strong>est le mod\u00e8le \u00e0 avoir \u00e0 port\u00e9e de main dans son vestiaire ou son v\u00e9hicule. Sa <strong>veste polaire (150 g\/m\u00b2) zipp\u00e9e \u00e0 l\u2019int\u00e9rieur <\/strong>renforce le confort thermique du porteur. L\u00e9ger et respirant ce v\u00eatement poss\u00e8de des <strong>coutures \u00e9tanch\u00e9is\u00e9es <\/strong>qui permettent d\u2019atteindre la classe 3\/3 (norme EN 343 contre la pluie et les intemp\u00e9ries).&nbsp;<\/p>\n\n\n\n<p style=\"text-align:justify\">La collection se d\u00e9cline en jaune et orange fluo\/bleu marine et en rouge fluo et gris (tee-shirt manches courtes) selon les pr\u00e9f\u00e9rences des entreprises ou pour diff\u00e9rencier les \u00e9quipes dans une collectivit\u00e9 par exemple. Elle fait la part belle au look sportwear avec des bords c\u00f4tes color\u00e9s au niveau des poignets et du col, des bandes retro-r\u00e9fl\u00e9chissantes segment\u00e9es (60 mm)\u2026&nbsp;<\/p>\n\n\n\n<p style=\"text-align:justify\" class=\"has-medium-font-size\"><strong>SOLLICITATIONS EXTR\u00caMES DES V\u00caTEMENTS&nbsp;<\/strong><\/p>\n\n\n\n<div class=\"wp-block-image\"><figure class=\"alignright is-resized\"><img loading=\"lazy\" src=\"https:\/\/i1.wp.com\/batimedianews.com\/live\/wp-content\/uploads\/2020\/09\/image-23.png?resize=183%2C221\" alt=\"\" class=\"wp-image-5885\" width=\"183\" height=\"221\" srcset=\"https:\/\/i1.wp.com\/batimedianews.com\/live\/wp-content\/uploads\/2020\/09\/image-23.png?w=400 400w, https:\/\/i1.wp.com\/batimedianews.com\/live\/wp-content\/uploads\/2020\/09\/image-23.png?resize=249%2C300 249w, https:\/\/i1.wp.com\/batimedianews.com\/live\/wp-content\/uploads\/2020\/09\/image-23.png?resize=8%2C10 8w, https:\/\/i1.wp.com\/batimedianews.com\/live\/wp-content\/uploads\/2020\/09\/image-23.png?resize=396%2C477 396w, https:\/\/i1.wp.com\/batimedianews.com\/live\/wp-content\/uploads\/2020\/09\/image-23.png?resize=183%2C220 183w\" sizes=\"(max-width: 600px) 91vw, (max-width: 900px) 600px, (max-width: 1060px) 50vw, (max-width: 1200px) 520px, (max-width: 1400px) 43vw, 600px\" data-recalc-dims=\"1\" \/><\/figure><\/div>\n\n\n\n<ul><li><strong>OUTFORCE ELITE<\/strong><\/li><\/ul>\n\n\n\n<p style=\"text-align:justify\">Les ma\u00e7ons ou carreleurs souvent \u00e0 genoux, les ferrailleurs et les \u00e9chafaudeurs qui portent sur les \u00e9paules\u2026 sollicitent de mani\u00e8re intense leurs v\u00eatements professionnels. Ils ont donc besoin d\u2019EPI durables qui ne se d\u00e9chirent pas et les prot\u00e8gent efficacement. Con\u00e7us dans un tissu natt\u00e9 78 % polyester et 22 % coton (grammage 370 g\/m\u00b2), les mod\u00e8les OUTFORCE ELITE poss\u00e8dent une r\u00e9sistance m\u00e9canique \u00e9lev\u00e9e. Les <strong>zones les plus expos\u00e9es \u00e0 l\u2019abrasion et aux accros sont renforc\u00e9es par un tissu en coton\/Cordura\u00ae ou 100 % PA Cordura\u00ae<\/strong>. \u00c9paules, haut du dos, poignets, genouill\u00e8res, fonds de poche et bas de jambes gagnent ainsi en long\u00e9vit\u00e9. Les <strong>finitions doubles piq\u00fbres et les points d\u2019arr\u00eats aux endroits les plus sollicit\u00e9s <\/strong>accentuent cette recherche de robustesse. Le pantalon b\u00e9n\u00e9ficie \u00e9galement d\u2019un empi\u00e8cement d\u2019aisance \u00e0 l\u2019entrejambe et de poches genouill\u00e8res pour un r\u00e9glage sur deux positions (norme EN 14404). Le blouson, le pantalon genouill\u00e8res, le gilet matelass\u00e9 et le bermuda s\u2019imposent par leur caract\u00e8re affirm\u00e9 et \u00ab tout terrain \u00bb tant au niveau des coupes que des coloris (noir ; gris-noir et camel-gris-noir).&nbsp;<\/p>\n\n\n\n<figure class=\"wp-block-image\"><img loading=\"lazy\" width=\"720\" height=\"467\" src=\"https:\/\/i2.wp.com\/batimedianews.com\/live\/wp-content\/uploads\/2020\/09\/image-24.png?resize=720%2C467\" alt=\"\" class=\"wp-image-5886\" srcset=\"https:\/\/i2.wp.com\/batimedianews.com\/live\/wp-content\/uploads\/2020\/09\/image-24.png?resize=1024%2C664 1024w, https:\/\/i2.wp.com\/batimedianews.com\/live\/wp-content\/uploads\/2020\/09\/image-24.png?resize=300%2C194 300w, https:\/\/i2.wp.com\/batimedianews.com\/live\/wp-content\/uploads\/2020\/09\/image-24.png?resize=768%2C498 768w, https:\/\/i2.wp.com\/batimedianews.com\/live\/wp-content\/uploads\/2020\/09\/image-24.png?resize=10%2C6 10w, https:\/\/i2.wp.com\/batimedianews.com\/live\/wp-content\/uploads\/2020\/09\/image-24.png?resize=432%2C280 432w, https:\/\/i2.wp.com\/batimedianews.com\/live\/wp-content\/uploads\/2020\/09\/image-24.png?resize=396%2C257 396w, https:\/\/i2.wp.com\/batimedianews.com\/live\/wp-content\/uploads\/2020\/09\/image-24.png?resize=660%2C428 660w, https:\/\/i2.wp.com\/batimedianews.com\/live\/wp-content\/uploads\/2020\/09\/image-24.png?resize=339%2C220 339w, https:\/\/i2.wp.com\/batimedianews.com\/live\/wp-content\/uploads\/2020\/09\/image-24.png?w=1108 1108w\" sizes=\"(max-width: 600px) 91vw, (max-width: 900px) 600px, (max-width: 1060px) 50vw, (max-width: 1200px) 520px, (max-width: 1400px) 43vw, 600px\" data-recalc-dims=\"1\" \/><\/figure>\n","protected":false},"excerpt":{"rendered":"<p>LES EPI MOLINEL D\u00c9DI\u00c9S AUX ENVIRONNEMENTS EXTR\u00caMES&nbsp; Expert des v\u00eatements et \u00e9quipements de protection depuis 1845, MOLINEL place l\u2019innovation au coeur du d\u00e9veloppement de son offre produits destin\u00e9s aux professionnels : artisans, ouvriers du b\u00e2timent et des travaux publics, agents de voirie et d\u2019entretien d\u2019espaces verts, logisticiens, transporteurs\u2026 Ses collections d\u00e9di\u00e9es aux environnements extr\u00eames illustrent [&hellip;]<\/p>\n","protected":false},"author":41,"featured_media":5898,"comment_status":"open","ping_status":"open","sticky":false,"template":"","format":"standard","meta":{"spay_email":""},"categories":[4,89],"tags":[],"jetpack_featured_media_url":"https:\/\/i2.wp.com\/batimedianews.com\/live\/wp-content\/uploads\/2020\/09\/molinelimage-1-e1599049487160.jpg?fit=500%2C313","jetpack_sharing_enabled":true,"jetpack_likes_enabled":true,"jetpack-related-posts":[{"id":29563,"url":"http:\/\/batimedianews.com\/live\/index.php\/2023\/06\/21\/molinel-lance-sa-collection-capsule-reborn-quand-danciens-vetements-professionnels-sont-upcycles-en-pieces-uniques-pour-toutes-et-tous\/","url_meta":{"origin":5875,"position":0},"title":"MOLINEL lance sa collection capsule \u00ab REBORN \u00bb : quand d&rsquo;anciens v\u00eatements professionnels sont upcycl\u00e9s en pi\u00e8ces uniques pour toutes et tous","date":"21 juin 2023","format":false,"excerpt":"MOLINEL, fabricant de v\u00eatements professionnels, propose pour la premi\u00e8re fois au grand public une collection capsule. Baptis\u00e9e REBORN, cette \u00e9dition limit\u00e9e upcycl\u00e9e se compose de 300 mod\u00e8les uniques cr\u00e9\u00e9s \u00e0 partir de v\u00eatements workwear de fin de s\u00e9rie MOLINEL : vestes et blousons zip redesign\u00e9s, cottes transform\u00e9es en salopettes courtes,\u2026","rel":"","context":"Dans &quot;Actualit\u00e9 Entreprises&quot;","img":{"alt_text":"","src":"https:\/\/i1.wp.com\/batimedianews.com\/live\/wp-content\/uploads\/2023\/06\/Molinel-Article.jpg?fit=1080%2C1080&resize=350%2C200","width":350,"height":200},"classes":[]},{"id":39419,"url":"http:\/\/batimedianews.com\/live\/index.php\/2024\/09\/10\/molinel-devoile-ses-nouveaux-catalogues-3-univers-3-couvertures-1-unique-message-we-are-molinel\/","url_meta":{"origin":5875,"position":1},"title":"MOLINEL d\u00e9voile ses nouveaux catalogues : 3 univers, 3 couvertures, 1 unique message \u00ab we are molinel \u00bb","date":"10 septembre 2024","format":false,"excerpt":"Visualiser la vid\u00e9o d\u00e9di\u00e9e : www.youtube.com\/watch?v=JAHzLw3mlQI Le sp\u00e9cialiste fran\u00e7ais des v\u00eatements professionnels MOLINEL est la seule marque \u00e0 couvrir la quasi-totalit\u00e9 des m\u00e9tiers \u00e0 travers quatre p\u00f4les \u00ab Workwear \u00bb, \u00ab M\u00e9tiers de bouche \u00bb, \u00ab Soins \u00e0 la personne \u00bb et \u00ab Fabrication sp\u00e9ciale \u00bb. Pour les trois premiers\u2026","rel":"","context":"Dans &quot;Actualit\u00e9 Entreprises&quot;","img":{"alt_text":"","src":"https:\/\/i1.wp.com\/batimedianews.com\/live\/wp-content\/uploads\/2024\/09\/molinel-articles-.jpg?fit=825%2C825&resize=350%2C200","width":350,"height":200},"classes":[]},{"id":15657,"url":"http:\/\/batimedianews.com\/live\/index.php\/2022\/02\/07\/2022-molinel-vetements-professionnels\/","url_meta":{"origin":5875,"position":2},"title":"2022 MOLINEL V\u00caTEMENTS PROFESSIONNELS","date":"7 f\u00e9vrier 2022","format":false,"excerpt":"\u00a0L\u2019\u00c9QUIPE MOLIN\u2019ELLES PARTICIPE\u00a0 AU TREK SPORTIF ET SOLIDAIRE \u00ab ELLES MARCHENT \u00bb\u00a0 Prochainement, 4 collaboratrices de MOLINEL*, sp\u00e9cialiste des v\u00eatements professionnels, participeront au trek 100 % f\u00e9minin \u00ab Elles Marchent \u00bb organis\u00e9 par l\u2019association \u00ab Le D\u00e9fi du coeur \u00bb. Maryline BECT, Jocelyne BERNIGAUD, St\u00e9phanie PACOUD et Emilie PEIGNE PALUN\u2026","rel":"","context":"Dans &quot;Actualit\u00e9 Entreprises&quot;","img":{"alt_text":"","src":"https:\/\/i0.wp.com\/batimedianews.com\/live\/wp-content\/uploads\/2022\/02\/Molinel-Article.jpg?fit=512%2C512&resize=350%2C200","width":350,"height":200},"classes":[]},{"id":24711,"url":"http:\/\/batimedianews.com\/live\/index.php\/2022\/11\/14\/2022-molinel-vetements-professionnels-nouveau-pantalon-stretch-moovy-le-confort-en-couleur\/","url_meta":{"origin":5875,"position":3},"title":"2022 MOLINEL &#8211; v\u00eatements professionnels &#8211; nouveau pantalon stretch  \u00ab MOOVY \u00bb : le confort en couleur","date":"14 novembre 2022","format":false,"excerpt":"\u00a0Un nouveau pantalon vient enrichir le vestiaire du concepteur fran\u00e7ais de v\u00eatements professionnels MOLINEL ! Stretch et color\u00e9, ce mod\u00e8le, baptis\u00e9 \u00ab MOOVY \u00bb, allie le confort au style d\u00e9contract\u00e9 pour le plus grand bonheur des professionnels (artisans, op\u00e9rateurs de fabrication, paysagistes, caristes, magasiniers, vendeurs en magasin de bricolage\u2026). Son\u2026","rel":"","context":"Dans &quot;Actualit\u00e9 Entreprises&quot;","img":{"alt_text":"","src":"https:\/\/i2.wp.com\/batimedianews.com\/live\/wp-content\/uploads\/2022\/11\/Molinel-Article.jpg?fit=1080%2C1080&resize=350%2C200","width":350,"height":200},"classes":[]},{"id":10751,"url":"http:\/\/batimedianews.com\/live\/index.php\/2021\/06\/30\/2021-molinel-vetements-professionnels\/","url_meta":{"origin":5875,"position":4},"title":"2021 MOLINEL V\u00caTEMENTS PROFESSIONNELS","date":"30 juin 2021","format":false,"excerpt":"OVERMAX : UNE NOUVELLE COLLECTION HAUTE EN COULEURS ET EN PERFORMANCES\u00a0 \u00a0www.youtube.com\/watch?v=BixLBOSA3io\u00a0 Le sp\u00e9cialiste fran\u00e7ais des v\u00eatements professionnels MOLINEL enrichit son offre WORKWEAR avec sa nouvelle collection OVERMAX. Sa particularit\u00e9 ? \u00catre la seule ligne \u00e0 \u00eatre confectionn\u00e9e \u00e0 partir de trois fibres (Serg\u00e9 stretch 47 % coton\/ 35 %\u2026","rel":"","context":"Dans &quot;Actualit\u00e9 Entreprises&quot;","img":{"alt_text":"","src":"https:\/\/i1.wp.com\/batimedianews.com\/live\/wp-content\/uploads\/2021\/06\/moline-Article.jpg?fit=512%2C512&resize=350%2C200","width":350,"height":200},"classes":[]},{"id":33995,"url":"http:\/\/batimedianews.com\/live\/index.php\/2023\/12\/19\/exclusif-sur-le-marche-la-gamme-haute-visibilite-de-molinel-setoffe-avec-luklight-rflex-vetements-normes-stretch-et-concus-dans-des-tissus-ecoresponsables\/","url_meta":{"origin":5875,"position":5},"title":"Exclusif sur le march\u00e9 ! La gamme haute visibilit\u00e9 de Molinel s\u2019\u00e9toffe avec \u00ab luklight r\u2019flex \u00bb : v\u00eatements norm\u00e9s, stretch et con\u00e7us dans des tissus \u00e9coresponsables","date":"19 d\u00e9cembre 2023","format":false,"excerpt":"\u00a0Lien vid\u00e9o : https:\/\/youtu.be\/QITlafvjSDM\u00a0 \u00a0Courant premier trimestre 2024, MOLINEL lancera la commercialisation de LUKLIGHT R\u2019FLEX. Une ligne de v\u00eatements professionnels qui cumule de nombreux atouts : la s\u00e9curit\u00e9 optimale avec la norme haute visibilit\u00e9 (EN20471), la garantie d\u2019un entretien industriel (ISO15797), et des tissus \u00e0 la fois stretch et \u00e9coresponsables.\u2026","rel":"","context":"Dans &quot;Actualit\u00e9 Entreprises&quot;","img":{"alt_text":"","src":"https:\/\/i2.wp.com\/batimedianews.com\/live\/wp-content\/uploads\/2023\/12\/Molinel-Image-articles-.jpg?fit=825%2C825&resize=350%2C200","width":350,"height":200},"classes":[]}],"_links":{"self":[{"href":"http:\/\/batimedianews.com\/live\/index.php\/wp-json\/wp\/v2\/posts\/5875"}],"collection":[{"href":"http:\/\/batimedianews.com\/live\/index.php\/wp-json\/wp\/v2\/posts"}],"about":[{"href":"http:\/\/batimedianews.com\/live\/index.php\/wp-json\/wp\/v2\/types\/post"}],"author":[{"embeddable":true,"href":"http:\/\/batimedianews.com\/live\/index.php\/wp-json\/wp\/v2\/users\/41"}],"replies":[{"embeddable":true,"href":"http:\/\/batimedianews.com\/live\/index.php\/wp-json\/wp\/v2\/comments?post=5875"}],"version-history":[{"count":4,"href":"http:\/\/batimedianews.com\/live\/index.php\/wp-json\/wp\/v2\/posts\/5875\/revisions"}],"predecessor-version":[{"id":5899,"href":"http:\/\/batimedianews.com\/live\/index.php\/wp-json\/wp\/v2\/posts\/5875\/revisions\/5899"}],"wp:featuredmedia":[{"embeddable":true,"href":"http:\/\/batimedianews.com\/live\/index.php\/wp-json\/wp\/v2\/media\/5898"}],"wp:attachment":[{"href":"http:\/\/batimedianews.com\/live\/index.php\/wp-json\/wp\/v2\/media?parent=5875"}],"wp:term":[{"taxonomy":"category","embeddable":true,"href":"http:\/\/batimedianews.com\/live\/index.php\/wp-json\/wp\/v2\/categories?post=5875"},{"taxonomy":"post_tag","embeddable":true,"href":"http:\/\/batimedianews.com\/live\/index.php\/wp-json\/wp\/v2\/tags?post=5875"}],"curies":[{"name":"wp","href":"https:\/\/api.w.org\/{rel}","templated":true}]}}