{"id":6492,"date":"2020-11-02T14:57:40","date_gmt":"2020-11-02T13:57:40","guid":{"rendered":"http:\/\/batimedianews.com\/live\/?p=6492"},"modified":"2021-10-20T14:43:20","modified_gmt":"2021-10-20T12:43:20","slug":"meditez-et-rechargez-vos-batteries-avec-la-couleur-de-lannee-2021-benjamin-moore-le-vert-antique-2136-40","status":"publish","type":"post","link":"http:\/\/batimedianews.com\/live\/index.php\/2020\/11\/02\/meditez-et-rechargez-vos-batteries-avec-la-couleur-de-lannee-2021-benjamin-moore-le-vert-antique-2136-40\/","title":{"rendered":"M\u00c9DITEZ ET RECHARGEZ VOS BATTERIES AVEC LA COULEUR DE L&rsquo;ANN\u00c9E 2021 BENJAMIN MOORE, LE VERT ANTIQUE 2136-40"},"content":{"rendered":"\n<p style=\"text-align:justify\">La tradition annuelle de <strong>Benjamin Moore<\/strong> est fond\u00e9e sur la recherche et la r\u00e9v\u00e9lation de la couleur de l\u2019ann\u00e9e, accompagn\u00e9e d\u2019une palette de nuances qui rythme les saisons. Cette c\u00e9l\u00e9bration annuelle de la couleur est le r\u00e9sultat d&rsquo;une ann\u00e9e d&rsquo;observation des influences du design, des arts, de la mode, de la culture et de l&rsquo;environnement dans le monde entier.<\/p>\n\n\n\n<p style=\"text-align:justify\">Premi\u00e8re Lueur aura rythm\u00e9 l\u2019ann\u00e9e 2020 par sa douceur et son optimisme, se pr\u00eatant \u00e0 merveille aux pi\u00e8ces en qu\u00eate de lumi\u00e8re et de modernit\u00e9. Elle c\u00e8de sa place \u00e0 une couleur aux tonalit\u00e9s oppos\u00e9es, mais qui n\u2019a rien \u00e0 envier aux c\u00f4t\u00e9s chaleureux et accueillant du rose : <strong>Vert Antique 2136-40<\/strong>.<\/p>\n\n\n\n<figure class=\"wp-block-image is-resized\"><img loading=\"lazy\" src=\"https:\/\/i1.wp.com\/batimedianews.com\/live\/wp-content\/uploads\/2020\/10\/image-153.png?resize=445%2C324\" alt=\"\" class=\"wp-image-6496\" width=\"445\" height=\"324\" srcset=\"https:\/\/i1.wp.com\/batimedianews.com\/live\/wp-content\/uploads\/2020\/10\/image-153.png?resize=1024%2C748 1024w, https:\/\/i1.wp.com\/batimedianews.com\/live\/wp-content\/uploads\/2020\/10\/image-153.png?resize=300%2C219 300w, https:\/\/i1.wp.com\/batimedianews.com\/live\/wp-content\/uploads\/2020\/10\/image-153.png?resize=768%2C561 768w, https:\/\/i1.wp.com\/batimedianews.com\/live\/wp-content\/uploads\/2020\/10\/image-153.png?resize=10%2C7 10w, https:\/\/i1.wp.com\/batimedianews.com\/live\/wp-content\/uploads\/2020\/10\/image-153.png?resize=432%2C315 432w, https:\/\/i1.wp.com\/batimedianews.com\/live\/wp-content\/uploads\/2020\/10\/image-153.png?resize=396%2C289 396w, https:\/\/i1.wp.com\/batimedianews.com\/live\/wp-content\/uploads\/2020\/10\/image-153.png?resize=1120%2C818 1120w, https:\/\/i1.wp.com\/batimedianews.com\/live\/wp-content\/uploads\/2020\/10\/image-153.png?resize=660%2C482 660w, https:\/\/i1.wp.com\/batimedianews.com\/live\/wp-content\/uploads\/2020\/10\/image-153.png?resize=301%2C220 301w, https:\/\/i1.wp.com\/batimedianews.com\/live\/wp-content\/uploads\/2020\/10\/image-153.png?w=1268 1268w\" sizes=\"(max-width: 600px) 91vw, (max-width: 900px) 600px, (max-width: 1060px) 50vw, (max-width: 1200px) 520px, (max-width: 1400px) 43vw, 600px\" data-recalc-dims=\"1\" \/><\/figure>\n\n\n\n<p style=\"text-align:justify\"><strong>Vert Antique 2136-40, la couleur de l\u2019ann\u00e9e 2021<\/strong> est un envo\u00fbtant m\u00e9lange de bleu-vert-gris qui cr\u00e9\u00e9 une harmonie naturelle et nous invite \u00e0 m\u00e9diter et \u00e0 recharger nos batteries.<\/p>\n\n\n\n<figure class=\"wp-block-image is-resized\"><img loading=\"lazy\" src=\"https:\/\/i2.wp.com\/batimedianews.com\/live\/wp-content\/uploads\/2020\/10\/image-154.png?resize=487%2C318\" alt=\"\" class=\"wp-image-6497\" width=\"487\" height=\"318\" srcset=\"https:\/\/i2.wp.com\/batimedianews.com\/live\/wp-content\/uploads\/2020\/10\/image-154.png?resize=1024%2C670 1024w, https:\/\/i2.wp.com\/batimedianews.com\/live\/wp-content\/uploads\/2020\/10\/image-154.png?resize=300%2C196 300w, https:\/\/i2.wp.com\/batimedianews.com\/live\/wp-content\/uploads\/2020\/10\/image-154.png?resize=768%2C502 768w, https:\/\/i2.wp.com\/batimedianews.com\/live\/wp-content\/uploads\/2020\/10\/image-154.png?resize=10%2C7 10w, https:\/\/i2.wp.com\/batimedianews.com\/live\/wp-content\/uploads\/2020\/10\/image-154.png?resize=432%2C283 432w, https:\/\/i2.wp.com\/batimedianews.com\/live\/wp-content\/uploads\/2020\/10\/image-154.png?resize=396%2C259 396w, https:\/\/i2.wp.com\/batimedianews.com\/live\/wp-content\/uploads\/2020\/10\/image-154.png?resize=1120%2C733 1120w, https:\/\/i2.wp.com\/batimedianews.com\/live\/wp-content\/uploads\/2020\/10\/image-154.png?resize=660%2C432 660w, https:\/\/i2.wp.com\/batimedianews.com\/live\/wp-content\/uploads\/2020\/10\/image-154.png?resize=336%2C220 336w, https:\/\/i2.wp.com\/batimedianews.com\/live\/wp-content\/uploads\/2020\/10\/image-154.png?w=1226 1226w\" sizes=\"(max-width: 600px) 91vw, (max-width: 900px) 600px, (max-width: 1060px) 50vw, (max-width: 1200px) 520px, (max-width: 1400px) 43vw, 600px\" data-recalc-dims=\"1\" \/><\/figure>\n\n\n\n<p style=\"text-align:justify\">Inspir\u00e9e des mati\u00e8res naturelles de la maison, la palette <strong>Tendances Couleur 2021 qui r\u00e9unit 12 teintes<\/strong> est aussi r\u00e9confortante que r\u00e9jouissante. Elle \u00e9voque la s\u00e9curit\u00e9 et le refuge que l\u2019on retrouve dans une maison pour \u00e9chapper aux al\u00e9as de la vie.<\/p>\n\n\n\n<figure class=\"wp-block-image is-resized\"><img loading=\"lazy\" src=\"https:\/\/i1.wp.com\/batimedianews.com\/live\/wp-content\/uploads\/2020\/10\/image-155.png?resize=527%2C354\" alt=\"\" class=\"wp-image-6498\" width=\"527\" height=\"354\" srcset=\"https:\/\/i1.wp.com\/batimedianews.com\/live\/wp-content\/uploads\/2020\/10\/image-155.png?resize=1024%2C690 1024w, https:\/\/i1.wp.com\/batimedianews.com\/live\/wp-content\/uploads\/2020\/10\/image-155.png?resize=300%2C202 300w, https:\/\/i1.wp.com\/batimedianews.com\/live\/wp-content\/uploads\/2020\/10\/image-155.png?resize=768%2C517 768w, https:\/\/i1.wp.com\/batimedianews.com\/live\/wp-content\/uploads\/2020\/10\/image-155.png?resize=10%2C7 10w, https:\/\/i1.wp.com\/batimedianews.com\/live\/wp-content\/uploads\/2020\/10\/image-155.png?resize=432%2C291 432w, https:\/\/i1.wp.com\/batimedianews.com\/live\/wp-content\/uploads\/2020\/10\/image-155.png?resize=396%2C267 396w, https:\/\/i1.wp.com\/batimedianews.com\/live\/wp-content\/uploads\/2020\/10\/image-155.png?resize=1120%2C754 1120w, https:\/\/i1.wp.com\/batimedianews.com\/live\/wp-content\/uploads\/2020\/10\/image-155.png?resize=660%2C445 660w, https:\/\/i1.wp.com\/batimedianews.com\/live\/wp-content\/uploads\/2020\/10\/image-155.png?resize=327%2C220 327w, https:\/\/i1.wp.com\/batimedianews.com\/live\/wp-content\/uploads\/2020\/10\/image-155.png?w=1250 1250w\" sizes=\"(max-width: 600px) 91vw, (max-width: 900px) 600px, (max-width: 1060px) 50vw, (max-width: 1200px) 520px, (max-width: 1400px) 43vw, 600px\" data-recalc-dims=\"1\" \/><\/figure>\n\n\n\n<p style=\"text-align:justify\">Jetant un regard intime sur la maison, la palette Tendances Couleur 2021 prend naissance dans la cuisine, explorant la fa\u00e7on dont ce lieu qui r\u00e9unit la cr\u00e9ation, l&rsquo;alimentation et la vie familiale inspire la couleur et la d\u00e9coration des autres pi\u00e8ces qui forment l&rsquo;espace de vie.<\/p>\n\n\n\n<p style=\"text-align:justify\">Muslin (OC-12) rappelle le tablier de cuisine en lin, tandis que Potters Clay (1221) \u00e9voque le pot en terre cuite o\u00f9 l\u2019on plante ses fleurs. Le Gray Cashmere 2138-60 ou encore le Foggy Morning 2106-70, sont dans les m\u00eames nuances qu\u2019un plaid o\u00f9 l\u2019on a envie de se lover.<\/p>\n\n\n\n<figure class=\"wp-block-image is-resized\"><img loading=\"lazy\" src=\"https:\/\/i2.wp.com\/batimedianews.com\/live\/wp-content\/uploads\/2020\/10\/image-156.png?resize=536%2C341\" alt=\"\" class=\"wp-image-6499\" width=\"536\" height=\"341\" srcset=\"https:\/\/i2.wp.com\/batimedianews.com\/live\/wp-content\/uploads\/2020\/10\/image-156.png?resize=1024%2C652 1024w, https:\/\/i2.wp.com\/batimedianews.com\/live\/wp-content\/uploads\/2020\/10\/image-156.png?resize=300%2C191 300w, https:\/\/i2.wp.com\/batimedianews.com\/live\/wp-content\/uploads\/2020\/10\/image-156.png?resize=768%2C489 768w, https:\/\/i2.wp.com\/batimedianews.com\/live\/wp-content\/uploads\/2020\/10\/image-156.png?resize=10%2C6 10w, https:\/\/i2.wp.com\/batimedianews.com\/live\/wp-content\/uploads\/2020\/10\/image-156.png?resize=432%2C275 432w, https:\/\/i2.wp.com\/batimedianews.com\/live\/wp-content\/uploads\/2020\/10\/image-156.png?resize=396%2C252 396w, https:\/\/i2.wp.com\/batimedianews.com\/live\/wp-content\/uploads\/2020\/10\/image-156.png?resize=1120%2C713 1120w, https:\/\/i2.wp.com\/batimedianews.com\/live\/wp-content\/uploads\/2020\/10\/image-156.png?resize=660%2C420 660w, https:\/\/i2.wp.com\/batimedianews.com\/live\/wp-content\/uploads\/2020\/10\/image-156.png?resize=345%2C220 345w, https:\/\/i2.wp.com\/batimedianews.com\/live\/wp-content\/uploads\/2020\/10\/image-156.png?w=1250 1250w\" sizes=\"(max-width: 600px) 91vw, (max-width: 900px) 600px, (max-width: 1060px) 50vw, (max-width: 1200px) 520px, (max-width: 1400px) 43vw, 600px\" data-recalc-dims=\"1\" \/><\/figure>\n\n\n\n<div class=\"wp-block-image\"><figure class=\"alignright is-resized\"><img loading=\"lazy\" src=\"https:\/\/i0.wp.com\/batimedianews.com\/live\/wp-content\/uploads\/2020\/10\/image-157.png?resize=258%2C333\" alt=\"\" class=\"wp-image-6500\" width=\"258\" height=\"333\" srcset=\"https:\/\/i0.wp.com\/batimedianews.com\/live\/wp-content\/uploads\/2020\/10\/image-157.png?w=628 628w, https:\/\/i0.wp.com\/batimedianews.com\/live\/wp-content\/uploads\/2020\/10\/image-157.png?resize=233%2C300 233w, https:\/\/i0.wp.com\/batimedianews.com\/live\/wp-content\/uploads\/2020\/10\/image-157.png?resize=8%2C10 8w, https:\/\/i0.wp.com\/batimedianews.com\/live\/wp-content\/uploads\/2020\/10\/image-157.png?resize=432%2C557 432w, https:\/\/i0.wp.com\/batimedianews.com\/live\/wp-content\/uploads\/2020\/10\/image-157.png?resize=396%2C511 396w, https:\/\/i0.wp.com\/batimedianews.com\/live\/wp-content\/uploads\/2020\/10\/image-157.png?resize=171%2C220 171w\" sizes=\"(max-width: 600px) 91vw, (max-width: 900px) 600px, (max-width: 1060px) 50vw, (max-width: 1200px) 520px, (max-width: 1400px) 43vw, 600px\" data-recalc-dims=\"1\" \/><\/figure><\/div>\n\n\n\n<p style=\"text-align:justify\">C\u2019est parce qu\u2019elles nous semblent si famili\u00e8res et r\u00e9confortantes, que les Tendances Couleur 2021 se rendront \u00e0 la fois polyvalentes et faciles \u00e0 vivre.<\/p>\n\n\n\n<p style=\"text-align:justify\">\u00ab Vert Antique 2136-40 et les autres teintes de la palette Tendances Couleur 2021 dont elle est issue insufflent une ambiance accueillante et r\u00e9confortante qui rend hommage aux liens qui se cr\u00e9ent dans une maison et aux \u00e9v\u00e9nements de la vie qui s\u2019y d\u00e9roulent. \u00bb soutient Andrea Magno, directrice du Marketing et du d\u00e9veloppement de la couleur chez Benjamin Moore.<\/p>\n\n\n\n<figure class=\"wp-block-image is-resized\"><img loading=\"lazy\" src=\"https:\/\/i1.wp.com\/batimedianews.com\/live\/wp-content\/uploads\/2020\/10\/image-158.png?resize=523%2C380\" alt=\"\" class=\"wp-image-6501\" width=\"523\" height=\"380\" srcset=\"https:\/\/i1.wp.com\/batimedianews.com\/live\/wp-content\/uploads\/2020\/10\/image-158.png?resize=1024%2C744 1024w, https:\/\/i1.wp.com\/batimedianews.com\/live\/wp-content\/uploads\/2020\/10\/image-158.png?resize=300%2C218 300w, https:\/\/i1.wp.com\/batimedianews.com\/live\/wp-content\/uploads\/2020\/10\/image-158.png?resize=768%2C558 768w, https:\/\/i1.wp.com\/batimedianews.com\/live\/wp-content\/uploads\/2020\/10\/image-158.png?resize=10%2C7 10w, https:\/\/i1.wp.com\/batimedianews.com\/live\/wp-content\/uploads\/2020\/10\/image-158.png?resize=432%2C314 432w, https:\/\/i1.wp.com\/batimedianews.com\/live\/wp-content\/uploads\/2020\/10\/image-158.png?resize=396%2C288 396w, https:\/\/i1.wp.com\/batimedianews.com\/live\/wp-content\/uploads\/2020\/10\/image-158.png?resize=1120%2C814 1120w, https:\/\/i1.wp.com\/batimedianews.com\/live\/wp-content\/uploads\/2020\/10\/image-158.png?resize=660%2C480 660w, https:\/\/i1.wp.com\/batimedianews.com\/live\/wp-content\/uploads\/2020\/10\/image-158.png?resize=303%2C220 303w, https:\/\/i1.wp.com\/batimedianews.com\/live\/wp-content\/uploads\/2020\/10\/image-158.png?w=1274 1274w\" sizes=\"(max-width: 600px) 91vw, (max-width: 900px) 600px, (max-width: 1060px) 50vw, (max-width: 1200px) 520px, (max-width: 1400px) 43vw, 600px\" data-recalc-dims=\"1\" \/><\/figure>\n\n\n\n<p style=\"text-align:justify\"><strong>\u00c0 PROPOS DE BENJAMIN MOORE<\/strong><\/p>\n\n\n\n<p style=\"text-align:justify\">Cr\u00e9\u00e9 \u00e0 Brooklyn, New York, en 1883 par les fr\u00e8res Moore, Benjamin Moore est aujourd\u2019hui reconnu comme le partenaire favori des designers, d\u00e9corateurs, architectes d\u2019int\u00e9rieur et propri\u00e9taires sur le tout continent nord-am\u00e9ricain.<\/p>\n\n\n\n<p style=\"text-align:justify\">En 135 ans d\u2019existence, Benjamin Moore s\u2019est forg\u00e9 une r\u00e9putation de v\u00e9ritable expert de la couleur avec une palette unique de plus de 3 500 couleurs en peintures et rev\u00eatement premium. Outre-Atlantique, Benjamin Moore trace les tendances de demain avec son Color &amp; Design Studio qui chaque ann\u00e9e d\u00e9voile la \u00ab Color of The Year \u00bb et sa palette \u00ab Color Trends \u00bb qui donne le ton pour les prochains mois et guide les choix et inspirations des architectes, designers et d\u00e9corateurs d\u2019int\u00e9rieur les plus influents.<\/p>\n","protected":false},"excerpt":{"rendered":"<p>La tradition annuelle de Benjamin Moore est fond\u00e9e sur la recherche et la r\u00e9v\u00e9lation de la couleur de l\u2019ann\u00e9e, accompagn\u00e9e d\u2019une palette de nuances qui rythme les saisons. Cette c\u00e9l\u00e9bration annuelle de la couleur est le r\u00e9sultat d&rsquo;une ann\u00e9e d&rsquo;observation des influences du design, des arts, de la mode, de la culture et de l&rsquo;environnement [&hellip;]<\/p>\n","protected":false},"author":41,"featured_media":6495,"comment_status":"open","ping_status":"open","sticky":false,"template":"","format":"standard","meta":{"spay_email":""},"categories":[4,29,51,92],"tags":[],"jetpack_featured_media_url":"https:\/\/i2.wp.com\/batimedianews.com\/live\/wp-content\/uploads\/2020\/10\/image-152.png?fit=608%2C508","jetpack_sharing_enabled":true,"jetpack_likes_enabled":true,"jetpack-related-posts":[{"id":10028,"url":"http:\/\/batimedianews.com\/live\/index.php\/2021\/05\/25\/regal-selectmd-de-benjamin-moore-une-gamme-de-peinture-lessivable-et-hautement-resistante-au-temps\/","url_meta":{"origin":6492,"position":0},"title":"REGAL SELECTMD DE BENJAMIN MOORE : UNE GAMME DE PEINTURE LESSIVABLE ET HAUTEMENT R\u00c9SISTANTE AU TEMPS","date":"25 mai 2021","format":false,"excerpt":"Des \u00e9claboussures dans une cuisine ou des traces sur les murs, autant de situations qui trouveront une r\u00e9sonnance chez les consommateurs et pour laquelle Benjamin Moore apporte une solution gr\u00e2ce \u00e0 sa gamme de peinture Regal SelectMD. Dot\u00e9e d\u2019une technologie anti-t\u00e2ches, elle conquit le coeur des professionnels comme des particuliers\u2026","rel":"","context":"Dans &quot;Actualit\u00e9 Entreprises&quot;","img":{"alt_text":"","src":"https:\/\/i0.wp.com\/batimedianews.com\/live\/wp-content\/uploads\/2021\/05\/BenjaminMoore-Article.jpg?fit=512%2C512&resize=350%2C200","width":350,"height":200},"classes":[]},{"id":29662,"url":"http:\/\/batimedianews.com\/live\/index.php\/2023\/06\/27\/axalta-publie-le-journal-annuel-des-couleurs-vibes-pour-le-secteur-du-design-et-de-larchitecture\/","url_meta":{"origin":6492,"position":1},"title":"Axalta publie le journal annuel des couleurs Vibes pour le secteur du design et de l&rsquo;architecture","date":"27 juin 2023","format":false,"excerpt":"Le rapport se penche sur l'\u00e9volution des tendances en mati\u00e8re de couleurs et de textures et l\u2019influence de l\u2019actualit\u00e9 GLEN MILLS (Pennsylvanie, USA) \u2013 Axalta Coating Systems, l'un des principaux fabricants mondiaux de peintures liquides et en poudre, a publi\u00e9 aujourd'hui son journal annuel des couleurs Vibes, qui retrace l'\u00e9volution\u2026","rel":"","context":"Dans &quot;Actualit\u00e9 Entreprises&quot;","img":{"alt_text":"","src":"https:\/\/i2.wp.com\/batimedianews.com\/live\/wp-content\/uploads\/2023\/06\/AXALTA-Article.jpg?fit=1080%2C1080&resize=350%2C200","width":350,"height":200},"classes":[]},{"id":34748,"url":"http:\/\/batimedianews.com\/live\/index.php\/2024\/01\/29\/barometre-2023-des-energies-renouvelables-electriques-en-france\/","url_meta":{"origin":6492,"position":2},"title":"Barom\u00e8tre 2023 des \u00e9nergies renouvelables \u00e9lectriques en France","date":"29 janvier 2024","format":false,"excerpt":"\u00a0La France reste en retard sur ses objectifs\u00a0 Malgr\u00e9 une acc\u00e9l\u00e9ration de son rythme depuis 2021, le d\u00e9veloppement des \u00e9nergies renouvelables \u00e9lectriques en France accuse toujours un retard par rapport \u00e0 ses objectifs. Si le photovolta\u00efque arrive \u00e0 raccorder entre 2,5 et 3 GW de puissance suppl\u00e9mentaire chaque ann\u00e9e, l\u2019\u00e9olien\u2026","rel":"","context":"Dans &quot;Actualit\u00e9 Entreprises&quot;","img":{"alt_text":"","src":"https:\/\/i1.wp.com\/batimedianews.com\/live\/wp-content\/uploads\/2024\/01\/Enrergies-renouvelables-1.jpg?fit=825%2C825&resize=350%2C200","width":350,"height":200},"classes":[]},{"id":11576,"url":"http:\/\/batimedianews.com\/live\/index.php\/2021\/08\/28\/extension-du-port-de-calais-polieco-france-fournit-353-km-de-tubes-pour-reseaux-secs\/","url_meta":{"origin":6492,"position":3},"title":"EXTENSION DU PORT DE CALAIS : POLIECO France fournit 353 km de tubes pour r\u00e9seaux secs","date":"28 ao\u00fbt 2021","format":false,"excerpt":"Entre 2015 et mai 2021, le port de Calais a fait l\u2019objet de grands travaux d\u2019extension. Dans le cadre de ce chantier, Polieco France, l\u2019un des leaders en Europe dans la fabrication et la vente de tubes annel\u00e9s double paroi en poly\u00e9thyl\u00e8ne haute densit\u00e9, a \u00e9t\u00e9 retenu pour la fourniture\u2026","rel":"","context":"Dans &quot;Actualit\u00e9 Entreprises&quot;","img":{"alt_text":"","src":"https:\/\/i1.wp.com\/batimedianews.com\/live\/wp-content\/uploads\/2021\/08\/Polieco-Article.jpg?fit=512%2C512&resize=350%2C200","width":350,"height":200},"classes":[]},{"id":19054,"url":"http:\/\/batimedianews.com\/live\/index.php\/2022\/04\/15\/nelly-philipponnat-reelue-presidente-de-cekal\/","url_meta":{"origin":6492,"position":4},"title":"Nelly Philipponnat, r\u00e9\u00e9lue pr\u00e9sidente de CEKAL","date":"15 avril 2022","format":false,"excerpt":"Nelly Philipponnat a \u00e9t\u00e9 r\u00e9\u00e9lue, lors du Conseil d\u2019administration du 6 avril 2022, pour une nouvelle mandature de trois ans \u00e0 la pr\u00e9sidence de CEKAL, l\u2019organisme certificateur des vitrages. Nelly Philipponnat, ing\u00e9nieur ESTP, a depuis plus d\u2019une vingtaine d\u2019ann\u00e9es assum\u00e9 des postes de marketing, communication et de repr\u00e9sentation au sein\u2026","rel":"","context":"Dans &quot;Actualit\u00e9 Entreprises&quot;","img":{"alt_text":"","src":"https:\/\/i0.wp.com\/batimedianews.com\/live\/wp-content\/uploads\/2022\/04\/CEKAL-Article.jpg?fit=1080%2C1080&resize=350%2C200","width":350,"height":200},"classes":[]},{"id":42373,"url":"http:\/\/batimedianews.com\/live\/index.php\/2025\/01\/27\/barometre-2024-de-lelectricite-renouvelable-en-france\/","url_meta":{"origin":6492,"position":5},"title":"Barom\u00e8tre 2024 de l\u2019\u00e9lectricit\u00e9 renouvelable en France","date":"27 janvier 2025","format":false,"excerpt":"\u00a0Une bonne ann\u00e9e 2024 essentiellement port\u00e9e par le photovolta\u00efque\u00a0 Jamais la production d\u2019\u00e9lectricit\u00e9 renouvelable n\u2019aura \u00e9t\u00e9 aussi forte en France et jamais la puissance raccord\u00e9e n\u2019aura autant progress\u00e9 qu\u2019en 2024. Si les chiffres traduisent une avanc\u00e9e remarquable, l\u2019essor des fili\u00e8res \u00e9lectriques renouvelables se r\u00e9sume n\u00e9anmoins cette ann\u00e9e au seul secteur\u2026","rel":"","context":"Dans &quot;Actualit\u00e9 Entreprises&quot;","img":{"alt_text":"","src":"https:\/\/i0.wp.com\/batimedianews.com\/live\/wp-content\/uploads\/2025\/01\/FNCCR.jpg?fit=825%2C825&resize=350%2C200","width":350,"height":200},"classes":[]}],"_links":{"self":[{"href":"http:\/\/batimedianews.com\/live\/index.php\/wp-json\/wp\/v2\/posts\/6492"}],"collection":[{"href":"http:\/\/batimedianews.com\/live\/index.php\/wp-json\/wp\/v2\/posts"}],"about":[{"href":"http:\/\/batimedianews.com\/live\/index.php\/wp-json\/wp\/v2\/types\/post"}],"author":[{"embeddable":true,"href":"http:\/\/batimedianews.com\/live\/index.php\/wp-json\/wp\/v2\/users\/41"}],"replies":[{"embeddable":true,"href":"http:\/\/batimedianews.com\/live\/index.php\/wp-json\/wp\/v2\/comments?post=6492"}],"version-history":[{"count":2,"href":"http:\/\/batimedianews.com\/live\/index.php\/wp-json\/wp\/v2\/posts\/6492\/revisions"}],"predecessor-version":[{"id":6594,"href":"http:\/\/batimedianews.com\/live\/index.php\/wp-json\/wp\/v2\/posts\/6492\/revisions\/6594"}],"wp:featuredmedia":[{"embeddable":true,"href":"http:\/\/batimedianews.com\/live\/index.php\/wp-json\/wp\/v2\/media\/6495"}],"wp:attachment":[{"href":"http:\/\/batimedianews.com\/live\/index.php\/wp-json\/wp\/v2\/media?parent=6492"}],"wp:term":[{"taxonomy":"category","embeddable":true,"href":"http:\/\/batimedianews.com\/live\/index.php\/wp-json\/wp\/v2\/categories?post=6492"},{"taxonomy":"post_tag","embeddable":true,"href":"http:\/\/batimedianews.com\/live\/index.php\/wp-json\/wp\/v2\/tags?post=6492"}],"curies":[{"name":"wp","href":"https:\/\/api.w.org\/{rel}","templated":true}]}}