{"id":688,"date":"2018-12-12T13:29:12","date_gmt":"2018-12-12T12:29:12","guid":{"rendered":"http:\/\/batimedialive.com\/?p=688"},"modified":"2019-08-19T18:52:55","modified_gmt":"2019-08-19T16:52:55","slug":"lheure-du-ralentissement-a-sonne-pour-le-secteur-de-la-construction","status":"publish","type":"post","link":"http:\/\/batimedianews.com\/live\/index.php\/2018\/12\/12\/lheure-du-ralentissement-a-sonne-pour-le-secteur-de-la-construction\/","title":{"rendered":"L\u2019heure du ralentissement a sonn\u00e9 pour le secteur de la construction"},"content":{"rendered":"<p style=\"text-align:justify;\">\uf0b7 Apr\u00e8s 10 ans de croissance (2008-2018), le secteur de la construction, \u00e0 l\u2019\u00e9chelle mondiale, a atteint le point haut de son cycle : 2018 est l\u2019ann\u00e9e du tournant.<br \/>\n\uf0b7 La construction est moins pr\u00e9par\u00e9e au ralentissement qu\u2019elle ne l\u2019\u00e9tait en 2008, ce qui est inqui\u00e9tant alors que le secteur repr\u00e9sente 10% de l\u2019activit\u00e9 \u00e9conomique mondiale.<br \/>\n\uf0b7 En France, la croissance en volume du secteur de la construction devrait ralentir \u00e0 1,6% a\/a en 2018 et \u00e0 +1,5% a\/a en 2019 (+2,5% a\/a en 2017).<br \/>\nApr\u00e8s 10 ans de croissance (2008-2018), le secteur de la construction, \u00e0 l\u2019\u00e9chelle mondiale, a atteint le point haut de son cycle. Selon Euler Hermes, le leader mondial de l\u2019assurance-cr\u00e9dit, 2018 sera l\u2019ann\u00e9e du tournant pour le secteur, dont la croissance devrait progressivement ralentir \u00e0 +3% en 2019 apr\u00e8s +3,5% en 2018 et +4% en 2017.<br \/>\nDurant les dix derni\u00e8res ann\u00e9es, la majeure partie de la croissance du secteur de la construction \u00e0 l\u2019\u00e9chelle mondiale provenait des march\u00e9s \u00e9mergents (+57% de croissance entre 2008 et 2018). Dans le m\u00eame temps, les pays d\u00e9velopp\u00e9s ne sont pas parvenus \u00e0 retrouver leurs volumes d\u2019avant-crise. Pour 2019, le ralentissement attendu trouvera sa source dans la d\u00e9c\u00e9l\u00e9ration de la croissance \u00e9conomique mondiale et le resserrement des conditions financi\u00e8res et mon\u00e9taires.<br \/>\nSelon les experts locaux d\u2019Euler Hermes, le secteur de la construction n\u2019a pas \u00e9t\u00e9 capable de mettre en place les pare-feux n\u00e9cessaires et de se relever pleinement de la crise de 2008, malgr\u00e9 un contexte \u00e9conomique mondial porteur :<br \/>\n\uf0b7 La liquidit\u00e9 est historiquement, et restera, la pr\u00e9occupation principale pour le secteur \u00e0 l\u2019\u00e9chelle mondiale. Le DSO moyen dans la construction est de 85 jours, ce qui place le secteur parmi les trois plus mauvaises performances en mati\u00e8re de d\u00e9lais de paiement.<br \/>\n\uf0b7 La demande n\u2019est que tr\u00e8s l\u00e9g\u00e8rement repartie dans les plus gros march\u00e9s du secteur de la construction (France, Allemagne, Italie et Etats-Unis entre autres), et n\u2019a pas encore retrouv\u00e9 ses niveaux d\u2019avant-crise. En effet, la croissance moyenne en volume du secteur dans ces pays s\u2019av\u00e8re n\u00e9gative entre 2008 et aujourd\u2019hui.<br \/>\n\uf0b7 La rentabilit\u00e9 s\u2019est \u00e9galement retrouv\u00e9e sous pression du fait de la hausse du co\u00fbt des intrants, et plus particuli\u00e8rement du co\u00fbt du travail<br \/>\nLe premier signe de ce virage entam\u00e9 par le secteur de la construction est la d\u00e9t\u00e9rioration de la sant\u00e9 financi\u00e8re des entreprises dans plusieurs pays : lors des 9 premiers mois de 2018, Euler Hermes a comptabilis\u00e9 41 d\u00e9faillances de grandes entreprises (1 )de la construction (+7 vs 2017), soit plus que dans la distribution (39).<br \/>\nLe secteur de la construction pourrait \u00eatre le plus affect\u00e9 par la prochaine crise. Une conclusion inqui\u00e9tante, surtout lorsque l\u2019on sait que le secteur p\u00e8se lourd dans la plupart des \u00e9conomies avanc\u00e9es et \u00e9mergentes, et repr\u00e9sente 10% de l\u2019activit\u00e9 \u00e9conomique mondiale.<\/p>\n<p style=\"text-align:justify;\">(1) Entreprise dont le chiffre d\u2019affaires est sup\u00e9rieur \u00e0 50 millions d\u2019euros<\/p>\n<h2 style=\"text-align:justify;\">Et la France dans tout \u00e7a ?<\/h2>\n<p style=\"text-align:justify;\">En France, la croissance en volume du secteur de la construction devrait ralentir \u00e0 +1,6% a\/a en 2018 et \u00e0 +1,5% a\/a en 2019 (+2,5% a\/a en 2017), du fait de difficult\u00e9s concernant la demande, la rentabilit\u00e9 et la liquidit\u00e9.<br \/>\nEn effet, 2018 a \u00e9t\u00e9 une ann\u00e9e difficile pour la construction fran\u00e7aise en termes de volume, particuli\u00e8rement pour le secteur r\u00e9sidentiel. Les perspectives 2019 ne sont gu\u00e8re plus optimistes : depuis 2017, les chiffres relatifs aux permis de construire et aux mises en chantier sont d\u00e9cevants. A fin ao\u00fbt 2018, le nombre de permis de construire cumul\u00e9 sur 12 mois \u00e9tait en recul de -7,9% a\/a. Concernant les mises en chantier, c\u2019est un recul de -10,2% a\/a qui a \u00e9t\u00e9 constat\u00e9 sur la m\u00eame p\u00e9riode.<br \/>\nPar ailleurs, les marges d\u2019exploitation de la construction fran\u00e7aise devraient se r\u00e9duire cette ann\u00e9e. En 2018, les entreprises fran\u00e7aises de la construction ont \u00e9t\u00e9 prises entre le marteau et l\u2019enclume, avec d\u2019un c\u00f4t\u00e9 un recul des revenus et de l\u2019autre une augmentation des co\u00fbts, provenant de la hausse du prix des mat\u00e9riaux de construction et des co\u00fbts de main d\u2019oeuvre.<br \/>\nEnfin, les d\u00e9lais de paiement moyens appliqu\u00e9s dans la construction fran\u00e7aise continuent d\u2019affecter la liquidit\u00e9 du secteur : ils ont augment\u00e9 de +7 jours entre 2016 et 2017, et s\u2019\u00e9l\u00e8vent d\u00e9sormais \u00e0 75 jours<\/p>\n","protected":false},"excerpt":{"rendered":"<p>En France, la croissance en volume du secteur de la construction devrait ralentir \u00e0 1,6% a\/a en 2018 et \u00e0 +1,5% a\/a en 2019 (+2,5% a\/a en 2017).<\/p>\n","protected":false},"author":2,"featured_media":1902,"comment_status":"open","ping_status":"open","sticky":false,"template":"","format":"standard","meta":{"spay_email":""},"categories":[4,38],"tags":[232],"jetpack_featured_media_url":"https:\/\/i1.wp.com\/batimedianews.com\/live\/wp-content\/uploads\/2019\/08\/auler_image.jpg?fit=1339%2C992","jetpack_sharing_enabled":true,"jetpack_likes_enabled":true,"jetpack-related-posts":[{"id":33316,"url":"http:\/\/batimedianews.com\/live\/index.php\/2023\/11\/24\/enquete-planradar-81-des-professionnels-francais-de-la-construction-considerent-que-les-outils-de-numerisation-restent-difficiles-a-adopter\/","url_meta":{"origin":688,"position":0},"title":"ENQU\u00caTE PLANRADAR &#8211; 81% des professionnels fran\u00e7ais de la construction consid\u00e8rent que les outils de num\u00e9risation restent difficiles \u00e0 adopter","date":"24 novembre 2023","format":false,"excerpt":"C\u2019est 4 points de plus que la moyenne mondiale, situ\u00e9e \u00e0 77%\u00a0 L'un des principaux freins identifi\u00e9s en France : une perception difficile du retour sur investissement\u00a0 Pourtant, 95% des utilisateurs d'un logiciel de gestion de la construction d\u00e9clarent avoir r\u00e9alis\u00e9 des \u00e9conomies - 35% les situent entre 10 et\u2026","rel":"","context":"Dans &quot;Actualit\u00e9 Entreprises&quot;","img":{"alt_text":"","src":"https:\/\/i1.wp.com\/batimedianews.com\/live\/wp-content\/uploads\/2023\/11\/PlanRadar-Image-articles.jpg?fit=825%2C825&resize=350%2C200","width":350,"height":200},"classes":[]},{"id":31213,"url":"http:\/\/batimedianews.com\/live\/index.php\/2023\/09\/11\/un-premier-recul-de-lactivite-depuis-trois-ans\/","url_meta":{"origin":688,"position":1},"title":"Un premier recul de l&rsquo;activit\u00e9 depuis trois ans","date":"11 septembre 2023","format":false,"excerpt":"Dans la continuit\u00e9 du ralentissement amorc\u00e9 depuis l\u2019ann\u00e9e 2022, le volume d\u2019activit\u00e9 des entreprises artisanales du b\u00e2timent recule au deuxi\u00e8me trimestre 2023 de 0,5 % (en glissement annuel), pour la premi\u00e8re fois depuis trois ans. Le march\u00e9 du neuf, sous tension, voit son volume d\u2019activit\u00e9 baisser de 1,5 % apr\u00e8s\u2026","rel":"","context":"Dans &quot;artisanat&quot;","img":{"alt_text":"","src":"https:\/\/i0.wp.com\/batimedianews.com\/live\/wp-content\/uploads\/2023\/09\/CAPEB-articles.jpg?fit=825%2C825&resize=350%2C200","width":350,"height":200},"classes":[]},{"id":15446,"url":"http:\/\/batimedianews.com\/live\/index.php\/2022\/02\/01\/lca-construction-bois-en-plein-essor\/","url_meta":{"origin":688,"position":2},"title":"LCA CONSTRUCTION BOIS EN PLEIN ESSOR","date":"1 f\u00e9vrier 2022","format":false,"excerpt":"Sp\u00e9cialiste du gros \u0153uvre bois sur des projets d\u2019envergure et de proximit\u00e9, Les Charpentiers de l\u2019Atlantique, qui portent la marque LCA Construction Bois, enregistrent une croissance remarquable en cette fin d\u2019exercice 2021 avec +50% de chiffre d\u2019affaires. Un r\u00e9sultat qui t\u00e9moigne de la croissance du march\u00e9 avec une demande forte\u2026","rel":"","context":"Dans &quot;Bois&quot;","img":{"alt_text":"","src":"https:\/\/i2.wp.com\/batimedianews.com\/live\/wp-content\/uploads\/2022\/01\/LCA-Article.jpg?fit=512%2C512&resize=350%2C200","width":350,"height":200},"classes":[]},{"id":15297,"url":"http:\/\/batimedianews.com\/live\/index.php\/2022\/01\/27\/bilan-2021-et-perspectives-2022-du-marche-francais-des-produits-de-construction\/","url_meta":{"origin":688,"position":3},"title":"Bilan 2021 et perspectives 2022 du march\u00e9 fran\u00e7ais des produits de construction","date":"27 janvier 2022","format":false,"excerpt":"Mardi 25 janvier 2022, Philippe GRUAT, Pr\u00e9sident de l\u2019Association fran\u00e7aise des Industries des Mat\u00e9riaux et produits de Construction (AIMCC) a pr\u00e9sent\u00e9 les conclusions de la cinqui\u00e8me \u00e9dition de l\u2019enqu\u00eate d\u2019opinion \u00ab Tendances Conjoncture AIMCC \u00bb. Cette \u00e9tude men\u00e9e aupr\u00e8s des 80 organisations professionnelles membres de l\u2019association permet de dresser un\u2026","rel":"","context":"Dans &quot;Construction&quot;","img":{"alt_text":"","src":"https:\/\/i0.wp.com\/batimedianews.com\/live\/wp-content\/uploads\/2022\/01\/AIMCC-Article.jpg?fit=512%2C512&resize=350%2C200","width":350,"height":200},"classes":[]},{"id":21324,"url":"http:\/\/batimedianews.com\/live\/index.php\/2022\/06\/24\/firestone-building-products-devoile-sa-nouvelle-identite-de-marque-en-tant-que-membre-de-holcim\/","url_meta":{"origin":688,"position":4},"title":"FIRESTONE BUILDING PRODUCTS d\u00e9voile sa nouvelle identit\u00e9 de marque en tant que membre de HOLCIM","date":"24 juin 2022","format":false,"excerpt":"\u2022 Firestone, fournisseur majeur de syst\u00e8mes de toiture, de fa\u00e7ade et de rev\u00eatement \u00e0 la pointe de l'industrie, prend le nom de Elevate\u2122\u00a0\u2022 Elevate\u2122 symbolise l'engagement continu de Holcim de cr\u00e9er des solutions de construction avanc\u00e9es de qualit\u00e9 sup\u00e9rieure et innovantes\u00a0\u2022 Firestone Building Products devient la division Holcim\u2019s Building Envelope,\u2026","rel":"","context":"Dans &quot;Actualit\u00e9 Entreprises&quot;","img":{"alt_text":"","src":"https:\/\/i1.wp.com\/batimedianews.com\/live\/wp-content\/uploads\/2022\/06\/Firestone-Article.jpg?fit=1080%2C1080&resize=350%2C200","width":350,"height":200},"classes":[]},{"id":319,"url":"http:\/\/batimedianews.com\/live\/index.php\/2018\/10\/16\/michel-brochu-artisan-menuisier-et-president-de-la-capeb-pays-de-la-loire-vous-invite-sur-artibat\/","url_meta":{"origin":688,"position":5},"title":"Michel Brochu, artisan menuisier et pr\u00e9sident de la CAPEB Pays de la Loire, vous invite sur ARTIBAT","date":"16 octobre 2018","format":false,"excerpt":"\u00c0 une semaine du salon du b\u00e2timent et de la construction de l\u2019ouest, nous posons cinq questions \u00e0 Michel Brochu,\u00a0artisan menuisier et pr\u00e9sident de la CAPEB Pays de la Loire, qui organise le salon ARTIBAT et a \u00e0 coeur de repr\u00e9senter\u00a0toutes les entreprises du b\u00e2timent de la r\u00e9gion. Pourquoi les\u2026","rel":"","context":"Dans &quot;Artibat 2018&quot;","img":{"alt_text":"","src":"https:\/\/i1.wp.com\/batimedianews.com\/live\/wp-content\/uploads\/2018\/10\/artibat_image.jpg?fit=1016%2C617&resize=350%2C200","width":350,"height":200},"classes":[]}],"_links":{"self":[{"href":"http:\/\/batimedianews.com\/live\/index.php\/wp-json\/wp\/v2\/posts\/688"}],"collection":[{"href":"http:\/\/batimedianews.com\/live\/index.php\/wp-json\/wp\/v2\/posts"}],"about":[{"href":"http:\/\/batimedianews.com\/live\/index.php\/wp-json\/wp\/v2\/types\/post"}],"author":[{"embeddable":true,"href":"http:\/\/batimedianews.com\/live\/index.php\/wp-json\/wp\/v2\/users\/2"}],"replies":[{"embeddable":true,"href":"http:\/\/batimedianews.com\/live\/index.php\/wp-json\/wp\/v2\/comments?post=688"}],"version-history":[{"count":1,"href":"http:\/\/batimedianews.com\/live\/index.php\/wp-json\/wp\/v2\/posts\/688\/revisions"}],"predecessor-version":[{"id":2489,"href":"http:\/\/batimedianews.com\/live\/index.php\/wp-json\/wp\/v2\/posts\/688\/revisions\/2489"}],"wp:featuredmedia":[{"embeddable":true,"href":"http:\/\/batimedianews.com\/live\/index.php\/wp-json\/wp\/v2\/media\/1902"}],"wp:attachment":[{"href":"http:\/\/batimedianews.com\/live\/index.php\/wp-json\/wp\/v2\/media?parent=688"}],"wp:term":[{"taxonomy":"category","embeddable":true,"href":"http:\/\/batimedianews.com\/live\/index.php\/wp-json\/wp\/v2\/categories?post=688"},{"taxonomy":"post_tag","embeddable":true,"href":"http:\/\/batimedianews.com\/live\/index.php\/wp-json\/wp\/v2\/tags?post=688"}],"curies":[{"name":"wp","href":"https:\/\/api.w.org\/{rel}","templated":true}]}}