{"id":7185,"date":"2020-11-27T10:12:02","date_gmt":"2020-11-27T09:12:02","guid":{"rendered":"http:\/\/batimedianews.com\/live\/?p=7185"},"modified":"2021-10-20T14:39:12","modified_gmt":"2021-10-20T12:39:12","slug":"rockfon-lance-myrockfon-un-programme-de-fidelite-dedie-aux-supers-professionnels-du-plafond","status":"publish","type":"post","link":"http:\/\/batimedianews.com\/live\/index.php\/2020\/11\/27\/rockfon-lance-myrockfon-un-programme-de-fidelite-dedie-aux-supers-professionnels-du-plafond\/","title":{"rendered":"Rockfon lance \u00ab MyRockfon \u00bb, un programme de fid\u00e9lit\u00e9 d\u00e9di\u00e9 aux supers professionnels du plafond !"},"content":{"rendered":"\n<p style=\"color:#03639a;text-align:justify\" class=\"has-text-color\"><strong>Lanc\u00e9e au mois d&rsquo;octobre, MyRockfon est une plateforme \u00e9volutive, qui h\u00e9berge le programme de fid\u00e9lit\u00e9 \u00ab\u00a0Superpro\u00a0\u00bb de Rockfon. Source d&rsquo;information, de formations, d&rsquo;avantage marketing pour soutenir leurs activit\u00e9s\u00a0et de cadeaux, cet espace d\u00e9di\u00e9 aux entreprises de pose de plafonds a pour vocation d&rsquo;\u00eatre utile aux \u00ab\u00a0SuperPros\u00a0\u00bb et de les remercier d&rsquo;avoir choisi la marque Rockfon et ses produits. C&rsquo;est aussi l&rsquo;occasion pour la marque de lancer un nouveau challenge aux plafistes\u00a0: les SuperProDays 2022\u00a0! Le gagner, c&rsquo;est partir en Gr\u00e8ce pour une convention professionnelle Rockfon en 2022.<\/strong><\/p>\n\n\n\n<figure class=\"wp-block-image\"><img loading=\"lazy\" width=\"720\" height=\"364\" src=\"https:\/\/i0.wp.com\/batimedianews.com\/live\/wp-content\/uploads\/2020\/11\/image-357.png?resize=720%2C364\" alt=\"\" class=\"wp-image-7186\" srcset=\"https:\/\/i0.wp.com\/batimedianews.com\/live\/wp-content\/uploads\/2020\/11\/image-357.png?w=894 894w, https:\/\/i0.wp.com\/batimedianews.com\/live\/wp-content\/uploads\/2020\/11\/image-357.png?resize=300%2C152 300w, https:\/\/i0.wp.com\/batimedianews.com\/live\/wp-content\/uploads\/2020\/11\/image-357.png?resize=768%2C388 768w, https:\/\/i0.wp.com\/batimedianews.com\/live\/wp-content\/uploads\/2020\/11\/image-357.png?resize=10%2C5 10w, https:\/\/i0.wp.com\/batimedianews.com\/live\/wp-content\/uploads\/2020\/11\/image-357.png?resize=432%2C218 432w, https:\/\/i0.wp.com\/batimedianews.com\/live\/wp-content\/uploads\/2020\/11\/image-357.png?resize=396%2C200 396w, https:\/\/i0.wp.com\/batimedianews.com\/live\/wp-content\/uploads\/2020\/11\/image-357.png?resize=660%2C334 660w, https:\/\/i0.wp.com\/batimedianews.com\/live\/wp-content\/uploads\/2020\/11\/image-357.png?resize=435%2C220 435w\" sizes=\"(max-width: 600px) 91vw, (max-width: 900px) 600px, (max-width: 1060px) 50vw, (max-width: 1200px) 520px, (max-width: 1400px) 43vw, 600px\" data-recalc-dims=\"1\" \/><\/figure>\n\n\n\n<p style=\"text-align:justify\">La plateforme MyRockfon donne acc\u00e8s \u00e0 l&rsquo;espace Superpro qui est enti\u00e8rement d\u00e9di\u00e9 aux entreprises de pose de plafonds partenaires de Rockfon. C&rsquo;est donc le dirigeant qui inscrit son entreprise et se cr\u00e9e un compte. Il a ensuite la possibilit\u00e9 de sponsoriser ses \u00e9quipes et ses sous-traitants pour que chacun puisse b\u00e9n\u00e9ficier des services de la plateforme.<\/p>\n\n\n\n<p style=\"text-align:justify\"><strong>Comment \u00e7a marche&nbsp;?&nbsp;<\/strong><\/p>\n\n\n\n<p style=\"text-align:justify\">Un fois inscrites, les entreprises de poses partenaires de rockfon ont la possibilit\u00e9 de cr\u00e9er leur page entreprise et ainsi gagner en visibilit\u00e9 sur le web. Elles peuvent y pr\u00e9senter leur(s) activit\u00e9(s), publier des photos de leurs r\u00e9alisations et ainsi d\u00e9montrer leur expertise et \u00eatre contact\u00e9 par de nouveaux prospects.&nbsp;S&rsquo;inscrire, c&rsquo;est aussi avoir l&rsquo;opportunit\u00e9 de d\u00e9velopper ses comp\u00e9tences et celles de ses \u00e9quipes en suivant des formations Rockfon (E-learning et pr\u00e9sentiel), mais aussi de b\u00e9n\u00e9ficier de contenus&nbsp;exclusifs en ligne&nbsp;: articles, conseils d&rsquo;installations, vid\u00e9os astuces, informations en avant-premi\u00e8res, etc.&nbsp;<\/p>\n\n\n\n<div class=\"wp-block-image\"><figure class=\"alignleft is-resized\"><img loading=\"lazy\" src=\"https:\/\/i2.wp.com\/batimedianews.com\/live\/wp-content\/uploads\/2020\/11\/image-358.png?resize=236%2C221\" alt=\"\" class=\"wp-image-7187\" width=\"236\" height=\"221\" srcset=\"https:\/\/i2.wp.com\/batimedianews.com\/live\/wp-content\/uploads\/2020\/11\/image-358.png?w=596 596w, https:\/\/i2.wp.com\/batimedianews.com\/live\/wp-content\/uploads\/2020\/11\/image-358.png?resize=300%2C281 300w, https:\/\/i2.wp.com\/batimedianews.com\/live\/wp-content\/uploads\/2020\/11\/image-358.png?resize=10%2C10 10w, https:\/\/i2.wp.com\/batimedianews.com\/live\/wp-content\/uploads\/2020\/11\/image-358.png?resize=432%2C404 432w, https:\/\/i2.wp.com\/batimedianews.com\/live\/wp-content\/uploads\/2020\/11\/image-358.png?resize=396%2C371 396w, https:\/\/i2.wp.com\/batimedianews.com\/live\/wp-content\/uploads\/2020\/11\/image-358.png?resize=235%2C220 235w\" sizes=\"(max-width: 600px) 91vw, (max-width: 900px) 600px, (max-width: 1060px) 50vw, (max-width: 1200px) 520px, (max-width: 1400px) 43vw, 600px\" data-recalc-dims=\"1\" \/><\/figure><\/div>\n\n\n\n<p style=\"text-align:justify\">Le fait d&rsquo;utiliser tous ces services r\u00e9guli\u00e8rement permet aux installateurs de gagner des points \u00ab&nbsp;volcan&nbsp;\u00bb et de les utiliser dans la E-boutique de la plateforme. Celle-ci propose divers cadeaux utiles pour le quotidien professionnel (sac, gourde, cutter, etc) mais aussi des services marketing comme de la signal\u00e9tique de chantier, des livres r\u00e9f\u00e9rences personnalisables etc.<\/p>\n\n\n\n<p style=\"text-align:justify\">La plateforme h\u00e9berge \u00e9galement le challenge SuperProDays. Rockfon r\u00e9compense ici les achats de ses produits en points \u00ab&nbsp;Superpro&nbsp;\u00bb. Ces derniers permettent de tenter de gagner 1, 2 ou 3 tickets pour les Superprodays, une convention Rockfon de quelques jours qui se d\u00e9roulera en Gr\u00e8ce en 2022. Au programme&nbsp;: \u00e9changes avec les experts de la marque, rencontre entre superpro, participation \u00e0 des ateliers et \u00e0 des discussions qui enrichiront leur vie professionnelle dans un lieu magnifique.<\/p>\n\n\n\n<blockquote class=\"wp-block-quote\"><p><em>\u00ab\u00a0Avec le programme MyRockfon, nous avons voulu aller au-del\u00e0 de notre volont\u00e9 d&rsquo;accompagner nos clients avec des solutions de haute qualit\u00e9. D\u00e9sormais, nous les r\u00e9compensons aussi de nous avoir choisi en les faisant b\u00e9n\u00e9ficier de tout un panel de bonus et de cadeaux !\u00bb\u00a0<\/em><strong>explique Alison Voisinet, Marketing &amp; Communication Manager de Rockfon.<\/strong><\/p><\/blockquote>\n\n\n\n<figure class=\"wp-block-image is-resized\"><img loading=\"lazy\" src=\"https:\/\/i2.wp.com\/batimedianews.com\/live\/wp-content\/uploads\/2020\/11\/image-359.png?resize=579%2C410\" alt=\"\" class=\"wp-image-7188\" width=\"579\" height=\"410\" srcset=\"https:\/\/i2.wp.com\/batimedianews.com\/live\/wp-content\/uploads\/2020\/11\/image-359.png?w=528 528w, https:\/\/i2.wp.com\/batimedianews.com\/live\/wp-content\/uploads\/2020\/11\/image-359.png?resize=300%2C213 300w, https:\/\/i2.wp.com\/batimedianews.com\/live\/wp-content\/uploads\/2020\/11\/image-359.png?resize=10%2C7 10w, https:\/\/i2.wp.com\/batimedianews.com\/live\/wp-content\/uploads\/2020\/11\/image-359.png?resize=432%2C306 432w, https:\/\/i2.wp.com\/batimedianews.com\/live\/wp-content\/uploads\/2020\/11\/image-359.png?resize=396%2C281 396w, https:\/\/i2.wp.com\/batimedianews.com\/live\/wp-content\/uploads\/2020\/11\/image-359.png?resize=311%2C220 311w\" sizes=\"(max-width: 600px) 91vw, (max-width: 900px) 600px, (max-width: 1060px) 50vw, (max-width: 1200px) 520px, (max-width: 1400px) 43vw, 600px\" data-recalc-dims=\"1\" \/><\/figure>\n","protected":false},"excerpt":{"rendered":"<p>Lanc\u00e9e au mois d&rsquo;octobre, MyRockfon est une plateforme \u00e9volutive, qui h\u00e9berge le programme de fid\u00e9lit\u00e9 \u00ab\u00a0Superpro\u00a0\u00bb de Rockfon. Source d&rsquo;information, de formations, d&rsquo;avantage marketing pour soutenir leurs activit\u00e9s\u00a0et de cadeaux, cet espace d\u00e9di\u00e9 aux entreprises de pose de plafonds a pour vocation d&rsquo;\u00eatre utile aux \u00ab\u00a0SuperPros\u00a0\u00bb et de les remercier d&rsquo;avoir choisi la marque Rockfon [&hellip;]<\/p>\n","protected":false},"author":41,"featured_media":7186,"comment_status":"open","ping_status":"open","sticky":false,"template":"","format":"standard","meta":{"spay_email":""},"categories":[4,29,51,59,77,108,124],"tags":[710,709,340,711],"jetpack_featured_media_url":"https:\/\/i0.wp.com\/batimedianews.com\/live\/wp-content\/uploads\/2020\/11\/image-357.png?fit=894%2C452","jetpack_sharing_enabled":true,"jetpack_likes_enabled":true,"jetpack-related-posts":[{"id":24310,"url":"http:\/\/batimedianews.com\/live\/index.php\/2022\/10\/11\/rockfon-presente-ses-nouvelles-solutions-acoustiques-design-concues-pour-ameliorer-le-bien-etre-des-utilisateurs-tout-en-souvrant-aux-nouvelles-tendances-biophiliques-de-la-conception\/","url_meta":{"origin":7185,"position":0},"title":"Rockfon pr\u00e9sente ses nouvelles solutions acoustiques design con\u00e7ues pour am\u00e9liorer le bien-\u00eatre des utilisateurs tout en s\u2019ouvrant aux nouvelles tendances biophiliques de la conception","date":"11 octobre 2022","format":false,"excerpt":"Paris, le 26 septembre 2022 - Face \u00e0 la place de plus en plus importante que prennent le bien-\u00eatre et la recherche de durabilit\u00e9, combin\u00e9s \u00e0 un besoin de plus de flexibilit\u00e9 et de libert\u00e9 dans la conception, Rockfon a d\u00e9velopp\u00e9 une nouvelle collection de solutions acoustiques compos\u00e9e de Rockfon\u2026","rel":"","context":"Dans &quot;Acoustique&quot;","img":{"alt_text":"","src":"https:\/\/i1.wp.com\/batimedianews.com\/live\/wp-content\/uploads\/2022\/10\/Rockfon-Article.jpg?fit=1080%2C1080&resize=350%2C200","width":350,"height":200},"classes":[]},{"id":13902,"url":"http:\/\/batimedianews.com\/live\/index.php\/2021\/12\/02\/le-musee-michel-ciry-sagrandit-et-equipe-sa-nouvelle-salle-dexposition-avec-du-rockfon-mono-acoustic\/","url_meta":{"origin":7185,"position":1},"title":"Le Mus\u00e9e Michel Ciry s&rsquo;agrandit et \u00e9quipe  sa nouvelle salle d&rsquo;exposition  avec du Rockfon Mono\u00ae Acoustic\u00ae","date":"2 d\u00e9cembre 2021","format":false,"excerpt":"Paris, le 22 novembre 2021 \u2013 Le Mus\u00e9e Michel Ciry, situ\u00e9 en Normandie \u00e0 Varengeville-sur-Mer, est un lieu culturel consacr\u00e9 aux \u0153uvres multiples de Michel Ciry, qui accueille aussi des expositions et concerts de musique classique. Les nouveaux administrateurs du mus\u00e9e ont souhait\u00e9 cr\u00e9er une extension pour accueillir les expositions\u2026","rel":"","context":"Dans &quot;Actualit\u00e9 Entreprises&quot;","img":{"alt_text":"","src":"https:\/\/i2.wp.com\/batimedianews.com\/live\/wp-content\/uploads\/2021\/11\/Rockfon-Article.jpg?fit=512%2C512&resize=350%2C200","width":350,"height":200},"classes":[]},{"id":45207,"url":"http:\/\/batimedianews.com\/live\/index.php\/2025\/05\/30\/journee-mondiale-de-lenvironnement-le-programme-rockcycle-un-levier-de-durabilite\/","url_meta":{"origin":7185,"position":2},"title":"Journ\u00e9e mondiale de l&rsquo;environnement \u2013 le programme Rockcycle, un levier de durabilit\u00e9","date":"30 mai 2025","format":false,"excerpt":"\u00c0 l'occasion de la\u00a0Journ\u00e9e mondiale de l'environnement qui se tiendra le 5 juin, Rockfon, filiale du groupe ROCKWOOL, met en lumi\u00e8re son engagement en faveur de l'\u00e9conomie circulaire\u00a0\u00e0 travers son programme\u00a0Rockcycle\u00ae, ainsi que ses solutions acoustiques durables certifi\u00e9es\u00a0Cradle to Cradle\u00ae. Rockcycle\u00ae\u00a0permet la collecte, la valorisation et le recyclage de dalles\u2026","rel":"","context":"Dans &quot;Actualit\u00e9 Entreprises&quot;","img":{"alt_text":"","src":"https:\/\/i2.wp.com\/batimedianews.com\/live\/wp-content\/uploads\/2025\/05\/rockfon-articles.jpg?fit=825%2C825&resize=350%2C200","width":350,"height":200},"classes":[]},{"id":20754,"url":"http:\/\/batimedianews.com\/live\/index.php\/2022\/06\/09\/la-samaritaine-entierement-equipee-de-rockfon-mono-acoustic-pour-ameliorer-lacoustique-de-ce-lieu-historique\/","url_meta":{"origin":7185,"position":3},"title":"La Samaritaine \u00e9quip\u00e9e de Rockfon Mono Acoustic pour am\u00e9liorer l&rsquo;acoustique de ce lieu historique","date":"9 juin 2022","format":false,"excerpt":"Le c\u00e9l\u00e8bre grand magasin de La Samaritaine situ\u00e9 au c\u0153ur de Paris, a \u00e9t\u00e9 enti\u00e8rement restaur\u00e9 et a pu r\u00e9ouvrir en juin 2021. L'enjeu majeur de ce projet exceptionnel \u00e9tait notamment de pr\u00e9server l'architecture et les \u00e9l\u00e9ments embl\u00e9matiques de ce b\u00e2timent historique, joyau de l'Art Nouveau et de l'Art D\u00e9co,\u2026","rel":"","context":"Dans &quot;Actualit\u00e9 Entreprises&quot;","img":{"alt_text":"","src":"https:\/\/i1.wp.com\/batimedianews.com\/live\/wp-content\/uploads\/2022\/06\/Rockfon-Article.jpg?fit=1080%2C1080&resize=350%2C200","width":350,"height":200},"classes":[]},{"id":4295,"url":"http:\/\/batimedianews.com\/live\/index.php\/2020\/05\/09\/alerte-chantier-rockfon-mono-acoustic\/","url_meta":{"origin":7185,"position":4},"title":"Alerte chantier : Rockfon\u00ae Mono\u00ae Acoustic","date":"9 mai 2020","format":false,"excerpt":"Rockfon\u00ae met en oeuvre son savoir-faire en termes d'acoustique et de design dans l'immeuble de bureaux 83 Grande Arm\u00e9e \u00e0 Paris Apr\u00e8s vingt-six mois de travaux, l'immeuble embl\u00e9matique de bureaux de 10 000 m2 situ\u00e9 au 83 avenue de la Grande Arm\u00e9e dans le 16\u00e8me arrondissement de Paris a r\u00e9ouvert\u2026","rel":"","context":"Dans &quot;Acoustique&quot;","img":{"alt_text":"","src":"https:\/\/i2.wp.com\/batimedianews.com\/live\/wp-content\/uploads\/2020\/05\/image-17.png?fit=476%2C476&resize=350%2C200","width":350,"height":200},"classes":[]},{"id":24759,"url":"http:\/\/batimedianews.com\/live\/index.php\/2022\/11\/15\/un-nouveau-gymnase-avec-du-rockfon-vertiq-metal-alliant-confort-acoustique-et-aspect-esthetique-a-batilly-54\/","url_meta":{"origin":7185,"position":5},"title":"Un nouveau gymnase avec du Rockfon VertiQ Metal alliant confort acoustique et aspect esth\u00e9tique \u00e0 Batilly (54)","date":"15 novembre 2022","format":false,"excerpt":"Paris, le 7 novembre 2022 \u2013 Le confort acoustique est un aspect essentiel \u00e0 prendre en compte dans les espaces int\u00e9rieurs sportifs. C'est pourquoi, la Mairie de Batilly (54) a mandat\u00e9 Jean-Pascal Piquard, architecte DPLG - Agence Piquard, pour concevoir le gymnase communal et notamment, l'acoustique et l'esth\u00e9tique de cet\u2026","rel":"","context":"Dans &quot;Acoustique&quot;","img":{"alt_text":"","src":"https:\/\/i1.wp.com\/batimedianews.com\/live\/wp-content\/uploads\/2022\/11\/Rockfon-Article.jpg?fit=1080%2C1080&resize=350%2C200","width":350,"height":200},"classes":[]}],"_links":{"self":[{"href":"http:\/\/batimedianews.com\/live\/index.php\/wp-json\/wp\/v2\/posts\/7185"}],"collection":[{"href":"http:\/\/batimedianews.com\/live\/index.php\/wp-json\/wp\/v2\/posts"}],"about":[{"href":"http:\/\/batimedianews.com\/live\/index.php\/wp-json\/wp\/v2\/types\/post"}],"author":[{"embeddable":true,"href":"http:\/\/batimedianews.com\/live\/index.php\/wp-json\/wp\/v2\/users\/41"}],"replies":[{"embeddable":true,"href":"http:\/\/batimedianews.com\/live\/index.php\/wp-json\/wp\/v2\/comments?post=7185"}],"version-history":[{"count":4,"href":"http:\/\/batimedianews.com\/live\/index.php\/wp-json\/wp\/v2\/posts\/7185\/revisions"}],"predecessor-version":[{"id":7238,"href":"http:\/\/batimedianews.com\/live\/index.php\/wp-json\/wp\/v2\/posts\/7185\/revisions\/7238"}],"wp:featuredmedia":[{"embeddable":true,"href":"http:\/\/batimedianews.com\/live\/index.php\/wp-json\/wp\/v2\/media\/7186"}],"wp:attachment":[{"href":"http:\/\/batimedianews.com\/live\/index.php\/wp-json\/wp\/v2\/media?parent=7185"}],"wp:term":[{"taxonomy":"category","embeddable":true,"href":"http:\/\/batimedianews.com\/live\/index.php\/wp-json\/wp\/v2\/categories?post=7185"},{"taxonomy":"post_tag","embeddable":true,"href":"http:\/\/batimedianews.com\/live\/index.php\/wp-json\/wp\/v2\/tags?post=7185"}],"curies":[{"name":"wp","href":"https:\/\/api.w.org\/{rel}","templated":true}]}}