{"id":7537,"date":"2020-12-30T17:06:33","date_gmt":"2020-12-30T16:06:33","guid":{"rendered":"http:\/\/batimedianews.com\/live\/?p=7537"},"modified":"2021-10-20T14:40:51","modified_gmt":"2021-10-20T12:40:51","slug":"isover-subventionne-par-lademe-dans-le-cadre-de-son-engagement-en-faveur-de-la-decarbonation","status":"publish","type":"post","link":"http:\/\/batimedianews.com\/live\/index.php\/2020\/12\/30\/isover-subventionne-par-lademe-dans-le-cadre-de-son-engagement-en-faveur-de-la-decarbonation\/","title":{"rendered":"ISOVER SUBVENTIONN\u00c9 PAR L\u2019ADEME DANS LE CADRE DE SON ENGAGEMENT EN FAVEUR DE LA D\u00c9CARBONATION"},"content":{"rendered":"\n<p style=\"text-align:justify\" class=\"has-medium-font-size\"><strong>ISOVER acc\u00e9l\u00e8re le programme de d\u00e9carbonation&nbsp;de son usine d\u2019Orange, soutenu par l\u2019ADEME<\/strong><\/p>\n\n\n\n<p style=\"text-align:justify\">ISOVER investit dans un projet engag\u00e9 et ambitieux r\u00e9pondant aux enjeux de d\u00e9carbonisation industrielle en France pour un montant de 3,8 millions d\u2019euros dont 800 000 euros seront subventionn\u00e9s par l\u2019ADEME, partenaire du plan \u201cFrance Relance\u201d.&nbsp;<\/p>\n\n\n\n<p style=\"text-align:justify\">Une subvention qui valorise les engagements et investissements d\u2019ISOVER pour ses d\u00e9marches favorables au d\u00e9veloppement durable et \u00e0 la d\u00e9carbonation, notamment dans ses usines fran\u00e7aises.&nbsp;<\/p>\n\n\n\n<p style=\"text-align:justify\" class=\"has-text-color has-medium-font-size has-luminous-vivid-amber-color\"><strong>Des investissements n\u00e9cessaires pour un constat sans appel&nbsp;<\/strong><\/p>\n\n\n\n<p style=\"text-align:justify\">Dans son plan \u201c<strong>France Relance<\/strong>\u201d, le Gouvernement a pr\u00e9vu un soutien ambitieux et volontariste des entreprises, avec <strong>1,2 milliard d\u2019euros d\u2019ici 2022 <\/strong>pour am\u00e9liorer l\u2019efficacit\u00e9 \u00e9nerg\u00e9tique, faire \u00e9voluer les proc\u00e9d\u00e9s de fabrication, notamment par le biais de l\u2019\u00e9lectrification, et d\u00e9carboner la production de chaleur.&nbsp;<\/p>\n\n\n\n<p style=\"text-align:justify\">Objectif : <strong>soutenir la comp\u00e9titivit\u00e9 \u00e9conomique et environnementale des industries <\/strong>et notamment favoriser la d\u00e9carbonation.&nbsp;<\/p>\n\n\n\n<p style=\"text-align:justify\">Le secteur du b\u00e2timent repr\u00e9sente 43 % des consommations \u00e9nerg\u00e9tiques annuelles fran\u00e7aises et g\u00e9n\u00e8re 23 % des \u00e9missions de gaz \u00e0 effet de serre (GES) fran\u00e7ais.&nbsp;<\/p>\n\n\n\n<p style=\"text-align:justify\">Pour l\u2019ADEME comme pour ISOVER, d\u00e9carboner l\u2019industrie est indispensable \u00e0 l\u2019atteinte des objectifs climatiques que la France s\u2019est fix\u00e9 : pr\u00e8s de 20 % des \u00e9missions de gaz \u00e0 effet de serre en France \u00e9tant issus des activit\u00e9s industrielles. La d\u00e9carbonation est \u00e9galement un levier de performance de l\u2019industrie fran\u00e7aise \u00e0 moyen-terme.&nbsp;<\/p>\n\n\n\n<p style=\"text-align:justify\">ISOVER France et notamment son site industriel d\u2019Orange, certifi\u00e9 ISO 50 001 (\u00e9conomie d\u2019\u00e9nergie) et ISO 14 001 (management environnemental) s\u2019est engag\u00e9 depuis plus de 20 ans dans <strong>une strat\u00e9gie environnementale exigeante <\/strong>visant \u00e0 r\u00e9duire ses consommations d\u2019\u00e9nergie et ses \u00e9missions de gaz \u00e0 effet de serre. Ces efforts r\u00e9pondent aux ambitions fortes du Groupe Saint-Gobain d\u2019atteindre la neutralit\u00e9 carbone en 2050.&nbsp;<\/p>\n\n\n\n<p style=\"text-align:justify\" class=\"has-text-color has-medium-font-size has-luminous-vivid-amber-color\"><strong>Une subvention r\u00e9compensant un projet ambitieux d\u00e9j\u00e0 bien entam\u00e9 et concret&nbsp;<\/strong><\/p>\n\n\n\n<p style=\"text-align:justify\">Cons\u00e9cutivement au plan France Relance, <strong>ISOVER anticipe une augmentation des besoins du march\u00e9 en produits isolants<\/strong>. La marque a engag\u00e9 depuis plusieurs ann\u00e9es une d\u00e9marche volontaire d\u2019introduction de calcins issus de mati\u00e8res secondaires dans ses produits, qu\u2019il s\u2019agisse de mati\u00e8res issues de verre bouteille, verre plat, pare-brise ou m\u00eame de laine de verre via son service ISOVER Recycling. L\u2019utilisation des calcins pr\u00e9sente divers avantages dont une baisse de consommation d\u2019\u00e9nergie \u00e9lectrique et une r\u00e9duction significative des \u00e9missions de CO\u2082 de sa production. C\u2019est pourquoi le site d\u2019Orange souhaite augmenter le taux de mati\u00e8res recycl\u00e9es (calcin externe) dans sa composition verri\u00e8re.&nbsp;<\/p>\n\n\n\n<p style=\"text-align:justify\">La feuille de route environnementale pour <strong>l\u2019usine d\u2019Orange vise -33 % d\u2019\u00e9missions de CO\u2082 \u00e0 l\u2019horizon 2030<\/strong>.&nbsp;<\/p>\n\n\n\n<p style=\"text-align:justify\"><strong>3 axes de d\u00e9veloppement sont pr\u00e9vus pour des travaux d\u00e9butant en septembre prochain :&nbsp;<\/strong><\/p>\n\n\n\n<p style=\"text-align:justify\">\u2022 <strong>La modification de la tour de composition verri\u00e8re<\/strong>, qui permettra d\u2019augmenter d\u2019au moins 20 % le taux de mati\u00e8res recycl\u00e9es (calcin externe) <strong>passant de 40 % \u00e0 60 % a minima <\/strong>et engendrera des \u00e9conomies d\u2019\u00e9nergie et de CO\u2082 gr\u00e2ce \u00e0 une baisse en temp\u00e9rature induite du four.&nbsp;<\/p>\n\n\n\n<p style=\"text-align:justify\"><strong>Ce projet permettra d\u2019augmenter le taux de mati\u00e8res recycl\u00e9es dans son four de fusion verri\u00e8re et de r\u00e9duire les \u00e9missions de CO\u2082 de 2 800 tonnes\/an, soit une baisse des \u00e9missions de CO\u2082 de 4 600 tonnes\/an, calcul\u00e9 sur la base du cycle de vie complet du produit.&nbsp;<\/strong><\/p>\n\n\n\n<p style=\"text-align:justify\">\u2022 <strong>L\u2019agrandissement de la zone de stockage externe des calcins<\/strong>, avec la cr\u00e9ation de 4 stands d\u2019environ 200 m\u00b2 chacun, permettant une meilleure s\u00e9paration des diverses sources et facilitant leur exploitation.&nbsp;<\/p>\n\n\n\n<p style=\"text-align:justify\">\u2022 <strong>Les \u00e9quipements permettant de transporter les mati\u00e8res premi\u00e8res <\/strong>vers le four seront remplac\u00e9s par des convoyeurs \u00e0 bande plus adapt\u00e9s.&nbsp;<\/p>\n\n\n\n<p style=\"text-align:justify\" class=\"has-background has-small-font-size has-luminous-vivid-amber-background-color\">&nbsp;<strong>\u00c0 propos d\u2019ISOVER&nbsp;<\/strong><\/p>\n\n\n\n<p style=\"text-align:justify\" class=\"has-background has-small-font-size has-luminous-vivid-amber-background-color\">ISOVER, marque du groupe Saint-Gobain, est le leader mondial des solutions d\u2019isolation durable. Depuis plus de 80 ans, ISOVER porte l\u2019innovation sur l\u2019ensemble de ses march\u00e9s et d\u00e9veloppe des isolants multi-mat\u00e9riaux pour r\u00e9pondre aux enjeux croissants de bien-\u00eatre et d\u2019efficacit\u00e9 thermique et acoustique de ses clients.&nbsp;<\/p>\n\n\n\n<p style=\"text-align:justify\" class=\"has-background has-small-font-size has-luminous-vivid-amber-background-color\">ISOVER con\u00e7oit et fabrique ses produits localement et \u00e9tudie, dans une d\u00e9marche d\u2019am\u00e9lioration continue, leur impact sur l\u2019environnement, l\u2019efficacit\u00e9 \u00e9nerg\u00e9tique, la qualit\u00e9 de l\u2019air et le confort au sein des b\u00e2timents.&nbsp;<\/p>\n\n\n\n<p><\/p>\n","protected":false},"excerpt":{"rendered":"<p>ISOVER acc\u00e9l\u00e8re le programme de d\u00e9carbonation&nbsp;de son usine d\u2019Orange, soutenu par l\u2019ADEME ISOVER investit dans un projet engag\u00e9 et ambitieux r\u00e9pondant aux enjeux de d\u00e9carbonisation industrielle en France pour un montant de 3,8 millions d\u2019euros dont 800 000 euros seront subventionn\u00e9s par l\u2019ADEME, partenaire du plan \u201cFrance Relance\u201d.&nbsp; Une subvention qui valorise les engagements et [&hellip;]<\/p>\n","protected":false},"author":41,"featured_media":7538,"comment_status":"open","ping_status":"open","sticky":false,"template":"","format":"standard","meta":{"spay_email":""},"categories":[4],"tags":[],"jetpack_featured_media_url":"https:\/\/i0.wp.com\/batimedianews.com\/live\/wp-content\/uploads\/2020\/12\/image-162.png?fit=692%2C262","jetpack_sharing_enabled":true,"jetpack_likes_enabled":true,"jetpack-related-posts":[{"id":23221,"url":"http:\/\/batimedianews.com\/live\/index.php\/2022\/09\/19\/isonat-recoit-une-subvention-de-lademe-dans-le-cadre-de-son-engagement-en-faveur-de-la-decarbonation\/","url_meta":{"origin":7537,"position":0},"title":"Isonat re\u00e7oit une subvention de l\u2019ADEME dans le cadre de son engagement en faveur de la d\u00e9carbonation","date":"19 septembre 2022","format":false,"excerpt":"D\u00e9carboner son industrie est une priorit\u00e9 pour Isonat, en droite ligne avec l\u2019objectif Net Zero Carbon de Saint-Gobain et ISOVER. Cet engagement fort a \u00e9t\u00e9 r\u00e9compens\u00e9 par l\u2019ADEME, qui a d\u00e9cid\u00e9 de financer \u00e0 hauteur de 850 000 euros cette r\u00e9duction des \u00e9missions de CO\u2082, qui sera r\u00e9alis\u00e9e \u00e0 l\u2019occasion\u2026","rel":"","context":"Dans &quot;Actualit\u00e9 Entreprises&quot;","img":{"alt_text":"","src":"https:\/\/i2.wp.com\/batimedianews.com\/live\/wp-content\/uploads\/2022\/09\/Isonat-Article.jpg?fit=1080%2C1080&resize=350%2C200","width":350,"height":200},"classes":[]},{"id":24911,"url":"http:\/\/batimedianews.com\/live\/index.php\/2022\/11\/22\/pour-isover-dechets-rime-avec-ressources\/","url_meta":{"origin":7537,"position":1},"title":"Pour Isover, \u201cd\u00e9chets\u201d rime avec \u201cressources\u201d","date":"22 novembre 2022","format":false,"excerpt":"Le secteur du b\u00e2timent g\u00e9n\u00e8re 46 millions de tonnes de d\u00e9chets par an en France, soit plus que les m\u00e9nages (environ 30 millions de tonnes) et cinq fois moins que les travaux publics (220 millions de tonnes). Les d\u00e9chets du b\u00e2timent proviennent pour plus de 90 % des travaux de\u2026","rel":"","context":"Dans &quot;D\u00e9chets&quot;","img":{"alt_text":"","src":"https:\/\/i0.wp.com\/batimedianews.com\/live\/wp-content\/uploads\/2022\/11\/Isover-Article.jpg?fit=1080%2C1080&resize=350%2C200","width":350,"height":200},"classes":[]},{"id":11967,"url":"http:\/\/batimedianews.com\/live\/index.php\/2021\/09\/13\/isover-devoile-sa-feuille-de-route-renforcee-et-agit-en-faveur-du-developpement-durable\/","url_meta":{"origin":7537,"position":2},"title":"ISOVER D\u00c9VOILE SA FEUILLE DE ROUTE RENFORC\u00c9E ET AGIT EN FAVEUR DU D\u00c9VELOPPEMENT DURABLE","date":"13 septembre 2021","format":false,"excerpt":"ISOVER, leader des solutions d\u2019isolation durable, annonce des objectifs ambitieux pour atteindre la neutralit\u00e9 carbone d\u2019ici 2050.\u00a0 \u00a0Plus que jamais, dans le contexte d\u2019urgence climatique actuel, qui bouleverse nos habitudes et change notre fa\u00e7on de vivre, la transformation environnementale est au coeur de la strat\u00e9gie d\u2019ISOVER.\u00a0 La marque, active depuis\u2026","rel":"","context":"Dans &quot;Actualit\u00e9 Entreprises&quot;","img":{"alt_text":"","src":"https:\/\/i1.wp.com\/batimedianews.com\/live\/wp-content\/uploads\/2021\/09\/Isover-Article-1.jpg?fit=512%2C512&resize=350%2C200","width":350,"height":200},"classes":[]},{"id":8868,"url":"http:\/\/batimedianews.com\/live\/index.php\/2021\/04\/29\/reduction-des-consommations-deau-un-engagement-concret-et-chiffre-disover\/","url_meta":{"origin":7537,"position":3},"title":"R\u00e9duction des consommations d\u2019eau : un engagement concret et chiffr\u00e9 d\u2019ISOVER","date":"29 avril 2021","format":false,"excerpt":"\u00c0 l\u2019occasion de la journ\u00e9e mondiale de l\u2019eau 2021, ISOVER communique les derniers r\u00e9sultats de ses engagements en faveur de la r\u00e9duction de la consommation d\u2019eau au sein de ses usines. Des chiffres qui montrent le b\u00e9n\u00e9fice environnemental de ses bonnes pratiques.\u00a0 ISOVER prend des mesures engageantes au sein de\u2026","rel":"","context":"Dans &quot;Actualit\u00e9 Entreprises&quot;","img":{"alt_text":"","src":"https:\/\/i0.wp.com\/batimedianews.com\/live\/wp-content\/uploads\/2021\/03\/image-119.png?fit=1192%2C414&resize=350%2C200","width":350,"height":200},"classes":[]},{"id":27311,"url":"http:\/\/batimedianews.com\/live\/index.php\/2023\/03\/28\/gigafactory-stellantis-douvrin-lisolation-dune-usine-dinteret-commun-europeen\/","url_meta":{"origin":7537,"position":4},"title":"Gigafactory STELLANTIS DOUVRIN &#8211; L&rsquo;isolation d&rsquo;une usine d&rsquo;int\u00e9r\u00eat commun europ\u00e9en","date":"28 mars 2023","format":false,"excerpt":"Description du chantier D\u00e9marr\u00e9 en janvier 2022, le chantier a rapidement progress\u00e9 avec 40 \u00e0 60 entreprises, et pas moins de 260 personnes, pour respecter l\u2019\u00e9ch\u00e9ance du second semestre 2023. Parmi les mat\u00e9riaux qui ont \u00e9t\u00e9 n\u00e9cessaires : \u2022 2 983 tonnes d'acier pour construire la charpente b\u00e9ton.\u00a0 \u2022 1\u2026","rel":"","context":"Dans &quot;Actualit\u00e9 Entreprises&quot;","img":{"alt_text":"","src":"https:\/\/i0.wp.com\/batimedianews.com\/live\/wp-content\/uploads\/2023\/03\/IsoverArticle.jpg?fit=1080%2C1080&resize=350%2C200","width":350,"height":200},"classes":[]},{"id":12960,"url":"http:\/\/batimedianews.com\/live\/index.php\/2021\/10\/20\/isover-recoit-un-financement-de-lue-pour-son-projet-i-loop-sur-le-recyclage-de-la-laine-de-verre\/","url_meta":{"origin":7537,"position":5},"title":"ISOVER re\u00e7oit un financement de l&rsquo;UE pour son projet I-LOOP sur le recyclage de la laine de verre","date":"20 octobre 2021","format":false,"excerpt":"Le projet I-LOOP (Insulation Glass wooL circular ecOnOmy aPproach), coordonn\u00e9 par ISOVER France, a re\u00e7u un financement du programme LIFE de l'Union Europ\u00e9enne. Lanc\u00e9 en janvier 2020, le projet I-LOOP vise \u00e0 r\u00e9duire de mani\u00e8re significative les d\u00e9chets de construction et de d\u00e9molition en d\u00e9veloppant et mettant en oeuvre une\u2026","rel":"","context":"Dans &quot;Actualit\u00e9 Entreprises&quot;","img":{"alt_text":"","src":"https:\/\/i2.wp.com\/batimedianews.com\/live\/wp-content\/uploads\/2021\/10\/Isover-Article-1.jpg?fit=512%2C512&resize=350%2C200","width":350,"height":200},"classes":[]}],"_links":{"self":[{"href":"http:\/\/batimedianews.com\/live\/index.php\/wp-json\/wp\/v2\/posts\/7537"}],"collection":[{"href":"http:\/\/batimedianews.com\/live\/index.php\/wp-json\/wp\/v2\/posts"}],"about":[{"href":"http:\/\/batimedianews.com\/live\/index.php\/wp-json\/wp\/v2\/types\/post"}],"author":[{"embeddable":true,"href":"http:\/\/batimedianews.com\/live\/index.php\/wp-json\/wp\/v2\/users\/41"}],"replies":[{"embeddable":true,"href":"http:\/\/batimedianews.com\/live\/index.php\/wp-json\/wp\/v2\/comments?post=7537"}],"version-history":[{"count":3,"href":"http:\/\/batimedianews.com\/live\/index.php\/wp-json\/wp\/v2\/posts\/7537\/revisions"}],"predecessor-version":[{"id":7658,"href":"http:\/\/batimedianews.com\/live\/index.php\/wp-json\/wp\/v2\/posts\/7537\/revisions\/7658"}],"wp:featuredmedia":[{"embeddable":true,"href":"http:\/\/batimedianews.com\/live\/index.php\/wp-json\/wp\/v2\/media\/7538"}],"wp:attachment":[{"href":"http:\/\/batimedianews.com\/live\/index.php\/wp-json\/wp\/v2\/media?parent=7537"}],"wp:term":[{"taxonomy":"category","embeddable":true,"href":"http:\/\/batimedianews.com\/live\/index.php\/wp-json\/wp\/v2\/categories?post=7537"},{"taxonomy":"post_tag","embeddable":true,"href":"http:\/\/batimedianews.com\/live\/index.php\/wp-json\/wp\/v2\/tags?post=7537"}],"curies":[{"name":"wp","href":"https:\/\/api.w.org\/{rel}","templated":true}]}}