{"id":7670,"date":"2021-01-06T11:27:08","date_gmt":"2021-01-06T10:27:08","guid":{"rendered":"http:\/\/batimedianews.com\/live\/?p=7670"},"modified":"2021-10-21T12:09:59","modified_gmt":"2021-10-21T10:09:59","slug":"lintemporelle-couleur-blanche-est-a-adopter-cet-hiver-pour-un-interieur-chic-et-elegant","status":"publish","type":"post","link":"http:\/\/batimedianews.com\/live\/index.php\/2021\/01\/06\/lintemporelle-couleur-blanche-est-a-adopter-cet-hiver-pour-un-interieur-chic-et-elegant\/","title":{"rendered":"L\u2019intemporelle couleur blanche est \u00e0 adopter cet hiver pour un int\u00e9rieur chic et \u00e9l\u00e9gant"},"content":{"rendered":"\n<p style=\"text-align:justify\">L\u2019hiver approchant petit \u00e0 petit, le blanc est une valeur s\u00fbre pour une d\u00e9co chic et \u00e9l\u00e9gante. Des luminaires blancs comme neige apportent une touche de douceur et d\u2019originalit\u00e9 \u00e0 votre int\u00e9rieur en cette p\u00e9riode de f\u00eate. Plus g\u00e9n\u00e9ralement, le blanc est une teinte discr\u00e8te mais omnipr\u00e9sente souvent synonyme de l\u00e9g\u00e8ret\u00e9 et de minimalisme. Cette couleur met en valeur n\u2019importe quel objet et apporte aux espaces hauteur et volume. C\u2019est une couleur neutre qui peut \u00eatre froide ou chaude selon les nuances de l\u2019\u00e9clairage ; elle triomphe par ailleurs de ses d\u00e9clinaisons : blanc cass\u00e9, ros\u00e9 ou encore beige..<\/p>\n\n\n\n<div class=\"wp-block-image\"><figure class=\"alignleft is-resized\"><img loading=\"lazy\" src=\"https:\/\/i0.wp.com\/batimedianews.com\/live\/wp-content\/uploads\/2021\/01\/image-1.png?resize=254%2C272\" alt=\"\" class=\"wp-image-7673\" width=\"254\" height=\"272\" srcset=\"https:\/\/i0.wp.com\/batimedianews.com\/live\/wp-content\/uploads\/2021\/01\/image-1.png?w=774 774w, https:\/\/i0.wp.com\/batimedianews.com\/live\/wp-content\/uploads\/2021\/01\/image-1.png?resize=280%2C300 280w, https:\/\/i0.wp.com\/batimedianews.com\/live\/wp-content\/uploads\/2021\/01\/image-1.png?resize=768%2C822 768w, https:\/\/i0.wp.com\/batimedianews.com\/live\/wp-content\/uploads\/2021\/01\/image-1.png?resize=10%2C10 10w, https:\/\/i0.wp.com\/batimedianews.com\/live\/wp-content\/uploads\/2021\/01\/image-1.png?resize=432%2C462 432w, https:\/\/i0.wp.com\/batimedianews.com\/live\/wp-content\/uploads\/2021\/01\/image-1.png?resize=396%2C424 396w, https:\/\/i0.wp.com\/batimedianews.com\/live\/wp-content\/uploads\/2021\/01\/image-1.png?resize=660%2C706 660w, https:\/\/i0.wp.com\/batimedianews.com\/live\/wp-content\/uploads\/2021\/01\/image-1.png?resize=206%2C220 206w\" sizes=\"(max-width: 600px) 91vw, (max-width: 900px) 600px, (max-width: 1060px) 50vw, (max-width: 1200px) 520px, (max-width: 1400px) 43vw, 600px\" data-recalc-dims=\"1\" \/><\/figure><\/div>\n\n\n\n<p style=\"text-align:justify\"><strong>Design :<\/strong> <strong>La maison danoise Muuto d\u00e9voile son \u00e9l\u00e9gante suspension E27, sign\u00e9e par le designer su\u00e9dois Ma8as St\u00e5hlbom.<\/strong><\/p>\n\n\n\n<p style=\"text-align:justify\">Cette suspension de coloris blanc offre une forme tr\u00e8s \u00e9pur\u00e9e et moderne, mettant en avant le design de l\u2019ampoule. Cette suspension apporte un style industriel \u00e0 votre espace.<\/p>\n\n\n\n<p style=\"text-align:justify\">E27 trouve parfaitement sa place dans un salon, une cuisine, une salle . manger, ou toutes autres pi\u00e8ces de votre int\u00e9rieur, id\u00e9alement suspendue au-dessus d\u2019une table\u2026<\/p>\n\n\n\n<p style=\"color:#0672a1;font-size:18px\" class=\"has-text-color\">Signed : Mattias St\u00e5hlbom<\/p>\n\n\n\n<div class=\"wp-block-image\"><figure class=\"alignright is-resized\"><img loading=\"lazy\" src=\"https:\/\/i2.wp.com\/batimedianews.com\/live\/wp-content\/uploads\/2021\/01\/image-2.png?resize=273%2C283\" alt=\"\" class=\"wp-image-7674\" width=\"273\" height=\"283\" srcset=\"https:\/\/i2.wp.com\/batimedianews.com\/live\/wp-content\/uploads\/2021\/01\/image-2.png?w=732 732w, https:\/\/i2.wp.com\/batimedianews.com\/live\/wp-content\/uploads\/2021\/01\/image-2.png?resize=288%2C300 288w, https:\/\/i2.wp.com\/batimedianews.com\/live\/wp-content\/uploads\/2021\/01\/image-2.png?resize=10%2C10 10w, https:\/\/i2.wp.com\/batimedianews.com\/live\/wp-content\/uploads\/2021\/01\/image-2.png?resize=432%2C450 432w, https:\/\/i2.wp.com\/batimedianews.com\/live\/wp-content\/uploads\/2021\/01\/image-2.png?resize=396%2C412 396w, https:\/\/i2.wp.com\/batimedianews.com\/live\/wp-content\/uploads\/2021\/01\/image-2.png?resize=660%2C687 660w, https:\/\/i2.wp.com\/batimedianews.com\/live\/wp-content\/uploads\/2021\/01\/image-2.png?resize=211%2C220 211w\" sizes=\"(max-width: 600px) 91vw, (max-width: 900px) 600px, (max-width: 1060px) 50vw, (max-width: 1200px) 520px, (max-width: 1400px) 43vw, 600px\" data-recalc-dims=\"1\" \/><\/figure><\/div>\n\n\n\n<p style=\"text-align:justify\"><strong>Design : Le lustre Ball multi est con\u00e7u par Benny Frandsen pour sa marque danoise.<\/strong><\/p>\n\n\n\n<p style=\"text-align:justify\">Con\u00e7ue en 1968, Ball est le symbole des seventies. Cette lampe ronde en m\u00e9tal color\u00e9 est devenue un objet culte du design scandinave : dans les ann\u00e9es 1970, elle se trouvait dans la plupart des maisons danoises.<\/p>\n\n\n\n<p style=\"text-align:justify\">Au fil des ann\u00e9es, ce classique du design danois a \u00e9volu\u00e9 en suivant les tendances de l&rsquo;\u00e9poque.<\/p>\n\n\n\n<p style=\"color:#03709f;font-size:19px\" class=\"has-text-color\">Signed : Benny Frandsen<\/p>\n\n\n\n<div class=\"wp-block-image\"><figure class=\"alignright is-resized\"><img loading=\"lazy\" src=\"https:\/\/i0.wp.com\/batimedianews.com\/live\/wp-content\/uploads\/2021\/01\/image-3.png?resize=307%2C324\" alt=\"\" class=\"wp-image-7675\" width=\"307\" height=\"324\" srcset=\"https:\/\/i0.wp.com\/batimedianews.com\/live\/wp-content\/uploads\/2021\/01\/image-3.png?w=790 790w, https:\/\/i0.wp.com\/batimedianews.com\/live\/wp-content\/uploads\/2021\/01\/image-3.png?resize=283%2C300 283w, https:\/\/i0.wp.com\/batimedianews.com\/live\/wp-content\/uploads\/2021\/01\/image-3.png?resize=768%2C813 768w, https:\/\/i0.wp.com\/batimedianews.com\/live\/wp-content\/uploads\/2021\/01\/image-3.png?resize=10%2C10 10w, https:\/\/i0.wp.com\/batimedianews.com\/live\/wp-content\/uploads\/2021\/01\/image-3.png?resize=432%2C457 432w, https:\/\/i0.wp.com\/batimedianews.com\/live\/wp-content\/uploads\/2021\/01\/image-3.png?resize=396%2C419 396w, https:\/\/i0.wp.com\/batimedianews.com\/live\/wp-content\/uploads\/2021\/01\/image-3.png?resize=660%2C698 660w, https:\/\/i0.wp.com\/batimedianews.com\/live\/wp-content\/uploads\/2021\/01\/image-3.png?resize=208%2C220 208w\" sizes=\"(max-width: 600px) 91vw, (max-width: 900px) 600px, (max-width: 1060px) 50vw, (max-width: 1200px) 520px, (max-width: 1400px) 43vw, 600px\" data-recalc-dims=\"1\" \/><\/figure><\/div>\n\n\n\n<p style=\"text-align:justify\"><strong>Design : Balloton Pill est une suspension imagin\u00e9e par MaNeo Zorzoneni pour MM Lampadari.<\/strong><\/p>\n\n\n\n<p style=\"text-align:justify\">Ballonton Pill est une suspension en forme de cachet stylis\u00e9 compos\u00e9 de deux \u00e9l\u00e9ments encastr\u00e9s. L\u2019\u00e9l\u00e9ment du dessus est en m\u00e9tal et l\u2019\u00e9l\u00e9ment du dessous est en verre souffl\u00e9.<\/p>\n\n\n\n<p style=\"text-align:justify\">Balloton Pill est une belle mise en lumi\u00e8re de la technique artisanale du verre souffl\u00e9, soulign\u00e9 par le contraste de mati\u00e8re avec le m\u00e9tal.<\/p>\n\n\n\n<p style=\"color:#02709f;font-size:19px;text-align:justify\" class=\"has-text-color\">Signed : Matteo Zorzoneni<\/p>\n\n\n\n<div class=\"wp-block-image\"><figure class=\"alignleft is-resized\"><img loading=\"lazy\" src=\"https:\/\/i0.wp.com\/batimedianews.com\/live\/wp-content\/uploads\/2021\/01\/image-4.png?resize=290%2C261\" alt=\"\" class=\"wp-image-7677\" width=\"290\" height=\"261\" srcset=\"https:\/\/i0.wp.com\/batimedianews.com\/live\/wp-content\/uploads\/2021\/01\/image-4.png?w=824 824w, https:\/\/i0.wp.com\/batimedianews.com\/live\/wp-content\/uploads\/2021\/01\/image-4.png?resize=300%2C270 300w, https:\/\/i0.wp.com\/batimedianews.com\/live\/wp-content\/uploads\/2021\/01\/image-4.png?resize=768%2C692 768w, https:\/\/i0.wp.com\/batimedianews.com\/live\/wp-content\/uploads\/2021\/01\/image-4.png?resize=10%2C10 10w, https:\/\/i0.wp.com\/batimedianews.com\/live\/wp-content\/uploads\/2021\/01\/image-4.png?resize=432%2C389 432w, https:\/\/i0.wp.com\/batimedianews.com\/live\/wp-content\/uploads\/2021\/01\/image-4.png?resize=396%2C357 396w, https:\/\/i0.wp.com\/batimedianews.com\/live\/wp-content\/uploads\/2021\/01\/image-4.png?resize=660%2C594 660w, https:\/\/i0.wp.com\/batimedianews.com\/live\/wp-content\/uploads\/2021\/01\/image-4.png?resize=244%2C220 244w\" sizes=\"(max-width: 600px) 91vw, (max-width: 900px) 600px, (max-width: 1060px) 50vw, (max-width: 1200px) 520px, (max-width: 1400px) 43vw, 600px\" data-recalc-dims=\"1\" \/><\/figure><\/div>\n\n\n\n<p style=\"text-align:justify\"><strong>Design : D\u00e9couvrez l\u2019une des suspensions de la collection Sweet de la maison italienne Gervasoni.<\/strong><\/p>\n\n\n\n<p style=\"text-align:justify\">La Sweet 95 est l\u2019oeuvre de la c\u00e9l\u00e8bre designer Paola Navone. D\u2019un design \u00e9pur\u00e9 et d\u2019une forme assez simple, ce luminaire s\u00e9duit par son c\u00f4t\u00e9 urbain et naturel.<\/p>\n\n\n\n<p style=\"text-align:justify\">La suspension propos\u00e9e en blanc brillant donne un look assez moderne et contemporain \u00e0 ce luminaire.<\/p>\n\n\n\n<p style=\"color:#04719f;font-size:19px;text-align:justify\" class=\"has-text-color\">Signed : Paola Navone<\/p>\n\n\n\n<div class=\"wp-block-image\"><figure class=\"alignright is-resized\"><img loading=\"lazy\" src=\"https:\/\/i1.wp.com\/batimedianews.com\/live\/wp-content\/uploads\/2021\/01\/image-5.png?resize=238%2C248\" alt=\"\" class=\"wp-image-7678\" width=\"238\" height=\"248\" srcset=\"https:\/\/i1.wp.com\/batimedianews.com\/live\/wp-content\/uploads\/2021\/01\/image-5.png?w=824 824w, https:\/\/i1.wp.com\/batimedianews.com\/live\/wp-content\/uploads\/2021\/01\/image-5.png?resize=287%2C300 287w, https:\/\/i1.wp.com\/batimedianews.com\/live\/wp-content\/uploads\/2021\/01\/image-5.png?resize=768%2C803 768w, https:\/\/i1.wp.com\/batimedianews.com\/live\/wp-content\/uploads\/2021\/01\/image-5.png?resize=10%2C10 10w, https:\/\/i1.wp.com\/batimedianews.com\/live\/wp-content\/uploads\/2021\/01\/image-5.png?resize=432%2C452 432w, https:\/\/i1.wp.com\/batimedianews.com\/live\/wp-content\/uploads\/2021\/01\/image-5.png?resize=396%2C414 396w, https:\/\/i1.wp.com\/batimedianews.com\/live\/wp-content\/uploads\/2021\/01\/image-5.png?resize=660%2C690 660w, https:\/\/i1.wp.com\/batimedianews.com\/live\/wp-content\/uploads\/2021\/01\/image-5.png?resize=210%2C220 210w\" sizes=\"(max-width: 600px) 91vw, (max-width: 900px) 600px, (max-width: 1060px) 50vw, (max-width: 1200px) 520px, (max-width: 1400px) 43vw, 600px\" data-recalc-dims=\"1\" \/><\/figure><\/div>\n\n\n\n<p style=\"text-align:justify\"><strong>Design : L\u2019\u00e9tonnante suspension Stochastic est imagin\u00e9e par le norv\u00e9gien Daniel Rybakken et \u00e9dit\u00e9e par la maison Luceplan !<\/strong><\/p>\n\n\n\n<p style=\"text-align:justify\">L\u2019adjectif stochastique renvoi \u00e0 ce qui est al\u00e9atoire, qui rel\u00e8ve du hasard d\u2019o\u00f9 le nom de ce lustre. Une suspension loin des traditions o\u00f9 chaque mod\u00e8le est unique. En effet, la forme en grappe de Stochastic est obtenue gr\u00e2ce \u00e0 de longues barres de diff\u00e9rentes tailles rattach\u00e9es \u00e0 des sph\u00e8res.<\/p>\n\n\n\n<p style=\"color:#046f9d;font-size:19px;text-align:justify\" class=\"has-text-color\">Signed : Daniel Rybakken<\/p>\n\n\n\n<div class=\"wp-block-image\"><figure class=\"alignleft is-resized\"><img loading=\"lazy\" src=\"https:\/\/i0.wp.com\/batimedianews.com\/live\/wp-content\/uploads\/2021\/01\/image-6.png?resize=216%2C205\" alt=\"\" class=\"wp-image-7679\" width=\"216\" height=\"205\" srcset=\"https:\/\/i0.wp.com\/batimedianews.com\/live\/wp-content\/uploads\/2021\/01\/image-6.png?w=824 824w, https:\/\/i0.wp.com\/batimedianews.com\/live\/wp-content\/uploads\/2021\/01\/image-6.png?resize=300%2C285 300w, https:\/\/i0.wp.com\/batimedianews.com\/live\/wp-content\/uploads\/2021\/01\/image-6.png?resize=768%2C729 768w, https:\/\/i0.wp.com\/batimedianews.com\/live\/wp-content\/uploads\/2021\/01\/image-6.png?resize=10%2C10 10w, https:\/\/i0.wp.com\/batimedianews.com\/live\/wp-content\/uploads\/2021\/01\/image-6.png?resize=432%2C410 432w, https:\/\/i0.wp.com\/batimedianews.com\/live\/wp-content\/uploads\/2021\/01\/image-6.png?resize=396%2C376 396w, https:\/\/i0.wp.com\/batimedianews.com\/live\/wp-content\/uploads\/2021\/01\/image-6.png?resize=660%2C626 660w, https:\/\/i0.wp.com\/batimedianews.com\/live\/wp-content\/uploads\/2021\/01\/image-6.png?resize=232%2C220 232w\" sizes=\"(max-width: 600px) 91vw, (max-width: 900px) 600px, (max-width: 1060px) 50vw, (max-width: 1200px) 520px, (max-width: 1400px) 43vw, 600px\" data-recalc-dims=\"1\" \/><\/figure><\/div>\n\n\n\n<p style=\"text-align:justify\"><strong>Design : D\u00e9couvrez la fameuse lampe \u00e0 poser Wire, dessin\u00e9e par Verner Panton.<\/strong><\/p>\n\n\n\n<p style=\"text-align:justify\">La lampe \u00e0 poser Wire est imagin\u00e9e par Verner Panton en 1972 et r\u00e9\u00e9dit\u00e9 par la maison d\u2019\u00e9diton Verpan, qui se charge de faire renaitre les oeuvres du designer danois, en collaboration avec sa femme Marianne Panton.<\/p>\n\n\n\n<p style=\"text-align:justify\">Verner Panton est un c\u00e9l\u00e8bre designer connu pour ses incroyables cr\u00e9ations et ses explosions de couleurs, qui attiraient des foules de son vivant.<\/p>\n\n\n\n<p style=\"color:#046f9d;font-size:19px;text-align:justify\" class=\"has-text-color\">Signed : Verner Panton<\/p>\n\n\n\n<div class=\"wp-block-image\"><figure class=\"alignright is-resized\"><img loading=\"lazy\" src=\"https:\/\/i2.wp.com\/batimedianews.com\/live\/wp-content\/uploads\/2021\/01\/image-7.png?resize=243%2C210\" alt=\"\" class=\"wp-image-7680\" width=\"243\" height=\"210\" srcset=\"https:\/\/i2.wp.com\/batimedianews.com\/live\/wp-content\/uploads\/2021\/01\/image-7.png?w=824 824w, https:\/\/i2.wp.com\/batimedianews.com\/live\/wp-content\/uploads\/2021\/01\/image-7.png?resize=300%2C261 300w, https:\/\/i2.wp.com\/batimedianews.com\/live\/wp-content\/uploads\/2021\/01\/image-7.png?resize=768%2C667 768w, https:\/\/i2.wp.com\/batimedianews.com\/live\/wp-content\/uploads\/2021\/01\/image-7.png?resize=10%2C10 10w, https:\/\/i2.wp.com\/batimedianews.com\/live\/wp-content\/uploads\/2021\/01\/image-7.png?resize=432%2C375 432w, https:\/\/i2.wp.com\/batimedianews.com\/live\/wp-content\/uploads\/2021\/01\/image-7.png?resize=396%2C344 396w, https:\/\/i2.wp.com\/batimedianews.com\/live\/wp-content\/uploads\/2021\/01\/image-7.png?resize=660%2C573 660w, https:\/\/i2.wp.com\/batimedianews.com\/live\/wp-content\/uploads\/2021\/01\/image-7.png?resize=253%2C220 253w\" sizes=\"(max-width: 600px) 91vw, (max-width: 900px) 600px, (max-width: 1060px) 50vw, (max-width: 1200px) 520px, (max-width: 1400px) 43vw, 600px\" data-recalc-dims=\"1\" \/><\/figure><\/div>\n\n\n\n<p style=\"text-align:justify\"><strong>Design : Mythique, Cobra est expos\u00e9e dans les plus grands mus\u00e9es du monde entier.<\/strong><\/p>\n\n\n\n<p style=\"text-align:justify\">Cette lampe iconique fut dessin\u00e9e en 1968 par Elio Martinelli pour la maison italienne Martinelli Luce.<\/p>\n\n\n\n<p style=\"text-align:justify\">Elle repr\u00e9sente l&rsquo;une des premi\u00e8res lampes en r\u00e9sine produites avec un syst\u00e8me de moulage particulier. Cette lampe se caract\u00e9rise par une ligne simple et par une forme g\u00e9om\u00e9trique inscrite dans une sph\u00e8re. Gr\u00e2ce \u00e0 la rotation du bras, le r\u00e9flecteur rappelle la forme d&rsquo;un cobra pr\u00eat \u00e0 bondir.<\/p>\n\n\n\n<p style=\"color:#0374a5;font-size:19px;text-align:justify\" class=\"has-text-color\">Signed : Elio Martinelli<\/p>\n\n\n\n<div class=\"wp-block-image\"><figure class=\"alignleft is-resized\"><img loading=\"lazy\" src=\"https:\/\/i1.wp.com\/batimedianews.com\/live\/wp-content\/uploads\/2021\/01\/image-8.png?resize=267%2C231\" alt=\"\" class=\"wp-image-7681\" width=\"267\" height=\"231\" srcset=\"https:\/\/i1.wp.com\/batimedianews.com\/live\/wp-content\/uploads\/2021\/01\/image-8.png?w=824 824w, https:\/\/i1.wp.com\/batimedianews.com\/live\/wp-content\/uploads\/2021\/01\/image-8.png?resize=300%2C261 300w, https:\/\/i1.wp.com\/batimedianews.com\/live\/wp-content\/uploads\/2021\/01\/image-8.png?resize=768%2C667 768w, https:\/\/i1.wp.com\/batimedianews.com\/live\/wp-content\/uploads\/2021\/01\/image-8.png?resize=10%2C10 10w, https:\/\/i1.wp.com\/batimedianews.com\/live\/wp-content\/uploads\/2021\/01\/image-8.png?resize=432%2C375 432w, https:\/\/i1.wp.com\/batimedianews.com\/live\/wp-content\/uploads\/2021\/01\/image-8.png?resize=396%2C344 396w, https:\/\/i1.wp.com\/batimedianews.com\/live\/wp-content\/uploads\/2021\/01\/image-8.png?resize=660%2C573 660w, https:\/\/i1.wp.com\/batimedianews.com\/live\/wp-content\/uploads\/2021\/01\/image-8.png?resize=253%2C220 253w\" sizes=\"(max-width: 600px) 91vw, (max-width: 900px) 600px, (max-width: 1060px) 50vw, (max-width: 1200px) 520px, (max-width: 1400px) 43vw, 600px\" data-recalc-dims=\"1\" \/><\/figure><\/div>\n\n\n\n<p style=\"text-align:justify\"><strong>Design : Binic est une lampe \u00e0 poser dessin\u00e9e par Ionna Vautrin pour la marque Foscarini en 2010.<\/strong><\/p>\n\n\n\n<p style=\"text-align:justify\">Binic tire son nom d\u2019un phare des c\u00f4tes bretonnes. L\u2019inspiration de l\u2019univers marin se traduit \u00e9galement par sa forme, qui n\u2019est pas sans rappeler l\u2019allure des manches \u00e0 air des ponts de bateaux.<\/p>\n\n\n\n<p style=\"text-align:justify\">La silhouette de la lampe, bien que minimaliste, surprend : une grande t\u00eate arrondie tr\u00f4ne sur un pied conique, d\u00e9fiant les lois de la gravit\u00e9.<\/p>\n\n\n\n<p style=\"color:#0472a1;font-size:19px;text-align:justify\" class=\"has-text-color\">Signed : Ionna Vautrin<\/p>\n\n\n\n<div class=\"wp-block-image\"><figure class=\"alignright is-resized\"><img loading=\"lazy\" src=\"https:\/\/i1.wp.com\/batimedianews.com\/live\/wp-content\/uploads\/2021\/01\/image-9.png?resize=255%2C279\" alt=\"\" class=\"wp-image-7682\" width=\"255\" height=\"279\" srcset=\"https:\/\/i1.wp.com\/batimedianews.com\/live\/wp-content\/uploads\/2021\/01\/image-9.png?w=734 734w, https:\/\/i1.wp.com\/batimedianews.com\/live\/wp-content\/uploads\/2021\/01\/image-9.png?resize=274%2C300 274w, https:\/\/i1.wp.com\/batimedianews.com\/live\/wp-content\/uploads\/2021\/01\/image-9.png?resize=10%2C10 10w, https:\/\/i1.wp.com\/batimedianews.com\/live\/wp-content\/uploads\/2021\/01\/image-9.png?resize=432%2C473 432w, https:\/\/i1.wp.com\/batimedianews.com\/live\/wp-content\/uploads\/2021\/01\/image-9.png?resize=396%2C434 396w, https:\/\/i1.wp.com\/batimedianews.com\/live\/wp-content\/uploads\/2021\/01\/image-9.png?resize=660%2C723 660w, https:\/\/i1.wp.com\/batimedianews.com\/live\/wp-content\/uploads\/2021\/01\/image-9.png?resize=201%2C220 201w\" sizes=\"(max-width: 600px) 91vw, (max-width: 900px) 600px, (max-width: 1060px) 50vw, (max-width: 1200px) 520px, (max-width: 1400px) 43vw, 600px\" data-recalc-dims=\"1\" \/><\/figure><\/div>\n\n\n\n<p style=\"text-align:justify\"><strong>Design : D\u00e9couvrez la lampe \u00e0 poser Swirl !<\/strong><\/p>\n\n\n\n<p style=\"text-align:justify\">La lampe \u00e0 poser Swirl est une oeuvre du designer \u2300ivind Slaatto pour la maison d\u2019\u00e9dition Le Klint.<\/p>\n\n\n\n<p style=\"text-align:justify\">Pour la cr\u00e9ation de sa collection Swirl, le designer danois \u2300ivind Slaatto s\u2019est inspir\u00e9 de la nature et des principes math\u00e9matiques de base. En concevant ce design \u00e0 la fois technique et fascinant, Slaatto d\u00e9sirait trouver un moyen d\u2019int\u00e9grer la construction d\u00e9taill\u00e9e de la coquille d\u2019un escargot ainsi que sa fascination pour les fractales, qui sont des objets math\u00e9matique aux allures de courbes.<\/p>\n\n\n\n<p style=\"color:#0373a3;font-size:19px;text-align:justify\" class=\"has-text-color\">Signed : \u00d8ivind Slaatto<\/p>\n\n\n\n<div class=\"wp-block-image\"><figure class=\"alignleft is-resized\"><img loading=\"lazy\" src=\"https:\/\/i0.wp.com\/batimedianews.com\/live\/wp-content\/uploads\/2021\/01\/image-10.png?resize=271%2C279\" alt=\"\" class=\"wp-image-7683\" width=\"271\" height=\"279\" srcset=\"https:\/\/i0.wp.com\/batimedianews.com\/live\/wp-content\/uploads\/2021\/01\/image-10.png?w=794 794w, https:\/\/i0.wp.com\/batimedianews.com\/live\/wp-content\/uploads\/2021\/01\/image-10.png?resize=290%2C300 290w, https:\/\/i0.wp.com\/batimedianews.com\/live\/wp-content\/uploads\/2021\/01\/image-10.png?resize=768%2C793 768w, https:\/\/i0.wp.com\/batimedianews.com\/live\/wp-content\/uploads\/2021\/01\/image-10.png?resize=10%2C10 10w, https:\/\/i0.wp.com\/batimedianews.com\/live\/wp-content\/uploads\/2021\/01\/image-10.png?resize=432%2C446 432w, https:\/\/i0.wp.com\/batimedianews.com\/live\/wp-content\/uploads\/2021\/01\/image-10.png?resize=396%2C409 396w, https:\/\/i0.wp.com\/batimedianews.com\/live\/wp-content\/uploads\/2021\/01\/image-10.png?resize=660%2C682 660w, https:\/\/i0.wp.com\/batimedianews.com\/live\/wp-content\/uploads\/2021\/01\/image-10.png?resize=213%2C220 213w\" sizes=\"(max-width: 600px) 91vw, (max-width: 900px) 600px, (max-width: 1060px) 50vw, (max-width: 1200px) 520px, (max-width: 1400px) 43vw, 600px\" data-recalc-dims=\"1\" \/><\/figure><\/div>\n\n\n\n<p style=\"text-align:justify\"><strong>Design : Une p\u00e9pite du design!<\/strong><\/p>\n\n\n\n<p style=\"text-align:justify\">Voici la suspension FlowerPot VP7 de coloris blanc, dessin\u00e9e par le c\u00e9l\u00e8bre designer scandinave, Verner Panton en 1968 et \u00e9dit\u00e9e par la maison danoise AndTradition. Le luminaire FlowerPot aux formes simples et rondes est devenu une ic\u00f4ne du design des ann\u00e9es 70 et a su traverser les d\u00e9cennies sans complexe !<\/p>\n\n\n\n<p style=\"text-align:justify\">Cette suspension au look r\u00e9tro est un emboitement de deux coupoles en acier laqu\u00e9s de tailles diff\u00e9rentes.<\/p>\n\n\n\n<p style=\"color:#026f9d;font-size:19px\" class=\"has-text-color\">Signed : Verner Panton<\/p>\n\n\n\n<div class=\"wp-block-image\"><figure class=\"alignleft is-resized\"><img loading=\"lazy\" src=\"https:\/\/i2.wp.com\/batimedianews.com\/live\/wp-content\/uploads\/2021\/01\/image-11.png?resize=206%2C212\" alt=\"\" class=\"wp-image-7684\" width=\"206\" height=\"212\" srcset=\"https:\/\/i2.wp.com\/batimedianews.com\/live\/wp-content\/uploads\/2021\/01\/image-11.png?w=794 794w, https:\/\/i2.wp.com\/batimedianews.com\/live\/wp-content\/uploads\/2021\/01\/image-11.png?resize=290%2C300 290w, https:\/\/i2.wp.com\/batimedianews.com\/live\/wp-content\/uploads\/2021\/01\/image-11.png?resize=768%2C793 768w, https:\/\/i2.wp.com\/batimedianews.com\/live\/wp-content\/uploads\/2021\/01\/image-11.png?resize=10%2C10 10w, https:\/\/i2.wp.com\/batimedianews.com\/live\/wp-content\/uploads\/2021\/01\/image-11.png?resize=432%2C446 432w, https:\/\/i2.wp.com\/batimedianews.com\/live\/wp-content\/uploads\/2021\/01\/image-11.png?resize=396%2C409 396w, https:\/\/i2.wp.com\/batimedianews.com\/live\/wp-content\/uploads\/2021\/01\/image-11.png?resize=660%2C682 660w, https:\/\/i2.wp.com\/batimedianews.com\/live\/wp-content\/uploads\/2021\/01\/image-11.png?resize=213%2C220 213w\" sizes=\"(max-width: 600px) 91vw, (max-width: 900px) 600px, (max-width: 1060px) 50vw, (max-width: 1200px) 520px, (max-width: 1400px) 43vw, 600px\" data-recalc-dims=\"1\" \/><\/figure><\/div>\n\n\n\n<p style=\"text-align:justify\"><strong>Design : Succombez au charme de la lampe \u00e0 poser petite 4620 de la maison d\u2019\u00e9dition Secto Design, sign\u00e9e Seppo Koho.<\/strong><\/p>\n\n\n\n<p style=\"text-align:justify\">Fabriqu\u00e9 \u00e0 base de bouleau certifi\u00e9 PEFC, promouvoir la gestion durable de la for\u00eat en Finlande, par des artisans hautement qualifi\u00e9s.<\/p>\n\n\n\n<p style=\"text-align:justify\">Un membre de la nouvelle petite famille. Comme son nom le dit, ce petit s&rsquo;adapte bien o\u00f9 vous souhaitez le placer. Pointer la lumi\u00e8re est facile gr\u00e2ce \u00e0 l&rsquo;ombre qui tourne doucement.<\/p>\n\n\n\n<p style=\"color:#0372a1;font-size:19px;text-align:justify\" class=\"has-text-color\">Signed : Seppo Koho<\/p>\n\n\n\n<div class=\"wp-block-image\"><figure class=\"alignleft is-resized\"><img loading=\"lazy\" src=\"https:\/\/i2.wp.com\/batimedianews.com\/live\/wp-content\/uploads\/2021\/01\/image-12.png?resize=250%2C257\" alt=\"\" class=\"wp-image-7685\" width=\"250\" height=\"257\" srcset=\"https:\/\/i2.wp.com\/batimedianews.com\/live\/wp-content\/uploads\/2021\/01\/image-12.png?w=794 794w, https:\/\/i2.wp.com\/batimedianews.com\/live\/wp-content\/uploads\/2021\/01\/image-12.png?resize=768%2C793 768w, https:\/\/i2.wp.com\/batimedianews.com\/live\/wp-content\/uploads\/2021\/01\/image-12.png?resize=10%2C10 10w, https:\/\/i2.wp.com\/batimedianews.com\/live\/wp-content\/uploads\/2021\/01\/image-12.png?resize=432%2C446 432w, https:\/\/i2.wp.com\/batimedianews.com\/live\/wp-content\/uploads\/2021\/01\/image-12.png?resize=396%2C409 396w, https:\/\/i2.wp.com\/batimedianews.com\/live\/wp-content\/uploads\/2021\/01\/image-12.png?resize=660%2C682 660w, https:\/\/i2.wp.com\/batimedianews.com\/live\/wp-content\/uploads\/2021\/01\/image-12.png?resize=213%2C220 213w\" sizes=\"(max-width: 600px) 91vw, (max-width: 900px) 600px, (max-width: 1060px) 50vw, (max-width: 1200px) 520px, (max-width: 1400px) 43vw, 600px\" data-recalc-dims=\"1\" \/><\/figure><\/div>\n\n\n\n<p style=\"text-align:justify\"><strong>Design : Voici une lampe des plus originales !<\/strong><\/p>\n\n\n\n<p style=\"text-align:justify\">Ce nuage lumineux con\u00e7u par le duo hollandais va vous \u00e9tonner.<\/p>\n\n\n\n<p style=\"text-align:justify\">Cette suspension peut \u00eatre froiss\u00e9e \u00e0 l\u2019infini et garder sa nouvelle forme gr\u00e2ce au mat\u00e9riau \u00e0 m\u00e9moire de forme qui la compose.<\/p>\n\n\n\n<p style=\"text-align:justify\">Dans un s\u00e9jour, une chambre, un couloir, la Proplamp trouvera sa place dans toutes les pi\u00e8ces de la maison et apportera une douce lumi\u00e8re \u00e0 votre int\u00e9rieur.<\/p>\n\n\n\n<p style=\"color:#04719f;font-size:19px;text-align:justify\" class=\"has-text-color\">Signed : Margje Teeuwen<\/p>\n\n\n\n<div class=\"wp-block-image\"><figure class=\"alignright is-resized\"><img loading=\"lazy\" src=\"https:\/\/i2.wp.com\/batimedianews.com\/live\/wp-content\/uploads\/2021\/01\/image-13.png?resize=253%2C223\" alt=\"\" class=\"wp-image-7686\" width=\"253\" height=\"223\" srcset=\"https:\/\/i2.wp.com\/batimedianews.com\/live\/wp-content\/uploads\/2021\/01\/image-13.png?w=794 794w, https:\/\/i2.wp.com\/batimedianews.com\/live\/wp-content\/uploads\/2021\/01\/image-13.png?resize=300%2C264 300w, https:\/\/i2.wp.com\/batimedianews.com\/live\/wp-content\/uploads\/2021\/01\/image-13.png?resize=768%2C677 768w, https:\/\/i2.wp.com\/batimedianews.com\/live\/wp-content\/uploads\/2021\/01\/image-13.png?resize=10%2C10 10w, https:\/\/i2.wp.com\/batimedianews.com\/live\/wp-content\/uploads\/2021\/01\/image-13.png?resize=432%2C381 432w, https:\/\/i2.wp.com\/batimedianews.com\/live\/wp-content\/uploads\/2021\/01\/image-13.png?resize=396%2C349 396w, https:\/\/i2.wp.com\/batimedianews.com\/live\/wp-content\/uploads\/2021\/01\/image-13.png?resize=660%2C582 660w, https:\/\/i2.wp.com\/batimedianews.com\/live\/wp-content\/uploads\/2021\/01\/image-13.png?resize=250%2C220 250w\" sizes=\"(max-width: 600px) 91vw, (max-width: 900px) 600px, (max-width: 1060px) 50vw, (max-width: 1200px) 520px, (max-width: 1400px) 43vw, 600px\" data-recalc-dims=\"1\" \/><\/figure><\/div>\n\n\n\n<p style=\"text-align:justify\"><strong>Design : Roberto Celada et Raquel Esteve, couple de designers espagnols, nous  d\u00e9voilent leur sublime cr\u00e9ation Soft Light en forme de nuage, pour la maison d\u2019\u00e9dition Buokids.<\/strong><\/p>\n\n\n\n<p style=\"text-align:justify\">L\u2019applique est en fibres de polyester fabriqu\u00e9 \u00e0 partir de bouteilles en plastique recycl\u00e9es. Totalement \u00e9codesign ! De plus, elle diffuse une lumi\u00e8re douce et chaleureuse, id\u00e9ale pour les chambres d&rsquo;enfants.<\/p>\n\n\n\n<p style=\"color:#0472a1;font-size:19px;text-align:justify\" class=\"has-text-color\">Signed : Roberto Celada et Raquel Esteve <\/p>\n\n\n\n<div class=\"wp-block-image\"><figure class=\"alignleft is-resized\"><img loading=\"lazy\" src=\"https:\/\/i1.wp.com\/batimedianews.com\/live\/wp-content\/uploads\/2021\/01\/image-14.png?resize=252%2C222\" alt=\"\" class=\"wp-image-7687\" width=\"252\" height=\"222\" srcset=\"https:\/\/i1.wp.com\/batimedianews.com\/live\/wp-content\/uploads\/2021\/01\/image-14.png?w=794 794w, https:\/\/i1.wp.com\/batimedianews.com\/live\/wp-content\/uploads\/2021\/01\/image-14.png?resize=300%2C264 300w, https:\/\/i1.wp.com\/batimedianews.com\/live\/wp-content\/uploads\/2021\/01\/image-14.png?resize=768%2C677 768w, https:\/\/i1.wp.com\/batimedianews.com\/live\/wp-content\/uploads\/2021\/01\/image-14.png?resize=10%2C10 10w, https:\/\/i1.wp.com\/batimedianews.com\/live\/wp-content\/uploads\/2021\/01\/image-14.png?resize=432%2C381 432w, https:\/\/i1.wp.com\/batimedianews.com\/live\/wp-content\/uploads\/2021\/01\/image-14.png?resize=396%2C349 396w, https:\/\/i1.wp.com\/batimedianews.com\/live\/wp-content\/uploads\/2021\/01\/image-14.png?resize=660%2C582 660w, https:\/\/i1.wp.com\/batimedianews.com\/live\/wp-content\/uploads\/2021\/01\/image-14.png?resize=250%2C220 250w\" sizes=\"(max-width: 600px) 91vw, (max-width: 900px) 600px, (max-width: 1060px) 50vw, (max-width: 1200px) 520px, (max-width: 1400px) 43vw, 600px\" data-recalc-dims=\"1\" \/><\/figure><\/div>\n\n\n\n<p style=\"text-align:justify\"><strong>Design : Favourite Things, une suspension qui vous permettra de cr\u00e9er un petit univers \u00e0 son int\u00e9rieur !<\/strong><\/p>\n\n\n\n<p style=\"text-align:justify\">Cr\u00e9\u00e9e par la maison d&rsquo;\u00e9dition fran\u00e7aise eno studio, et d\u00e9sign\u00e9e par Chen Karlsson, cette suspension surprenante au design original poss\u00e8de un diffuseur transparent, qui permet de mettre en sc\u00e8ne toutes sortes de petits objets, selon les envies et id\u00e9es du moment !<\/p>\n\n\n\n<p style=\"text-align:justify\">Des jouets, des fleurs, des souvenirs ou m\u00eame des photos.<\/p>\n\n\n\n<p style=\"color:#0271a1;font-size:19px;text-align:justify\" class=\"has-text-color\">Signed : Chen Karlsson<\/p>\n\n\n\n<p style=\"background-color:#017eb3;text-align:justify\" class=\"has-text-color has-background has-large-font-size has-very-light-gray-color\">A PROPOS DE NEDGIS<\/p>\n\n\n\n<p>Audrey et Claire, passionn\u00e9es de d\u00e9coration, amatrices de beaux objets et expertes du web, ont cr\u00e9\u00e9 NEDGIS en 2015.<\/p>\n\n\n\n<p style=\"text-align:justify\">Anagramme de DESIGN et de SIGNED, NEDGIS se veut \u00e0 la fois source d\u2019inspiration et site e-commerce, proposant des luminaires sign\u00e9s de designers. Une s\u00e9lection singuli\u00e8re, riche et surprenante, d\u00e9nich\u00e9e \u00e0 travers toute l\u2019Europe.<\/p>\n\n\n\n<p style=\"text-align:justify\">Derri\u00e8re chaque luminaire, un designer, un style, une maison d\u2019\u00e9dition, une qualit\u00e9. Les plus grandes marques se m\u00ealent avec des noms plus intimistes ou d\u00e9cal\u00e9s, les grands classiques avec des inspirations exclusives NEDGIS.<\/p>\n\n\n\n<p style=\"text-align:justify\">Un parcours riche en inspirations pour (re)d\u00e9couvrir le monde du design \u00e0 travers les luminaires.<\/p>\n\n\n\n<div class=\"wp-block-image\"><figure class=\"aligncenter is-resized\"><img loading=\"lazy\" src=\"https:\/\/i1.wp.com\/batimedianews.com\/live\/wp-content\/uploads\/2021\/01\/image-15.png?resize=189%2C318\" alt=\"\" class=\"wp-image-7688\" width=\"189\" height=\"318\" srcset=\"https:\/\/i1.wp.com\/batimedianews.com\/live\/wp-content\/uploads\/2021\/01\/image-15.png?w=416 416w, https:\/\/i1.wp.com\/batimedianews.com\/live\/wp-content\/uploads\/2021\/01\/image-15.png?resize=178%2C300 178w, https:\/\/i1.wp.com\/batimedianews.com\/live\/wp-content\/uploads\/2021\/01\/image-15.png?resize=6%2C10 6w, https:\/\/i1.wp.com\/batimedianews.com\/live\/wp-content\/uploads\/2021\/01\/image-15.png?resize=396%2C666 396w, https:\/\/i1.wp.com\/batimedianews.com\/live\/wp-content\/uploads\/2021\/01\/image-15.png?resize=131%2C220 131w\" sizes=\"(max-width: 600px) 91vw, (max-width: 900px) 600px, (max-width: 1060px) 50vw, (max-width: 1200px) 520px, (max-width: 1400px) 43vw, 600px\" data-recalc-dims=\"1\" \/><\/figure><\/div>\n","protected":false},"excerpt":{"rendered":"<p>L\u2019hiver approchant petit \u00e0 petit, le blanc est une valeur s\u00fbre pour une d\u00e9co chic et \u00e9l\u00e9gante. Des luminaires blancs comme neige apportent une touche de douceur et d\u2019originalit\u00e9 \u00e0 votre int\u00e9rieur en cette p\u00e9riode de f\u00eate. Plus g\u00e9n\u00e9ralement, le blanc est une teinte discr\u00e8te mais omnipr\u00e9sente souvent synonyme de l\u00e9g\u00e8ret\u00e9 et de minimalisme. Cette [&hellip;]<\/p>\n","protected":false},"author":41,"featured_media":7672,"comment_status":"open","ping_status":"open","sticky":false,"template":"","format":"standard","meta":{"spay_email":""},"categories":[4,55,753],"tags":[],"jetpack_featured_media_url":"https:\/\/i1.wp.com\/batimedianews.com\/live\/wp-content\/uploads\/2021\/01\/image.png?fit=626%2C742","jetpack_sharing_enabled":true,"jetpack_likes_enabled":true,"jetpack-related-posts":[{"id":11705,"url":"http:\/\/batimedianews.com\/live\/index.php\/2021\/09\/06\/renover-sa-cuisine-avec-mercadier\/","url_meta":{"origin":7670,"position":0},"title":"R\u00c9NOVER SA CUISINE AVEC MERCADIER","date":"6 septembre 2021","format":false,"excerpt":"C\u2019est la rentr\u00e9e, et avec elle l\u2019envie de donner une nouvelle ambiance \u00e0 sa cuisine : sol, cr\u00e9dence, plan de travail, tout est possible avec les diff\u00e9rentes gammes Mercadier. Pi\u00e8ce centrale, la cuisine peut \u00eatre pratique tout en \u00e9tant chaleureuse et \u00e9l\u00e9gante. Et pourquoi ne pas lui apporter une touche\u2026","rel":"","context":"Dans &quot;Actualit\u00e9 Entreprises&quot;","img":{"alt_text":"","src":"https:\/\/i1.wp.com\/batimedianews.com\/live\/wp-content\/uploads\/2021\/09\/Mercadier-Article.jpg?fit=512%2C512&resize=350%2C200","width":350,"height":200},"classes":[]},{"id":47068,"url":"http:\/\/batimedianews.com\/live\/index.php\/2025\/09\/30\/jeu-subtil-dombre-et-de-lumiere\/","url_meta":{"origin":7670,"position":1},"title":"Jeu subtil d\u2019ombre et de lumi\u00e8re","date":"30 septembre 2025","format":false,"excerpt":"Le noir mat et le blanc mat sont les nouvelles venues dans la gamme de teintes et de surfaces de TOTO. Elles sont d\u00e9sormais disponibles pour ses produits les plus populaires : le WC RP, le WASHLET RW et le lavabo asym\u00e9trique TA. Le noir ouvre de nouvelles perspectives pour\u2026","rel":"","context":"Dans &quot;Actualit\u00e9 Entreprises&quot;","img":{"alt_text":"","src":"https:\/\/i0.wp.com\/batimedianews.com\/live\/wp-content\/uploads\/2025\/09\/Toto.jpg?fit=825%2C825&resize=350%2C200","width":350,"height":200},"classes":[]},{"id":15897,"url":"http:\/\/batimedianews.com\/live\/index.php\/2022\/02\/11\/eas-solutions-presente-millet-une-suspension-led-a-double-emission-lumineuse-qui-delivre-un-eclairage-sur-mesuretres-econome-en-energie\/","url_meta":{"origin":7670,"position":2},"title":"EAS SOLUTIONS PR\u00c9SENTE MILLET, UNE SUSPENSION LED \u00c0 DOUBLE \u00c9MISSION LUMINEUSE QUI D\u00c9LIVRE UN \u00c9CLAIRAGE SUR-MESURE TR\u00c8S \u00c9CONOME EN \u00c9NERGIE","date":"11 f\u00e9vrier 2022","format":false,"excerpt":"EAS SOLUTIONS, sp\u00e9cialiste de l'\u00e9clairage LED professionnel, pr\u00e9sente MILLET, un module sur-mesure d'\u00e9clairage LED \u00e0 double \u00e9mission lumineuse avec \u00e9clairage direct et indirect pour les bureaux, commerces, zones d'accueil, locaux d'enseignement etc. Associant une haute efficacit\u00e9 lumineuse,\u00a0jusqu'\u00e0\u00a0167 lm\/W,\u00a0et un\u00a0faible \u00e9blouissement\u00a0(UGR\u00a0<19), la suspension LED MILLET\u00a0\u00e0 double \u00e9mission\u00a0lumineuse\u00a0poss\u00e8de\u00a080 LED\/m MID POWER 23\u2026","rel":"","context":"Dans &quot;Actualit\u00e9 Entreprises&quot;","img":{"alt_text":"","src":"https:\/\/i2.wp.com\/batimedianews.com\/live\/wp-content\/uploads\/2022\/02\/EAS-solutions-Article.jpg?fit=512%2C512&resize=350%2C200","width":350,"height":200},"classes":[]},{"id":25720,"url":"http:\/\/batimedianews.com\/live\/index.php\/2023\/01\/26\/nouvelles-teintes-2023\/","url_meta":{"origin":7670,"position":3},"title":"Nouvelles Teintes 2023","date":"26 janvier 2023","format":false,"excerpt":"Trois nouvelles teintes naturelles, apaisantes, calmes et rassurantes. \u00c9dito Depuis plus d\u2019une dizaine d\u2019ann\u00e9es, Tollens et Flamant unissent leurs savoir-faire et marient leurs univers pour cr\u00e9er la collection de peintures int\u00e9rieures Flamant by Tollens. L\u2019exigence et la technicit\u00e9 des peintures Tollens s\u2019associent \u00e0 la l\u2019\u00e9l\u00e9gance et la cr\u00e9ativit\u00e9 de la\u2026","rel":"","context":"Dans &quot;Actualit\u00e9 Entreprises&quot;","img":{"alt_text":"","src":"https:\/\/i1.wp.com\/batimedianews.com\/live\/wp-content\/uploads\/2023\/01\/Flamant-Article.jpg?fit=1080%2C1080&resize=350%2C200","width":350,"height":200},"classes":[]},{"id":49433,"url":"http:\/\/batimedianews.com\/live\/index.php\/2026\/03\/09\/pantone-llc-sinvite-dans-les-cahiers-de-tendance-des-univers-de-la-mode-de-la-creation-graphique-et-bien-sur-de-larchitecture-dinterieur\/","url_meta":{"origin":7670,"position":4},"title":"Pantone LLC s\u2019invite dans les cahiers de tendance des univers de la mode, de la cr\u00e9ation graphique et bien s\u00fbr de l\u2019architecture d\u2019int\u00e9rieur","date":"9 mars 2026","format":false,"excerpt":"Comme chaque ann\u00e9e, Pantone LLC, autorit\u00e9 mondiale dans le domaine de la couleur et fournisseur leader de standards de couleur professionnels s\u2019invite dans les cahiers de tendance des univers de la mode, de la cr\u00e9ation graphique et bien s\u00fbr de l\u2019architecture d\u2019int\u00e9rieur. Presque inattendue, \u00ab Color of the year 2026\u201d\u2026","rel":"","context":"Dans &quot;Actualit\u00e9 Entreprises&quot;","img":{"alt_text":"","src":"https:\/\/i1.wp.com\/batimedianews.com\/live\/wp-content\/uploads\/2026\/02\/VitrA.jpg?fit=825%2C825&resize=350%2C200","width":350,"height":200},"classes":[]},{"id":34968,"url":"http:\/\/batimedianews.com\/live\/index.php\/2024\/02\/14\/polyrey-inaugure-galerie-sa-nouvelle-offre-agencement-interieur-une-gamme-inspirante-simple-et-responsable\/","url_meta":{"origin":7670,"position":5},"title":"POLYREY inaugure galerie, sa nouvelle offre agencement int\u00e9rieur : une gamme inspirante, simple et responsable","date":"14 f\u00e9vrier 2024","format":false,"excerpt":"Sp\u00e9cialiste depuis 60 ans du stratifi\u00e9 d\u00e9coratif de haute qualit\u00e9 et de fabrication fran\u00e7aise, Polyrey impose sa renomm\u00e9e dans les milieux du design, de l\u2019architecture et de l\u2019agencement. Ses gammes de panneaux pour Am\u00e9nagement Int\u00e9rieur (Stratifi\u00e9 HPL, Compact HPL et Panneau M\u00e9lamin\u00e9) rivalisent de cr\u00e9ativit\u00e9, sans se d\u00e9partir de performances\u2026","rel":"","context":"Dans &quot;Actualit\u00e9 Entreprises&quot;","img":{"alt_text":"","src":"https:\/\/i0.wp.com\/batimedianews.com\/live\/wp-content\/uploads\/2024\/02\/Polyrey.jpg?fit=825%2C825&resize=350%2C200","width":350,"height":200},"classes":[]}],"_links":{"self":[{"href":"http:\/\/batimedianews.com\/live\/index.php\/wp-json\/wp\/v2\/posts\/7670"}],"collection":[{"href":"http:\/\/batimedianews.com\/live\/index.php\/wp-json\/wp\/v2\/posts"}],"about":[{"href":"http:\/\/batimedianews.com\/live\/index.php\/wp-json\/wp\/v2\/types\/post"}],"author":[{"embeddable":true,"href":"http:\/\/batimedianews.com\/live\/index.php\/wp-json\/wp\/v2\/users\/41"}],"replies":[{"embeddable":true,"href":"http:\/\/batimedianews.com\/live\/index.php\/wp-json\/wp\/v2\/comments?post=7670"}],"version-history":[{"count":4,"href":"http:\/\/batimedianews.com\/live\/index.php\/wp-json\/wp\/v2\/posts\/7670\/revisions"}],"predecessor-version":[{"id":7707,"href":"http:\/\/batimedianews.com\/live\/index.php\/wp-json\/wp\/v2\/posts\/7670\/revisions\/7707"}],"wp:featuredmedia":[{"embeddable":true,"href":"http:\/\/batimedianews.com\/live\/index.php\/wp-json\/wp\/v2\/media\/7672"}],"wp:attachment":[{"href":"http:\/\/batimedianews.com\/live\/index.php\/wp-json\/wp\/v2\/media?parent=7670"}],"wp:term":[{"taxonomy":"category","embeddable":true,"href":"http:\/\/batimedianews.com\/live\/index.php\/wp-json\/wp\/v2\/categories?post=7670"},{"taxonomy":"post_tag","embeddable":true,"href":"http:\/\/batimedianews.com\/live\/index.php\/wp-json\/wp\/v2\/tags?post=7670"}],"curies":[{"name":"wp","href":"https:\/\/api.w.org\/{rel}","templated":true}]}}