{"id":830,"date":"2019-01-31T15:31:09","date_gmt":"2019-01-31T14:31:09","guid":{"rendered":"http:\/\/batimedialive.com\/?p=830"},"modified":"2019-01-31T15:31:09","modified_gmt":"2019-01-31T14:31:09","slug":"transition-energetique-des-batiments-piloter-la-performance-environnementale-de-son-parc-immobilier-grace-aux-analyses-de-donnees-de-la-startup-homeys","status":"publish","type":"post","link":"http:\/\/batimedianews.com\/live\/index.php\/2019\/01\/31\/transition-energetique-des-batiments-piloter-la-performance-environnementale-de-son-parc-immobilier-grace-aux-analyses-de-donnees-de-la-startup-homeys\/","title":{"rendered":"TRANSITION ENERGETIQUE DES B\u00c2TIMENTS : PILOTER LA PERFORMANCE ENVIRONNEMENTALE DE SON PARC IMMOBILIER GR\u00c2CE AUX ANALYSES DE DONNEES DE LA STARTUP HOMEYS"},"content":{"rendered":"<div class=\"jetpack-video-wrapper\"><iframe loading=\"lazy\" title=\"Homeys, les donn\u00e9es au service du confort et de la performance \u00e9nerg\u00e9tique\" width=\"720\" height=\"405\" src=\"https:\/\/www.youtube.com\/embed\/XcKI5hI3Wus?feature=oembed\" frameborder=\"0\" allow=\"accelerometer; autoplay; clipboard-write; encrypted-media; gyroscope; picture-in-picture\" allowfullscreen><\/iframe><\/div>\n<p>En France, le secteur du b\u00e2timent repr\u00e9sente 46% de la consommation \u00e9nerg\u00e9tique finale et 25% des\u00a0\u00e9missions de gaz \u00e0 effet de serre. Dans la nouvelle version de sa plate-forme, Homeys permet aux\u00a0gestionnaires de parcs immobiliers de suivre en continu la performance \u00e9nerg\u00e9tique et\u00a0environnementale des b\u00e2timents de leur parc ainsi que leur niveau de mise en conformit\u00e9 aux\u00a0diverses r\u00e9glementations du secteur.<br \/>\nEn analysant les donn\u00e9es des compteurs communicants de gaz et d\u2019\u00e9lectricit\u00e9, Homeys identifie les\u00a0causes de surconsommation et formule des recommandations sur les\u00a0 r\u00e9glages des syst\u00e8mes de\u00a0chauffage ainsi que sur les besoins de travaux de r\u00e9novation \u00e9nerg\u00e9tique des b\u00e2timents. La bonne\u00a0connaissance des caract\u00e9ristiques des b\u00e2timents est un r\u00e9el levier pour entreprendre des actions de\u00a0r\u00e9novation efficacement et \u00e0 moindre co\u00fbt.<br \/>\nGr\u00e2ce \u00e0 son outil innovant, Homeys permet ainsi aux gestionnaires de parcs de prioriser les actions \u00e0\u00a0mener sur leur patrimoine pour r\u00e9duire leur empreinte environnementale. Homeys simule l\u2019impact\u00a0de ces diff\u00e9rentes actions sur la trajectoire d\u2019\u00e9missions de gaz \u00e0 effet de serre. Le d\u00e9ploiement de la\u00a0solution peut \u00eatre effectu\u00e9 en moins de 24h sur un parc de plusieurs milliers de b\u00e2timents.<br \/>\nA propos de Homeys<br \/>\nIncub\u00e9 \u00e0 Telecom ParisTech en 2018, Homeys est un acteur de la #Tech4good qui propose aux\u00a0gestionnaires de parcs immobiliers (fonci\u00e8res, bailleurs sociaux, property managers, enseignes\u00a0commerciales, collectivit\u00e9s, exploitants multi-technique) un outil SaaS de suivi du confort,\u00a0d\u2019identification des probl\u00e8mes de r\u00e9glage du chauffage collectif et de suivi des performances\u00a0\u00e9nerg\u00e9tique et environnementale de leur patrimoine sous gestion. A partir des donn\u00e9es du b\u00e2timent,\u00a0issues de compteurs communicants de gaz et\u00a0 d\u2019\u00e9lectricit\u00e9 ou de thermom\u00e8tres connect\u00e9s, Homeys a\u00a0d\u00e9velopp\u00e9 des algorithmes qui mod\u00e9lisent le comportement des b\u00e2timents.<\/p>\n","protected":false},"excerpt":{"rendered":"<p>En France, le secteur du b\u00e2timent repr\u00e9sente 46% de la consommation \u00e9nerg\u00e9tique finale et 25% des\u00a0\u00e9missions de gaz \u00e0 effet de serre. Dans la nouvelle version de sa plate-forme, Homeys permet aux\u00a0gestionnaires de parcs immobiliers de suivre en continu la performance \u00e9nerg\u00e9tique et\u00a0environnementale des b\u00e2timents de leur parc ainsi que leur niveau de mise en [&hellip;]<\/p>\n","protected":false},"author":2,"featured_media":0,"comment_status":"open","ping_status":"open","sticky":false,"template":"","format":"standard","meta":{"spay_email":""},"categories":[4,18,20,128],"tags":[],"jetpack_featured_media_url":"","jetpack_sharing_enabled":true,"jetpack_likes_enabled":true,"jetpack-related-posts":[{"id":23241,"url":"http:\/\/batimedianews.com\/live\/index.php\/2022\/09\/19\/issy-les-moulineaux-digitalise-le-suivi-energetique-de-ses-batiments-grace-a-la-plateforme-citron\/","url_meta":{"origin":830,"position":0},"title":"Issy-les-Moulineaux digitalise le suivi \u00e9nerg\u00e9tique de ses b\u00e2timents gr\u00e2ce \u00e0 la plateforme Citron !","date":"19 septembre 2022","format":false,"excerpt":"Dans un contexte o\u00f9 la sobri\u00e9t\u00e9 \u00e9nerg\u00e9tique devient indispensable, la ville d\u2019Issy-les-Moulineaux prend les devants et digitalise le suivi \u00e9nerg\u00e9tique de ses b\u00e2timents publics gr\u00e2ce \u00e0 Citron ! Le 14 juillet dernier, le Pr\u00e9sident de la R\u00e9publique annon\u00e7ait un plan de sobri\u00e9t\u00e9 \u00e9nerg\u00e9tique ayant pour objectif un objectif de r\u00e9duction\u2026","rel":"","context":"Dans &quot;Actualit\u00e9 Entreprises&quot;","img":{"alt_text":"","src":"https:\/\/i0.wp.com\/batimedianews.com\/live\/wp-content\/uploads\/2022\/09\/IssyLesMoulineaux-Article.jpg?fit=1080%2C1080&resize=350%2C200","width":350,"height":200},"classes":[]},{"id":48611,"url":"http:\/\/batimedianews.com\/live\/index.php\/2025\/12\/18\/mitsubishi-electric-parce-que-la-transition-energetique-du-tertiaire-se-joue-autant-dans-la-conception-que-dans-lexploitation-quotidienne-des-batiments\/","url_meta":{"origin":830,"position":1},"title":"Mitsubishi Electric : Parce que la transition \u00e9nerg\u00e9tique du tertiaire se joue autant dans la conception que dans l\u2019exploitation quotidienne des b\u00e2timents.","date":"18 d\u00e9cembre 2025","format":false,"excerpt":"\ud83d\udccc Pour Mitsubishi Electric, 2 \u00e9v\u00e9nements importants qui se rejoignent Mitsubishi Electric publie la premi\u00e8re \u00e9dition de son Barom\u00e8tre MELCloud, bas\u00e9 sur des donn\u00e9es r\u00e9elles de consommation \u00e9nerg\u00e9tique issues de b\u00e2timents tertiaires instrument\u00e9s. Un \u00e9clairage in\u00e9dit, \u00e0 l\u2019heure o\u00f9 la performance \u00e9nerg\u00e9tique et le d\u00e9cret tertiaire s\u2019imposent comme des enjeux\u2026","rel":"","context":"Dans &quot;Actualit\u00e9 Entreprises&quot;","img":{"alt_text":"","src":"https:\/\/i0.wp.com\/batimedianews.com\/live\/wp-content\/uploads\/2025\/12\/antoine-sanchez-interview-batimedialive.jpg.png?fit=901%2C501&resize=350%2C200","width":350,"height":200},"classes":[]},{"id":16640,"url":"http:\/\/batimedianews.com\/live\/index.php\/2022\/03\/02\/comment-reussir-la-transition-energetique-dans-le-batiment-quelles-priorites-les-propositions-de-coenove-pour-le-prochain-quinquennat\/","url_meta":{"origin":830,"position":2},"title":"Comment r\u00e9ussir la transition \u00e9nerg\u00e9tique dans le b\u00e2timent ? Quelles priorit\u00e9s ? Les propositions de Co\u00e9nove pour le prochain quinquennat.","date":"2 mars 2022","format":false,"excerpt":"Le quinquennat qui s\u2019ach\u00e8ve a vu s\u2019amplifier les ambitions de la France en mati\u00e8re d\u2019\u00e9nergie et de climat avec notamment la r\u00e9vision de la Programmation Pluriannuelle de l\u2019Energie (2019), la loi \u00c9nergie et Climat (2019) et la loi Climat R\u00e9silience (2021) qui sont venues renforcer l\u2019arsenal l\u00e9gislatif et r\u00e8glementaire existants.\u2026","rel":"","context":"Dans &quot;Actualit\u00e9 Entreprises&quot;","img":{"alt_text":"","src":"https:\/\/i0.wp.com\/batimedianews.com\/live\/wp-content\/uploads\/2022\/02\/Coenove-Article.jpg?fit=512%2C512&resize=350%2C200","width":350,"height":200},"classes":[]},{"id":25715,"url":"http:\/\/batimedianews.com\/live\/index.php\/2023\/01\/26\/taxinomie-europeenne-top15-et-top30-des-batiments-tertiaires-2022-et-resultats-du-barometre-de-la-performance-energetique-et-environnementale-des-batiments\/","url_meta":{"origin":830,"position":3},"title":"Taxinomie europ\u00e9enne : Top15 et Top30 des b\u00e2timents tertiaires 2022 et r\u00e9sultats du barom\u00e8tre de la performance \u00e9nerg\u00e9tique et environnementale des b\u00e2timents","date":"26 janvier 2023","format":false,"excerpt":"Paris, le 17 janvier 2023 - Alors que le sujet de la sobri\u00e9t\u00e9 \u00e9nerg\u00e9tique occupe une place croissante en France, l\u2019OID, aux c\u00f4t\u00e9s de l\u2019ADEME, pr\u00e9sente les r\u00e9sultats 2022 de son Barom\u00e8tre de la performance \u00e9nerg\u00e9tique et environnementale des b\u00e2timents. Cette ann\u00e9e, la publication calcule pour la premi\u00e8re fois des\u2026","rel":"","context":"Dans &quot;Actualit\u00e9 Entreprises&quot;","img":{"alt_text":"","src":"https:\/\/i0.wp.com\/batimedianews.com\/live\/wp-content\/uploads\/2023\/01\/IOD.png?fit=1200%2C1200&resize=350%2C200","width":350,"height":200},"classes":[]},{"id":34077,"url":"http:\/\/batimedianews.com\/live\/index.php\/2024\/01\/02\/barometre-de-la-performance-energetique-et-environnementale-des-batiments-un-outil-pour-comprendre-la-performance-des-batiments-francais-et-observer-quels-profils-de-batiments-sont-durables-au-sens\/","url_meta":{"origin":830,"position":4},"title":"Barom\u00e8tre de la performance \u00e9nerg\u00e9tique et environnementale des b\u00e2timents : un outil pour comprendre la performance des b\u00e2timents fran\u00e7ais et observer quels profils de b\u00e2timents sont durables au sens de l\u2019UE","date":"2 janvier 2024","format":false,"excerpt":"\u00a0Paris, le 14 d\u00e9cembre 2023 \u2013 Dans un contexte de sobri\u00e9t\u00e9 promue par les pouvoirs publics et alors que l\u2019Union Europ\u00e9enne a rehauss\u00e9 l\u2019ambition de d\u00e9carbonation \u00e0 2030, comment \u00e9voluent les consommations \u00e9nerg\u00e9tiques r\u00e9elles des b\u00e2timents fran\u00e7ais ? Pour y r\u00e9pondre, l\u2019OID publie les r\u00e9sultats 2023 de son Barom\u00e8tre de\u2026","rel":"","context":"Dans &quot;B\u00e2timent Durable&quot;","img":{"alt_text":"","src":"https:\/\/i2.wp.com\/batimedianews.com\/live\/wp-content\/uploads\/2023\/12\/OIDvImage-articles-.jpg?fit=825%2C825&resize=350%2C200","width":350,"height":200},"classes":[]},{"id":33319,"url":"http:\/\/batimedianews.com\/live\/index.php\/2023\/11\/24\/engie-solutions-et-credit-agricole-transitions-et-energies-sassocient-pour-faciliter-lacces-aux-marches-globaux-de-performance-energetique-des-batiments-publics\/","url_meta":{"origin":830,"position":5},"title":"ENGIE Solutions et Cr\u00e9dit Agricole Transitions et Energies s\u2019associent pour faciliter l\u2019acc\u00e8s aux March\u00e9s Globaux de Performance \u00c9nerg\u00e9tique des b\u00e2timents publics","date":"24 novembre 2023","format":false,"excerpt":"Mercredi 22 novembre - A l\u2019occasion du Salon des Maires et des Collectivit\u00e9s Locales, Damien T\u00e9rouanne, Directeur G\u00e9n\u00e9ral D\u00e9l\u00e9gu\u00e9 ENGIE Solutions et Eric Campos, Directeur g\u00e9n\u00e9ral de Cr\u00e9dit Agricole Transitions & \u00c9nergies ont sign\u00e9 un protocole d\u2019accord en vue de proposer une offre de paiement diff\u00e9r\u00e9 aux collectivit\u00e9s souhaitant lancer\u2026","rel":"","context":"Dans &quot;Actualit\u00e9 Entreprises&quot;","img":{"alt_text":"","src":"https:\/\/i0.wp.com\/batimedianews.com\/live\/wp-content\/uploads\/2023\/11\/CA_EngieImage-articles.jpg?fit=825%2C825&resize=350%2C200","width":350,"height":200},"classes":[]}],"_links":{"self":[{"href":"http:\/\/batimedianews.com\/live\/index.php\/wp-json\/wp\/v2\/posts\/830"}],"collection":[{"href":"http:\/\/batimedianews.com\/live\/index.php\/wp-json\/wp\/v2\/posts"}],"about":[{"href":"http:\/\/batimedianews.com\/live\/index.php\/wp-json\/wp\/v2\/types\/post"}],"author":[{"embeddable":true,"href":"http:\/\/batimedianews.com\/live\/index.php\/wp-json\/wp\/v2\/users\/2"}],"replies":[{"embeddable":true,"href":"http:\/\/batimedianews.com\/live\/index.php\/wp-json\/wp\/v2\/comments?post=830"}],"version-history":[{"count":0,"href":"http:\/\/batimedianews.com\/live\/index.php\/wp-json\/wp\/v2\/posts\/830\/revisions"}],"wp:attachment":[{"href":"http:\/\/batimedianews.com\/live\/index.php\/wp-json\/wp\/v2\/media?parent=830"}],"wp:term":[{"taxonomy":"category","embeddable":true,"href":"http:\/\/batimedianews.com\/live\/index.php\/wp-json\/wp\/v2\/categories?post=830"},{"taxonomy":"post_tag","embeddable":true,"href":"http:\/\/batimedianews.com\/live\/index.php\/wp-json\/wp\/v2\/tags?post=830"}],"curies":[{"name":"wp","href":"https:\/\/api.w.org\/{rel}","templated":true}]}}