{"id":886,"date":"2019-02-14T11:41:08","date_gmt":"2019-02-14T10:41:08","guid":{"rendered":"http:\/\/batimedialive.com\/?p=886"},"modified":"2021-10-20T12:45:45","modified_gmt":"2021-10-20T10:45:45","slug":"edition-2019-de-lintegrale-placo-laccompagnement-a-livre-ouvert","status":"publish","type":"post","link":"http:\/\/batimedianews.com\/live\/index.php\/2019\/02\/14\/edition-2019-de-lintegrale-placo-laccompagnement-a-livre-ouvert\/","title":{"rendered":"EDITION 2019 DE L\u2019INT\u00c9GRALE PLACO\u00ae : L\u2019ACCOMPAGNEMENT \u00c0 LIVRE OUVERT !"},"content":{"rendered":"<p style=\"text-align:justify;\">En ce d\u00e9but d\u2019ann\u00e9e, la nouvelle \u00e9dition de l\u2019INT\u00c9GRALE PLACO\u00ae est d\u00e9voil\u00e9e aux acteurs de la cha\u00eene&nbsp;de construction : ma\u00eetres d\u2019ouvrage, architectes, bureaux d\u2019\u00e9tudes, \u00e9conomistes du b\u00e2timent, plaquistes,&nbsp;entreprises g\u00e9n\u00e9rales&#8230; Cet outil didactique, vitrine facilitatrice \u00e0 vocation p\u00e9dagogique,&nbsp;est con\u00e7u pour les conseiller et les accompagner dans leurs projets. Une valeur ch\u00e8re au&nbsp;sp\u00e9cialiste qui fait de la culture du service l\u2019un de ses fers de lance.<\/p>\n<p style=\"text-align:justify;\">Sa valeur ajout\u00e9e ?<br \/>\nUne pr\u00e9sentation macroscopique qui favorise le choix du professionnel en l\u2019aidant \u00e0 identifier&nbsp;le produit ou le service adapt\u00e9 aux besoins techniques et r\u00e9glementaires de l\u2019ouvrage.<\/p>\n<p style=\"text-align:justify;\"><img loading=\"lazy\" class=\"alignnone size-full wp-image-887\" src=\"https:\/\/batimedialive.files.wordpress.com\/2019\/02\/integrale.jpg?resize=720%2C479\" alt=\"integrale\" width=\"720\" height=\"479\"  data-recalc-dims=\"1\"><\/p>\n<p style=\"text-align:justify;\">Le guide se d\u00e9cline en deux volumes :<br \/>\n&#8211; l\u2019INT\u00c9GRALE PLACO\u00ae SECOND \u0152UVRE&nbsp;qui met notamment en lumi\u00e8re&nbsp;les derni\u00e8res innovations de cloisons&nbsp;(HABITO\u00ae, PLACO\u00ae X-RAY&nbsp;PROTECTION\u2026) et de plafonds<br \/>\n(SILVATONE\u00ae&nbsp;),<br \/>\n&#8211; l\u2019INT\u00c9GRALE PLACO\u00ae&nbsp;ISOLATION &amp;&nbsp;GROS \u0152UVRE qui offre un focus&nbsp;particulier sur l\u2019isolation des murs.<\/p>\n<p style=\"text-align:justify;\">Complets, ils pr\u00e9sentent l\u2019exhaustivit\u00e9 des solutions et syst\u00e8mes PLACO\u00ae<br \/>\n. Au total, une cinquantaine de&nbsp;syst\u00e8mes offrant plus de 1 500 combinaisons possibles.<\/p>\n<h2 style=\"text-align:justify;\">\nOPTIMISER LA RAPIDIT\u00c9 D\u2019ACC\u00c8S \u00c0 L\u2019INFORMATION<\/h2>\n<p style=\"text-align:justify;\">Pour quels produits opter dans le cadre de la r\u00e9novation d\u2019un complexe h\u00f4telier ? Quelles solutions&nbsp;choisir pour r\u00e9pondre au cahier des charges d\u2019un b\u00e2timent Haute&nbsp; Qualit\u00e9 Environnementale ?<br \/>\nQuelles plaques de pl\u00e2tre pr\u00e9coniser pour am\u00e9liorer la qualit\u00e9 de l\u2019air int\u00e9rieur d\u2019une&nbsp; salle de classe ?&#8230;<br \/>\nAutant de questions auxquelles le professionnel trouvera ais\u00e9ment et rapidement une r\u00e9ponse.<br \/>\nL\u2019INT\u00c9GRALE PLACO\u00ae propose plusieurs lectures possibles. Elle permet de filtrer les informations et&nbsp;d\u2019affiner la recherche. Le cahier int\u00e9rieur \u00ab Guides de choix &amp; r\u00e8glementation \u00bb apporte ainsi les cl\u00e9s&nbsp;n\u00e9cessaires pour \u00e9valuer le cadre du projet, selon:<br \/>\n&#8211; le type de b\u00e2timent (\u00e9tablissements scolaires, de sant\u00e9, bureaux, logements collectifs ou&nbsp;individuels, salles de spectacle\u2026),<br \/>\n&#8211; les exigences en mati\u00e8re de s\u00e9curit\u00e9 incendie, acoustique, confort thermique,&nbsp;protection sismique, environnement, BIM&#8230;<\/p>\n<p style=\"text-align:justify;\">Les pages \u00ab Syst\u00e8mes \u00bb simplifient la lecture de chaque solution : description, domaines d\u2019emploi,&nbsp;tableaux de performances, sch\u00e9mas de mise en \u0153uvre, annexes techniques, liens internet pour poursuivre les recherches si besoin.<\/p>\n<p style=\"text-align:justify;\"><img loading=\"lazy\" class=\"alignnone size-full wp-image-888\" src=\"https:\/\/batimedialive.files.wordpress.com\/2019\/02\/integrale1.jpg?resize=720%2C519\" alt=\"integrale1\" width=\"720\" height=\"519\"  data-recalc-dims=\"1\"><\/p>\n<h2 style=\"text-align:justify;\">POUR ALLER PLUS LOIN<\/h2>\n<p style=\"text-align:justify;\">\nEn compl\u00e9ment de la version papier, notamment distribu\u00e9e par l\u2019\u00e9quipe prescription,&nbsp;l\u2019INT\u00c9GRALE PLACO\u00ae est <a href=\"https:\/\/integrale.placo.fr\/index.html#project\/d91f672e-268d-4496-9517-59f8bd04b503\/view\/topLevelTabletContent\/view\/accueil;openTo=browsePage\" target=\"_blank\" rel=\"noopener noreferrer\">t\u00e9l\u00e9chargeable en ligne<\/a> et consultable sur une application gratuite du m\u00eame&nbsp;nom. L\u2019espace rassemble la totalit\u00e9 des contenus :&nbsp; catalogues, annexes techniques et vid\u00e9os.<br \/>\nApporteur de solutions et de conseils, PLACO\u00ae met \u00e0 disposition un service d\u2019assistance technique&nbsp;(09 72 72 00 53) pour r\u00e9pondre \u00e0 des probl\u00e9matiques sp\u00e9cifiques. Le professionnel peut \u00e9galement se&nbsp;rendre sur <a href=\"https:\/\/www.placo.fr\/placolog\/Configurateur\/\" target=\"_blank\" rel=\"noopener noreferrer\">le configurateur de solutions PLACOLOG<\/a> qui permet de t\u00e9l\u00e9charger des \u00e9l\u00e9ments&nbsp;concrets tels que des objets BIM, des quantitatifs, le descriptif et le type de d\u00e9tails&nbsp;de mise en \u0153uvre\u2026<\/p>\n<h2 style=\"text-align:justify;\">\nA propos de PLACO\u00ae<\/h2>\n<p style=\"text-align:justify;\">Placo\u00ae est le leader fran\u00e7ais du confort int\u00e9rieur, engag\u00e9 dans le d\u00e9veloppement de&nbsp; solutions r\u00e9pondant aux enjeux de l\u2019habitat durable.<br \/>\nDepuis sa cr\u00e9ation en 1946, l\u2019entreprise s\u2019affirme comme le partenaire de r\u00e9f\u00e9rence des acteurs du b\u00e2timent, gr\u00e2ce \u00e0 la qualit\u00e9 de ses produits&nbsp;\u00e0 base de pl\u00e2tre et d\u2019isolation en polystyr\u00e8ne expans\u00e9. Placo\u00ae adapte en permanence son offre, ses techniques et ses services aux nouveaux&nbsp;usages et contraintes de ses utilisateurs. De la plaque de pl\u00e2tre qui a fait son succ\u00e8s \u00e0 la technologie Habito\u00ae qui r\u00e9siste aux chocs de tous&nbsp;les jours et facilite la fixation de tous types de charges, ses solutions r\u00e9pondent aux exigences des particuliers et professionnels : confort et&nbsp;sant\u00e9 des occupants, facilit\u00e9 d\u2019utilisation et respect de l\u2019environnement. Placo\u00ae compte plus de 1 500 collaborateurs r\u00e9partis sur 17 sites en&nbsp;France, dont son si\u00e8ge francilien, un centre de recherche et d\u00e9veloppement, 11 sites industriels et 8 carri\u00e8res de gypse. L\u2019entreprise fait partie&nbsp;du groupe Saint-Gobain, leader mondial de l\u2019habitat. www.placo.fr<\/p>\n","protected":false},"excerpt":{"rendered":"<p>En ce d\u00e9but d\u2019ann\u00e9e, la nouvelle \u00e9dition de l\u2019INT\u00c9GRALE PLACO\u00ae est d\u00e9voil\u00e9e aux acteurs de la cha\u00eene&nbsp;de construction : ma\u00eetres d\u2019ouvrage, architectes, bureaux d\u2019\u00e9tudes, \u00e9conomistes du b\u00e2timent, plaquistes,&nbsp;entreprises g\u00e9n\u00e9rales&#8230; Cet outil didactique, vitrine facilitatrice \u00e0 vocation p\u00e9dagogique,&nbsp;est con\u00e7u pour les conseiller et les accompagner dans leurs projets. Une valeur ch\u00e8re au&nbsp;sp\u00e9cialiste qui fait de la [&hellip;]<\/p>\n","protected":false},"author":2,"featured_media":2029,"comment_status":"open","ping_status":"open","sticky":false,"template":"","format":"standard","meta":{"spay_email":""},"categories":[4,70,80,97,98,118],"tags":[],"jetpack_featured_media_url":"https:\/\/i1.wp.com\/batimedianews.com\/live\/wp-content\/uploads\/2019\/08\/integrale.jpg?fit=911%2C606","jetpack_sharing_enabled":true,"jetpack_likes_enabled":true,"jetpack-related-posts":[{"id":1028,"url":"http:\/\/batimedianews.com\/live\/index.php\/2019\/03\/29\/batiment-numerique-placo-devoile-son-offre-de-services-sur-mesure-bim-lean-by-placo\/","url_meta":{"origin":886,"position":0},"title":"B\u00c2TIMENT NUM\u00c9RIQUE : PLACO D\u00c9VOILE SON OFFRE DE SERVICES SUR-MESURE BIM &#038; LEAN BY PLACO","date":"29 mars 2019","format":false,"excerpt":"\u00c0 l\u2019heure o\u00f9 le BIM transforme de mani\u00e8re incontournable le secteur de la construction,\u00a0 PLACO\u00ae se distingue pour optimiser ce nouveau mode de travail collaboratif. Inscrite au plus pr\u00e8s des professionnels, l\u2019entreprise a choisi de les guider pas \u00e0 pas dans leur\u00a0 d\u00e9marche \u00ab B\u00e2timent num\u00e9rique \u00bb, \u00e0 travers un\u2026","rel":"","context":"Dans &quot;Actualit\u00e9 Entreprises&quot;","img":{"alt_text":"","src":"https:\/\/i2.wp.com\/batimedianews.com\/live\/wp-content\/uploads\/2019\/08\/placo1.jpg?fit=1063%2C421&resize=350%2C200","width":350,"height":200},"classes":[]},{"id":19625,"url":"http:\/\/batimedianews.com\/live\/index.php\/2022\/05\/04\/la-17-eme-edition-des-trophees-placo-est-lance\/","url_meta":{"origin":886,"position":1},"title":"La 17 eme \u00e9dition des troph\u00e9es PlACO est lanc\u00e9","date":"4 mai 2022","format":false,"excerpt":"VALORISER LE SAVOIR-FAIRE DES ENTREPRISES\u00a0ET L\u2019EXCELLENCE DES M\u00c9TIERS DU PL\u00c2TRE\u00a0 C\u2019est en 1989 que le Club Entreprises Placo\u00ae lan\u00e7ait ses Troph\u00e9es Placo\u00ae qui restent uniques dans l\u2019univers du b\u00e2timent par leur p\u00e9rennit\u00e9, la qualit\u00e9 des ouvrages pr\u00e9sent\u00e9s et l\u2019excellence des entreprises participantes. Ce concours bisannuel met \u00e0 l\u2019honneur le savoir-faire\u2026","rel":"","context":"Dans &quot;Placo&quot;","img":{"alt_text":"","src":"https:\/\/i0.wp.com\/batimedianews.com\/live\/wp-content\/uploads\/2022\/05\/Placo-Article.jpg?fit=1080%2C1080&resize=350%2C200","width":350,"height":200},"classes":[]},{"id":11209,"url":"http:\/\/batimedianews.com\/live\/index.php\/2021\/07\/26\/isover-placo-et-isonat-associent-leurs-expertises-pour-accompagner-le-developpement-de-la-construction-bois\/","url_meta":{"origin":886,"position":2},"title":"ISOVER, PLACO\u00ae ET ISONAT ASSOCIENT LEURS EXPERTISES POUR ACCOMPAGNER LE D\u00c9VELOPPEMENT DE LA CONSTRUCTION BOIS","date":"26 juillet 2021","format":false,"excerpt":"\u00a0 \u00a0\u00c0 propos d\u2019ISOVER\u00a0 ISOVER, marque du groupe Saint-Gobain, est le leader mondial des solutions d\u2019isolation durable. Depuis plus de 80 ans, ISOVER porte l\u2019innovation sur l\u2019ensemble de ses march\u00e9s, et d\u00e9veloppe des isolants multi-mat\u00e9riaux pour r\u00e9pondre aux enjeux croissants de bien-\u00eatre, et d\u2019efficacit\u00e9 thermique et acoustique de ses clients.\u2026","rel":"","context":"Dans &quot;Actualit\u00e9 Entreprises&quot;","img":{"alt_text":"","src":"https:\/\/i2.wp.com\/batimedianews.com\/live\/wp-content\/uploads\/2021\/07\/Isover_Placo_Isonat-Article.jpg?fit=512%2C512&resize=350%2C200","width":350,"height":200},"classes":[]},{"id":19059,"url":"http:\/\/batimedianews.com\/live\/index.php\/2022\/04\/15\/placo-et-mathis-presentent-le-systeme-de-plancher-prefabrique-azurtec-et-placo\/","url_meta":{"origin":886,"position":3},"title":"PLACO et MATHIS pr\u00e9sentent le syst\u00e8me de plancher pr\u00e9fabriqu\u00e9  AZURTEC et PLACO","date":"15 avril 2022","format":false,"excerpt":"\u00a0\u00a0UNE INNOVATION POUR RELEVER LES D\u00c9FIS DE LA CONSTRUCTION BOIS\u00a0 Placo\u00ae ambitionne de devenir un industriel partenaire des nouveaux modes constructifs durables, en s\u2019associant aux comp\u00e9tences d\u2019autres acteurs majeurs de l\u2019\u00e9cosyst\u00e8me du b\u00e2timent. Le pr\u00e9-assemblage hors-site permet d\u2019imaginer des syst\u00e8mes innovants. Sa collaboration avec Mathis, constructeur leader d\u2019ouvrages en bois,\u2026","rel":"","context":"Dans &quot;Actualit\u00e9 Entreprises&quot;","img":{"alt_text":"","src":"https:\/\/i0.wp.com\/batimedianews.com\/live\/wp-content\/uploads\/2022\/04\/Placo-Article.jpg?fit=1080%2C1080&resize=350%2C200","width":350,"height":200},"classes":[]},{"id":9921,"url":"http:\/\/batimedianews.com\/live\/index.php\/2021\/05\/20\/placo-lance-sa-nouvelle-application-le-compagnon-placo\/","url_meta":{"origin":886,"position":4},"title":"PLACO\u00ae LANCE SA NOUVELLE APPLICATION \u00ab LE COMPAGNON PLACO\u00ae \u00bb","date":"20 mai 2021","format":false,"excerpt":"Le contexte actuel a fait de l\u2019habitat une v\u00e9ritable valeur refuge, amenant les m\u00e9nages fran\u00e7ais \u00e0 effectuer des travaux de r\u00e9novation pour optimiser leurs espaces de vie. Les aides \u00e0 la r\u00e9novation, et notamment France Relance ou encore MaPrimR\u00e9nov\u2019, renforcent cette tendance qui combine vertueusement confort, \u00e9cologie et \u00e9conomies. Placo\u00ae\u2026","rel":"","context":"Dans &quot;Batimaison&quot;","img":{"alt_text":"","src":"https:\/\/i1.wp.com\/batimedianews.com\/live\/wp-content\/uploads\/2021\/05\/Placo-Article.jpg?fit=512%2C512&resize=350%2C200","width":350,"height":200},"classes":[]},{"id":1402,"url":"http:\/\/batimedianews.com\/live\/index.php\/2019\/07\/19\/placo-voit-grand-en-personnalisant-son-offre-grande-hauteur\/","url_meta":{"origin":886,"position":5},"title":"PLACO\u00ae VOIT GRAND EN PERSONNALISANT SON OFFRE \u00ab\u00a0GRANDE HAUTEUR !\u00a0\u00bb","date":"19 juillet 2019","format":false,"excerpt":"PLACO\u00ae propose, depuis plus de vingt-cinq ans, une large gamme de solutions d\u00e9di\u00e9es aux ouvrages de grande hauteur,\u00a0qu\u2019il fait \u00e9voluer r\u00e9guli\u00e8rement. Le leader du confort int\u00e9rieur prend de la hauteur et propose une approche simplifi\u00e9e\u00a0\u00e0 travers un nouveau Guide. Son leitmotiv : une probl\u00e9matique chantier, la solution adapt\u00e9e ! Sa\u2026","rel":"","context":"Dans &quot;Actualit\u00e9 Entreprises&quot;","img":{"alt_text":"","src":"https:\/\/i1.wp.com\/batimedianews.com\/live\/wp-content\/uploads\/2019\/08\/placo5.jpg?fit=1101%2C417&resize=350%2C200","width":350,"height":200},"classes":[]}],"_links":{"self":[{"href":"http:\/\/batimedianews.com\/live\/index.php\/wp-json\/wp\/v2\/posts\/886"}],"collection":[{"href":"http:\/\/batimedianews.com\/live\/index.php\/wp-json\/wp\/v2\/posts"}],"about":[{"href":"http:\/\/batimedianews.com\/live\/index.php\/wp-json\/wp\/v2\/types\/post"}],"author":[{"embeddable":true,"href":"http:\/\/batimedianews.com\/live\/index.php\/wp-json\/wp\/v2\/users\/2"}],"replies":[{"embeddable":true,"href":"http:\/\/batimedianews.com\/live\/index.php\/wp-json\/wp\/v2\/comments?post=886"}],"version-history":[{"count":2,"href":"http:\/\/batimedianews.com\/live\/index.php\/wp-json\/wp\/v2\/posts\/886\/revisions"}],"predecessor-version":[{"id":2454,"href":"http:\/\/batimedianews.com\/live\/index.php\/wp-json\/wp\/v2\/posts\/886\/revisions\/2454"}],"wp:featuredmedia":[{"embeddable":true,"href":"http:\/\/batimedianews.com\/live\/index.php\/wp-json\/wp\/v2\/media\/2029"}],"wp:attachment":[{"href":"http:\/\/batimedianews.com\/live\/index.php\/wp-json\/wp\/v2\/media?parent=886"}],"wp:term":[{"taxonomy":"category","embeddable":true,"href":"http:\/\/batimedianews.com\/live\/index.php\/wp-json\/wp\/v2\/categories?post=886"},{"taxonomy":"post_tag","embeddable":true,"href":"http:\/\/batimedianews.com\/live\/index.php\/wp-json\/wp\/v2\/tags?post=886"}],"curies":[{"name":"wp","href":"https:\/\/api.w.org\/{rel}","templated":true}]}}