{"id":8868,"date":"2021-04-29T10:42:38","date_gmt":"2021-04-29T08:42:38","guid":{"rendered":"http:\/\/batimedianews.com\/live\/?p=8868"},"modified":"2021-10-21T11:57:15","modified_gmt":"2021-10-21T09:57:15","slug":"reduction-des-consommations-deau-un-engagement-concret-et-chiffre-disover","status":"publish","type":"post","link":"http:\/\/batimedianews.com\/live\/index.php\/2021\/04\/29\/reduction-des-consommations-deau-un-engagement-concret-et-chiffre-disover\/","title":{"rendered":"R\u00e9duction des consommations d\u2019eau : un engagement concret et chiffr\u00e9 d\u2019ISOVER"},"content":{"rendered":"\n<figure class=\"wp-block-image\"><img loading=\"lazy\" width=\"720\" height=\"405\" src=\"https:\/\/i0.wp.com\/batimedianews.com\/live\/wp-content\/uploads\/2021\/03\/image-118.png?resize=720%2C405\" alt=\"\" class=\"wp-image-8870\" srcset=\"https:\/\/i0.wp.com\/batimedianews.com\/live\/wp-content\/uploads\/2021\/03\/image-118.png?resize=1024%2C576 1024w, https:\/\/i0.wp.com\/batimedianews.com\/live\/wp-content\/uploads\/2021\/03\/image-118.png?resize=300%2C169 300w, https:\/\/i0.wp.com\/batimedianews.com\/live\/wp-content\/uploads\/2021\/03\/image-118.png?resize=768%2C432 768w, https:\/\/i0.wp.com\/batimedianews.com\/live\/wp-content\/uploads\/2021\/03\/image-118.png?resize=10%2C6 10w, https:\/\/i0.wp.com\/batimedianews.com\/live\/wp-content\/uploads\/2021\/03\/image-118.png?resize=432%2C243 432w, https:\/\/i0.wp.com\/batimedianews.com\/live\/wp-content\/uploads\/2021\/03\/image-118.png?resize=396%2C223 396w, https:\/\/i0.wp.com\/batimedianews.com\/live\/wp-content\/uploads\/2021\/03\/image-118.png?resize=660%2C371 660w, https:\/\/i0.wp.com\/batimedianews.com\/live\/wp-content\/uploads\/2021\/03\/image-118.png?resize=391%2C220 391w, https:\/\/i0.wp.com\/batimedianews.com\/live\/wp-content\/uploads\/2021\/03\/image-118.png?w=1071 1071w\" sizes=\"(max-width: 600px) 91vw, (max-width: 900px) 600px, (max-width: 1060px) 50vw, (max-width: 1200px) 520px, (max-width: 1400px) 43vw, 600px\" data-recalc-dims=\"1\" \/><\/figure>\n\n\n\n<p style=\"font-size:18px;text-align:justify\">\u00c0 l\u2019occasion de la journ\u00e9e mondiale de l\u2019eau 2021, ISOVER communique les derniers r\u00e9sultats de ses engagements en faveur de la r\u00e9duction de la consommation d\u2019eau au sein de ses usines. Des chiffres qui montrent le b\u00e9n\u00e9fice environnemental de ses bonnes pratiques.&nbsp;<\/p>\n\n\n\n<p style=\"text-align:justify\">ISOVER prend des mesures engageantes au sein de ses usines pour limiter l\u2019impact de sa production sur l\u2019environnement &#8211; notamment en mati\u00e8re d\u2019approvisionnement en eau &#8211; en \u00e9tudiant entre autre l\u2019impact environnemental de ses produits tout au long de leur cycle de vie.&nbsp;<\/p>\n\n\n\n<p style=\"text-align:justify\">Industriel responsable, ISOVER fait \u00e9voluer son offre, ses services et ses modes de production vers des solutions plus durables et \u00e9co-con\u00e7ues.<\/p>\n\n\n\n<figure class=\"wp-block-image\"><img loading=\"lazy\" width=\"720\" height=\"342\" src=\"https:\/\/i2.wp.com\/batimedianews.com\/live\/wp-content\/uploads\/2021\/03\/image-117.png?resize=720%2C342\" alt=\"\" class=\"wp-image-8869\" srcset=\"https:\/\/i2.wp.com\/batimedianews.com\/live\/wp-content\/uploads\/2021\/03\/image-117.png?resize=1024%2C486 1024w, https:\/\/i2.wp.com\/batimedianews.com\/live\/wp-content\/uploads\/2021\/03\/image-117.png?resize=300%2C142 300w, https:\/\/i2.wp.com\/batimedianews.com\/live\/wp-content\/uploads\/2021\/03\/image-117.png?resize=768%2C365 768w, https:\/\/i2.wp.com\/batimedianews.com\/live\/wp-content\/uploads\/2021\/03\/image-117.png?resize=10%2C5 10w, https:\/\/i2.wp.com\/batimedianews.com\/live\/wp-content\/uploads\/2021\/03\/image-117.png?resize=432%2C205 432w, https:\/\/i2.wp.com\/batimedianews.com\/live\/wp-content\/uploads\/2021\/03\/image-117.png?resize=396%2C188 396w, https:\/\/i2.wp.com\/batimedianews.com\/live\/wp-content\/uploads\/2021\/03\/image-117.png?resize=1120%2C532 1120w, https:\/\/i2.wp.com\/batimedianews.com\/live\/wp-content\/uploads\/2021\/03\/image-117.png?resize=660%2C313 660w, https:\/\/i2.wp.com\/batimedianews.com\/live\/wp-content\/uploads\/2021\/03\/image-117.png?resize=464%2C220 464w, https:\/\/i2.wp.com\/batimedianews.com\/live\/wp-content\/uploads\/2021\/03\/image-117.png?w=1576 1576w, https:\/\/i2.wp.com\/batimedianews.com\/live\/wp-content\/uploads\/2021\/03\/image-117.png?w=1440 1440w\" sizes=\"(max-width: 600px) 91vw, (max-width: 900px) 600px, (max-width: 1060px) 50vw, (max-width: 1200px) 520px, (max-width: 1400px) 43vw, 600px\" data-recalc-dims=\"1\" \/><\/figure>\n\n\n\n<p style=\"background-color:#faf000;text-align:justify\" class=\"has-background\">&nbsp;<strong>\u00c0 propos d\u2019ISOVER&nbsp;<\/strong><\/p>\n\n\n\n<p style=\"background-color:#f4f722;text-align:justify\" class=\"has-background\">ISOVER, marque du groupe Saint-Gobain, est le leader mondial des solutions d\u2019isolation durable. Depuis plus de 80 ans, ISOVER porte l\u2019innovation sur l\u2019ensemble de ses march\u00e9s et d\u00e9veloppe des isolants multi-mat\u00e9riaux pour r\u00e9pondre aux enjeux croissants de bien-\u00eatre et d\u2019efficacit\u00e9 thermique et acoustique de ses clients.&nbsp;<\/p>\n\n\n\n<p style=\"background-color:#fdf91f;text-align:justify\" class=\"has-background\">ISOVER con\u00e7oit et fabrique ses produits localement et \u00e9tudie, dans une d\u00e9marche d\u2019am\u00e9lioration continue, leur impact sur l\u2019environnement, l\u2019efficacit\u00e9 \u00e9nerg\u00e9tique, la qualit\u00e9 de l\u2019air et le confort au sein des b\u00e2timents.&nbsp;<\/p>\n","protected":false},"excerpt":{"rendered":"<p>\u00c0 l\u2019occasion de la journ\u00e9e mondiale de l\u2019eau 2021, ISOVER communique les derniers r\u00e9sultats de ses engagements en faveur de la r\u00e9duction de la consommation d\u2019eau au sein de ses usines. Des chiffres qui montrent le b\u00e9n\u00e9fice environnemental de ses bonnes pratiques.&nbsp; ISOVER prend des mesures engageantes au sein de ses usines pour limiter l\u2019impact [&hellip;]<\/p>\n","protected":false},"author":41,"featured_media":8871,"comment_status":"open","ping_status":"open","sticky":false,"template":"","format":"standard","meta":{"spay_email":""},"categories":[4],"tags":[],"jetpack_featured_media_url":"https:\/\/i0.wp.com\/batimedianews.com\/live\/wp-content\/uploads\/2021\/03\/image-119.png?fit=1192%2C414","jetpack_sharing_enabled":true,"jetpack_likes_enabled":true,"jetpack-related-posts":[{"id":11967,"url":"http:\/\/batimedianews.com\/live\/index.php\/2021\/09\/13\/isover-devoile-sa-feuille-de-route-renforcee-et-agit-en-faveur-du-developpement-durable\/","url_meta":{"origin":8868,"position":0},"title":"ISOVER D\u00c9VOILE SA FEUILLE DE ROUTE RENFORC\u00c9E ET AGIT EN FAVEUR DU D\u00c9VELOPPEMENT DURABLE","date":"13 septembre 2021","format":false,"excerpt":"ISOVER, leader des solutions d\u2019isolation durable, annonce des objectifs ambitieux pour atteindre la neutralit\u00e9 carbone d\u2019ici 2050.\u00a0 \u00a0Plus que jamais, dans le contexte d\u2019urgence climatique actuel, qui bouleverse nos habitudes et change notre fa\u00e7on de vivre, la transformation environnementale est au coeur de la strat\u00e9gie d\u2019ISOVER.\u00a0 La marque, active depuis\u2026","rel":"","context":"Dans &quot;Actualit\u00e9 Entreprises&quot;","img":{"alt_text":"","src":"https:\/\/i1.wp.com\/batimedianews.com\/live\/wp-content\/uploads\/2021\/09\/Isover-Article-1.jpg?fit=512%2C512&resize=350%2C200","width":350,"height":200},"classes":[]},{"id":7537,"url":"http:\/\/batimedianews.com\/live\/index.php\/2020\/12\/30\/isover-subventionne-par-lademe-dans-le-cadre-de-son-engagement-en-faveur-de-la-decarbonation\/","url_meta":{"origin":8868,"position":1},"title":"ISOVER SUBVENTIONN\u00c9 PAR L\u2019ADEME DANS LE CADRE DE SON ENGAGEMENT EN FAVEUR DE LA D\u00c9CARBONATION","date":"30 d\u00e9cembre 2020","format":false,"excerpt":"ISOVER acc\u00e9l\u00e8re le programme de d\u00e9carbonation\u00a0de son usine d\u2019Orange, soutenu par l\u2019ADEME ISOVER investit dans un projet engag\u00e9 et ambitieux r\u00e9pondant aux enjeux de d\u00e9carbonisation industrielle en France pour un montant de 3,8 millions d\u2019euros dont 800 000 euros seront subventionn\u00e9s par l\u2019ADEME, partenaire du plan \u201cFrance Relance\u201d.\u00a0 Une subvention\u2026","rel":"","context":"Dans &quot;Actualit\u00e9 Entreprises&quot;","img":{"alt_text":"","src":"https:\/\/i0.wp.com\/batimedianews.com\/live\/wp-content\/uploads\/2020\/12\/image-162.png?fit=692%2C262&resize=350%2C200","width":350,"height":200},"classes":[]},{"id":16127,"url":"http:\/\/batimedianews.com\/live\/index.php\/2022\/02\/17\/le-4-5-10-la-solution-disover-pour-repondre-aux-exigences-de-la-re-2020\/","url_meta":{"origin":8868,"position":2},"title":"Le \u201c4\/5\/10\u201d, la solution d\u2019ISOVER pour r\u00e9pondre aux exigences de la RE 2020","date":"17 f\u00e9vrier 2022","format":false,"excerpt":"Afin d\u2019accompagner les constructeurs de maisons individuelles et les bureaux d\u2019\u00e9tudes dans l\u2019appropriation et la mise en \u0153uvre de la r\u00e9glementation environnementale RE 2020, ISOVER a d\u00e9cod\u00e9 les conditions et imp\u00e9ratifs impos\u00e9s aux constructions neuves pour \u00eatre conforme aux objectifs de performance \u00e9nerg\u00e9tique. La marque propose ainsi une solution claire\u2026","rel":"","context":"Dans &quot;Actualit\u00e9 Entreprises&quot;","img":{"alt_text":"","src":"https:\/\/i1.wp.com\/batimedianews.com\/live\/wp-content\/uploads\/2022\/02\/Isover-Article.jpg?fit=512%2C512&resize=350%2C200","width":350,"height":200},"classes":[]},{"id":14962,"url":"http:\/\/batimedianews.com\/live\/index.php\/2022\/01\/21\/la-nouvelle-laine-isover-obtient-le-label-solar-impulse-efficient-solution\/","url_meta":{"origin":8868,"position":3},"title":"La Nouvelle Laine ISOVER obtient le label Solar Impulse Efficient Solution","date":"21 janvier 2022","format":false,"excerpt":"Premi\u00e8re laine de verre labellis\u00e9e, cette distinction traduit la qualit\u00e9 des solutions propos\u00e9es par ISOVER pour r\u00e9duire l\u2019impact de ses activit\u00e9s sur l\u2019environnement, tout en r\u00e9pondant aux enjeux climatiques et aux probl\u00e9matiques des clients.\u00a0 \u00a0Un label ax\u00e9 \u00e0 la fois sur l\u2019environnement et la rentabilit\u00e9\u00a0 La vision de l\u2019explorateur Bertrand\u2026","rel":"","context":"Dans &quot;Actualit\u00e9 Entreprises&quot;","img":{"alt_text":"","src":"https:\/\/i2.wp.com\/batimedianews.com\/live\/wp-content\/uploads\/2022\/01\/Isover-Article.jpg?fit=512%2C512&resize=350%2C200","width":350,"height":200},"classes":[]},{"id":22894,"url":"http:\/\/batimedianews.com\/live\/index.php\/2022\/09\/12\/le-4-5-10-la-solution-disover-pour-repondre-aux-exigences-de-la-re-2020-2\/","url_meta":{"origin":8868,"position":4},"title":"Le \u201c4\/5\/10\u201d, la solution d\u2019ISOVER pour r\u00e9pondre aux exigences de la RE 2020","date":"12 septembre 2022","format":false,"excerpt":"Afin d\u2019accompagner les constructeurs de maisons individuelles et les bureaux d\u2019\u00e9tudes dans l\u2019appropriation et la mise en \u0153uvre de la r\u00e9glementation environnementale RE 2020, ISOVER a d\u00e9cod\u00e9 les conditions et imp\u00e9ratifs impos\u00e9s aux constructions neuves pour \u00eatre conforme aux objectifs de performance \u00e9nerg\u00e9tique. La marque propose ainsi une solution claire\u2026","rel":"","context":"Dans &quot;Isolation&quot;","img":{"alt_text":"","src":"https:\/\/i1.wp.com\/batimedianews.com\/live\/wp-content\/uploads\/2022\/09\/Isover-Article.jpg?fit=1080%2C1080&resize=350%2C200","width":350,"height":200},"classes":[]},{"id":15289,"url":"http:\/\/batimedianews.com\/live\/index.php\/2022\/01\/27\/isover-a-realise-lisolation-thermique-et-acoustique-du-wonder-of-the-seas-le-paquebot-le-plus-grand-du-monde\/","url_meta":{"origin":8868,"position":5},"title":"ISOVER a r\u00e9alis\u00e9 l\u2019isolation thermique et acoustique du \u201cWonder of the Seas\u201d, le paquebot le plus grand du monde","date":"27 janvier 2022","format":false,"excerpt":"Plus de 150 000 m\u00b2 d\u2019isolants ISOVER ont \u00e9t\u00e9 pos\u00e9s pour assurer la s\u00e9curit\u00e9 et le confort des passagers et de l\u2019\u00e9quipage.\u00a0 Un chantier hors norme pour un paquebot hors norme\u00a0 Connu \u00e0 Chantiers de l\u2019Atlantique en tant que \u201cC34\u201d, son num\u00e9ro de coque, ce mastodonte de 362 m\u00e8tres de\u2026","rel":"","context":"Dans &quot;Acoustique&quot;","img":{"alt_text":"","src":"https:\/\/i1.wp.com\/batimedianews.com\/live\/wp-content\/uploads\/2022\/01\/Isover-Article-1.jpg?fit=512%2C512&resize=350%2C200","width":350,"height":200},"classes":[]}],"_links":{"self":[{"href":"http:\/\/batimedianews.com\/live\/index.php\/wp-json\/wp\/v2\/posts\/8868"}],"collection":[{"href":"http:\/\/batimedianews.com\/live\/index.php\/wp-json\/wp\/v2\/posts"}],"about":[{"href":"http:\/\/batimedianews.com\/live\/index.php\/wp-json\/wp\/v2\/types\/post"}],"author":[{"embeddable":true,"href":"http:\/\/batimedianews.com\/live\/index.php\/wp-json\/wp\/v2\/users\/41"}],"replies":[{"embeddable":true,"href":"http:\/\/batimedianews.com\/live\/index.php\/wp-json\/wp\/v2\/comments?post=8868"}],"version-history":[{"count":3,"href":"http:\/\/batimedianews.com\/live\/index.php\/wp-json\/wp\/v2\/posts\/8868\/revisions"}],"predecessor-version":[{"id":9483,"href":"http:\/\/batimedianews.com\/live\/index.php\/wp-json\/wp\/v2\/posts\/8868\/revisions\/9483"}],"wp:featuredmedia":[{"embeddable":true,"href":"http:\/\/batimedianews.com\/live\/index.php\/wp-json\/wp\/v2\/media\/8871"}],"wp:attachment":[{"href":"http:\/\/batimedianews.com\/live\/index.php\/wp-json\/wp\/v2\/media?parent=8868"}],"wp:term":[{"taxonomy":"category","embeddable":true,"href":"http:\/\/batimedianews.com\/live\/index.php\/wp-json\/wp\/v2\/categories?post=8868"},{"taxonomy":"post_tag","embeddable":true,"href":"http:\/\/batimedianews.com\/live\/index.php\/wp-json\/wp\/v2\/tags?post=8868"}],"curies":[{"name":"wp","href":"https:\/\/api.w.org\/{rel}","templated":true}]}}