{"id":958,"date":"2019-03-05T14:06:58","date_gmt":"2019-03-05T13:06:58","guid":{"rendered":"http:\/\/batimedialive.com\/?p=958"},"modified":"2021-10-20T12:47:54","modified_gmt":"2021-10-20T10:47:54","slug":"promotelec-lance-un-nouveau-rendez-vous-consacre-aux-objets-connectes-dans-lhabitat","status":"publish","type":"post","link":"http:\/\/batimedianews.com\/live\/index.php\/2019\/03\/05\/promotelec-lance-un-nouveau-rendez-vous-consacre-aux-objets-connectes-dans-lhabitat\/","title":{"rendered":"Promotelec lance un nouveau rendez-vous consacr\u00e9 aux objets connect\u00e9s dans l\u2019habitat"},"content":{"rendered":"<div>\n<table role=\"presentation\" border=\"0\" cellspacing=\"0\" cellpadding=\"0\" align=\"center\">\n<tbody>\n<tr>\n<td>\n<div class=\"m_5418737190546267314mj-column-per-100 m_5418737190546267314outlook-group-fix\">\n<table role=\"presentation\" border=\"0\" width=\"100%\" cellspacing=\"0\" cellpadding=\"0\">\n<tbody>\n<tr>\n<td align=\"left\">\n<div>\n<b>LES INSTANTS CONNECTES BY PROMOTELEC #1<\/b><\/div>\n<\/td>\n<\/tr>\n<tr>\n<td align=\"left\">\n<div>\n<p style=\"text-align:justify;\"><b>\u00ab&nbsp;Les instants connect\u00e9s by Promotelec&nbsp;\u00bb, s\u2019adressent en premier lieu aux particuliers curieux d\u2019en savoir plus sur la&nbsp;smart home. Une fois par mois, l\u2019internaute est invit\u00e9 \u00e0 d\u00e9couvrir une pi\u00e8ce de la maison connect\u00e9e imagin\u00e9e par Promotelec. Une visite guid\u00e9e qui se veut l\u2019occasion d\u2019appr\u00e9cier tour \u00e0 tour l\u2019utilit\u00e9 de certains objets incontournables du logement connect\u00e9, mais aussi de profiter de l\u2019\u00e9clairage d\u2019un expert sp\u00e9cialiste en habitat intelligent pour aider \u00e0 appr\u00e9hender les sp\u00e9cificit\u00e9s de la maison 2.0.<\/b><\/p>\n<p style=\"text-align:justify;\">Pour cette premi\u00e8re visite, Promotelec fait entrer le visiteur dans sa&nbsp;smarthome par la cuisine.&nbsp;<b>Pi\u00e8ce de la maison pr\u00e9f\u00e9r\u00e9e des Fran\u00e7ais, la cuisine est aussi l\u2019endroit o\u00f9 se concentrent g\u00e9n\u00e9ralement le plus d\u2019appareils \u00e9lectriques<\/b>, une aubaine pour les objets connect\u00e9s qui y ont rapidement trouv\u00e9 leur place.<\/p>\n<p><b>Pour&nbsp;d\u00e9couvrir&nbsp;la maison&nbsp;connect\u00e9e de Promotelec<\/b><br \/>\nRendez-vous ici :&nbsp;<b><a href=\"http:\/\/uk8g.mjt.lu\/lnk\/AM4AADC4GDsAAcUMm2YAAAOoaAQAAAAD_joAAY4BAAWrqwBcflUm0jI-gXfOS5OPJEKxxpEmhQAFcIk\/1\/7sWp1NvXhGm5L45aqRUV-Q\/aHR0cHM6Ly93d3cucHJvbW90ZWxlYy5jb20vcGFydGljdWxpZXJzL2xlcy1pbnN0YW50cy1jb25uZWN0ZXMtcGFyLXByb21vdGVsZWMv\" target=\"_blank\" rel=\"noopener noreferrer\">Bienvenue dans la maison connect\u00e9e de Promotelec<\/a><\/b><br \/>\n<b>1.&nbsp;&nbsp;&nbsp;&nbsp;La machine \u00e0 caf\u00e9 connect\u00e9e<\/b><\/p>\n<p style=\"text-align:justify;\">C\u2019est&nbsp;<b>l\u2019un des objets connect\u00e9s les plus populaires dans l\u2019univers de la cuisine<\/b>. Pilotable \u00e0 distance&nbsp;via son smartphone, elle permet notamment de programmer son caf\u00e9 \u00e0 l\u2019avance&nbsp;: on peut ainsi<b>&nbsp;lancer la pr\u00e9paration de sa boisson quand on le souhaite, o\u00f9 que l\u2019on soi<\/b>t. Les machines disponibles sur le march\u00e9 sont la plupart du temps assorties&nbsp;<b>d\u2019applications qui permettent \u00e9galement de r\u00e9gler la longueur de son caf\u00e9, sa temp\u00e9rature, son intensit\u00e9 ou encore la quantit\u00e9 de lait&nbsp;<\/b>souhait\u00e9e.<\/p>\n<p><b>2.&nbsp;&nbsp;&nbsp;&nbsp;Le four connect\u00e9<\/b><\/p>\n<p style=\"text-align:justify;\">Le four est un appareil parfois difficile \u00e0 maitriser lorsqu\u2019il s\u2019agit de garantir la bonne cuisson des repas.&nbsp;&nbsp;L\u2019un des avantages du four connect\u00e9 est qu\u2019il&nbsp;<b>permet de suivre \u00e0 distance, sur son smartphone ou tablette, la cuisson des pr\u00e9parations<\/b>. Certains mod\u00e8les de fours connect\u00e9s sont capables de&nbsp;<b>reconna\u00eetre les aliments et de proposer ainsi des r\u00e9glages adapt\u00e9s<\/b>&nbsp;gr\u00e2ce \u00e0 la pr\u00e9sence d\u2019un assistant de cuisson. Les applications d\u00e9di\u00e9es donnent en outre la possibilit\u00e9 de programmer l\u2019heure des cuissons et leur temp\u00e9rature. Elles proposent g\u00e9n\u00e9ralement toute une s\u00e9rie de recettes en fonction des ingr\u00e9dients dont on dispose, quand&nbsp;certains mod\u00e8les iront jusqu\u2019\u00e0&nbsp;<b>identifier et commander les aliments manquants pour cuisiner la recette recommand\u00e9e<\/b>.<\/p>\n<p><b>3.&nbsp;&nbsp;&nbsp;&nbsp;La hotte aspirante connect\u00e9e<\/b><\/p>\n<p style=\"text-align:justify;\">La hotte aspirante connect\u00e9e est&nbsp;i<b>d\u00e9ale pour aider \u00e0 pr\u00e9server la qualit\u00e9 de l\u2019air int\u00e9rieur de son logement&nbsp;<\/b>lorsqu\u2019on cuisine et se d\u00e9barrasser facilement des mauvaises odeurs de cuisson.Les mod\u00e8les de hottes pr\u00e9sents dans le commerce n\u00e9cessitent bien souvent d\u2019\u00eatre compatibles avec la plaque de cuisson afin de communiquer avec cette derni\u00e8re et se lancer au moment o\u00f9 la plaque est utilis\u00e9e. La puissance d\u2019aspiration est ainsi r\u00e9gul\u00e9e automatiquement en fonction des indications donn\u00e9es \u00e0 la plaque de cuisson. D\u2019autres mod\u00e8les peuvent \u00e9galement \u00eatre contr\u00f4l\u00e9s par smartphone&nbsp;viaune application. Il est alors possible&nbsp;de&nbsp;<b>commander \u00e0 distance les vitesses d\u2019aspiration, savoir quand il faut changer les filtres et r\u00e9gler tous les param\u00e8tres<\/b>&nbsp;essentiels au bon fonctionnement de sa hotte, transformant la cuisine en un espace intelligent.<\/p>\n<\/div>\n<\/td>\n<\/tr>\n<\/tbody>\n<\/table>\n<\/div>\n<\/td>\n<\/tr>\n<\/tbody>\n<\/table>\n<\/div>\n<div>\n<table role=\"presentation\" border=\"0\" cellspacing=\"0\" cellpadding=\"0\" align=\"center\">\n<tbody>\n<tr>\n<td><\/td>\n<\/tr>\n<\/tbody>\n<\/table>\n<\/div>\n<div>\n<table role=\"presentation\" border=\"0\" cellspacing=\"0\" cellpadding=\"0\" align=\"center\">\n<tbody>\n<tr>\n<td>\n<div class=\"m_5418737190546267314mj-column-per-100 m_5418737190546267314outlook-group-fix\">\n<table role=\"presentation\" border=\"0\" width=\"100%\" cellspacing=\"0\" cellpadding=\"0\">\n<tbody>\n<tr>\n<td align=\"left\">\n<div>\n&nbsp;<b>Promotelec donne rendez-vous aux internautes en avril pour d\u00e9couvrir le salon connect\u00e9.<\/b><\/p>\n<p style=\"text-align:justify;\"><b>L\u2019Observatoire Promotelec des mutations dans l\u2019habitat a r\u00e9alis\u00e9 avec l\u2019institut Sociovision une \u00e9tude sur \u00ab&nbsp;Les objets connect\u00e9s dans l\u2019habitat&nbsp;\u00bb.&nbsp;Apr\u00e8s avoir d\u00e9voil\u00e9 en juin dernier&nbsp;<a href=\"http:\/\/uk8g.mjt.lu\/lnk\/AM4AADC4GDsAAcUMm2YAAAOoaAQAAAAD_joAAY4BAAWrqwBcflUm0jI-gXfOS5OPJEKxxpEmhQAFcIk\/2\/rdWes3-tA881HV1bJZs_8Q\/aHR0cHM6Ly93d3cucHJvbW90ZWxlYy5jb20vYWN0dWFsaXRlL25vdXZlbGxlLWV0dWRlLXByb21vdGVsZWMtb2JqZXRzLWNvbm5lY3Rlcy1saGFiaXRhdC8_X2dhPTIuMjE1NDU2NTk5LjEzNzgxMDQyMDIuMTU0NTAzODAwNy01MDkwMDUyNzYuMTUxNjAzMTY0Mg\" target=\"_blank\" rel=\"noopener noreferrer\">les chiffres sur les attentes et les aspirations des Fran\u00e7ais concernant la maison d\u2019aujourd\u2019hui et de demain<\/a>, et en d\u00e9cembre&nbsp;<a href=\"http:\/\/uk8g.mjt.lu\/lnk\/AM4AADC4GDsAAcUMm2YAAAOoaAQAAAAD_joAAY4BAAWrqwBcflUm0jI-gXfOS5OPJEKxxpEmhQAFcIk\/3\/KU7b5wA5ob2bIeKJkEU6xg\/aHR0cHM6Ly93d3cucHJvbW90ZWxlYy5jb20vd3AtY29udGVudC91cGxvYWRzLzIwMTgvMTIvMjAxOC0xMi0yMS1DUC1Qcm9tb3RlbGVjLWF0dGVudGVzLWV0LWF0dGl0dWRlcy1kZXMtRnJhbiVDMyVBN2Fpcy1mYWNlLWF1eC1PQ0gucGRm\" target=\"_blank\" rel=\"noopener noreferrer\">de nouvelles donn\u00e9es sur&nbsp;les modes de relations aux objets connect\u00e9s dans la maison<\/a>,&nbsp;Promotelec invite d\u00e9sormais les internautes dans sa maison intelligente pour quelques instants connect\u00e9s.&nbsp;<\/b><\/p>\n<h2>\u00c0 propos de Promotelec : pour plus de confort et de bon sens dans l\u2019habitat<\/h2>\n<p style=\"text-align:justify;\">Seul espace d\u00e9di\u00e9 aux r\u00e9flexions sur les usages durables, performants et bas carbone de l\u2019\u00e9lectricit\u00e9, Promotelec est une association d&rsquo;int\u00e9r\u00eat g\u00e9n\u00e9ral, cr\u00e9\u00e9e en 1962, qui r\u00e9unit \u00e0 la fois les acteurs de l\u2019\u00e9lectricit\u00e9, du b\u00e2timent, et des associations de consommateurs, et dont le positionnement est ax\u00e9 sur des enjeux d\u2019am\u00e9lioration du confort dans l\u2019habitat. Promotelec informe et accompagne \u00e0 la fois les particuliers, les professionnels et les collectivit\u00e9s locales dans la conception et la r\u00e9alisation de leurs projets d\u2019am\u00e9lioration de l\u2019habitat, dans le neuf ou l\u2019existant, aussi bien dans le parc public que dans le parc priv\u00e9.&nbsp;Les membres de Promotelec : ANAH, CAPEB, CGL, CINOV, CSTB, EDF, ENEDIS, FAMILLES DE FRANCE, FDME, FEDELEC, FFB, FFIE, FIEEC, FNCCR, FPI, IGNES, LCA-FFB, GROUPE MULLER, SAINT-GOBAIN, SERCE, SYCABEL, UNA3E-CAPEB, UNSFA, USH.&nbsp;Ses \u00e9tudes, conseils et astuces sont \u00e0 retrouver sur&nbsp;<a href=\"http:\/\/uk8g.mjt.lu\/lnk\/AM4AADC4GDsAAcUMm2YAAAOoaAQAAAAD_joAAY4BAAWrqwBcflUm0jI-gXfOS5OPJEKxxpEmhQAFcIk\/4\/niClUNXRDgy4_0Vk1CIQsg\/aHR0cDovL3d3dy5wcm9tb3RlbGVjLmNvbQ\" target=\"_blank\" rel=\"noopener noreferrer\">www.promotelec.com<\/a><\/p>\n<\/div>\n<\/td>\n<\/tr>\n<\/tbody>\n<\/table>\n<\/div>\n<\/td>\n<\/tr>\n<\/tbody>\n<\/table>\n<\/div>\n","protected":false},"excerpt":{"rendered":"<p>LES INSTANTS CONNECTES BY PROMOTELEC #1 \u00ab&nbsp;Les instants connect\u00e9s by Promotelec&nbsp;\u00bb, s\u2019adressent en premier lieu aux particuliers curieux d\u2019en savoir plus sur la&nbsp;smart home. Une fois par mois, l\u2019internaute est invit\u00e9 \u00e0 d\u00e9couvrir une pi\u00e8ce de la maison connect\u00e9e imagin\u00e9e par Promotelec. Une visite guid\u00e9e qui se veut l\u2019occasion d\u2019appr\u00e9cier tour \u00e0 tour l\u2019utilit\u00e9 de [&hellip;]<\/p>\n","protected":false},"author":2,"featured_media":2090,"comment_status":"open","ping_status":"open","sticky":false,"template":"","format":"standard","meta":{"spay_email":""},"categories":[4,14,18,103,121],"tags":[],"jetpack_featured_media_url":"https:\/\/i0.wp.com\/batimedianews.com\/live\/wp-content\/uploads\/2019\/08\/promotelec.jpg?fit=612%2C400","jetpack_sharing_enabled":true,"jetpack_likes_enabled":true,"jetpack-related-posts":[{"id":11488,"url":"http:\/\/batimedianews.com\/live\/index.php\/2021\/08\/27\/la-pompe-a-chaleur-lequipement-de-chauffage-le-plus-ecologique\/","url_meta":{"origin":958,"position":0},"title":"LA POMPE \u00c0 CHALEUR &#8211; L\u2019\u00e9quipement de chauffage le plus \u00e9cologique","date":"27 ao\u00fbt 2021","format":false,"excerpt":"Apr\u00e8s son \u00e9tude sur le chauffage \u00e9lectrique en 2020, l\u2019Association Promotelec publie une \u00e9tude* relative \u00e0 la perception des Fran\u00e7ais sur la pompe \u00e0 chaleur. Dans un contexte soci\u00e9tal et \u00e9nerg\u00e9tique marqu\u00e9 de plus en plus par la pression des contraintes \u00e9cologiques, la pompe \u00e0 chaleur appara\u00eet comme un dispositif\u2026","rel":"","context":"Dans &quot;Actualit\u00e9 Entreprises&quot;","img":{"alt_text":"","src":"https:\/\/i0.wp.com\/batimedianews.com\/live\/wp-content\/uploads\/2021\/08\/Promotelec-Article.jpg?fit=512%2C512&resize=350%2C200","width":350,"height":200},"classes":[]},{"id":44959,"url":"http:\/\/batimedianews.com\/live\/index.php\/2025\/06\/02\/securite-electrique-un-risque-souvent-ignore\/","url_meta":{"origin":958,"position":1},"title":"S\u00e9curit\u00e9 \u00e9lectrique :  un risque souvent ignor\u00e9","date":"2 juin 2025","format":false,"excerpt":"82,6 % des installations \u00e9lectriques de plus de 15 ans dans les logements en France pr\u00e9sentent au moins une anomalie \u00e9lectrique selon le dernier barom\u00e8tre ONSE 2025 L\u2019Association Promotelec d\u00e9voile aujourd\u2019hui les r\u00e9sultats du nouveau barom\u00e8tre de l\u2019Observatoire national de la s\u00e9curit\u00e9 \u00e9lectrique, qui f\u00eate ses 30 ans cette ann\u00e9e.\u2026","rel":"","context":"Dans &quot;Promotelec&quot;","img":{"alt_text":"","src":"https:\/\/i0.wp.com\/batimedianews.com\/live\/wp-content\/uploads\/2025\/05\/Promotelec.jpg?fit=825%2C825&resize=350%2C200","width":350,"height":200},"classes":[]},{"id":1371,"url":"http:\/\/batimedianews.com\/live\/index.php\/2019\/07\/01\/assemblee-generale-du-club-de-lamelioration-de-lhabitat\/","url_meta":{"origin":958,"position":2},"title":"Assembl\u00e9e G\u00e9n\u00e9rale du Club de l\u2019Am\u00e9lioration de l\u2019Habitat","date":"1 juillet 2019","format":false,"excerpt":"Le Club de l'Am\u00e9lioration de l'Habitat a tenu son assembl\u00e9e g\u00e9n\u00e9rale annuelle ce jeudi 20 juin dans l\u2019auditorium du si\u00e8ge de Saint-Gobain \u00e0 la d\u00e9fense. Le pr\u00e9sident Maurice Manceau a pr\u00e9sent\u00e9 \u00e0 cette occasion le bilan de ses trois ann\u00e9es de mandats, particuli\u00e8rement riches en \u00e9v\u00e9nements et \u00e9tudes diverses. Il\u2026","rel":"","context":"Dans &quot;Actualit\u00e9 Entreprises&quot;","img":{"alt_text":"","src":"http:\/\/batimedialive.files.wordpress.com\/2019\/06\/manceau.jpg?w=350&h=200&crop=1","width":350,"height":200},"classes":[]},{"id":3125,"url":"http:\/\/batimedianews.com\/live\/index.php\/2019\/10\/07\/le-confort-thermique-au-coeur-des-ambitions-de-somfy\/","url_meta":{"origin":958,"position":3},"title":"Le confort thermique au coeur des ambitions de Somfy","date":"7 octobre 2019","format":false,"excerpt":"Selon une \u00e9tude, 87 % des Fran\u00e7ais d\u00e9clarent \u00ab\u00a0Adorer \u00eatre chez eux\u00a0\u00bb (Source\u00a0:\u00a0Promotelec, 2017)Un chiffre en constante augmentation depuis 10 ansLe chauffage repr\u00e9sente 67% des d\u00e9penses \u00e9nerg\u00e9tiques du foyer (Source :\u00a0Ademe)R\u00e9guler et programmer son chauffage permettrait de r\u00e9duire la facture jusqu'\u00e0 25% (Source\u00a0Ademe) A l'heure o\u00f9 les\u00a0Fran\u00e7ais d\u00e9clarent aimer de\u2026","rel":"","context":"Dans &quot;Actualit\u00e9 Entreprises&quot;","img":{"alt_text":"","src":"https:\/\/i2.wp.com\/batimedianews.com\/live\/wp-content\/uploads\/2019\/10\/somfy5.jpg?fit=1072%2C535&resize=350%2C200","width":350,"height":200},"classes":[]},{"id":8144,"url":"http:\/\/batimedianews.com\/live\/index.php\/2021\/02\/04\/hager-et-bubendorff-lancent-link-la-cle-pour-piloter-facilement-les-volets-roulants\/","url_meta":{"origin":958,"position":4},"title":"Hager et Bubendorff lancent Link, la cl\u00e9 pour piloter facilement les volets roulants !","date":"4 f\u00e9vrier 2021","format":false,"excerpt":"Hager et Bubendorff lancent Link, une cl\u00e9 pour connecter et piloter facilement la plupart des volets radio Bubendorff avec le contr\u00f4leur domotique connect\u00e9 coviva de Hager. Alors que 75% des Fran\u00e7ais souhaitent int\u00e9grer la domotique dans leurs projets de r\u00e9novation1, ce partenariat entre deux acteurs majeurs du march\u00e9 de l\u2019habitat\u2026","rel":"","context":"Dans &quot;Actualit\u00e9 Entreprises&quot;","img":{"alt_text":"","src":"https:\/\/i1.wp.com\/batimedianews.com\/live\/wp-content\/uploads\/2021\/01\/image-290.png?fit=686%2C636&resize=350%2C200","width":350,"height":200},"classes":[]},{"id":21494,"url":"http:\/\/batimedianews.com\/live\/index.php\/2022\/07\/04\/rehabilitation-du-quartier-baltiss-a-voiron-38\/","url_meta":{"origin":958,"position":5},"title":"R\u00e9habilitation du quartier Baltiss \u00e0 Voiron (38)","date":"4 juillet 2022","format":false,"excerpt":"5 b\u00e2timents font peau neuve avec du b\u00e9ton cellulaire Ytong, une solution constructive parfaite\u00a0pour la r\u00e9novation \u00e9nerg\u00e9tique La loi \u00e9nergie-climat, qui fixe l\u2019objectif de neutralit\u00e9 carbone des b\u00e2timents d\u2019ici 2050, acc\u00e9l\u00e8re la r\u00e9novation des logements \u00e9nergivores en France. De nombreuses communes, comme Voiron dans l\u2019Is\u00e8re, engagent des travaux de r\u00e9habilitation\u2026","rel":"","context":"Dans &quot;Actualit\u00e9 Entreprises&quot;","img":{"alt_text":"","src":"https:\/\/i0.wp.com\/batimedianews.com\/live\/wp-content\/uploads\/2022\/06\/Xella-Article.jpg?fit=1080%2C1080&resize=350%2C200","width":350,"height":200},"classes":[]}],"_links":{"self":[{"href":"http:\/\/batimedianews.com\/live\/index.php\/wp-json\/wp\/v2\/posts\/958"}],"collection":[{"href":"http:\/\/batimedianews.com\/live\/index.php\/wp-json\/wp\/v2\/posts"}],"about":[{"href":"http:\/\/batimedianews.com\/live\/index.php\/wp-json\/wp\/v2\/types\/post"}],"author":[{"embeddable":true,"href":"http:\/\/batimedianews.com\/live\/index.php\/wp-json\/wp\/v2\/users\/2"}],"replies":[{"embeddable":true,"href":"http:\/\/batimedianews.com\/live\/index.php\/wp-json\/wp\/v2\/comments?post=958"}],"version-history":[{"count":1,"href":"http:\/\/batimedianews.com\/live\/index.php\/wp-json\/wp\/v2\/posts\/958\/revisions"}],"predecessor-version":[{"id":2443,"href":"http:\/\/batimedianews.com\/live\/index.php\/wp-json\/wp\/v2\/posts\/958\/revisions\/2443"}],"wp:featuredmedia":[{"embeddable":true,"href":"http:\/\/batimedianews.com\/live\/index.php\/wp-json\/wp\/v2\/media\/2090"}],"wp:attachment":[{"href":"http:\/\/batimedianews.com\/live\/index.php\/wp-json\/wp\/v2\/media?parent=958"}],"wp:term":[{"taxonomy":"category","embeddable":true,"href":"http:\/\/batimedianews.com\/live\/index.php\/wp-json\/wp\/v2\/categories?post=958"},{"taxonomy":"post_tag","embeddable":true,"href":"http:\/\/batimedianews.com\/live\/index.php\/wp-json\/wp\/v2\/tags?post=958"}],"curies":[{"name":"wp","href":"https:\/\/api.w.org\/{rel}","templated":true}]}}