{"id":9651,"date":"2021-05-10T10:19:40","date_gmt":"2021-05-10T08:19:40","guid":{"rendered":"http:\/\/batimedianews.com\/live\/?p=9651"},"modified":"2021-10-21T11:34:22","modified_gmt":"2021-10-21T09:34:22","slug":"le-snbpe-participe-au-forum-securite-organise-par-la-ville-de-bourgoin-jallieu","status":"publish","type":"post","link":"http:\/\/batimedianews.com\/live\/index.php\/2021\/05\/10\/le-snbpe-participe-au-forum-securite-organise-par-la-ville-de-bourgoin-jallieu\/","title":{"rendered":"Le SNBPE participe au forum s\u00e9curit\u00e9 organis\u00e9 par la ville de Bourgoin-Jallieu"},"content":{"rendered":"\n<p><strong>Le Syndicat national du b\u00e9ton pr\u00eat \u00e0 l&#8217;emploi (SNBPE) participera le mercredi 5 mai 2021 au forum \u00ab&nbsp;s\u00e9curit\u00e9 de la ville&nbsp;\u00bb \u00e0 Bourgoin-Jallieu. Le SNBPE sera ainsi de nouveau partenaire d&rsquo;une action de sensibilisation et de pr\u00e9vention autour des angles morts pour les v\u00e9hicules exc\u00e9dant 3,5 tonnes<\/strong>.<strong>&nbsp;Elle se d\u00e9roulera de 9h00 \u00e0 17h00 au Stade Pierre Rajon (73, avenue Professeur Tixier \u00e0&nbsp;Bourgoin-Jallieu).<\/strong><\/p>\n\n\n\n<div class=\"wp-block-image\"><figure class=\"alignleft\"><img loading=\"lazy\" width=\"306\" height=\"272\" src=\"https:\/\/i0.wp.com\/batimedianews.com\/live\/wp-content\/uploads\/2021\/05\/image-23.png?resize=306%2C272\" alt=\"\" class=\"wp-image-9652\" srcset=\"https:\/\/i0.wp.com\/batimedianews.com\/live\/wp-content\/uploads\/2021\/05\/image-23.png?w=306 306w, https:\/\/i0.wp.com\/batimedianews.com\/live\/wp-content\/uploads\/2021\/05\/image-23.png?resize=300%2C267 300w, https:\/\/i0.wp.com\/batimedianews.com\/live\/wp-content\/uploads\/2021\/05\/image-23.png?resize=10%2C10 10w, https:\/\/i0.wp.com\/batimedianews.com\/live\/wp-content\/uploads\/2021\/05\/image-23.png?resize=248%2C220 248w\" sizes=\"(max-width: 600px) 91vw, (max-width: 900px) 600px, (max-width: 1060px) 50vw, (max-width: 1200px) 520px, (max-width: 1400px) 43vw, 600px\" data-recalc-dims=\"1\" \/><\/figure><\/div>\n\n\n\n<p>La loi LOM (loi d&rsquo;orientation des mobilit\u00e9s) a \u00e9t\u00e9 adopt\u00e9 par le S\u00e9nat en avril 2019. Les mesures propos\u00e9es ont permi le d\u00e9veloppement de la mobilit\u00e9 douce \u00ab\u00a0v\u00e9lo\u00a0\u00bb dans les zones urbaines de France. Il n&rsquo;en reste pas moins essentiel de sensibiliser les cyclistes sur la s\u00e9curit\u00e9 en les alertant sur le danger des \u00ab&nbsp;angles morts&nbsp;\u00bb.<\/p>\n\n\n\n<p>En d\u00e9but d&rsquo;ann\u00e9e 2021, l&rsquo;apposition d&rsquo;autocollants sp\u00e9cifiques sur les flancs et \u00e0 l&rsquo;arri\u00e8re des camions a \u00e9t\u00e9 rendue obligatoire.<\/p>\n\n\n\n<p>Le SNBPE salue cette initiative et continue ses actions de sensibilisations aupr\u00e8s des usagers des risques encourus sur la voie publique. Tr\u00e8s pr\u00e9sent sur le terrain, le syndicat part \u00e0 la rencontre des habitants de Bourgoin-Jallieu, \u00e0 l&rsquo;occasion du forum s\u00e9curit\u00e9 de la ville.<\/p>\n\n\n\n<p><strong>Forte mobilisation des adh\u00e9rents, en proposant une action de sensibilisation du public !<\/strong><\/p>\n\n\n\n<p>Ga\u00ebl FIGON, Pr\u00e9sident de la Commission Territoriale BPE (b\u00e9ton pr\u00eat \u00e0 l&#8217;emploi) Rh\u00f4ne Alpes, et les adh\u00e9rents locaux se mobiliseront le 5 mai prochain,par le biais d&rsquo;un atelier ludique de sensibilisation. Une toupie-malaxeur sera install\u00e9e au Stade Pierre Rajon et les usagers d\u00e9couvriront l&rsquo;int\u00e9rieur d&rsquo;un habitacle et la visibilit\u00e9 r\u00e9elle d&rsquo;un conducteur de poids lourds.<\/p>\n\n\n\n<p>Cette op\u00e9ration de sensibilisation aux angles morts permettra de rappeler aux cyclistes, et de mani\u00e8re plus g\u00e9n\u00e9rale au grand public, les bons comportements \u00e0 adopter en ville pour une cohabitation sereine sur l&rsquo;espace public.<\/p>\n\n\n\n<p>Une op\u00e9ration simple mais essentielle, pour une prise de conscience mutuelle, qui s&rsquo;inscrit dans l&rsquo;engagement sant\u00e9-s\u00e9curit\u00e9 mis en \u0153uvre par le SNBPE depuis de nombreuses ann\u00e9es !<\/p>\n\n\n\n<p><strong>Quelques conseils aux cyclistes :<\/strong><\/p>\n\n\n\n<p>\u00b7&nbsp;&nbsp;&nbsp;&nbsp;&nbsp;&nbsp;Toujours signaler \u00e0 l&rsquo;avance un changement de direction<\/p>\n\n\n\n<p>\u00b7&nbsp;&nbsp;&nbsp;&nbsp;&nbsp;&nbsp;Ne pas s&rsquo;arr\u00eater sous les r\u00e9troviseurs<\/p>\n\n\n\n<p>\u00b7&nbsp;&nbsp;&nbsp;&nbsp;&nbsp;&nbsp;Ne jamais d\u00e9passer un camion qui man\u0153uvre ou change de direction<\/p>\n\n\n\n<p>\u00b7&nbsp;&nbsp;&nbsp;&nbsp;&nbsp;&nbsp;De mani\u00e8re g\u00e9n\u00e9rale garder ses distances<\/p>\n\n\n\n<p>\u00b7&nbsp;&nbsp;&nbsp;&nbsp;&nbsp;&nbsp;Restez toujours visibles !<\/p>\n\n\n\n<p><strong>A propos du SNBPE&nbsp;:<\/strong><\/p>\n\n\n\n<p>Le Syndicat National du B\u00e9ton Pr\u00eat \u00e0 l&rsquo;Emploi (SNBPE) repr\u00e9sente 80 % de l&rsquo;activit\u00e9 globale de la production de b\u00e9ton pr\u00eat \u00e0 l&#8217;emploi en France. En regroupant plus de 200 adh\u00e9rents et 1 800 unit\u00e9s de production, le SNBPE se positionne comme un acteur majeur sur le march\u00e9 du b\u00e9ton.<\/p>\n","protected":false},"excerpt":{"rendered":"<p>Le Syndicat national du b\u00e9ton pr\u00eat \u00e0 l&#8217;emploi (SNBPE) participera le mercredi 5 mai 2021 au forum \u00ab&nbsp;s\u00e9curit\u00e9 de la ville&nbsp;\u00bb \u00e0 Bourgoin-Jallieu. Le SNBPE sera ainsi de nouveau partenaire d&rsquo;une action de sensibilisation et de pr\u00e9vention autour des angles morts pour les v\u00e9hicules exc\u00e9dant 3,5 tonnes.&nbsp;Elle se d\u00e9roulera de 9h00 \u00e0 17h00 au Stade [&hellip;]<\/p>\n","protected":false},"author":41,"featured_media":9653,"comment_status":"open","ping_status":"open","sticky":false,"template":"","format":"standard","meta":{"spay_email":""},"categories":[4,21,117,129],"tags":[],"jetpack_featured_media_url":"https:\/\/i2.wp.com\/batimedianews.com\/live\/wp-content\/uploads\/2021\/05\/SNBPEArticle.jpg?fit=1224%2C512","jetpack_sharing_enabled":true,"jetpack_likes_enabled":true,"jetpack-related-posts":[{"id":13937,"url":"http:\/\/batimedianews.com\/live\/index.php\/2021\/12\/02\/olivier-collin-elu-president-du-college-snbpe-pays-de-la-loire\/","url_meta":{"origin":9651,"position":0},"title":"Olivier Collin \u00e9lu pr\u00e9sident du coll\u00e8ge SNBPE Pays de la Loire","date":"2 d\u00e9cembre 2021","format":false,"excerpt":"Olivier Collin, directeur g\u00e9n\u00e9ral d'EDYCEM, vient d'\u00eatre port\u00e9 \u00e0 la pr\u00e9sidence du coll\u00e8ge SNBPE (Syndicat National du B\u00e9ton Pr\u00eat \u00e0 l'Emploi) de la r\u00e9gion Pays de la Loire. Il succ\u00e8de \u00e0 Philippe QUENEAU (lui-m\u00eame ancien directeur g\u00e9n\u00e9ral d'EDYCEM), dont le mandat arrivait \u00e0 son terme. Au cours de ces vingt-cinq\u2026","rel":"","context":"Dans &quot;Actualit\u00e9 Entreprises&quot;","img":{"alt_text":"","src":"https:\/\/i1.wp.com\/batimedianews.com\/live\/wp-content\/uploads\/2021\/11\/SNBPE-Article.jpg?fit=512%2C512&resize=350%2C200","width":350,"height":200},"classes":[]},{"id":15776,"url":"http:\/\/batimedianews.com\/live\/index.php\/2022\/02\/08\/re2020-le-snbpe-lance-une-formation-e-learning-re2020-pour-accompagner-les-agents-technico-commerciaux-bpe-de-ses-entreprises-adherentes\/","url_meta":{"origin":9651,"position":1},"title":"RE2020 &#8211; Le SNBPE lance une formation e-learning RE2020 pour accompagner les agents technico commerciaux BPE de ses entreprises adh\u00e9rentes","date":"8 f\u00e9vrier 2022","format":false,"excerpt":"Depuis le 26 janvier 2022, et\u00a0dans le cadre de la RE2020, le\u00a0Syndicat National du B\u00e9ton Pr\u00eat \u00e0 l'Emploi\u00a0(SNBPE) a d\u00e9velopp\u00e9 une formation e-learning \u00e0 destination des agents technico commerciaux (ATC) BPE de ses entreprises adh\u00e9rentes afin de les familiariser aux sp\u00e9cificit\u00e9s de cette nouvelle r\u00e8glementation.\u00a0 La RE2020, applicable depuis le\u2026","rel":"","context":"Dans &quot;Actualit\u00e9 Entreprises&quot;","img":{"alt_text":"","src":"https:\/\/i2.wp.com\/batimedianews.com\/live\/wp-content\/uploads\/2022\/02\/SNBPE-Article.jpg?fit=512%2C512&resize=350%2C200","width":350,"height":200},"classes":[]},{"id":8692,"url":"http:\/\/batimedianews.com\/live\/index.php\/2021\/05\/04\/lancement-de-la-7eme-edition-du-concours-didees-snbpe-et-cimbeton\/","url_meta":{"origin":9651,"position":2},"title":"Lancement de la 7\u00e8me \u00e9dition du concours d&rsquo;id\u00e9es SNBPE et CIMb\u00e9ton","date":"4 mai 2021","format":false,"excerpt":"Le biomim\u00e9tisme, source d'inspiration pour les b\u00e9tons et la ville du futur Tous les ans, le SNBPE (Syndicat national du b\u00e9ton pr\u00eat \u00e0 l'emploi) et CIMb\u00e9ton organisent, \u00e0 destination des \u00e9coles d'ing\u00e9nieurs et des IUT G\u00e9nie Civil, un concours d'id\u00e9es. Pour cette 7\u00e8me\u00a0\u00e9dition, les \u00e9tudiants sont invit\u00e9s \u00e0 une r\u00e9flexion\u2026","rel":"","context":"Dans &quot;Actualit\u00e9 Entreprises&quot;","img":{"alt_text":"","src":"https:\/\/i2.wp.com\/batimedianews.com\/live\/wp-content\/uploads\/2021\/03\/image-26.png?fit=900%2C812&resize=350%2C200","width":350,"height":200},"classes":[]},{"id":10244,"url":"http:\/\/batimedianews.com\/live\/index.php\/2021\/06\/08\/re-2020-et-beton-bas-carbone-le-snbpe-accompagne-les-prescripteurs-dans-la-transition-ecologique\/","url_meta":{"origin":9651,"position":3},"title":"RE 2020 et b\u00e9ton bas carbone  Le SNBPE accompagne les prescripteurs dans la transition \u00e9cologique","date":"8 juin 2021","format":false,"excerpt":"Si le terme b\u00e9ton bas carbone est largement utilis\u00e9, il ne fait cependant pas l'objet d'une d\u00e9finition officielle s'appuyant sur un cadre normatif ou r\u00e9glementaire. Avec l'entr\u00e9e en vigueur de la RE 2020 pr\u00e9vue en janvier 2022 et afin d'accompagner les professionnels de la construction dans leur choix, le Syndicat\u2026","rel":"","context":"Dans &quot;B\u00e9ton&quot;","img":{"alt_text":"","src":"https:\/\/i0.wp.com\/batimedianews.com\/live\/wp-content\/uploads\/2021\/06\/SNBPE-Article.jpg?fit=512%2C512&resize=350%2C200","width":350,"height":200},"classes":[]},{"id":35216,"url":"http:\/\/batimedianews.com\/live\/index.php\/2024\/02\/12\/jerome-seurre-nomme-president-de-la-commission-technique-du-snbpe\/","url_meta":{"origin":9651,"position":4},"title":"J\u00e9r\u00f4me Seurre nomm\u00e9 Pr\u00e9sident de la Commission technique du SNBPE","date":"12 f\u00e9vrier 2024","format":false,"excerpt":"J\u00e9r\u00f4me Seurre devient le nouveau chef d\u2019orchestre de la Commission technique du Syndicat national du B\u00e9ton Pr\u00eat \u00e0 l\u2019emploi (SNBPE).\u00a0 Fort de 26 ans d\u2019exp\u00e9rience et d\u2019expertise dans le domaine du b\u00e9ton, il succ\u00e8de \u00e0 Jean-Michel Laye dont l\u2019investissement au sein de la Commission est salu\u00e9 par ses membres.\u00a0 \u00a0Le\u2026","rel":"","context":"Dans &quot;Actualit\u00e9 Entreprises&quot;","img":{"alt_text":"","src":"https:\/\/i0.wp.com\/batimedianews.com\/live\/wp-content\/uploads\/2024\/02\/SNBPE.jpg?fit=825%2C825&resize=350%2C200","width":350,"height":200},"classes":[]},{"id":17219,"url":"http:\/\/batimedianews.com\/live\/index.php\/2022\/03\/10\/le-snbpe-et-lunicem-normandie-a-la-rencontre-des-etudiants-de-lesitc-de-caen\/","url_meta":{"origin":9651,"position":5},"title":"Le SNBPE et l&rsquo;UNICEM Normandie \u00e0 la rencontre des \u00e9tudiants de l&rsquo;ESITC de Caen","date":"10 mars 2022","format":false,"excerpt":"Jeudi 3 mars, le Groupe Carri\u00e8res de Mouen a re\u00e7u 109 \u00e9tudiants de 3\u00e8me ann\u00e9e de\u00a0l'ESITC de Caen. Lors de cette visite, organis\u00e9e par Le Syndicat National du B\u00e9ton Pr\u00eat \u00e0 l'Emploi (SNBPE) et l'Union Nationale des Industries de Carri\u00e8res et Mat\u00e9riaux de construction (UNICEM)\u00a0Normandie, les \u00e9tudiants ont d\u00e9couvert le\u2026","rel":"","context":"Dans &quot;Actualit\u00e9 Entreprises&quot;","img":{"alt_text":"","src":"https:\/\/i0.wp.com\/batimedianews.com\/live\/wp-content\/uploads\/2022\/03\/SNBPE_UNICEM-Article.jpg?fit=512%2C512&resize=350%2C200","width":350,"height":200},"classes":[]}],"_links":{"self":[{"href":"http:\/\/batimedianews.com\/live\/index.php\/wp-json\/wp\/v2\/posts\/9651"}],"collection":[{"href":"http:\/\/batimedianews.com\/live\/index.php\/wp-json\/wp\/v2\/posts"}],"about":[{"href":"http:\/\/batimedianews.com\/live\/index.php\/wp-json\/wp\/v2\/types\/post"}],"author":[{"embeddable":true,"href":"http:\/\/batimedianews.com\/live\/index.php\/wp-json\/wp\/v2\/users\/41"}],"replies":[{"embeddable":true,"href":"http:\/\/batimedianews.com\/live\/index.php\/wp-json\/wp\/v2\/comments?post=9651"}],"version-history":[{"count":2,"href":"http:\/\/batimedianews.com\/live\/index.php\/wp-json\/wp\/v2\/posts\/9651\/revisions"}],"predecessor-version":[{"id":9831,"href":"http:\/\/batimedianews.com\/live\/index.php\/wp-json\/wp\/v2\/posts\/9651\/revisions\/9831"}],"wp:featuredmedia":[{"embeddable":true,"href":"http:\/\/batimedianews.com\/live\/index.php\/wp-json\/wp\/v2\/media\/9653"}],"wp:attachment":[{"href":"http:\/\/batimedianews.com\/live\/index.php\/wp-json\/wp\/v2\/media?parent=9651"}],"wp:term":[{"taxonomy":"category","embeddable":true,"href":"http:\/\/batimedianews.com\/live\/index.php\/wp-json\/wp\/v2\/categories?post=9651"},{"taxonomy":"post_tag","embeddable":true,"href":"http:\/\/batimedianews.com\/live\/index.php\/wp-json\/wp\/v2\/tags?post=9651"}],"curies":[{"name":"wp","href":"https:\/\/api.w.org\/{rel}","templated":true}]}}