{"id":10228,"date":"2021-06-02T13:39:50","date_gmt":"2021-06-02T11:39:50","guid":{"rendered":"http:\/\/batimedianews.com\/live\/?p=10228"},"modified":"2021-10-21T11:26:23","modified_gmt":"2021-10-21T09:26:23","slug":"70-ans-que-ca-fixe","status":"publish","type":"post","link":"https:\/\/batimedianews.com\/live\/index.php\/2021\/06\/02\/70-ans-que-ca-fixe\/","title":{"rendered":"70 ans que \u00e7a fixe !"},"content":{"rendered":"\n<p class=\"has-text-color has-background has-very-light-gray-color has-vivid-red-background-color\">#fixations #chevilles #fabricationfran\u00e7aise #b\u00e2timent #70ans #RAM<\/p>\n\n\n\n<p class=\"has-text-color has-cyan-bluish-gray-color\"><strong>Wissous, le 25 mai 2021. Avec ses 70 bougies, RAM, fabricant fran\u00e7ais de solutions de fixation pour les artisans du b\u00e2timent, ne manque pas de souffle.<\/strong><\/p>\n\n\n\n<p class=\"has-text-color has-cyan-bluish-gray-color\"><strong>Depuis 1951, RAM est pr\u00e9sent aux c\u00f4t\u00e9s des \u00e9lectriciens et des plombiers avec des solutions astucieuses et performantes. En 2020, le fabricant fran\u00e7ais a enregistr\u00e9 des r\u00e9sultats en volume et en valeur en forte hausse. L\u2019ann\u00e9e 2021 s\u2019inscrit sur une tendance similaire avec une croissance \u00e0 2 chiffres et la volont\u00e9 pour l\u2019entreprise d\u2019aller encore plus loin.<\/strong><\/p>\n\n\n\n<div class=\"wp-block-image\"><figure class=\"alignleft is-resized\"><img loading=\"lazy\" src=\"https:\/\/i0.wp.com\/batimedianews.com\/live\/wp-content\/uploads\/2021\/06\/image.png?resize=188%2C121\" alt=\"\" class=\"wp-image-10229\" width=\"188\" height=\"121\" srcset=\"https:\/\/i0.wp.com\/batimedianews.com\/live\/wp-content\/uploads\/2021\/06\/image.png?w=234&amp;ssl=1 234w, https:\/\/i0.wp.com\/batimedianews.com\/live\/wp-content\/uploads\/2021\/06\/image.png?resize=10%2C6&amp;ssl=1 10w\" sizes=\"(max-width: 600px) 91vw, (max-width: 900px) 600px, (max-width: 1060px) 50vw, (max-width: 1200px) 520px, (max-width: 1400px) 43vw, 600px\" data-recalc-dims=\"1\" \/><\/figure><\/div>\n\n\n\n<p class=\"has-text-color has-medium-font-size has-vivid-red-color\">Plus de 3 000 r\u00e9f\u00e9rences via la distribution professionnelle<\/p>\n\n\n\n<p>Entreprise industrielle de plasturgie reconnue pour la qualit\u00e9 de ses produits de fixation (chevilles, agrafes, colliers\u2026), RAM dispose d\u2019un large parc de presse \u00e0 injecter. De son usine de production \u00e0 Wissous sortent chaque ann\u00e9e plus de 60 millions de fixations. \u00ab Nous avons fait le choix de maintenir notre syst\u00e8me de production en France. Avec le recul, cette d\u00e9cision s\u2019est r\u00e9v\u00e9l\u00e9e la bonne. RAM est une entreprise familiale attach\u00e9e \u00e0 ses racines, ses valeurs et \u00e0 son savoir-faire \u00bb, explique Bernard Fournier, Pr\u00e9sident de RAM. \u00ab Et pour autant, nous n\u2019avons jamais cess\u00e9 d\u2019innover pour faciliter la mise en oeuvre des fixations et apporter des solutions performantes \u00bb.<\/p>\n\n\n\n<div class=\"wp-block-image\"><figure class=\"alignleft is-resized\"><img loading=\"lazy\" src=\"https:\/\/i2.wp.com\/batimedianews.com\/live\/wp-content\/uploads\/2021\/06\/image-1.png?resize=180%2C123\" alt=\"\" class=\"wp-image-10230\" width=\"180\" height=\"123\" srcset=\"https:\/\/i2.wp.com\/batimedianews.com\/live\/wp-content\/uploads\/2021\/06\/image-1.png?w=286&amp;ssl=1 286w, https:\/\/i2.wp.com\/batimedianews.com\/live\/wp-content\/uploads\/2021\/06\/image-1.png?resize=10%2C7&amp;ssl=1 10w\" sizes=\"(max-width: 600px) 91vw, (max-width: 900px) 600px, (max-width: 1060px) 50vw, (max-width: 1200px) 520px, (max-width: 1400px) 43vw, 600px\" data-recalc-dims=\"1\" \/><\/figure><\/div>\n\n\n\n<p class=\"has-text-color has-medium-font-size has-vivid-red-color\">Aux c\u00f4t\u00e9s des artisans pour mieux appr\u00e9hender leurs besoins <\/p>\n\n\n\n<p>Pour les 70 ans de la marque, RAM a souhait\u00e9 innover et entamer un virage dans sa communication pour \u00eatre au plus pr\u00e8s des artisans et de leur quotidien.<\/p>\n\n\n\n<p>Une nouvelle posture, avec du relief et des valeurs assum\u00e9es mises en sc\u00e8ne sur les packaging, les r\u00e9seaux sociaux ou encore via des tutos film\u00e9s. RAM veut marquer ses diff\u00e9rences et se montrer sans filtre : engag\u00e9, authentique, solidaire et performant !<\/p>\n\n\n\n<p class=\"has-text-color has-medium-font-size has-vivid-red-color\">Une ambition de croissance \u00e0 +20%<\/p>\n\n\n\n<p>RAM veut accroitre son d\u00e9veloppement sur un march\u00e9 de plus en plus concern\u00e9 par les valeurs, les circuits logistiques courts et les engagements des marques. \u00ab Nous souhaitons apporter aux artisans une alternative aux offres traditionnelles. En achetant des solutions RAM, les artisans donnent du sens \u00e0 leurs achats de consommables. Par exemple, avec notre produit phare ; la cheville Fus\u00e9e multi-mat\u00e9riaux, ils font le choix de la performance mais \u00e9galement de favoriser une PME fran\u00e7aise engag\u00e9e ! \u00bb, pr\u00e9cise Bernard Fournier.<\/p>\n\n\n\n<p class=\"has-text-color has-background has-small-font-size has-very-light-gray-color has-vivid-red-background-color\">A propos de RAM (www.ram.fr) : RAM fabrique chaque ann\u00e9e plus de 60 millions de solutions de fixation pour le b\u00e2timent (collier, cheville, protection\u2026). Plus de 3000 r\u00e9f\u00e9rences sont disponibles aupr\u00e8s de distributeurs professionnels \u00e0 destination des installateurs \u00e9lectriciens et plombiers. Le savoir-faire de RAM repose sur sa capacit\u00e9 \u00e0 imaginer des solutions alliant performance et facilit\u00e9 de mise en oeuvre.<\/p>\n","protected":false},"excerpt":{"rendered":"<p>#fixations #chevilles #fabricationfran\u00e7aise #b\u00e2timent #70ans #RAM Wissous, le 25 mai 2021. Avec ses 70 bougies, RAM, fabricant fran\u00e7ais de solutions de fixation pour les artisans du b\u00e2timent, ne manque pas de souffle. Depuis 1951, RAM est pr\u00e9sent aux c\u00f4t\u00e9s des \u00e9lectriciens et des plombiers avec des solutions astucieuses et performantes. En 2020, le fabricant fran\u00e7ais [&hellip;]<\/p>\n","protected":false},"author":41,"featured_media":10301,"comment_status":"open","ping_status":"open","sticky":false,"template":"","format":"standard","meta":{"spay_email":""},"categories":[4,29,59,1061,89,102,108],"tags":[1062,532],"jetpack_featured_media_url":"https:\/\/i1.wp.com\/batimedianews.com\/live\/wp-content\/uploads\/2021\/06\/nouvelle-photo.jpg?fit=853%2C601&ssl=1","jetpack_sharing_enabled":true,"jetpack_likes_enabled":true,"jetpack-related-posts":[{"id":12538,"url":"https:\/\/batimedianews.com\/live\/index.php\/2021\/10\/07\/robimax-le-kit-pour-simplifier-linstallation-de-robinetterie-une-innovation-ram\/","url_meta":{"origin":10228,"position":0},"title":"ROBIMAX, le kit pour simplifier l\u2019installation de robinetterie ; une innovation RAM !","date":"7 octobre 2021","format":false,"excerpt":"A Wissous, le 30 septembre 2021. Fort de ses 70 ann\u00e9es d\u2019expertise, RAM, fabricant fran\u00e7ais de solutions de fixation pour les artisans du b\u00e2timent, poursuit ses innovations et lance ROBIMAX ; le kit de fixation de robinetterie pour un raccordement solide, modulable et facile \u00e0 mettre en oeuvre. Robimax, un\u2026","rel":"","context":"Dans &quot;Actualit\u00e9 Entreprises&quot;","img":{"alt_text":"","src":"https:\/\/i0.wp.com\/batimedianews.com\/live\/wp-content\/uploads\/2021\/10\/RAM-Article.jpg?fit=512%2C512&ssl=1&resize=350%2C200","width":350,"height":200},"classes":[]},{"id":11781,"url":"https:\/\/batimedianews.com\/live\/index.php\/2021\/09\/06\/fischer-france-60-ans-dinnovations-pour-un-acteur-devenu-incontournable-sur-le-marche-de-la-fixation\/","url_meta":{"origin":10228,"position":1},"title":"fischer France : 60 ans d\u2019innovations pour un acteur devenu incontournable sur le march\u00e9 de la fixation","date":"6 septembre 2021","format":false,"excerpt":"Si fischer est devenu le leader mondial des syst\u00e8mes de fixation, ce n\u2019est pas un hasard. Son parcours, marqu\u00e9 par de nombreux succ\u00e8s, son esprit d\u2019innovation et sa volont\u00e9 de toujours devancer les besoins du march\u00e9 et des utilisateurs lui ont permis d\u2019atteindre cette position. Acteur incontournable dans le domaine\u2026","rel":"","context":"Dans &quot;Actualit\u00e9 Entreprises&quot;","img":{"alt_text":"","src":"https:\/\/i2.wp.com\/batimedianews.com\/live\/wp-content\/uploads\/2021\/09\/Fischer-Article.jpg?fit=512%2C512&ssl=1&resize=350%2C200","width":350,"height":200},"classes":[]},{"id":40377,"url":"https:\/\/batimedianews.com\/live\/index.php\/2024\/10\/07\/duohm-future-icone-de-la-fixation-une-cheville-pour-toutes-les-epaisseurs-de-plaques-qui-sinstalle-sans-pince-pour-un-temps-de-pose-reduit-de-50\/","url_meta":{"origin":10228,"position":2},"title":"DuoHM : future icone de la fixation, une cheville pour toutes les \u00e9paisseurs de plaques qui s\u2019installe sans pince pour un temps de pose r\u00e9duit de 50%","date":"7 octobre 2024","format":false,"excerpt":"\u00a0fischer, leader mondial des syst\u00e8mes de fixation, est fier d\u2019annoncer le lancement de la DuoHM. Cette nouvelle cheville allie performance, polyvalence et facilit\u00e9 d\u2019utilisation, r\u00e9pondant ainsi aux besoins des professionnels de la construction et du bricolage. Gr\u00e2ce \u00e0 sa technologie bi-mati\u00e8re, la DuoHM garantit des charges \u00e9lev\u00e9es. Elle convient pour\u2026","rel":"","context":"Dans &quot;Actualit\u00e9 Entreprises&quot;","img":{"alt_text":"","src":"https:\/\/i1.wp.com\/batimedianews.com\/live\/wp-content\/uploads\/2024\/10\/Fischer-articles-1-3.jpg?fit=825%2C825&ssl=1&resize=350%2C200","width":350,"height":200},"classes":[]},{"id":41812,"url":"https:\/\/batimedianews.com\/live\/index.php\/2024\/12\/09\/hirsch-isolation-et-fischer-lancent-un-systeme-disolation-unique-economique-rapide-a-poser-et-dote-dune-empreinte-carbone-reduite\/","url_meta":{"origin":10228,"position":3},"title":"HIRSCH Isolation et fischer lancent un syst\u00e8me d\u2019isolation unique, \u00e9conomique, rapide \u00e0 poser et dot\u00e9 d\u2019une empreinte carbone r\u00e9duite !","date":"9 d\u00e9cembre 2024","format":false,"excerpt":"\u00a0Le sp\u00e9cialiste de l\u2019isolation et le leader de la fixation ont mis leurs comp\u00e9tences en commun pour cr\u00e9er un syst\u00e8me d\u2019isolation int\u00e9rieur exclusif, sans fourrure ni montant : Doublifix. Gr\u00e2ce au kit de fixation sp\u00e9cialement con\u00e7u pour le syst\u00e8me, l\u2019isolant est directement fix\u00e9 dans le mur, supprimant toutes les fourrures\u2026","rel":"","context":"Dans &quot;Actualit\u00e9 Entreprises&quot;","img":{"alt_text":"","src":"https:\/\/i0.wp.com\/batimedianews.com\/live\/wp-content\/uploads\/2024\/12\/Hirsch-articles-.jpg?fit=825%2C825&ssl=1&resize=350%2C200","width":350,"height":200},"classes":[]},{"id":23612,"url":"https:\/\/batimedianews.com\/live\/index.php\/2022\/09\/27\/fischer-duoline-la-polyvalence-des-chevilles-bi-matieres\/","url_meta":{"origin":10228,"position":4},"title":"FISCHER DUOLINE &#8211; la polyvalence des chevilles   BI-MATI\u00c8RES","date":"27 septembre 2022","format":false,"excerpt":"\u00a0Gamme DuoLine - Pour une fixation sans concessions\u00a0 La gamme de fixations DuoLine fischer regorge d\u2019innovations technologiques. Uniques et polyvalentes, les chevilles multimat\u00e9riaux DuoPower, \u00e0 bascule DuoTec, autoforeuse DuoBlade, \u00e9tanche DuoSeal et rallong\u00e9e DuoXpand, la derni\u00e8re-n\u00e9e de la gamme, regroupent les meilleures caract\u00e9ristiques techniques pour couvrir un large champ d\u2019application.\u00a0\u2026","rel":"","context":"Dans &quot;Actualit\u00e9 Entreprises&quot;","img":{"alt_text":"","src":"https:\/\/i2.wp.com\/batimedianews.com\/live\/wp-content\/uploads\/2022\/09\/Fischer-Article.jpg?fit=1080%2C1080&ssl=1&resize=350%2C200","width":350,"height":200},"classes":[]},{"id":8826,"url":"https:\/\/batimedianews.com\/live\/index.php\/2021\/04\/29\/louineau-etudie-chaque-reference-de-profil-du-marche-et-propose-des-systemes-de-fixation-adaptes\/","url_meta":{"origin":10228,"position":5},"title":"LOUINEAU \u00c9TUDIE CHAQUE R\u00c9F\u00c9RENCE DE PROFIL DU MARCH\u00c9 ET PROPOSE DES SYST\u00c8MES DE FIXATION ADAPT\u00c9S","date":"29 avril 2021","format":false,"excerpt":"Attentif aux \u00e9volutions du march\u00e9 et aux remont\u00e9es du terrain, le sp\u00e9cialiste des syst\u00e8mes de fixation LOUINEAU s\u2019attache \u00e0 concevoir et fabriquer des solutions qui r\u00e9pondent \u00e0 toutes les nouvelles configurations. Son leitmotiv : faciliter toujours plus la mise en oeuvre des entreprises de pose, artisans et fa\u00e7adiers. Son bureau\u2026","rel":"","context":"Dans &quot;Actualit\u00e9 Entreprises&quot;","img":{"alt_text":"","src":"https:\/\/i1.wp.com\/batimedianews.com\/live\/wp-content\/uploads\/2021\/03\/image-92.png?fit=892%2C474&ssl=1&resize=350%2C200","width":350,"height":200},"classes":[]}],"_links":{"self":[{"href":"https:\/\/batimedianews.com\/live\/index.php\/wp-json\/wp\/v2\/posts\/10228"}],"collection":[{"href":"https:\/\/batimedianews.com\/live\/index.php\/wp-json\/wp\/v2\/posts"}],"about":[{"href":"https:\/\/batimedianews.com\/live\/index.php\/wp-json\/wp\/v2\/types\/post"}],"author":[{"embeddable":true,"href":"https:\/\/batimedianews.com\/live\/index.php\/wp-json\/wp\/v2\/users\/41"}],"replies":[{"embeddable":true,"href":"https:\/\/batimedianews.com\/live\/index.php\/wp-json\/wp\/v2\/comments?post=10228"}],"version-history":[{"count":2,"href":"https:\/\/batimedianews.com\/live\/index.php\/wp-json\/wp\/v2\/posts\/10228\/revisions"}],"predecessor-version":[{"id":10242,"href":"https:\/\/batimedianews.com\/live\/index.php\/wp-json\/wp\/v2\/posts\/10228\/revisions\/10242"}],"wp:featuredmedia":[{"embeddable":true,"href":"https:\/\/batimedianews.com\/live\/index.php\/wp-json\/wp\/v2\/media\/10301"}],"wp:attachment":[{"href":"https:\/\/batimedianews.com\/live\/index.php\/wp-json\/wp\/v2\/media?parent=10228"}],"wp:term":[{"taxonomy":"category","embeddable":true,"href":"https:\/\/batimedianews.com\/live\/index.php\/wp-json\/wp\/v2\/categories?post=10228"},{"taxonomy":"post_tag","embeddable":true,"href":"https:\/\/batimedianews.com\/live\/index.php\/wp-json\/wp\/v2\/tags?post=10228"}],"curies":[{"name":"wp","href":"https:\/\/api.w.org\/{rel}","templated":true}]}}