{"id":10265,"date":"2021-06-07T07:52:30","date_gmt":"2021-06-07T05:52:30","guid":{"rendered":"http:\/\/batimedianews.com\/live\/?p=10265"},"modified":"2021-10-21T11:29:27","modified_gmt":"2021-10-21T09:29:27","slug":"plum-energie-lutte-contre-la-precarite-energetique-et-milite-en-faveur-dun-service-minimum-de-lelectricite","status":"publish","type":"post","link":"https:\/\/batimedianews.com\/live\/index.php\/2021\/06\/07\/plum-energie-lutte-contre-la-precarite-energetique-et-milite-en-faveur-dun-service-minimum-de-lelectricite\/","title":{"rendered":"Pl\u00fcm \u00e9nergie lutte contre la pr\u00e9carit\u00e9 \u00e9nerg\u00e9tique et milite en faveur d\u2019un \u00ab service minimum de l\u2019\u00e9lectricit\u00e9 \u00bb"},"content":{"rendered":"\n<p class=\"has-text-color has-vivid-red-color\"><em>Le fournisseur d\u2019int\u00e9r\u00eat g\u00e9n\u00e9ral lancera un test grandeur nature aupr\u00e8s de ses clients pr\u00e9caires le 1er juin, \u00e0 la lev\u00e9e de la tr\u00eave hivernale.<\/em><\/p>\n\n\n\n<p>Paris, le 31 mai 2021 \u2013 <strong>Alors que les coupures d\u2019\u00e9lectricit\u00e9 risquent d\u2019\u00eatre massives \u00e0 partir du 1er juin prochain, date marquant la fin de la tr\u00eave hivernale, le fournisseur d\u2019\u00e9nergie verte, locale et d\u2019int\u00e9r\u00eat g\u00e9n\u00e9ral Pl\u00fcm \u00e9nergie prend l\u2019initiative d\u2019un \u00ab service minimum de l\u2019\u00e9lectricit\u00e9 \u00bb et appelle les autorit\u00e9s \u00e0 p\u00e9renniser et g\u00e9n\u00e9raliser cette solution par la loi. Ce service minimum assurerait aux foyers les plus pr\u00e9caires une puissance \u00e9lectrique minimale de 1000 watts, qui leur permette de satisfaire les besoins indispensables du foyer et de maintenir le lien social. Pour consolider son projet, Pl\u00fcm \u00e9nergie a consult\u00e9 plusieurs associations nationales de lutte contre la pr\u00e9carit\u00e9, telle la Fondation Abb\u00e9 Pierre, l\u2019entreprise cherche en effet \u00e0 f\u00e9d\u00e9rer le plus grand nombre d\u2019acteurs pour porter cette initiative aupr\u00e8s des autorit\u00e9s publiques et lance d\u00e8s aujourd\u2019hui un pilote aupr\u00e8s de l\u2019ensemble de ses clients pr\u00e9caires. Un test grandeur nature financ\u00e9 avec ses fonds propres, qui d\u00e9marrera \u00e0 la lev\u00e9e de la tr\u00eave hivernale. De quoi prouver le bien-fond\u00e9 et le r\u00e9alisme de sa proposition.<\/strong><\/p>\n\n\n\n<p class=\"has-text-color has-vivid-red-color\"><strong>Face \u00e0 la hausse de la pr\u00e9carit\u00e9 \u00e9nerg\u00e9tique\u2026<\/strong><\/p>\n\n\n\n<p>La tr\u00eave hivernale, droit acquis par l\u2019Abb\u00e9 Pierre en 1956, ne prot\u00e9geait initialement que contre les expulsions locatives. Ce n\u2019est qu\u2019en 2008 qu\u2019a \u00e9t\u00e9 introduite l&rsquo;interdiction des coupures d\u2019\u00e9lectricit\u00e9 et de gaz pendant l\u2019hiver. D\u2019abord r\u00e9serv\u00e9e aux foyers pr\u00e9caires, cette protection a \u00e9t\u00e9 \u00e9tendue \u00e0 tous les foyers en 2014, du 1er novembre au 31 mars. Dans une France o\u00f9 60% des foyers sont chauff\u00e9s \u00e0 l\u2019\u00e9lectricit\u00e9 ou au gaz, personne ne conteste aujourd\u2019hui cette disposition. N\u00e9anmoins, on oublie parfois qu\u2019une fois cette tr\u00eave termin\u00e9e, les coupures reprennent et sont nombreuses. On oublie parfois aussi qu\u2019\u00eatre coup\u00e9 d\u2019\u00e9lectricit\u00e9, en plus de l\u2019inconfort (li\u00e9 au manque de lumi\u00e8re ou \u00e0 la perte du contenu de son frigidaire et\/ou cong\u00e9lateur par exemple), implique une compl\u00e8te rupture des liens sociaux (il est loin le temps o\u00f9 les t\u00e9l\u00e9phones fixes fonctionnaient m\u00eame l\u2019\u00e9lectricit\u00e9 coup\u00e9e !). Ainsi, des foyers pr\u00e9caires peuvent se retrouver dans une situation kafka\u00efenne o\u00f9, \u00e0 d\u00e9faut de pouvoir charger leurs t\u00e9l\u00e9phones portables, ils ne peuvent m\u00eame pas joindre leur fournisseur d\u2019\u00e9lectricit\u00e9 pour r\u00e9gulariser leur situation.<\/p>\n\n\n\n<p>Et depuis plusieurs ann\u00e9es, nous observons une hausse constante des interventions pour impay\u00e9s, demand\u00e9es par les fournisseurs d\u2019\u00e9lectricit\u00e9. Si ce chiffre a particuli\u00e8rement augment\u00e9 en 2019 (+17% vs. 2018) \u2013 portant le nombre de m\u00e9nages fran\u00e7ais ayant subi ce sort \u00e0 pr\u00e8s de 700 000 (1) \u2013 la crise sanitaire fait craindre une augmentation encore plus importante cette ann\u00e9e. En 2019 d\u00e9j\u00e0, pr\u00e8s de 12% des Fran\u00e7ais d\u00e9pensaient plus de 8% de leurs revenus pour payer leur facture \u00e9nerg\u00e9tique (2). Si 53% des foyers restreignaient leurs consommations pour limiter leur facture \u00e9nerg\u00e9tique, ils \u00e9taient 14% \u00e0 d\u00e9clarer avoir souffert du froid au cours de l\u2019hiver (3). Or depuis, la consommation \u00e9nerg\u00e9tique des Fran\u00e7ais a largement \u00e9t\u00e9 impact\u00e9e par le contexte sanitaire. Contraignant de nombreux m\u00e9nages \u00e0 passer davantage de temps chez eux cet hiver, dans des logements parfois inchauffables, elle a indirectement augment\u00e9 leurs besoins de chauffage, pour un co\u00fbt pouvant \u00eatre difficilement supportable.<\/p>\n\n\n\n<p class=\"has-small-font-size\">1 Observatoire National de la Pr\u00e9carit\u00e9 \u00c9nerg\u00e9tique, 2020<\/p>\n\n\n\n<p class=\"has-small-font-size\">2 Minist\u00e8re de la Transition \u00c9cologique, 2020<\/p>\n\n\n\n<p class=\"has-small-font-size\">3 M\u00e9diateur national de l\u2019\u00e9nergie, 2020<\/p>\n\n\n\n<p class=\"has-text-color has-vivid-red-color\"><strong>\u2026 la mise en place d\u2019un \u00ab service minimum de l\u2019\u00e9lectricit\u00e9 \u00bb\u2026<\/strong><\/p>\n\n\n\n<p>L\u2019\u00e9lectricit\u00e9 \u00e9tant un bien de premi\u00e8re n\u00e9cessit\u00e9 et en tant qu\u2019entreprise de l\u2019\u00e9conomie sociale et solidaire, Pl\u00fcm \u00e9nergie est intimement convaincu qu\u2019il est n\u00e9cessaire de prot\u00e9ger davantage les foyers pr\u00e9caires, ce tout au long de l\u2019ann\u00e9e, \u00e0 l\u2019instar de ce qui existe d\u00e9j\u00e0 pour l\u2019eau. Pl\u00fcm \u00e9nergie milite donc pour l\u2019instauration d\u2019un \u00ab service minimum de l\u2019\u00e9lectricit\u00e9 \u00bb qui imposerait aux diff\u00e9rents fournisseurs d\u2019\u00e9nergie de poursuivre l\u2019approvisionnement de leurs clients en situation de pr\u00e9carit\u00e9 m\u00eame en dehors de la tr\u00eave hivernale (soit du 1er avril au 31 octobre de chaque ann\u00e9e), ce via une puissance minimale de 1 kVA garantie (soit environ 1 000 watts).<\/p>\n\n\n\n<p>Une telle puissance est tout sauf un luxe ! Elle ne permet de faire fonctionner ni un ballon d\u2019eau chaude, ni un four ou un lave-linge. Mais elle est suffisante pour assurer un minimum vital (s\u2019\u00e9clairer, recharger son portable, brancher son frigo et utiliser sa box internet) et maintenir un lien social.<\/p>\n\n\n\n<p>Si une telle disposition n\u2019\u00e9tait pas techniquement r\u00e9alisable il y a quelques ann\u00e9es, le d\u00e9ploiement \u00e0 grande \u00e9chelle des compteurs communicants Linky, dont plus de 80% des foyers de France continentale sont d\u00e9sormais \u00e9quip\u00e9s, la simplifie grandement. Ce compteur peut en effet \u00eatre programm\u00e9 \u00e0 distance et la r\u00e9duction de puissance \u00e0 1000 watts, tout comme la restauration de puissance nominale, peuvent se faire simplement.<\/p>\n\n\n\n<p>Pl\u00fcm \u00e9nergie souhaite f\u00e9d\u00e9rer le plus grand nombre d&rsquo;acteurs de l\u2019\u00e9nergie et de la lutte contre la pr\u00e9carit\u00e9 (associations, collectivit\u00e9s, fournisseurs d\u2019\u00e9lectricit\u00e9\u2026) pour porter le projet aupr\u00e8s des services publics en d\u00e9posant un amendement.<\/p>\n\n\n\n<p class=\"has-text-color has-vivid-red-color\"><strong>\u2026 d\u2019ores et d\u00e9j\u00e0 propos\u00e9 par Pl\u00fcm \u00e9nergie !<\/strong><\/p>\n\n\n\n<p>Pour prouver le bien-fond\u00e9 et le r\u00e9alisme de cette proposition de \u00ab service minimum de l\u2019\u00e9lectricit\u00e9 \u00bb, le fournisseur Pl\u00fcm \u00e9nergie va r\u00e9aliser un pilote aupr\u00e8s de ses clients pr\u00e9caires (\u00e0 savoir les foyers titulaires d\u2019un ch\u00e8que \u00e9nergie). Ce test grandeur nature, financ\u00e9 avec ses fonds propres, d\u00e9marrera \u00e0 la lev\u00e9e de la tr\u00eave hivernale, le 1er juin prochain, pour une dur\u00e9e d\u2019un an. Ce test permettra de quantifier plus pr\u00e9cis\u00e9ment le financement public n\u00e9cessaire \u00e0 la mise en place d\u2019une telle mesure.<\/p>\n\n\n\n<p>\u00ab L\u2019\u00e9nergie est une part importante dans le budget des fran\u00e7ais et pourtant, personne ne peut s\u2019en passer. Dans cette p\u00e9riode de crise qui pousse les foyers \u00e0 une d\u00e9pense \u00e9nerg\u00e9tique plus importante, la premi\u00e8re chose \u00e0 faire est de r\u00e9duire sa consommation \u00e9lectrique. Mais face \u00e0 l\u2019urgence de la situation, ce n\u2019est pas seulement de conseils dont ont besoin les fran\u00e7ais, mais bien d\u2019une v\u00e9ritable dynamique de solidarit\u00e9, sinc\u00e8re et partag\u00e9e.<\/p>\n\n\n\n<p>Pl\u00fcm \u00e9nergie est une entreprise sociale et solidaire, activement engag\u00e9e. Plus que jamais, ces mots doivent rayonner et donner lieu \u00e0 des actions concr\u00e8tes. \u00bb explique Lancelot d\u2019Hauthuille, cofondateur de Pl\u00fcm \u00e9nergie.<\/p>\n\n\n\n<p class=\"has-text-color has-small-font-size has-vivid-red-color\"><strong>\u00c0 propos de Pl\u00fcm \u00c9nergie<\/strong><\/p>\n\n\n\n<p class=\"has-small-font-size\">Cr\u00e9\u00e9 en 2016, Pl\u00fcm \u00e9nergie est un fournisseur d&rsquo;\u00e9nergie renouvelable proposant un approvisionnement issu de productions fran\u00e7aises, engag\u00e9es et solidaires. En offrant \u00e0 ses clients une \u00e9nergie 100% verte et 100% locale aux tarifs r\u00e9glement\u00e9s, mais aussi et surtout en les engageant \u00e0 la consommer le moins possible, Pl\u00fcm \u00e9nergie donne \u00e0 chacun les moyens d\u2019agir \u00e0 son \u00e9chelle en faveur de la transition \u00e9nerg\u00e9tique. Conscient qu\u2019il est urgent d\u2019acc\u00e9l\u00e9rer la d\u00e9croissance \u00e9nerg\u00e9tique, Pl\u00fcm \u00e9nergie entend ainsi inciter ses clients \u00e0 r\u00e9duire leurs d\u00e9penses en \u00e9nergie au quotidien via une exp\u00e9rience am\u00e9lior\u00e9e du suivi de leur consommation et un syst\u00e8me de bonus qui encourage financi\u00e8rement leurs efforts pour leur permettre, in fine, de r\u00e9duire en moyenne de 10% leur budget \u00e9nergie. Positionn\u00e9 sur le march\u00e9 des particuliers mais aussi sur celui des collectivit\u00e9s, Pl\u00fcm \u00e9nergie fournit d\u00e9j\u00e0 certaines grandes m\u00e9tropoles fran\u00e7aises, \u00e0 l\u2019instar de la Ville de Paris, comme des r\u00e9gions toutes enti\u00e8res (Ile-de-France, Centre-Val de Loire, Bouches du Rh\u00f4ne&#8230;).<\/p>\n\n\n\n<p><\/p>\n","protected":false},"excerpt":{"rendered":"<p>Le fournisseur d\u2019int\u00e9r\u00eat g\u00e9n\u00e9ral lancera un test grandeur nature aupr\u00e8s de ses clients pr\u00e9caires le 1er juin, \u00e0 la lev\u00e9e de la tr\u00eave hivernale. Paris, le 31 mai 2021 \u2013 Alors que les coupures d\u2019\u00e9lectricit\u00e9 risquent d\u2019\u00eatre massives \u00e0 partir du 1er juin prochain, date marquant la fin de la tr\u00eave hivernale, le fournisseur d\u2019\u00e9nergie [&hellip;]<\/p>\n","protected":false},"author":41,"featured_media":10267,"comment_status":"open","ping_status":"open","sticky":false,"template":"","format":"standard","meta":{"spay_email":""},"categories":[4,665],"tags":[],"jetpack_featured_media_url":"https:\/\/i2.wp.com\/batimedianews.com\/live\/wp-content\/uploads\/2021\/06\/Plum-Article.jpg?fit=1224%2C512&ssl=1","jetpack_sharing_enabled":true,"jetpack_likes_enabled":true,"jetpack-related-posts":[{"id":10458,"url":"https:\/\/batimedianews.com\/live\/index.php\/2021\/06\/14\/fin-de-la-treve-hivernale-hausse-historique-de-20-des-interventions-des-fournisseurs-denergie-pour-factures-impayees\/","url_meta":{"origin":10265,"position":0},"title":"Fin de la tr\u00eave hivernale : hausse historique de +20% des interventions des fournisseurs d\u2019\u00e9nergie pour factures impay\u00e9es","date":"14 juin 2021","format":false,"excerpt":"Face \u00e0 la pr\u00e9carit\u00e9 \u00e9nerg\u00e9tique, Pl\u00fcm \u00e9nergie milite en faveur d\u2019un \u00ab service minimum de l\u2019\u00e9lectricit\u00e9 \u00bb Paris, le 8 juin 2021 \u2013 Le M\u00e9diateur national de l\u2019\u00e9nergie vient de l\u2019annoncer : les coupures d\u2019\u00e9lectricit\u00e9 pour impay\u00e9s explosent depuis la fin de la tr\u00eave hivernale le 1er juin dernier et\u2026","rel":"","context":"Dans &quot;Actualit\u00e9 Entreprises&quot;","img":{"alt_text":"","src":"https:\/\/i2.wp.com\/batimedianews.com\/live\/wp-content\/uploads\/2021\/06\/Pl\u00fcm-Article.jpg?fit=512%2C512&ssl=1&resize=350%2C200","width":350,"height":200},"classes":[]},{"id":23992,"url":"https:\/\/batimedianews.com\/live\/index.php\/2022\/10\/06\/precarite-energetique-engie-lance-un-service-gratuit-pour-suivre-ses-consommations-delectricite\/","url_meta":{"origin":10265,"position":1},"title":"Pr\u00e9carit\u00e9 \u00e9nerg\u00e9tique : ENGIE lance un service gratuit pour suivre ses consommations d\u2019\u00e9lectricit\u00e9.","date":"6 octobre 2022","format":false,"excerpt":"ENGIE renforce le soutien \u00e0 ses clients en \u00e9lectricit\u00e9 b\u00e9n\u00e9ficiaires du ch\u00e8que \u00e9nergie en mettant gratuitement \u00e0 leur disposition Mon Elec en Direct. Ce service permet de suivre sa consommation d\u2019\u00e9lectricit\u00e9 en temps r\u00e9el et en euros, \u00e0 tout moment depuis un smartphone ou une tablette, partout en France. Concr\u00e9tisation\u2026","rel":"","context":"Dans &quot;Actualit\u00e9 Entreprises&quot;","img":{"alt_text":"","src":"https:\/\/i2.wp.com\/batimedianews.com\/live\/wp-content\/uploads\/2022\/10\/Engie-Article.jpg?fit=1080%2C1080&ssl=1&resize=350%2C200","width":350,"height":200},"classes":[]},{"id":31121,"url":"https:\/\/batimedianews.com\/live\/index.php\/2023\/09\/11\/lhyfe-et-vsb-energies-nouvelles-signent-un-premier-contrat-long-terme-de-fourniture-delectricite-renouvelable\/","url_meta":{"origin":10265,"position":2},"title":"Lhyfe et VSB \u00e9nergies nouvelles signent un premier contrat long terme de fourniture d\u2019\u00e9lectricit\u00e9 renouvelable","date":"11 septembre 2023","format":false,"excerpt":"\u00a0N\u00eemes et Nantes et (France), le 7 septembre, 7h30 \u2013 Lhyfe (Euronext : LHYFE), l'un des pionniers mondiaux de la production d'hydrog\u00e8ne vert et renouvelable, et VSB \u00e9nergies nouvelles, producteur ind\u00e9pendant d\u2019\u00e9lectricit\u00e9 \u00e0 partir d\u2019\u00e9nergies renouvelables, annoncent la signature d\u2019un contrat long terme de fourniture d\u2019\u00e9lectricit\u00e9 renouvelable (corporate PPA).\u00a0 VSB\u2026","rel":"","context":"Dans &quot;Actualit\u00e9 Entreprises&quot;","img":{"alt_text":"","src":"https:\/\/i2.wp.com\/batimedianews.com\/live\/wp-content\/uploads\/2023\/09\/VSB-articles.jpg?fit=825%2C825&ssl=1&resize=350%2C200","width":350,"height":200},"classes":[]},{"id":15411,"url":"https:\/\/batimedianews.com\/live\/index.php\/2022\/02\/01\/des-installations-denergie-renouvelable-pour-lutter-contre-la-precarite-energetique\/","url_meta":{"origin":10265,"position":3},"title":"Des installations d\u2019\u00e9nergie renouvelable pour lutter contre la pr\u00e9carit\u00e9 \u00e9nerg\u00e9tique","date":"1 f\u00e9vrier 2022","format":false,"excerpt":"Paris le 27 janvier 2022 - Gr\u00e2ce \u00e0 la prime fl\u00e9ch\u00e9e d\u2019Enercoop, des producteurs d\u2019\u00e9nergie renouvelable comme la G\u00e9n\u00e9rale du Solaire agissent contre la pr\u00e9carit\u00e9 \u00e9nerg\u00e9tique sur le territoire de leurs installations de production. \u00c9nergie Solidaire, le fonds de dotation de lutte contre la pr\u00e9carit\u00e9 \u00e9nerg\u00e9tique, est charg\u00e9 d\u2019identifier des\u2026","rel":"","context":"Dans &quot;Association&quot;","img":{"alt_text":"","src":"https:\/\/i1.wp.com\/batimedianews.com\/live\/wp-content\/uploads\/2022\/01\/EnercoopGenraldusolaireenergiesolidaire-Article.jpg?fit=512%2C512&ssl=1&resize=350%2C200","width":350,"height":200},"classes":[]},{"id":23436,"url":"https:\/\/batimedianews.com\/live\/index.php\/2022\/09\/23\/reaction-a-la-conference-de-presse-de-elisabeth-borne\/","url_meta":{"origin":10265,"position":4},"title":"R\u00e9action \u00e0 la conf\u00e9rence de presse de Elisabeth Borne","date":"23 septembre 2022","format":false,"excerpt":"Limiter la hausse des prix de l\u2019\u00e9nergie, c\u2019est bien\u2026 Agir dans la dur\u00e9e en incitant \u00e0 la r\u00e9novation \u00e9nerg\u00e9tique des logements des m\u00e9nages plus pr\u00e9caires, c\u2019est mieux ! Paris, le 15 septembre 2023 \u2013 Plus que jamais, la consommation d\u2019\u00e9nergie est au coeur des pr\u00e9occupations des Fran\u00e7ais. Si tous sont\u2026","rel":"","context":"Dans &quot;Actualit\u00e9 Entreprises&quot;","img":{"alt_text":"","src":"https:\/\/i1.wp.com\/batimedianews.com\/live\/wp-content\/uploads\/2022\/09\/heero-Article.jpg?fit=1080%2C1080&ssl=1&resize=350%2C200","width":350,"height":200},"classes":[]},{"id":47855,"url":"https:\/\/batimedianews.com\/live\/index.php\/2025\/11\/07\/le-kastor-devient-le-distributeur-exclusif-wooday-com-pour-la-region-de-nantes\/","url_meta":{"origin":10265,"position":5},"title":"Le Kastor devient le distributeur exclusif Wooday.com pour la r\u00e9gion de Nantes.","date":"7 novembre 2025","format":false,"excerpt":"S\u00e9lectionn\u00e9 par Wooday gr\u00e2ce \u00e0 sa satisfaction client (4,4\/5) et \u00e0 la qualit\u00e9 de son service, Le Kastor offre un bois de qualit\u00e9, une livraison sur mesure dans le garage et un service client irr\u00e9prochable.\u00a0 \u00a0Il rejoint donc le r\u00e9seau Wooday.com, qui r\u00e9volutionne le march\u00e9 du bois-\u00e9nergie en digitalisant l\u2019achat\u2026","rel":"","context":"Dans &quot;Actualit\u00e9 Entreprises&quot;","img":{"alt_text":"","src":"https:\/\/i2.wp.com\/batimedianews.com\/live\/wp-content\/uploads\/2025\/11\/wooday.jpg?fit=825%2C825&ssl=1&resize=350%2C200","width":350,"height":200},"classes":[]}],"_links":{"self":[{"href":"https:\/\/batimedianews.com\/live\/index.php\/wp-json\/wp\/v2\/posts\/10265"}],"collection":[{"href":"https:\/\/batimedianews.com\/live\/index.php\/wp-json\/wp\/v2\/posts"}],"about":[{"href":"https:\/\/batimedianews.com\/live\/index.php\/wp-json\/wp\/v2\/types\/post"}],"author":[{"embeddable":true,"href":"https:\/\/batimedianews.com\/live\/index.php\/wp-json\/wp\/v2\/users\/41"}],"replies":[{"embeddable":true,"href":"https:\/\/batimedianews.com\/live\/index.php\/wp-json\/wp\/v2\/comments?post=10265"}],"version-history":[{"count":1,"href":"https:\/\/batimedianews.com\/live\/index.php\/wp-json\/wp\/v2\/posts\/10265\/revisions"}],"predecessor-version":[{"id":10266,"href":"https:\/\/batimedianews.com\/live\/index.php\/wp-json\/wp\/v2\/posts\/10265\/revisions\/10266"}],"wp:featuredmedia":[{"embeddable":true,"href":"https:\/\/batimedianews.com\/live\/index.php\/wp-json\/wp\/v2\/media\/10267"}],"wp:attachment":[{"href":"https:\/\/batimedianews.com\/live\/index.php\/wp-json\/wp\/v2\/media?parent=10265"}],"wp:term":[{"taxonomy":"category","embeddable":true,"href":"https:\/\/batimedianews.com\/live\/index.php\/wp-json\/wp\/v2\/categories?post=10265"},{"taxonomy":"post_tag","embeddable":true,"href":"https:\/\/batimedianews.com\/live\/index.php\/wp-json\/wp\/v2\/tags?post=10265"}],"curies":[{"name":"wp","href":"https:\/\/api.w.org\/{rel}","templated":true}]}}