{"id":10477,"date":"2021-06-25T10:23:58","date_gmt":"2021-06-25T08:23:58","guid":{"rendered":"http:\/\/batimedianews.com\/live\/?p=10477"},"modified":"2021-10-21T11:22:11","modified_gmt":"2021-10-21T09:22:11","slug":"philippe-denece-nomme-directeur-general-du-groupe-muller","status":"publish","type":"post","link":"https:\/\/batimedianews.com\/live\/index.php\/2021\/06\/25\/philippe-denece-nomme-directeur-general-du-groupe-muller\/","title":{"rendered":"Philippe D\u00c9NEC\u00c9 nomm\u00e9 Directeur G\u00e9n\u00e9ral du Groupe Muller"},"content":{"rendered":"\n<p><strong>Paris &#8211; le 8 juin 2021, <\/strong>Le Groupe Muller, ETI industrielle familiale fran\u00e7aise qui con\u00e7oit et fabrique des \u00e9quipements thermiques intelligents et connect\u00e9s \u00e0 travers les marques Air\u00e9lec, Applimo, Auer, Campa, France \u00c9nergie et Noirot, annonce la nomination de Philippe D\u00c9NEC\u00c9 au poste de Directeur G\u00e9n\u00e9ral. Fort de plus de 20 ans d\u2019exp\u00e9rience dans la fili\u00e8re de la construction et du b\u00e2timent, Philippe D\u00c9NEC\u00c9, souhaite accompagner la croissance du groupe sur un march\u00e9 en pleine \u00e9volution et en faire un acteur de premier plan de l\u2019habitat durable.&nbsp;<\/p>\n\n\n\n<div class=\"wp-block-image\"><figure class=\"alignright is-resized\"><img loading=\"lazy\" src=\"https:\/\/i0.wp.com\/batimedianews.com\/live\/wp-content\/uploads\/2021\/06\/image-95.png?resize=264%2C264\" alt=\"\" class=\"wp-image-10478\" width=\"264\" height=\"264\" srcset=\"https:\/\/i0.wp.com\/batimedianews.com\/live\/wp-content\/uploads\/2021\/06\/image-95.png?w=400&amp;ssl=1 400w, https:\/\/i0.wp.com\/batimedianews.com\/live\/wp-content\/uploads\/2021\/06\/image-95.png?resize=150%2C150&amp;ssl=1 150w, https:\/\/i0.wp.com\/batimedianews.com\/live\/wp-content\/uploads\/2021\/06\/image-95.png?resize=300%2C300&amp;ssl=1 300w, https:\/\/i0.wp.com\/batimedianews.com\/live\/wp-content\/uploads\/2021\/06\/image-95.png?resize=10%2C10&amp;ssl=1 10w, https:\/\/i0.wp.com\/batimedianews.com\/live\/wp-content\/uploads\/2021\/06\/image-95.png?resize=396%2C396&amp;ssl=1 396w, https:\/\/i0.wp.com\/batimedianews.com\/live\/wp-content\/uploads\/2021\/06\/image-95.png?resize=220%2C220&amp;ssl=1 220w\" sizes=\"(max-width: 600px) 91vw, (max-width: 900px) 600px, (max-width: 1060px) 50vw, (max-width: 1200px) 520px, (max-width: 1400px) 43vw, 600px\" data-recalc-dims=\"1\" \/><\/figure><\/div>\n\n\n\n<p>&nbsp;Dipl\u00f4m\u00e9 de Reims Management School (Neoma), titulaire du DESCF, Philippe D\u00c9NEC\u00c9 d\u00e9bute sa carri\u00e8re chez Ernst &amp; Young en 1989. En 1995, il rejoint Thomson Multimedia en tant que directeur du contr\u00f4le de gestion des activit\u00e9s de tubes cathodiques en Europe et Asie avant de se tourner vers le monde de la construction et du b\u00e2timent.&nbsp;<\/p>\n\n\n\n<p>En 2000, il int\u00e8gre le groupe irlandais CRH o\u00f9 il occupe successivement les fonctions de directeur financier France, puis de directeur du d\u00e9veloppement et directeur g\u00e9n\u00e9ral des activit\u00e9s distribution. En 2011, il devient Pr\u00e9sident Directeur G\u00e9n\u00e9ral des activit\u00e9s fran\u00e7aises (enseignes Lariviere, Litt et Ouest Isol) du groupe britannique SIG, c\u00f4t\u00e9 \u00e0 Londres. En 2015, il est nomm\u00e9 membre du Comex.&nbsp;<\/p>\n\n\n\n<p>En tant que Directeur G\u00e9n\u00e9ral du Groupe Muller, Philippe D\u00c9NEC\u00c9, souhaite accompagner le d\u00e9veloppement du groupe \u00e0 travers les mutations \u00e9conomiques et environnementales du monde d\u2019aujourd\u2019hui : <em>\u00ab Mon ambition est d\u2019activer les atouts du Groupe Muller pour en faire un contributeur reconnu au confort de vie, \u00e0 la maison et au travail, \u00e0 travers la performance \u00e9nerg\u00e9tique et environnementale \u00bb <\/em>explique Philippe D\u00c9NEC\u00c9.&nbsp;<\/p>\n\n\n\n<p style=\"color:#056abc\" class=\"has-text-color\"><strong>A propos du Groupe Muller :&nbsp;<\/strong><\/p>\n\n\n\n<div class=\"wp-block-image\"><figure class=\"alignleft is-resized\"><img loading=\"lazy\" src=\"https:\/\/i0.wp.com\/batimedianews.com\/live\/wp-content\/uploads\/2021\/06\/image-96.png?resize=61%2C69\" alt=\"\" class=\"wp-image-10479\" width=\"61\" height=\"69\" srcset=\"https:\/\/i0.wp.com\/batimedianews.com\/live\/wp-content\/uploads\/2021\/06\/image-96.png?w=128&amp;ssl=1 128w, https:\/\/i0.wp.com\/batimedianews.com\/live\/wp-content\/uploads\/2021\/06\/image-96.png?resize=10%2C10&amp;ssl=1 10w\" sizes=\"(max-width: 600px) 91vw, (max-width: 900px) 600px, (max-width: 1060px) 50vw, (max-width: 1200px) 520px, (max-width: 1400px) 43vw, 600px\" data-recalc-dims=\"1\" \/><\/figure><\/div>\n\n\n\n<p>Pr\u00e9sent commercialement dans plus de 50 pays \u00e0 travers le monde sous les marques Air\u00e9lec, Applimo, Auer, Campa, France \u00c9nergie et Noirot, le Groupe emploie plus de 1000 collaborateurs, dont 120 ing\u00e9nieurs et chercheurs. Il s\u2019appuie sur 6 usines et 5 centres de R&amp;D en France et prot\u00e8ge ses innovations par de nombreux brevets. Acteur engag\u00e9 de la transition environnementale, \u00e9nerg\u00e9tique et digitale, le Groupe accompagne la construction et la r\u00e9novation de logements et de b\u00e2timents tertiaires priv\u00e9s et publics. Avec des produits toujours plus performants, intelligents et connect\u00e9s, les innovations con\u00e7ues par les soci\u00e9t\u00e9s du Groupe anticipent les enjeux soci\u00e9taux pour r\u00e9pondre aux nouvelles exigences des b\u00e2timents. Fervent ambassadeur du Fabriqu\u00e9 en France, le Groupe Muller est le premier fabricant d\u2019appareils de chauffage \u00e0 avoir \u00e9t\u00e9 certifi\u00e9 Origine France Garantie.&nbsp;<\/p>\n","protected":false},"excerpt":{"rendered":"<p>Paris &#8211; le 8 juin 2021, Le Groupe Muller, ETI industrielle familiale fran\u00e7aise qui con\u00e7oit et fabrique des \u00e9quipements thermiques intelligents et connect\u00e9s \u00e0 travers les marques Air\u00e9lec, Applimo, Auer, Campa, France \u00c9nergie et Noirot, annonce la nomination de Philippe D\u00c9NEC\u00c9 au poste de Directeur G\u00e9n\u00e9ral. Fort de plus de 20 ans d\u2019exp\u00e9rience dans la [&hellip;]<\/p>\n","protected":false},"author":41,"featured_media":10481,"comment_status":"open","ping_status":"open","sticky":false,"template":"","format":"standard","meta":{"spay_email":""},"categories":[4,20,59,88],"tags":[1115],"jetpack_featured_media_url":"https:\/\/i1.wp.com\/batimedianews.com\/live\/wp-content\/uploads\/2021\/06\/Muller-Article.jpg?fit=1224%2C512&ssl=1","jetpack_sharing_enabled":true,"jetpack_likes_enabled":true,"jetpack-related-posts":[{"id":23104,"url":"https:\/\/batimedianews.com\/live\/index.php\/2022\/09\/15\/le-groupe-muller-devient-intuis\/","url_meta":{"origin":10477,"position":0},"title":"Le GROUPE MULLER devient intuis","date":"15 septembre 2022","format":false,"excerpt":"Aujourd\u2019hui, le GROUPE MULLER doit r\u00e9pondre \u00e0 de nouveaux d\u00e9fis et pas des moindres: la crise sanitaire, avec \u00e0 la fois un challenge industriel \u00e0 relever et un confort int\u00e9rieur \u00e0 repenser. Le r\u00e9chauffement climatique, qui impose de nouveaux comportements. Le conflit aux fronti\u00e8res de l\u2019Europe, qui impacte la politique\u2026","rel":"","context":"Dans &quot;Actualit\u00e9 Entreprises&quot;","img":{"alt_text":"","src":"https:\/\/i2.wp.com\/batimedianews.com\/live\/wp-content\/uploads\/2022\/09\/intuis-Article.jpg?fit=1080%2C1080&ssl=1&resize=350%2C200","width":350,"height":200},"classes":[]},{"id":31006,"url":"https:\/\/batimedianews.com\/live\/index.php\/2023\/09\/07\/david-petrovic-nomme-directeur-general-du-groupe-estemi\/","url_meta":{"origin":10477,"position":1},"title":"David PETROVI\u0106 nomm\u00e9 Directeur G\u00e9n\u00e9ral du Groupe EST\u00c9MI","date":"7 septembre 2023","format":false,"excerpt":"David Petrovi\u0107 prend la direction g\u00e9n\u00e9rale du Groupe EST\u00c9MI, acteur national r\u00e9f\u00e9rent de la r\u00e9novation et de la construction de l\u2019habitat individuel, fabricant multi-mat\u00e9riaux de menuiseries (Ouv\u00eao) et de fermetures (Loubat Fermetures \/Prov\u00e9lis) sur-mesure 100% fran\u00e7aise.\u00a0 Pour accompagner la forte dynamique de d\u00e9veloppement du groupe, David Petrovi\u0107, ancien directeur g\u00e9n\u00e9ral\u2026","rel":"","context":"Dans &quot;Actualit\u00e9 Entreprises&quot;","img":{"alt_text":"","src":"https:\/\/i2.wp.com\/batimedianews.com\/live\/wp-content\/uploads\/2023\/09\/Estemi-articles.jpg?fit=825%2C825&ssl=1&resize=350%2C200","width":350,"height":200},"classes":[]},{"id":108,"url":"https:\/\/batimedianews.com\/live\/index.php\/2018\/09\/25\/bimco-continue-son-acceleration-et-nomme-son-directeur-commercial\/","url_meta":{"origin":10477,"position":2},"title":"BIM&#038;CO continue son acc\u00e9l\u00e9ration et nomme son Directeur Commercial","date":"25 septembre 2018","format":false,"excerpt":"Philippe JORON rejoint l'entreprise innovante sp\u00e9cialiste de la gestion des donn\u00e9es BIM. Depuis sa cr\u00e9ation en 2015, BIM&CO n'a cess\u00e9 d'innover.\u00a0Tout d'abord au service des\u00a0fabricants\u00a0et industriels,\u00a0l'entreprise\u00a0est\u00a0de plus en plus sollicit\u00e9e\u00a0par les entreprises de la construction.\u00a0Pour r\u00e9pondre \u00e0 leurs besoins croissants, Philippe\u00a0Joron, fort de 15 ans d'exp\u00e9rience dans l'ing\u00e9nierie et la\u2026","rel":"","context":"Dans &quot;BIM&quot;","img":{"alt_text":"unnamed","src":"https:\/\/batimedialive.files.wordpress.com\/2018\/09\/unnamed.jpg?w=350&h=200&crop=1","width":350,"height":200},"classes":[]},{"id":50131,"url":"https:\/\/batimedianews.com\/live\/index.php\/2026\/04\/09\/manomano-annonce-une-evolution-de-sa-gouvernance-christian-raisson-et-philippe-de-chanville-quittent-leurs-fonctions-operationnelles-loic-derrien-prend-la-direction-de-lentreprise\/","url_meta":{"origin":10477,"position":3},"title":"ManoMano annonce une \u00e9volution de sa gouvernance : Christian Raisson et Philippe de Chanville quittent leurs fonctions op\u00e9rationnelles ; Lo\u00efc Derrien prend la direction de l\u2019entreprise","date":"9 avril 2026","format":false,"excerpt":"Paris, le 2 avril 2026\u00a0\u2013 ManoMano, marketplace fran\u00e7aise de r\u00e9f\u00e9rence pour le bricolage, le jardinage et l\u2019am\u00e9nagement de la maison, annonce une \u00e9volution de sa gouvernance avec le retrait de ses cofondateurs de l\u2019op\u00e9rationnel et la nomination de Lo\u00efc Derrien au poste de Directeur g\u00e9n\u00e9ral. Loic DerrienChristian Raisson\u00a0Philippe de Chanville\u2026","rel":"","context":"Dans &quot;Actualit\u00e9 Entreprises&quot;","img":{"alt_text":"","src":"https:\/\/i1.wp.com\/batimedianews.com\/live\/wp-content\/uploads\/2026\/04\/Manomano-.jpg?fit=825%2C825&ssl=1&resize=350%2C200","width":350,"height":200},"classes":[]},{"id":9218,"url":"https:\/\/batimedianews.com\/live\/index.php\/2021\/04\/27\/un-nouveau-directeur-technique-chez-sto-france\/","url_meta":{"origin":10477,"position":4},"title":"Un nouveau Directeur technique chez Sto France","date":"27 avril 2021","format":false,"excerpt":"Le sp\u00e9cialiste de la fa\u00e7ade - isolation thermique par l\u2019ext\u00e9rieur (ITE), produits techniques et d\u2019embellissement des fa\u00e7ades, bardage ventil\u00e9 - Sto France annonce la nomination de Jean-Philippe Ndobo-Epoy comme nouveau Directeur technique.\u00a0 Jean-Philippe Ndobo-Epoy\u00a0 Nouveau Directeur technique Sto France\u00a0 Depuis la mi-octobre 2020, Jean-Philippe Ndobo-Epoy occupe le poste de Directeur\u2026","rel":"","context":"Dans &quot;Actualit\u00e9 Entreprises&quot;","img":{"alt_text":"","src":"https:\/\/i2.wp.com\/batimedianews.com\/live\/wp-content\/uploads\/2021\/04\/image-101.png?fit=606%2C722&ssl=1&resize=350%2C200","width":350,"height":200},"classes":[]},{"id":9519,"url":"https:\/\/batimedianews.com\/live\/index.php\/2021\/05\/05\/muller-intuitiv-lintelligence-du-chauffage-electrique-est-desormais-compatible-avec-la-station-connectee-sowee\/","url_meta":{"origin":10477,"position":5},"title":"Muller Intuitiv, l\u2019intelligence du chauffage \u00e9lectrique, est d\u00e9sormais compatible avec la Station connect\u00e9e Sowee","date":"5 mai 2021","format":false,"excerpt":"Sowee, filiale d\u2019EDF, s\u2019associe au Groupe Muller, sp\u00e9cialiste des radiateurs intelligents pour proposer une nouvelle fonctionnalit\u00e9 sur sa Station connect\u00e9e : le pilotage des radiateurs connect\u00e9s Muller Intuitiv \u2013 commercialis\u00e9s sous les marques Noirot, Applimo, Campa et Airelec \u2013 pour un chauffage \u00e9lectrique toujours plus \u00e9conomique. Sowee compl\u00e8te ainsi la\u2026","rel":"","context":"Dans &quot;Actualit\u00e9 Entreprises&quot;","img":{"alt_text":"","src":"https:\/\/i1.wp.com\/batimedianews.com\/live\/wp-content\/uploads\/2021\/04\/image-243.png?fit=988%2C624&ssl=1&resize=350%2C200","width":350,"height":200},"classes":[]}],"_links":{"self":[{"href":"https:\/\/batimedianews.com\/live\/index.php\/wp-json\/wp\/v2\/posts\/10477"}],"collection":[{"href":"https:\/\/batimedianews.com\/live\/index.php\/wp-json\/wp\/v2\/posts"}],"about":[{"href":"https:\/\/batimedianews.com\/live\/index.php\/wp-json\/wp\/v2\/types\/post"}],"author":[{"embeddable":true,"href":"https:\/\/batimedianews.com\/live\/index.php\/wp-json\/wp\/v2\/users\/41"}],"replies":[{"embeddable":true,"href":"https:\/\/batimedianews.com\/live\/index.php\/wp-json\/wp\/v2\/comments?post=10477"}],"version-history":[{"count":2,"href":"https:\/\/batimedianews.com\/live\/index.php\/wp-json\/wp\/v2\/posts\/10477\/revisions"}],"predecessor-version":[{"id":10734,"href":"https:\/\/batimedianews.com\/live\/index.php\/wp-json\/wp\/v2\/posts\/10477\/revisions\/10734"}],"wp:featuredmedia":[{"embeddable":true,"href":"https:\/\/batimedianews.com\/live\/index.php\/wp-json\/wp\/v2\/media\/10481"}],"wp:attachment":[{"href":"https:\/\/batimedianews.com\/live\/index.php\/wp-json\/wp\/v2\/media?parent=10477"}],"wp:term":[{"taxonomy":"category","embeddable":true,"href":"https:\/\/batimedianews.com\/live\/index.php\/wp-json\/wp\/v2\/categories?post=10477"},{"taxonomy":"post_tag","embeddable":true,"href":"https:\/\/batimedianews.com\/live\/index.php\/wp-json\/wp\/v2\/tags?post=10477"}],"curies":[{"name":"wp","href":"https:\/\/api.w.org\/{rel}","templated":true}]}}