{"id":10588,"date":"2021-06-25T10:13:42","date_gmt":"2021-06-25T08:13:42","guid":{"rendered":"http:\/\/batimedianews.com\/live\/?p=10588"},"modified":"2021-10-21T11:22:37","modified_gmt":"2021-10-21T09:22:37","slug":"special-habitat-individuel-malerba-edite-son-nouveau-catalogue","status":"publish","type":"post","link":"https:\/\/batimedianews.com\/live\/index.php\/2021\/06\/25\/special-habitat-individuel-malerba-edite-son-nouveau-catalogue\/","title":{"rendered":"SP\u00c9CIAL HABITAT INDIVIDUEL : MALERBA \u00c9DITE SON NOUVEAU CATALOGUE"},"content":{"rendered":"\n<div class=\"wp-block-image\"><figure class=\"alignright is-resized\"><img loading=\"lazy\" src=\"https:\/\/i2.wp.com\/batimedianews.com\/live\/wp-content\/uploads\/2021\/06\/image-153.png?resize=248%2C350\" alt=\"\" class=\"wp-image-10589\" width=\"248\" height=\"350\" srcset=\"https:\/\/i2.wp.com\/batimedianews.com\/live\/wp-content\/uploads\/2021\/06\/image-153.png?resize=724%2C1024&amp;ssl=1 724w, https:\/\/i2.wp.com\/batimedianews.com\/live\/wp-content\/uploads\/2021\/06\/image-153.png?resize=212%2C300&amp;ssl=1 212w, https:\/\/i2.wp.com\/batimedianews.com\/live\/wp-content\/uploads\/2021\/06\/image-153.png?resize=768%2C1086&amp;ssl=1 768w, https:\/\/i2.wp.com\/batimedianews.com\/live\/wp-content\/uploads\/2021\/06\/image-153.png?resize=7%2C10&amp;ssl=1 7w, https:\/\/i2.wp.com\/batimedianews.com\/live\/wp-content\/uploads\/2021\/06\/image-153.png?resize=432%2C611&amp;ssl=1 432w, https:\/\/i2.wp.com\/batimedianews.com\/live\/wp-content\/uploads\/2021\/06\/image-153.png?resize=396%2C560&amp;ssl=1 396w, https:\/\/i2.wp.com\/batimedianews.com\/live\/wp-content\/uploads\/2021\/06\/image-153.png?resize=1120%2C1584&amp;ssl=1 1120w, https:\/\/i2.wp.com\/batimedianews.com\/live\/wp-content\/uploads\/2021\/06\/image-153.png?resize=660%2C934&amp;ssl=1 660w, https:\/\/i2.wp.com\/batimedianews.com\/live\/wp-content\/uploads\/2021\/06\/image-153.png?resize=156%2C220&amp;ssl=1 156w, https:\/\/i2.wp.com\/batimedianews.com\/live\/wp-content\/uploads\/2021\/06\/image-153.png?w=1440 1440w, https:\/\/i2.wp.com\/batimedianews.com\/live\/wp-content\/uploads\/2021\/06\/image-153.png?w=2160 2160w\" sizes=\"(max-width: 600px) 91vw, (max-width: 900px) 600px, (max-width: 1060px) 50vw, (max-width: 1200px) 520px, (max-width: 1400px) 43vw, 600px\" data-recalc-dims=\"1\" \/><\/figure><\/div>\n\n\n\n<p><strong>Revendiquant cette ann\u00e9e un demi-si\u00e8cle de production Made in France, MALERBA, fabricant r\u00e9f\u00e9rent sur les march\u00e9s des blocs-portes techniques, vient d\u2019\u00e9diter un catalogue r\u00e9unissant l\u2019ensemble de ses r\u00e9f\u00e9rences produits d\u00e9di\u00e9es \u00e0 l\u2019habitat individuel.<\/strong><\/p>\n\n\n\n<p>Cette \u00e9dition de 72 pages, abondamment illustr\u00e9e, structur\u00e9e en 4 sections, pr\u00e9sente toute l\u2019\u00e9tendue des solutions MALERBA en blocs-portes d\u2019entr\u00e9e, blocs-portes de communication int\u00e9rieure et blocs-portes multi-usages, ainsi que leurs donn\u00e9es techniques.<\/p>\n\n\n\n<p>L\u2019int\u00e9gralit\u00e9 des gammes de d\u00e9cors et leurs finitions y sont repr\u00e9sent\u00e9es et permettent de mieux cerner toute la richesse de l\u2019offre MALERBA : plus de 10 gammes de d\u00e9cors comportant chacune de nombreux mod\u00e8les, 13 finitions laqu\u00e9es, 5 finitions rev\u00eatues PVC, 44 finitions stratifi\u00e9es, etc.<\/p>\n\n\n\n<div class=\"wp-block-image\"><figure class=\"alignright is-resized\"><img loading=\"lazy\" src=\"https:\/\/i1.wp.com\/batimedianews.com\/live\/wp-content\/uploads\/2021\/06\/image-154.png?resize=293%2C220\" alt=\"\" class=\"wp-image-10590\" width=\"293\" height=\"220\" srcset=\"https:\/\/i1.wp.com\/batimedianews.com\/live\/wp-content\/uploads\/2021\/06\/image-154.png?resize=1024%2C768&amp;ssl=1 1024w, https:\/\/i1.wp.com\/batimedianews.com\/live\/wp-content\/uploads\/2021\/06\/image-154.png?resize=300%2C225&amp;ssl=1 300w, https:\/\/i1.wp.com\/batimedianews.com\/live\/wp-content\/uploads\/2021\/06\/image-154.png?resize=768%2C576&amp;ssl=1 768w, https:\/\/i1.wp.com\/batimedianews.com\/live\/wp-content\/uploads\/2021\/06\/image-154.png?resize=10%2C8&amp;ssl=1 10w, https:\/\/i1.wp.com\/batimedianews.com\/live\/wp-content\/uploads\/2021\/06\/image-154.png?resize=432%2C324&amp;ssl=1 432w, https:\/\/i1.wp.com\/batimedianews.com\/live\/wp-content\/uploads\/2021\/06\/image-154.png?resize=396%2C297&amp;ssl=1 396w, https:\/\/i1.wp.com\/batimedianews.com\/live\/wp-content\/uploads\/2021\/06\/image-154.png?resize=1120%2C840&amp;ssl=1 1120w, https:\/\/i1.wp.com\/batimedianews.com\/live\/wp-content\/uploads\/2021\/06\/image-154.png?resize=660%2C495&amp;ssl=1 660w, https:\/\/i1.wp.com\/batimedianews.com\/live\/wp-content\/uploads\/2021\/06\/image-154.png?resize=293%2C220&amp;ssl=1 293w, https:\/\/i1.wp.com\/batimedianews.com\/live\/wp-content\/uploads\/2021\/06\/image-154.png?w=1440 1440w, https:\/\/i1.wp.com\/batimedianews.com\/live\/wp-content\/uploads\/2021\/06\/image-154.png?w=2160 2160w\" sizes=\"(max-width: 600px) 91vw, (max-width: 900px) 600px, (max-width: 1060px) 50vw, (max-width: 1200px) 520px, (max-width: 1400px) 43vw, 600px\" data-recalc-dims=\"1\" \/><\/figure><\/div>\n\n\n\n<p>Cependant choisir une porte, et tout particuli\u00e8rement une porte d\u2019entr\u00e9e, ne se r\u00e9sume pas qu\u2019\u00e0 une question de d\u00e9cors. Il s\u2019agit avant tout, de s\u00e9lectionner une solution technique avec des performances attest\u00e9es telles que la r\u00e9sistance \u00e0 l\u2019effraction, l\u2019isolation thermique ou encore l\u2019\u00e9tanch\u00e9it\u00e9 \u00e0 l\u2019air, \u00e0 l\u2019eau et au vent. Pour ce faire, l\u2019industriel rh\u00f4ne-alpin met \u00e0 disposition un cahier technique d\u00e9crivant chaque bloc-porte, qui fourmille d\u2019informations d\u00e9taill\u00e9es concernant les diff\u00e9rentes typologies d\u2019huisseries et leur mise en oeuvre.<\/p>\n\n\n\n<p>Bien s\u00fbr, les collections commercialis\u00e9es ces derniers mois sont \u00e0 l\u2019honneur comme par exemple la gamme TON BOIS &#8211; une collection de d\u00e9cors rev\u00eatus PVC avec des finitions bois hautement r\u00e9alistes, la gamme PRESTA &#8211; une collection de portes pr\u00eat-\u00e0-poser finies d\u2019usine et la gamme FIBER STYL\u2019 &#8211; une collection de d\u00e9cors stratifi\u00e9s avec joncs m\u00e9tallique encastr\u00e9s.<\/p>\n\n\n\n<p>Ce catalogue sera disponible \u00e0 compter du 28 juin 2021 dans le r\u00e9seau MALERBA DISTRIBUTION, aupr\u00e8s des agents commerciaux du r\u00e9seau MALERBA et en version d\u00e9mat\u00e9rialis\u00e9e sur le site www.malerba.fr.<\/p>\n\n\n\n<p><\/p>\n","protected":false},"excerpt":{"rendered":"<p>Revendiquant cette ann\u00e9e un demi-si\u00e8cle de production Made in France, MALERBA, fabricant r\u00e9f\u00e9rent sur les march\u00e9s des blocs-portes techniques, vient d\u2019\u00e9diter un catalogue r\u00e9unissant l\u2019ensemble de ses r\u00e9f\u00e9rences produits d\u00e9di\u00e9es \u00e0 l\u2019habitat individuel. Cette \u00e9dition de 72 pages, abondamment illustr\u00e9e, structur\u00e9e en 4 sections, pr\u00e9sente toute l\u2019\u00e9tendue des solutions MALERBA en blocs-portes d\u2019entr\u00e9e, blocs-portes de [&hellip;]<\/p>\n","protected":false},"author":41,"featured_media":10592,"comment_status":"open","ping_status":"open","sticky":false,"template":"","format":"standard","meta":{"spay_email":""},"categories":[4,868],"tags":[1086],"jetpack_featured_media_url":"https:\/\/i0.wp.com\/batimedianews.com\/live\/wp-content\/uploads\/2021\/06\/Malerba-Article.jpg?fit=1224%2C512&ssl=1","jetpack_sharing_enabled":true,"jetpack_likes_enabled":true,"jetpack-related-posts":[{"id":43792,"url":"https:\/\/batimedianews.com\/live\/index.php\/2025\/03\/25\/faciliter-les-choix-de-la-prescription-malerba-edite-une-documentation-blocs-portes-d-a-s-motorises\/","url_meta":{"origin":10588,"position":0},"title":"Faciliter les choix de la prescription &#8211; MALERBA \u00e9dite une documentation blocs-portes D.A.S. motoris\u00e9s","date":"25 mars 2025","format":false,"excerpt":"\u00a0Dans le cadre de son Programme HOSPITALIER, MALERBA d\u00e9veloppe depuis une dizaine d\u2019ann\u00e9es un portefeuille de solutions \u00e9tudi\u00e9es pour r\u00e9pondre aux enjeux sp\u00e9cifiques des \u00e9tablissements de sant\u00e9, ce qui l\u2019a amen\u00e9 \u00e0 concevoir r\u00e9cemment des blocs-portes motoris\u00e9s. Novateurs, ces produits r\u00e9pondent \u00e0 des besoins \u00e9mergents, tout en assurant la conformit\u00e9\u2026","rel":"","context":"Dans &quot;Actualit\u00e9 Entreprises&quot;","img":{"alt_text":"","src":"https:\/\/i0.wp.com\/batimedianews.com\/live\/wp-content\/uploads\/2025\/03\/Malerba.jpg?fit=825%2C825&ssl=1&resize=350%2C200","width":350,"height":200},"classes":[]},{"id":46029,"url":"https:\/\/batimedianews.com\/live\/index.php\/2025\/07\/22\/2025-une-annee-determinante-pour-malerba\/","url_meta":{"origin":10588,"position":1},"title":"2025, une ann\u00e9e d\u00e9terminante pour MALERBA","date":"22 juillet 2025","format":false,"excerpt":"\u00a0MALERBA signe une ann\u00e9e 2025 riche de projets ambitieux et structurants pour le futur. C\u00f4t\u00e9 produits, apr\u00e8s le r\u00e9cent lancement de NUOVA, sa nouvelle porte de communication int\u00e9rieure, MALERBA annonce plusieurs produits pour la fin d\u2019ann\u00e9e \u00e0 d\u00e9couvrir sur le salon ARTIBAT. C\u00f4t\u00e9 industriel, l\u2019entreprise mise l\u00e0-encore sur l\u2019avenir avec\u2026","rel":"","context":"Dans &quot;Actualit\u00e9 Entreprises&quot;","img":{"alt_text":"","src":"https:\/\/i2.wp.com\/batimedianews.com\/live\/wp-content\/uploads\/2025\/07\/Malerba.jpg?fit=825%2C825&ssl=1&resize=350%2C200","width":350,"height":200},"classes":[]},{"id":42147,"url":"https:\/\/batimedianews.com\/live\/index.php\/2025\/01\/15\/special-renovation-dimmeubles-haussmanniens-malerba-innove-avec-son-bloc-porte-palier-deux-vantaux-mper41\/","url_meta":{"origin":10588,"position":2},"title":"Sp\u00e9cial r\u00e9novation d\u2019immeubles HAUSSMANNIENS : MALERBA innove avec son bloc-porte palier deux vantaux MPER41","date":"15 janvier 2025","format":false,"excerpt":"\u00a0Fabricant fran\u00e7ais de r\u00e9f\u00e9rence avec l\u2019offre la plus diversifi\u00e9e de blocs-portes techniques (m\u00e9talliques, bois et vitr\u00e9s), MALERBA ne cesse d\u2019innover depuis sa cr\u00e9ation en 1971 pour apporter des solutions sp\u00e9cifiques\u00a0\u00e0 chaque march\u00e9 (sant\u00e9, h\u00f4tellerie, enseignement, bureaux & IGH, culture & sport, industrie & logistique, habitat individuel et collectif, infrastructure).\u00a0 \u00a0Dernier\u2026","rel":"","context":"Dans &quot;Actualit\u00e9 Entreprises&quot;","img":{"alt_text":"","src":"https:\/\/i1.wp.com\/batimedianews.com\/live\/wp-content\/uploads\/2025\/01\/Malerba-articles-.jpg?fit=825%2C825&ssl=1&resize=350%2C200","width":350,"height":200},"classes":[]},{"id":12874,"url":"https:\/\/batimedianews.com\/live\/index.php\/2021\/10\/20\/contribuer-a-un-monde-plus-sur-malerba-revendique-son-expertise-en-matiere-dequipement-hospitalier\/","url_meta":{"origin":10588,"position":3},"title":"CONTRIBUER \u00c0 UN MONDE PLUS S\u00dbR MALERBA REVENDIQUE SON EXPERTISE EN MATI\u00c8RE D\u2019\u00c9QUIPEMENT HOSPITALIER","date":"20 octobre 2021","format":false,"excerpt":"MALERBA, fabricant r\u00e9f\u00e9rent de portes, huisseries et blocs-portes techniques, d\u00e9veloppe depuis une dizaine d\u2019ann\u00e9es un portefeuille de solutions techniques pour r\u00e9pondre aux enjeux sp\u00e9cifiques des \u00e9tablissements de sant\u00e9. Ce vaste projet, baptis\u00e9 Programme HOSPITALIER, concilie une offre compl\u00e8te de produits comme de services et ambitionne de contribuer au d\u00e9veloppement d\u2019environnements\u2026","rel":"","context":"Dans &quot;Actualit\u00e9 Entreprises&quot;","img":{"alt_text":"","src":"https:\/\/i0.wp.com\/batimedianews.com\/live\/wp-content\/uploads\/2021\/10\/Malerbe-Article.jpg?fit=512%2C512&ssl=1&resize=350%2C200","width":350,"height":200},"classes":[]},{"id":12849,"url":"https:\/\/batimedianews.com\/live\/index.php\/2021\/10\/20\/malerba-contribuer-a-un-monde-plus-sur\/","url_meta":{"origin":10588,"position":4},"title":"MALERBA : CONTRIBUER \u00c0 UN MONDE PLUS S\u00dbR","date":"20 octobre 2021","format":false,"excerpt":"MALERBA, fabriquant de blocs-portes bois, m\u00e9tal et vitr\u00e9s, bas\u00e9 en r\u00e9gion Auvergne - Rh\u00f4ne-Alpes, a choisi ARTIBAT pour mettre en lumi\u00e8re deux nouvelles gammes de produits et une application. Reconnu pour son expertise dans le secteur sant\u00e9, l\u2019industriel profite \u00e9galement du salon pour lever le voile sur son programme hospitalier,\u2026","rel":"","context":"Dans &quot;Actualit\u00e9 Entreprises&quot;","img":{"alt_text":"","src":"https:\/\/i1.wp.com\/batimedianews.com\/live\/wp-content\/uploads\/2021\/10\/Malerba-Article.jpg?fit=512%2C512&ssl=1&resize=350%2C200","width":350,"height":200},"classes":[]},{"id":23497,"url":"https:\/\/batimedianews.com\/live\/index.php\/2022\/09\/23\/bruno-malerba-finances-acquiert-la-societe-menuiserie-magnin-specialiste-des-escaliers\/","url_meta":{"origin":10588,"position":5},"title":"BRUNO MALERBA FINANCES acquiert la soci\u00e9t\u00e9 MENUISERIE MAGNIN , sp\u00e9cialiste des escaliers","date":"23 septembre 2022","format":false,"excerpt":"Bruno MALERBA, Pr\u00e9sident de BRUNO MALERBA FINANCES, annonce l\u2019acquisition au 15 septembre 2022, de la soci\u00e9t\u00e9 MENUISERIE MAGNIN, dont le si\u00e8ge social est situ\u00e9 \u00e0 Charlieu dans la Loire (42). Avec ce rachat, l\u2019entreprise rejoint le giron des activit\u00e9s de BRUNO MALERBA FINANCES, qui inclut notamment la soci\u00e9t\u00e9 MALERBA, fabricant\u2026","rel":"","context":"Dans &quot;Actualit\u00e9s salons&quot;","img":{"alt_text":"","src":"https:\/\/i2.wp.com\/batimedianews.com\/live\/wp-content\/uploads\/2022\/09\/Malerba_Magnin-Article.jpg?fit=1080%2C1080&ssl=1&resize=350%2C200","width":350,"height":200},"classes":[]}],"_links":{"self":[{"href":"https:\/\/batimedianews.com\/live\/index.php\/wp-json\/wp\/v2\/posts\/10588"}],"collection":[{"href":"https:\/\/batimedianews.com\/live\/index.php\/wp-json\/wp\/v2\/posts"}],"about":[{"href":"https:\/\/batimedianews.com\/live\/index.php\/wp-json\/wp\/v2\/types\/post"}],"author":[{"embeddable":true,"href":"https:\/\/batimedianews.com\/live\/index.php\/wp-json\/wp\/v2\/users\/41"}],"replies":[{"embeddable":true,"href":"https:\/\/batimedianews.com\/live\/index.php\/wp-json\/wp\/v2\/comments?post=10588"}],"version-history":[{"count":2,"href":"https:\/\/batimedianews.com\/live\/index.php\/wp-json\/wp\/v2\/posts\/10588\/revisions"}],"predecessor-version":[{"id":10731,"href":"https:\/\/batimedianews.com\/live\/index.php\/wp-json\/wp\/v2\/posts\/10588\/revisions\/10731"}],"wp:featuredmedia":[{"embeddable":true,"href":"https:\/\/batimedianews.com\/live\/index.php\/wp-json\/wp\/v2\/media\/10592"}],"wp:attachment":[{"href":"https:\/\/batimedianews.com\/live\/index.php\/wp-json\/wp\/v2\/media?parent=10588"}],"wp:term":[{"taxonomy":"category","embeddable":true,"href":"https:\/\/batimedianews.com\/live\/index.php\/wp-json\/wp\/v2\/categories?post=10588"},{"taxonomy":"post_tag","embeddable":true,"href":"https:\/\/batimedianews.com\/live\/index.php\/wp-json\/wp\/v2\/tags?post=10588"}],"curies":[{"name":"wp","href":"https:\/\/api.w.org\/{rel}","templated":true}]}}