{"id":1069,"date":"2019-04-01T13:01:57","date_gmt":"2019-04-01T11:01:57","guid":{"rendered":"http:\/\/batimedialive.com\/?p=1069"},"modified":"2021-10-21T12:27:46","modified_gmt":"2021-10-21T10:27:46","slug":"la-qualif-dans-la-peau-avec-qualifelec","status":"publish","type":"post","link":"https:\/\/batimedianews.com\/live\/index.php\/2019\/04\/01\/la-qualif-dans-la-peau-avec-qualifelec\/","title":{"rendered":"La qualif dans la peau avec Qualifelec"},"content":{"rendered":"<p><strong><span style=\"color:#008000;\">Message tr\u00e8s sympa et didactique de qualif\u00e9lec que nous relayons avec plaisir&nbsp;<\/span><\/strong><br \/>\nAttentif aux besoins des entreprises qualifi\u00e9es et soucieux de r\u00e9pondre \u00e0 leurs attentes,&nbsp;<strong>Qualifelec<\/strong>&nbsp;a entrepris un vaste chantier de modernisation. Des mesures pragmatiques et concr\u00e8tes sont test\u00e9es et mises en \u0153uvre. Au premier rang desquelles, le d\u00e9veloppement de la gestion \u00e9lectronique de la qualification avec la mise en service du compte personnel, la d\u00e9mat\u00e9rialisation des dossiers et leur saisie en ligne.<br \/>\nAujourd\u2019hui, nous allons encore plus loin pour \u00eatre encore plus proche de vous et vous permettre de faire facilement la promotion de votre qualification aupr\u00e8s de vos clients.<br \/>\nLe certificat papier est mort, vive le D\u00e9qualkif<sup>MD<\/sup>&nbsp;!<br \/>\n<img loading=\"lazy\" class=\"alignnone size-full wp-image-1071\" src=\"https:\/\/batimedialive.files.wordpress.com\/2019\/04\/unnamed.gif?resize=500%2C376\" alt=\"unnamed\" width=\"500\" height=\"376\"  data-recalc-dims=\"1\"><br \/>\nToute l\u2019information sur votre qualification \u00e0 m\u00eame la peau, gr\u00e2ce \u00e0 notre nouvelle interface \u00e0 appliquer sur votre \u00e9piderme.<br \/>\nIndolore, biod\u00e9gradable, multi-applicatif, D\u00e9qualkif<sup>MD<\/sup>&nbsp;&nbsp;est en phase d\u2019exp\u00e9rimentation et sera disponible au plus tard le 1er Avril 2020.<br \/>\nD\u00e9couvrez, d\u00e8s \u00e0 pr\u00e9sent, tous les services mis \u00e0 votre disposition par D\u00e9qualkif<sup>MD.<\/sup><\/p>\n<h1>Epaule Tatoo<\/h1>\n<p>C\u2019est en d\u00e9couvrant les r\u00e9cents d\u00e9veloppements des technologies du \u00ab&nbsp;<em>Skin Interface<\/em>&nbsp;\u00bb que l\u2019id\u00e9e du D\u00e9qualkif<sup>MD<\/sup>est n\u00e9e chez&nbsp;<strong>Qualifelec<\/strong>.<br \/>\nCes technologies tendent \u00e0 rendre l\u2019informatique invisible tout en fournissant plus de services \u00e0 la personne. Les proc\u00e9d\u00e9s e-skin sont compos\u00e9s de circuits \u00e9lectroniques et microprocesseurs flexibles, souples, r\u00e9sistant \u00e0 l\u2019\u00e9tirement et hautement adh\u00e9sifs.<br \/>\nLe D\u00e9qualkif<sup>MD<\/sup>&nbsp;est compos\u00e9 de feuilles ultra-minces fabriqu\u00e9es \u00e0 partir d\u2019un \u00e9lastom\u00e8re flexible mesurant seulement 750 nanom\u00e8tres d\u2019\u00e9paisseur. Des circuits et composants sont imprim\u00e9s par jet d\u2019encre sur l\u2019une de ces nano-feuilles. Si besoin, on peut y fixer des LED. Puis une deuxi\u00e8me couche du film est plac\u00e9e sur le dessus.<br \/>\nAuto-adh\u00e9sives, ces nano-feuilles se collent directement sur la peau. Elles ont l\u2019exceptionnelle capacit\u00e9 de s\u2019adapter \u00e0 la perfection \u00e0 chaque \u00e9piderme, \u00e9pousant les moindres courbes de la peau. Elles peuvent s\u2019\u00e9tendre et m\u00eame se fl\u00e9trir au rythme du vieillissement naturel, sans alt\u00e9rer le mat\u00e9riel encapsul\u00e9.<\/p>\n<h1>Tatoo tout \u00e0 Toi<\/h1>\n<table width=\"100%\" cellspacing=\"0\" cellpadding=\"0\">\n<tbody>\n<tr>\n<td align=\"left\">Principal avantage de ce dispositif, qui ne mesure pas plus de 2 cm\u00b2 dans sa version XXS, il contient toutes les informations relatives \u00e0 la qualification de chaque entreprise&nbsp;: num\u00e9ro de client, liste des qualifications et certificats de qualification correspondant. Il suffit de scanner le D\u00e9qualkif<sup>MD<\/sup>&nbsp;\u00e0 l\u2019aide d\u2019un simple smartphone pour avoir acc\u00e8s au certificat de qualification de chaque entreprise. La gestion documentaire s\u2019en trouve simplifi\u00e9e.<br \/>\nDe plus le D\u00e9qualkif<sup>MD<\/sup>&nbsp;peut envoyer des notifications lors des suivis annuels, pour vous pr\u00e9venir qu\u2019un nouveau dossier, une facture \u00e0 payer ou un certificat ont \u00e9t\u00e9 mis en ligne dans votre espace client. Nous avons envisag\u00e9 d\u2019agr\u00e9menter ces notifications d\u2019un signal lumineux, mais en phase d\u2019exp\u00e9rimentation, un d\u00e9faut de param\u00e9trage a provoqu\u00e9 le r\u00e9veil brutal d\u2019un de nos b\u00eata-testeurs au beau milieu de la nuit. Cette option fera l\u2019objet d\u2019un d\u00e9veloppement ult\u00e9rieur.<br \/>\nLe D\u00e9qualkif<sup>MD<\/sup>&nbsp;est un dispositif \u00e9ph\u00e9m\u00e8re, dont l\u2019\u00e9ch\u00e9ance est cal\u00e9e sur la dur\u00e9e de votre qualification. Votre D\u00e9qualkif<sup>MD<\/sup>&nbsp;s\u2019auto-d\u00e9truira au bout de quatre ans, deux ans en cas de qualification probatoire, et ce, d\u00e8s le lendemain de la date d\u2019\u00e9ch\u00e9ance de votre dernier certificat de qualification. Un excellent moyen m\u00e9mo-technique pour penser \u00e0 renouveler sa qualification&nbsp;: plus de D\u00e9qualkif<sup>MD<\/sup>, plus de qualif&nbsp;!<\/td>\n<\/tr>\n<\/tbody>\n<\/table>\n<table style=\"height:18px;\" width=\"681\" cellspacing=\"0\" cellpadding=\"0\">\n<tbody>\n<tr>\n<td height=\"20\"><\/td>\n<\/tr>\n<\/tbody>\n<\/table>\n<table width=\"100%\" cellspacing=\"0\" cellpadding=\"0\">\n<tbody>\n<tr>\n<td align=\"left\">Gr\u00e2ce au D\u00e9qualkif<sup>MD<\/sup>, Qualifelec peut offrir un nouveau service \u00e0 ses entreprises qualifi\u00e9es. Si le certificat de qualification est un document unique, le D\u00e9qualkif<sup>MD<\/sup>&nbsp;peut \u00eatre r\u00e9alis\u00e9 en plusieurs exemplaires. Chaque entreprise pourra ainsi, sur simple demande aupr\u00e8s de nos services, obtenir un D\u00e9qualkif<sup>MD<\/sup>&nbsp;pour chaque collaborateur en charge de la qualification. Dirigeant, Responsable QSE, services administratif et comptable, Qualifelec met \u00e0 disposition autant de D\u00e9qualkif<sup>MD<\/sup>&nbsp;que n\u00e9cessaire. Il sera d\u2019ailleurs disponible en plusieurs tailles.<br \/>\nNous travaillons actuellement sur diff\u00e9rents graphismes, d\u00e9coratifs ou symboliques, pour une plus grande personnalisation du D\u00e9qualkif<sup>MD.&nbsp;<\/sup>N&rsquo;h\u00e9sitez pas \u00e0 nous dire celui que vous pr\u00e9f\u00e9rez.<br \/>\nNos D\u00e9qualkif<sup>MD<\/sup>&nbsp;sont, bien \u00e9videmment, soumis \u00e0 des tests d\u2019innocuit\u00e9 pour \u00e9viter tout risque d\u2019allergie.<\/td>\n<\/tr>\n<\/tbody>\n<\/table>\n<p><img loading=\"lazy\" class=\"alignnone size-full wp-image-1072\" src=\"https:\/\/batimedialive.files.wordpress.com\/2019\/04\/qualifelec2.jpg?resize=513%2C280\" alt=\"qualifelec2\" width=\"513\" height=\"280\"  data-recalc-dims=\"1\"><\/p>\n<h1>Soyons fiers d&rsquo;\u00eatre qualifi\u00e9s<\/h1>\n<p><img loading=\"lazy\" class=\"alignnone size-full wp-image-1073\" src=\"https:\/\/batimedialive.files.wordpress.com\/2019\/04\/unnamed-1.gif?resize=500%2C700\" alt=\"unnamed (1)\" width=\"500\" height=\"700\"  data-recalc-dims=\"1\"><\/p>\n","protected":false},"excerpt":{"rendered":"<p>Message tr\u00e8s sympa et didactique de qualif\u00e9lec que nous relayons avec plaisir&nbsp; Attentif aux besoins des entreprises qualifi\u00e9es et soucieux de r\u00e9pondre \u00e0 leurs attentes,&nbsp;Qualifelec&nbsp;a entrepris un vaste chantier de modernisation. Des mesures pragmatiques et concr\u00e8tes sont test\u00e9es et mises en \u0153uvre. Au premier rang desquelles, le d\u00e9veloppement de la gestion \u00e9lectronique de la qualification [&hellip;]<\/p>\n","protected":false},"author":2,"featured_media":2154,"comment_status":"open","ping_status":"open","sticky":false,"template":"","format":"standard","meta":{"spay_email":""},"categories":[4,14,104],"tags":[],"jetpack_featured_media_url":"https:\/\/i2.wp.com\/batimedianews.com\/live\/wp-content\/uploads\/2019\/08\/qualifelec1.jpg?fit=510%2C355&ssl=1","jetpack_sharing_enabled":true,"jetpack_likes_enabled":true,"jetpack-related-posts":[{"id":10910,"url":"https:\/\/batimedianews.com\/live\/index.php\/2021\/07\/13\/thierry-schott-elu-president-de-qualifelec\/","url_meta":{"origin":1069,"position":0},"title":"Thierry Schott \u00e9lu Pr\u00e9sident de Qualifelec","date":"13 juillet 2021","format":false,"excerpt":"Depuis mercredi 23 juin, Thierry Schott est le nouveau Pr\u00e9sident de Qualifelec. R\u00e9unis en Assembl\u00e9e G\u00e9n\u00e9rale, les membres de l' Assembl\u00e9e G\u00e9n\u00e9rale de Qualifelec l' ont \u00e9lu \u00e0 l' unanimit\u00e9 \u00e0 la pr\u00e9sidence de l' organisme de qualification pour un mandat de 4 ans. Il succ\u00e8de \u00e0 Yves Jalageas qui\u2026","rel":"","context":"Dans &quot;Actualit\u00e9 Entreprises&quot;","img":{"alt_text":"","src":"https:\/\/i0.wp.com\/batimedianews.com\/live\/wp-content\/uploads\/2021\/07\/Qualifelec-Article.jpg?fit=512%2C512&ssl=1&resize=350%2C200","width":350,"height":200},"classes":[]},{"id":15489,"url":"https:\/\/batimedianews.com\/live\/index.php\/2022\/02\/01\/qualifelec-cree-la-premiere-cartographie-nationale-des-entreprises-qualifiees-en-matiere-dirve\/","url_meta":{"origin":1069,"position":1},"title":"Qualifelec cr\u00e9e la premi\u00e8re cartographie nationale des entreprises qualifi\u00e9es en mati\u00e8re d\u2019IRVE","date":"1 f\u00e9vrier 2022","format":false,"excerpt":"\u00a0Janvier 2022 \u2013 Le d\u00e9veloppement de l\u2019\u00e9lectromobilit\u00e9 s\u2019intensifie dans notre pays et de plus en plus de consommateurs Fran\u00e7ais et europ\u00e9ens optent pour des v\u00e9hicules et des modes de d\u00e9placement plus respectueux de l\u2019environnement.\u00a0 La forte augmentation des prix des carburants, conjugu\u00e9e aux plans de soutien du Gouvernement au d\u00e9veloppement\u2026","rel":"","context":"Dans &quot;Actualit\u00e9 Entreprises&quot;","img":{"alt_text":"","src":"https:\/\/i1.wp.com\/batimedianews.com\/live\/wp-content\/uploads\/2022\/01\/Qualifelec-Article.jpg?fit=512%2C512&ssl=1&resize=350%2C200","width":350,"height":200},"classes":[]},{"id":17450,"url":"https:\/\/batimedianews.com\/live\/index.php\/2022\/03\/14\/4-propositions-de-qualifelec-pour-lelection-presidentielle-2022\/","url_meta":{"origin":1069,"position":2},"title":"4 propositions de Qualifelec pour l\u2019\u00e9lection pr\u00e9sidentielle 2022","date":"14 mars 2022","format":false,"excerpt":"La flamb\u00e9e des prix du carburant, loin d\u2019\u00eatre un ph\u00e9nom\u00e8ne conjoncturel li\u00e9 \u00e0 la sortie de crise sanitaire, r\u00e9sulte d\u2019un changement profond qui va marquer durablement nos soci\u00e9t\u00e9s de consommation. Nous entrons dans une nouvelle \u00e8re, qui est celle de l\u2019apr\u00e8s-\u00e9nergie fossile.\u00a0 Dans ce contexte, la production, la distribution, l\u2019utilisation\u2026","rel":"","context":"Dans &quot;eco solutions&quot;","img":{"alt_text":"","src":"https:\/\/i0.wp.com\/batimedianews.com\/live\/wp-content\/uploads\/2022\/03\/Qualifelec-Article.jpg?fit=512%2C512&ssl=1&resize=350%2C200","width":350,"height":200},"classes":[]},{"id":10716,"url":"https:\/\/batimedianews.com\/live\/index.php\/2021\/06\/28\/qualitenr-dresse-le-bilan-de-la-demande-en-energies-renouvelables-dans-le-batiment-a-loccasion-de-ses-15-ans\/","url_meta":{"origin":1069,"position":3},"title":"QUALIT\u2019ENR DRESSE LE BILAN DE LA DEMANDE EN \u00c9NERGIES RENOUVELABLES DANS LE B\u00c2TIMENT \u00c0 L\u2019OCCASION DE SES 15 ANS.","date":"28 juin 2021","format":false,"excerpt":"Qualit\u2019EnR, organisme de qualification de r\u00e9f\u00e9rence dans le domaine des \u00e9nergies renouvelables dans l\u2019habitat, souffle sa quinzi\u00e8me bougie cette ann\u00e9e dans un contexte particulier. La crise sanitaire a profond\u00e9ment acc\u00e9l\u00e9r\u00e9 la demande des consommateurs en faveur des solutions \u00e0 \u00e9nergies renouvelables pour le chauffage, l\u2019\u00e9lectricit\u00e9 et la production d\u2019eau chaude.\u2026","rel":"","context":"Dans &quot;Actualit\u00e9 Entreprises&quot;","img":{"alt_text":"","src":"https:\/\/i0.wp.com\/batimedianews.com\/live\/wp-content\/uploads\/2021\/06\/QualitEnR-Article.jpg?fit=512%2C512&ssl=1&resize=350%2C200","width":350,"height":200},"classes":[]},{"id":41226,"url":"https:\/\/batimedianews.com\/live\/index.php\/2024\/11\/08\/qualification-1162-un-engagement-pour-la-deconstruction-selective-et-leconomie-circulaire\/","url_meta":{"origin":1069,"position":4},"title":"Qualification 1162 : Un engagement pour la d\u00e9construction s\u00e9lective et l\u2019\u00e9conomie circulaire","date":"8 novembre 2024","format":false,"excerpt":"Paris, le 4 novembre 2024. Pour accompagner le secteur de la construction dans ses transitions environnementales et \u00e9conomiques, QUALIBAT introduit la qualification professionnelle 1162, sp\u00e9cialement d\u00e9di\u00e9e \u00e0 la d\u00e9construction s\u00e9lective des b\u00e2timents. Cette derni\u00e8re vise \u00e0 soutenir les entreprises dans leurs efforts pour une d\u00e9pose soign\u00e9e, facilitant le r\u00e9emploi des\u2026","rel":"","context":"Dans &quot;Actualit\u00e9 Entreprises&quot;","img":{"alt_text":"","src":"https:\/\/i1.wp.com\/batimedianews.com\/live\/wp-content\/uploads\/2024\/11\/Qualibat.jpg?fit=825%2C825&ssl=1&resize=350%2C200","width":350,"height":200},"classes":[]},{"id":14391,"url":"https:\/\/batimedianews.com\/live\/index.php\/2021\/12\/10\/qualitenr-lance-la-qualification-recharge-elec-et-ambitionne-de-connecter-recharge-electrique-mobilite-et-electricite-solaire\/","url_meta":{"origin":1069,"position":5},"title":"QUALIT\u2019ENR LANCE LA QUALIFICATION \u00ab RECHARGE ELEC + \u00bb ET AMBITIONNE DE CONNECTER RECHARGE \u00c9LECTRIQUE, MOBILIT\u00c9 ET \u00c9LECTRICIT\u00c9 SOLAIRE","date":"10 d\u00e9cembre 2021","format":false,"excerpt":"\u00a0En ce mois de d\u00e9cembre Qualit\u2019EnR annonce sa huiti\u00e8me qualification : Recharge Elec +. Avec elle, l\u2019organisme de r\u00e9f\u00e9rence des \u00e9nergies renouvelables dans le b\u00e2timent accompagne le d\u00e9veloppement du march\u00e9 des infrastructures de recharge pour v\u00e9hicules \u00e9lectriques (IRVE) d\u2019une puissance inf\u00e9rieure ou \u00e9gale \u00e0 36 kVA aliment\u00e9es en courant alternatif,\u2026","rel":"","context":"Dans &quot;Actualit\u00e9 Entreprises&quot;","img":{"alt_text":"","src":"https:\/\/i0.wp.com\/batimedianews.com\/live\/wp-content\/uploads\/2021\/12\/QualitEnR-Article.jpg?fit=512%2C512&ssl=1&resize=350%2C200","width":350,"height":200},"classes":[]}],"_links":{"self":[{"href":"https:\/\/batimedianews.com\/live\/index.php\/wp-json\/wp\/v2\/posts\/1069"}],"collection":[{"href":"https:\/\/batimedianews.com\/live\/index.php\/wp-json\/wp\/v2\/posts"}],"about":[{"href":"https:\/\/batimedianews.com\/live\/index.php\/wp-json\/wp\/v2\/types\/post"}],"author":[{"embeddable":true,"href":"https:\/\/batimedianews.com\/live\/index.php\/wp-json\/wp\/v2\/users\/2"}],"replies":[{"embeddable":true,"href":"https:\/\/batimedianews.com\/live\/index.php\/wp-json\/wp\/v2\/comments?post=1069"}],"version-history":[{"count":1,"href":"https:\/\/batimedianews.com\/live\/index.php\/wp-json\/wp\/v2\/posts\/1069\/revisions"}],"predecessor-version":[{"id":2414,"href":"https:\/\/batimedianews.com\/live\/index.php\/wp-json\/wp\/v2\/posts\/1069\/revisions\/2414"}],"wp:featuredmedia":[{"embeddable":true,"href":"https:\/\/batimedianews.com\/live\/index.php\/wp-json\/wp\/v2\/media\/2154"}],"wp:attachment":[{"href":"https:\/\/batimedianews.com\/live\/index.php\/wp-json\/wp\/v2\/media?parent=1069"}],"wp:term":[{"taxonomy":"category","embeddable":true,"href":"https:\/\/batimedianews.com\/live\/index.php\/wp-json\/wp\/v2\/categories?post=1069"},{"taxonomy":"post_tag","embeddable":true,"href":"https:\/\/batimedianews.com\/live\/index.php\/wp-json\/wp\/v2\/tags?post=1069"}],"curies":[{"name":"wp","href":"https:\/\/api.w.org\/{rel}","templated":true}]}}